{"id":61310,"date":"2019-03-21T20:31:01","date_gmt":"2019-03-21T23:31:01","guid":{"rendered":"https:\/\/www.blogsoestado.com\/danielmatos\/?p=61310"},"modified":"2019-03-21T20:31:01","modified_gmt":"2019-03-21T23:31:01","slug":"no-dia-internacional-da-sindrome-de-down-deputado-wellington-reafirma-importancia-da-inclusao-social-no-maranhao","status":"publish","type":"post","link":"https:\/\/www.blogsoestado.com\/danielmatos\/no-dia-internacional-da-sindrome-de-down-deputado-wellington-reafirma-importancia-da-inclusao-social-no-maranhao\/","title":{"rendered":"No Dia Internacional da S\u00edndrome de Down, deputado Wellington reafirma import\u00e2ncia da inclus\u00e3o social no Maranh\u00e3o"},"content":{"rendered":"\n<div class=\"wp-block-image\"><figure class=\"aligncenter\"><img decoding=\"async\" src=\"https:\/\/www.blogsoestado.com\/danielmatos\/files\/2019\/03\/IMG-20190321-WA0246-1024x1024.jpg\" alt=\"\" class=\"wp-image-61311\"\/><\/figure><\/div>\n\n\n\n<p>O Dia Internacional da S\u00edndrome de Down \u00e9 celebrado anualmente em 21 de mar\u00e7o, fazendo alus\u00e3o aos 03 cromossomos no par n\u00famero 21, caracter\u00edstico das pessoas com S\u00edndrome de Down, e est\u00e1 no calend\u00e1rio oficial da Organiza\u00e7\u00e3o das Na\u00e7\u00f5es Unidas, sendo comemorado pelos 193 pa\u00edses-membros da ONU.<\/p>\n\n\n\n<p>Nesta data tamb\u00e9m se comemora o Dia Estadual da Conscientiza\u00e7\u00e3o sobre a S\u00edndrome de Down no Maranh\u00e3o, amparada pela Lei 10.839\/18 de autoria do deputado Wellington do Curso, para assegurar os direitos de inclus\u00e3o social em todo o Estado.<\/p>\n\n\n\n<p>A cria\u00e7\u00e3o desta lei surgiu pela necessidade de chamar a aten\u00e7\u00e3o de toda a sociedade maranhense, para que sejam promovidas a\u00e7\u00f5es que oportunizem a inclus\u00e3o em diversos \u00e2mbitos da sociedade para os portadores de S\u00edndrome de Down.<\/p>\n\n\n\n<p>O deputado Wellington frisa a import\u00e2ncia de suprimir o preconceito e a desinforma\u00e7\u00e3o, mas tamb\u00e9m os desafios da inclus\u00e3o social, atrav\u00e9s desta Lei. Pois a S\u00edndrome de Down n\u00e3o \u00e9 uma doen\u00e7a e sim uma muta\u00e7\u00e3o do material gen\u00e9tico humano, presente em todas as ra\u00e7as, mas com necessidades especiais.<\/p>\n\n\n\n<p>\u201cPor reconhecermos que o indiv\u00edduo com S\u00edndrome de Down merece respeito, garantia de direitos e oportunidades de inclus\u00e3o social, temos no Maranh\u00e3o a Lei 10.839\/18, de nossa autoria, que institui o Dia Estadual da Conscientiza\u00e7\u00e3o sobre a S\u00edndrome de Down, objetivando promover, proteger e assegurar o exerc\u00edcio pleno e equitativo de todos os direitos humanos e liberdades fundamentais. O desafio da inclus\u00e3o social deve ser abra\u00e7ado e defendido por todos, para que, ent\u00e3o, superemos os obst\u00e1culos e as eventuais limita\u00e7\u00f5es. Nossa luta continua em defesa dos anjos que Deus colocou aqui na terra para, com amor e for\u00e7a, nos dar o verdadeiro exemplo de supera\u00e7\u00e3o\u201d, declarou o professor e deputado Wellington do Curso.<\/p>\n","protected":false},"excerpt":{"rendered":"<p>O Dia Internacional da S\u00edndrome de Down \u00e9 celebrado anualmente em 21 de mar\u00e7o, fazendo alus\u00e3o aos 03 cromossomos no [&hellip;]<\/p>\n","protected":false},"author":0,"featured_media":0,"comment_status":"open","ping_status":"open","sticky":false,"template":"","format":"standard","meta":{"site-sidebar-layout":"default","site-content-layout":"","ast-site-content-layout":"default","site-content-style":"default","site-sidebar-style":"default","ast-global-header-display":"","ast-banner-title-visibility":"","ast-main-header-display":"","ast-hfb-above-header-display":"","ast-hfb-below-header-display":"","ast-hfb-mobile-header-display":"","site-post-title":"","ast-breadcrumbs-content":"","ast-featured-img":"","footer-sml-layout":"","ast-disable-related-posts":"","theme-transparent-header-meta":"","adv-header-id-meta":"","stick-header-meta":"","header-above-stick-meta":"","header-main-stick-meta":"","header-below-stick-meta":"","astra-migrate-meta-layouts":"default","ast-page-background-enabled":"default","ast-page-background-meta":{"desktop":{"background-color":"var(--ast-global-color-5)","background-image":"","background-repeat":"repeat","background-position":"center center","background-size":"auto","background-attachment":"scroll","background-type":"","background-media":"","overlay-type":"","overlay-color":"","overlay-opacity":"","overlay-gradient":""},"tablet":{"background-color":"","background-image":"","background-repeat":"repeat","background-position":"center center","background-size":"auto","background-attachment":"scroll","background-type":"","background-media":"","overlay-type":"","overlay-color":"","overlay-opacity":"","overlay-gradient":""},"mobile":{"background-color":"","background-image":"","background-repeat":"repeat","background-position":"center center","background-size":"auto","background-attachment":"scroll","background-type":"","background-media":"","overlay-type":"","overlay-color":"","overlay-opacity":"","overlay-gradient":""}},"ast-content-background-meta":{"desktop":{"background-color":"var(--ast-global-color-4)","background-image":"","background-repeat":"repeat","background-position":"center center","background-size":"auto","background-attachment":"scroll","background-type":"","background-media":"","overlay-type":"","overlay-color":"","overlay-opacity":"","overlay-gradient":""},"tablet":{"background-color":"var(--ast-global-color-4)","background-image":"","background-repeat":"repeat","background-position":"center center","background-size":"auto","background-attachment":"scroll","background-type":"","background-media":"","overlay-type":"","overlay-color":"","overlay-opacity":"","overlay-gradient":""},"mobile":{"background-color":"var(--ast-global-color-4)","background-image":"","background-repeat":"repeat","background-position":"center center","background-size":"auto","background-attachment":"scroll","background-type":"","background-media":"","overlay-type":"","overlay-color":"","overlay-opacity":"","overlay-gradient":""}},"footnotes":""},"categories":[1],"tags":[],"class_list":["post-61310","post","type-post","status-publish","format-standard","hentry","category-sem-categoria"],"yoast_head":"<!-- This site is optimized with the Yoast SEO plugin v26.6 - https:\/\/yoast.com\/wordpress\/plugins\/seo\/ -->\n<title>No Dia Internacional da S\u00edndrome de Down, deputado Wellington reafirma import\u00e2ncia da inclus\u00e3o social no Maranh\u00e3o - Daniel Matos<\/title>\n<meta name=\"robots\" content=\"index, follow, max-snippet:-1, max-image-preview:large, max-video-preview:-1\" \/>\n<link rel=\"canonical\" href=\"https:\/\/www.blogsoestado.com\/danielmatos\/no-dia-internacional-da-sindrome-de-down-deputado-wellington-reafirma-importancia-da-inclusao-social-no-maranhao\/\" \/>\n<meta property=\"og:locale\" content=\"pt_BR\" \/>\n<meta property=\"og:type\" content=\"article\" \/>\n<meta property=\"og:title\" content=\"No Dia Internacional da S\u00edndrome de Down, deputado Wellington reafirma import\u00e2ncia da inclus\u00e3o social no Maranh\u00e3o - Daniel Matos\" \/>\n<meta property=\"og:description\" content=\"O Dia Internacional da S\u00edndrome de Down \u00e9 celebrado anualmente em 21 de mar\u00e7o, fazendo alus\u00e3o aos 03 cromossomos no [&hellip;]\" \/>\n<meta property=\"og:url\" content=\"https:\/\/www.blogsoestado.com\/danielmatos\/no-dia-internacional-da-sindrome-de-down-deputado-wellington-reafirma-importancia-da-inclusao-social-no-maranhao\/\" \/>\n<meta property=\"og:site_name\" content=\"Daniel Matos\" \/>\n<meta property=\"article:published_time\" content=\"2019-03-21T23:31:01+00:00\" \/>\n<meta property=\"og:image\" content=\"https:\/\/www.blogsoestado.com\/danielmatos\/files\/2019\/03\/IMG-20190321-WA0246-1024x1024.jpg\" \/>\n<meta name=\"twitter:card\" content=\"summary_large_image\" \/>\n<meta name=\"twitter:label1\" content=\"Est. tempo de leitura\" \/>\n\t<meta name=\"twitter:data1\" content=\"2 minutos\" \/>\n<script type=\"application\/ld+json\" class=\"yoast-schema-graph\">{\"@context\":\"https:\/\/schema.org\",\"@graph\":[{\"@type\":\"WebPage\",\"@id\":\"https:\/\/www.blogsoestado.com\/danielmatos\/no-dia-internacional-da-sindrome-de-down-deputado-wellington-reafirma-importancia-da-inclusao-social-no-maranhao\/\",\"url\":\"https:\/\/www.blogsoestado.com\/danielmatos\/no-dia-internacional-da-sindrome-de-down-deputado-wellington-reafirma-importancia-da-inclusao-social-no-maranhao\/\",\"name\":\"No Dia Internacional da S\u00edndrome de Down, deputado Wellington reafirma import\u00e2ncia da inclus\u00e3o social no Maranh\u00e3o - Daniel Matos\",\"isPartOf\":{\"@id\":\"https:\/\/www.blogsoestado.com\/danielmatos\/#website\"},\"primaryImageOfPage\":{\"@id\":\"https:\/\/www.blogsoestado.com\/danielmatos\/no-dia-internacional-da-sindrome-de-down-deputado-wellington-reafirma-importancia-da-inclusao-social-no-maranhao\/#primaryimage\"},\"image\":{\"@id\":\"https:\/\/www.blogsoestado.com\/danielmatos\/no-dia-internacional-da-sindrome-de-down-deputado-wellington-reafirma-importancia-da-inclusao-social-no-maranhao\/#primaryimage\"},\"thumbnailUrl\":\"https:\/\/www.blogsoestado.com\/danielmatos\/files\/2019\/03\/IMG-20190321-WA0246-1024x1024.jpg\",\"datePublished\":\"2019-03-21T23:31:01+00:00\",\"author\":{\"@id\":\"\"},\"breadcrumb\":{\"@id\":\"https:\/\/www.blogsoestado.com\/danielmatos\/no-dia-internacional-da-sindrome-de-down-deputado-wellington-reafirma-importancia-da-inclusao-social-no-maranhao\/#breadcrumb\"},\"inLanguage\":\"pt-BR\",\"potentialAction\":[{\"@type\":\"ReadAction\",\"target\":[\"https:\/\/www.blogsoestado.com\/danielmatos\/no-dia-internacional-da-sindrome-de-down-deputado-wellington-reafirma-importancia-da-inclusao-social-no-maranhao\/\"]}]},{\"@type\":\"ImageObject\",\"inLanguage\":\"pt-BR\",\"@id\":\"https:\/\/www.blogsoestado.com\/danielmatos\/no-dia-internacional-da-sindrome-de-down-deputado-wellington-reafirma-importancia-da-inclusao-social-no-maranhao\/#primaryimage\",\"url\":\"https:\/\/www.blogsoestado.com\/danielmatos\/files\/2019\/03\/IMG-20190321-WA0246-1024x1024.jpg\",\"contentUrl\":\"https:\/\/www.blogsoestado.com\/danielmatos\/files\/2019\/03\/IMG-20190321-WA0246-1024x1024.jpg\"},{\"@type\":\"BreadcrumbList\",\"@id\":\"https:\/\/www.blogsoestado.com\/danielmatos\/no-dia-internacional-da-sindrome-de-down-deputado-wellington-reafirma-importancia-da-inclusao-social-no-maranhao\/#breadcrumb\",\"itemListElement\":[{\"@type\":\"ListItem\",\"position\":1,\"name\":\"In\u00edcio\",\"item\":\"https:\/\/www.blogsoestado.com\/danielmatos\/\"},{\"@type\":\"ListItem\",\"position\":2,\"name\":\"No Dia Internacional da S\u00edndrome de Down, deputado Wellington reafirma import\u00e2ncia da inclus\u00e3o social no Maranh\u00e3o\"}]},{\"@type\":\"WebSite\",\"@id\":\"https:\/\/www.blogsoestado.com\/danielmatos\/#website\",\"url\":\"https:\/\/www.blogsoestado.com\/danielmatos\/\",\"name\":\"Daniel Matos\",\"description\":\"\",\"potentialAction\":[{\"@type\":\"SearchAction\",\"target\":{\"@type\":\"EntryPoint\",\"urlTemplate\":\"https:\/\/www.blogsoestado.com\/danielmatos\/?s={search_term_string}\"},\"query-input\":{\"@type\":\"PropertyValueSpecification\",\"valueRequired\":true,\"valueName\":\"search_term_string\"}}],\"inLanguage\":\"pt-BR\"}]}<\/script>\n<!-- \/ Yoast SEO plugin. -->","yoast_head_json":{"title":"No Dia Internacional da S\u00edndrome de Down, deputado Wellington reafirma import\u00e2ncia da inclus\u00e3o social no Maranh\u00e3o - Daniel Matos","robots":{"index":"index","follow":"follow","max-snippet":"max-snippet:-1","max-image-preview":"max-image-preview:large","max-video-preview":"max-video-preview:-1"},"canonical":"https:\/\/www.blogsoestado.com\/danielmatos\/no-dia-internacional-da-sindrome-de-down-deputado-wellington-reafirma-importancia-da-inclusao-social-no-maranhao\/","og_locale":"pt_BR","og_type":"article","og_title":"No Dia Internacional da S\u00edndrome de Down, deputado Wellington reafirma import\u00e2ncia da inclus\u00e3o social no Maranh\u00e3o - Daniel Matos","og_description":"O Dia Internacional da S\u00edndrome de Down \u00e9 celebrado anualmente em 21 de mar\u00e7o, fazendo alus\u00e3o aos 03 cromossomos no [&hellip;]","og_url":"https:\/\/www.blogsoestado.com\/danielmatos\/no-dia-internacional-da-sindrome-de-down-deputado-wellington-reafirma-importancia-da-inclusao-social-no-maranhao\/","og_site_name":"Daniel Matos","article_published_time":"2019-03-21T23:31:01+00:00","og_image":[{"url":"https:\/\/www.blogsoestado.com\/danielmatos\/files\/2019\/03\/IMG-20190321-WA0246-1024x1024.jpg","type":"","width":"","height":""}],"twitter_card":"summary_large_image","twitter_misc":{"Est. tempo de leitura":"2 minutos"},"schema":{"@context":"https:\/\/schema.org","@graph":[{"@type":"WebPage","@id":"https:\/\/www.blogsoestado.com\/danielmatos\/no-dia-internacional-da-sindrome-de-down-deputado-wellington-reafirma-importancia-da-inclusao-social-no-maranhao\/","url":"https:\/\/www.blogsoestado.com\/danielmatos\/no-dia-internacional-da-sindrome-de-down-deputado-wellington-reafirma-importancia-da-inclusao-social-no-maranhao\/","name":"No Dia Internacional da S\u00edndrome de Down, deputado Wellington reafirma import\u00e2ncia da inclus\u00e3o social no Maranh\u00e3o - Daniel Matos","isPartOf":{"@id":"https:\/\/www.blogsoestado.com\/danielmatos\/#website"},"primaryImageOfPage":{"@id":"https:\/\/www.blogsoestado.com\/danielmatos\/no-dia-internacional-da-sindrome-de-down-deputado-wellington-reafirma-importancia-da-inclusao-social-no-maranhao\/#primaryimage"},"image":{"@id":"https:\/\/www.blogsoestado.com\/danielmatos\/no-dia-internacional-da-sindrome-de-down-deputado-wellington-reafirma-importancia-da-inclusao-social-no-maranhao\/#primaryimage"},"thumbnailUrl":"https:\/\/www.blogsoestado.com\/danielmatos\/files\/2019\/03\/IMG-20190321-WA0246-1024x1024.jpg","datePublished":"2019-03-21T23:31:01+00:00","author":{"@id":""},"breadcrumb":{"@id":"https:\/\/www.blogsoestado.com\/danielmatos\/no-dia-internacional-da-sindrome-de-down-deputado-wellington-reafirma-importancia-da-inclusao-social-no-maranhao\/#breadcrumb"},"inLanguage":"pt-BR","potentialAction":[{"@type":"ReadAction","target":["https:\/\/www.blogsoestado.com\/danielmatos\/no-dia-internacional-da-sindrome-de-down-deputado-wellington-reafirma-importancia-da-inclusao-social-no-maranhao\/"]}]},{"@type":"ImageObject","inLanguage":"pt-BR","@id":"https:\/\/www.blogsoestado.com\/danielmatos\/no-dia-internacional-da-sindrome-de-down-deputado-wellington-reafirma-importancia-da-inclusao-social-no-maranhao\/#primaryimage","url":"https:\/\/www.blogsoestado.com\/danielmatos\/files\/2019\/03\/IMG-20190321-WA0246-1024x1024.jpg","contentUrl":"https:\/\/www.blogsoestado.com\/danielmatos\/files\/2019\/03\/IMG-20190321-WA0246-1024x1024.jpg"},{"@type":"BreadcrumbList","@id":"https:\/\/www.blogsoestado.com\/danielmatos\/no-dia-internacional-da-sindrome-de-down-deputado-wellington-reafirma-importancia-da-inclusao-social-no-maranhao\/#breadcrumb","itemListElement":[{"@type":"ListItem","position":1,"name":"In\u00edcio","item":"https:\/\/www.blogsoestado.com\/danielmatos\/"},{"@type":"ListItem","position":2,"name":"No Dia Internacional da S\u00edndrome de Down, deputado Wellington reafirma import\u00e2ncia da inclus\u00e3o social no Maranh\u00e3o"}]},{"@type":"WebSite","@id":"https:\/\/www.blogsoestado.com\/danielmatos\/#website","url":"https:\/\/www.blogsoestado.com\/danielmatos\/","name":"Daniel Matos","description":"","potentialAction":[{"@type":"SearchAction","target":{"@type":"EntryPoint","urlTemplate":"https:\/\/www.blogsoestado.com\/danielmatos\/?s={search_term_string}"},"query-input":{"@type":"PropertyValueSpecification","valueRequired":true,"valueName":"search_term_string"}}],"inLanguage":"pt-BR"}]}},"jetpack_featured_media_url":"","_links":{"self":[{"href":"https:\/\/www.blogsoestado.com\/danielmatos\/wp-json\/wp\/v2\/posts\/61310","targetHints":{"allow":["GET"]}}],"collection":[{"href":"https:\/\/www.blogsoestado.com\/danielmatos\/wp-json\/wp\/v2\/posts"}],"about":[{"href":"https:\/\/www.blogsoestado.com\/danielmatos\/wp-json\/wp\/v2\/types\/post"}],"replies":[{"embeddable":true,"href":"https:\/\/www.blogsoestado.com\/danielmatos\/wp-json\/wp\/v2\/comments?post=61310"}],"version-history":[{"count":0,"href":"https:\/\/www.blogsoestado.com\/danielmatos\/wp-json\/wp\/v2\/posts\/61310\/revisions"}],"wp:attachment":[{"href":"https:\/\/www.blogsoestado.com\/danielmatos\/wp-json\/wp\/v2\/media?parent=61310"}],"wp:term":[{"taxonomy":"category","embeddable":true,"href":"https:\/\/www.blogsoestado.com\/danielmatos\/wp-json\/wp\/v2\/categories?post=61310"},{"taxonomy":"post_tag","embeddable":true,"href":"https:\/\/www.blogsoestado.com\/danielmatos\/wp-json\/wp\/v2\/tags?post=61310"}],"curies":[{"name":"wp","href":"https:\/\/api.w.org\/{rel}","templated":true}]}}