{"id":61582,"date":"2019-04-01T16:45:38","date_gmt":"2019-04-01T19:45:38","guid":{"rendered":"https:\/\/www.blogsoestado.com\/danielmatos\/?p=61582"},"modified":"2019-04-01T16:45:38","modified_gmt":"2019-04-01T19:45:38","slug":"sancionado-projeto-de-othelino-neto-que-institui-o-abril-marrom","status":"publish","type":"post","link":"https:\/\/www.blogsoestado.com\/danielmatos\/sancionado-projeto-de-othelino-neto-que-institui-o-abril-marrom\/","title":{"rendered":"Sancionado projeto de Othelino Neto que institui o Abril Marrom"},"content":{"rendered":"\n<div class=\"wp-block-image\"><figure class=\"aligncenter is-resized\"><img fetchpriority=\"high\" decoding=\"async\" src=\"https:\/\/www.blogsoestado.com\/danielmatos\/files\/2019\/04\/sanciona-othelino-1024x683.jpg\" alt=\"\" class=\"wp-image-61583\" width=\"580\" height=\"386\"\/><figcaption>Othelino Neto que reduzir incid\u00eancia de doen\u00e7as visuais na popula\u00e7\u00e3o maranhense<\/figcaption><\/figure><\/div>\n\n\n\n<p>O governador Fl\u00e1vio Dino sancionou a Lei N\u00ba 10.998, de 29 de mar\u00e7o de 2019, que institui, no Maranh\u00e3o, o Abril Marrom \u2013 M\u00eas Estadual de Preven\u00e7\u00e3o e Combate \u00e0 Cegueira, oriunda de projeto de autoria do deputado estadual Othelino Neto (PCdoB), presidente da Assembleia Legislativa, aprovado por unanimidade pelo Plen\u00e1rio da Casa. <\/p>\n\n\n\n<p>A partir de agora, no Maranh\u00e3o, todo m\u00eas de abril ser\u00e1 dedicado \u00e0 conscientiza\u00e7\u00e3o da popula\u00e7\u00e3o sobre a import\u00e2ncia da preven\u00e7\u00e3o \u00e0s doen\u00e7as que provocam v\u00e1rios tipos de defici\u00eancia visual. O marrom, cor que d\u00e1 nome ao movimento, foi escolhido por ser a cor de \u00edris, predominante nos brasileiros, e por ser o \u00f3rg\u00e3o respons\u00e1vel por controlar a entrada de luz nos olhos<\/p>\n\n\n\n<p>O Abril Marrom ser\u00e1 celebrado, anualmente, com a realiza\u00e7\u00e3o de campanhas que propiciem o est\u00edmulo a visitas peri\u00f3dicas ao oftalmologista e exames preventivos. A Lei prev\u00ea, ainda, a mobiliza\u00e7\u00e3o de entidades m\u00e9dicas, centros hospitalares e governos federal, estadual e municipal, bem como a divulga\u00e7\u00e3o de dados e informa\u00e7\u00f5es acerca do problema, a fim de reduzir a sua incid\u00eancia.<\/p>\n\n\n\n<p>\u201cTemos que chamar a aten\u00e7\u00e3o da popula\u00e7\u00e3o para os constantes riscos das doen\u00e7as visuais, como forma de reduzir drasticamente a incid\u00eancia de pessoas com esses problemas, em sua maioria por falta de informa\u00e7\u00e3o\u201d, frisou Othelino Neto, ressaltando que toda a sociedade dever\u00e1 estar mobilizada nesse sentido, uma vez que as principais causas da cegueira podem ser evitadas se monitoradas desde o in\u00edcio.<\/p>\n\n\n\n<p>Estima-se que, hoje, no Brasil, cerca de 1,2 milh\u00e3o de pessoas sofram de cegueira. No entanto, segundo dados da Organiza\u00e7\u00e3o Mundial de Sa\u00fade (OMS), 60% a 80% dos casos poderiam ser evitados ou tratados. Diab\u00e9ticos, crian\u00e7as, adultos acima de 40 anos e idosos acima de 60 anos devem ter maior aten\u00e7\u00e3o aos cuidados com a vis\u00e3o. As doen\u00e7as mais comuns que podem causar cegueira s\u00e3o catarata, retinopatia diab\u00e9tica e glaucoma.<\/p>\n","protected":false},"excerpt":{"rendered":"<p>O governador Fl\u00e1vio Dino sancionou a Lei N\u00ba 10.998, de 29 de mar\u00e7o de 2019, que institui, no Maranh\u00e3o, o [&hellip;]<\/p>\n","protected":false},"author":0,"featured_media":0,"comment_status":"open","ping_status":"open","sticky":false,"template":"","format":"standard","meta":{"site-sidebar-layout":"default","site-content-layout":"","ast-site-content-layout":"default","site-content-style":"default","site-sidebar-style":"default","ast-global-header-display":"","ast-banner-title-visibility":"","ast-main-header-display":"","ast-hfb-above-header-display":"","ast-hfb-below-header-display":"","ast-hfb-mobile-header-display":"","site-post-title":"","ast-breadcrumbs-content":"","ast-featured-img":"","footer-sml-layout":"","ast-disable-related-posts":"","theme-transparent-header-meta":"","adv-header-id-meta":"","stick-header-meta":"","header-above-stick-meta":"","header-main-stick-meta":"","header-below-stick-meta":"","astra-migrate-meta-layouts":"default","ast-page-background-enabled":"default","ast-page-background-meta":{"desktop":{"background-color":"var(--ast-global-color-5)","background-image":"","background-repeat":"repeat","background-position":"center center","background-size":"auto","background-attachment":"scroll","background-type":"","background-media":"","overlay-type":"","overlay-color":"","overlay-opacity":"","overlay-gradient":""},"tablet":{"background-color":"","background-image":"","background-repeat":"repeat","background-position":"center center","background-size":"auto","background-attachment":"scroll","background-type":"","background-media":"","overlay-type":"","overlay-color":"","overlay-opacity":"","overlay-gradient":""},"mobile":{"background-color":"","background-image":"","background-repeat":"repeat","background-position":"center center","background-size":"auto","background-attachment":"scroll","background-type":"","background-media":"","overlay-type":"","overlay-color":"","overlay-opacity":"","overlay-gradient":""}},"ast-content-background-meta":{"desktop":{"background-color":"var(--ast-global-color-4)","background-image":"","background-repeat":"repeat","background-position":"center center","background-size":"auto","background-attachment":"scroll","background-type":"","background-media":"","overlay-type":"","overlay-color":"","overlay-opacity":"","overlay-gradient":""},"tablet":{"background-color":"var(--ast-global-color-4)","background-image":"","background-repeat":"repeat","background-position":"center center","background-size":"auto","background-attachment":"scroll","background-type":"","background-media":"","overlay-type":"","overlay-color":"","overlay-opacity":"","overlay-gradient":""},"mobile":{"background-color":"var(--ast-global-color-4)","background-image":"","background-repeat":"repeat","background-position":"center center","background-size":"auto","background-attachment":"scroll","background-type":"","background-media":"","overlay-type":"","overlay-color":"","overlay-opacity":"","overlay-gradient":""}},"footnotes":""},"categories":[1],"tags":[],"class_list":["post-61582","post","type-post","status-publish","format-standard","hentry","category-sem-categoria"],"yoast_head":"<!-- This site is optimized with the Yoast SEO plugin v26.6 - https:\/\/yoast.com\/wordpress\/plugins\/seo\/ -->\n<title>Sancionado projeto de Othelino Neto que institui o Abril Marrom - Daniel Matos<\/title>\n<meta name=\"robots\" content=\"index, follow, max-snippet:-1, max-image-preview:large, max-video-preview:-1\" \/>\n<link rel=\"canonical\" href=\"https:\/\/www.blogsoestado.com\/danielmatos\/sancionado-projeto-de-othelino-neto-que-institui-o-abril-marrom\/\" \/>\n<meta property=\"og:locale\" content=\"pt_BR\" \/>\n<meta property=\"og:type\" content=\"article\" \/>\n<meta property=\"og:title\" content=\"Sancionado projeto de Othelino Neto que institui o Abril Marrom - Daniel Matos\" \/>\n<meta property=\"og:description\" content=\"O governador Fl\u00e1vio Dino sancionou a Lei N\u00ba 10.998, de 29 de mar\u00e7o de 2019, que institui, no Maranh\u00e3o, o [&hellip;]\" \/>\n<meta property=\"og:url\" content=\"https:\/\/www.blogsoestado.com\/danielmatos\/sancionado-projeto-de-othelino-neto-que-institui-o-abril-marrom\/\" \/>\n<meta property=\"og:site_name\" content=\"Daniel Matos\" \/>\n<meta property=\"article:published_time\" content=\"2019-04-01T19:45:38+00:00\" \/>\n<meta property=\"og:image\" content=\"https:\/\/www.blogsoestado.com\/danielmatos\/files\/2019\/04\/sanciona-othelino-1024x683.jpg\" \/>\n<meta name=\"twitter:card\" content=\"summary_large_image\" \/>\n<meta name=\"twitter:label1\" content=\"Est. tempo de leitura\" \/>\n\t<meta name=\"twitter:data1\" content=\"2 minutos\" \/>\n<script type=\"application\/ld+json\" class=\"yoast-schema-graph\">{\"@context\":\"https:\/\/schema.org\",\"@graph\":[{\"@type\":\"WebPage\",\"@id\":\"https:\/\/www.blogsoestado.com\/danielmatos\/sancionado-projeto-de-othelino-neto-que-institui-o-abril-marrom\/\",\"url\":\"https:\/\/www.blogsoestado.com\/danielmatos\/sancionado-projeto-de-othelino-neto-que-institui-o-abril-marrom\/\",\"name\":\"Sancionado projeto de Othelino Neto que institui o Abril Marrom - Daniel Matos\",\"isPartOf\":{\"@id\":\"https:\/\/www.blogsoestado.com\/danielmatos\/#website\"},\"primaryImageOfPage\":{\"@id\":\"https:\/\/www.blogsoestado.com\/danielmatos\/sancionado-projeto-de-othelino-neto-que-institui-o-abril-marrom\/#primaryimage\"},\"image\":{\"@id\":\"https:\/\/www.blogsoestado.com\/danielmatos\/sancionado-projeto-de-othelino-neto-que-institui-o-abril-marrom\/#primaryimage\"},\"thumbnailUrl\":\"https:\/\/www.blogsoestado.com\/danielmatos\/files\/2019\/04\/sanciona-othelino-1024x683.jpg\",\"datePublished\":\"2019-04-01T19:45:38+00:00\",\"author\":{\"@id\":\"\"},\"breadcrumb\":{\"@id\":\"https:\/\/www.blogsoestado.com\/danielmatos\/sancionado-projeto-de-othelino-neto-que-institui-o-abril-marrom\/#breadcrumb\"},\"inLanguage\":\"pt-BR\",\"potentialAction\":[{\"@type\":\"ReadAction\",\"target\":[\"https:\/\/www.blogsoestado.com\/danielmatos\/sancionado-projeto-de-othelino-neto-que-institui-o-abril-marrom\/\"]}]},{\"@type\":\"ImageObject\",\"inLanguage\":\"pt-BR\",\"@id\":\"https:\/\/www.blogsoestado.com\/danielmatos\/sancionado-projeto-de-othelino-neto-que-institui-o-abril-marrom\/#primaryimage\",\"url\":\"https:\/\/www.blogsoestado.com\/danielmatos\/files\/2019\/04\/sanciona-othelino-1024x683.jpg\",\"contentUrl\":\"https:\/\/www.blogsoestado.com\/danielmatos\/files\/2019\/04\/sanciona-othelino-1024x683.jpg\"},{\"@type\":\"BreadcrumbList\",\"@id\":\"https:\/\/www.blogsoestado.com\/danielmatos\/sancionado-projeto-de-othelino-neto-que-institui-o-abril-marrom\/#breadcrumb\",\"itemListElement\":[{\"@type\":\"ListItem\",\"position\":1,\"name\":\"In\u00edcio\",\"item\":\"https:\/\/www.blogsoestado.com\/danielmatos\/\"},{\"@type\":\"ListItem\",\"position\":2,\"name\":\"Sancionado projeto de Othelino Neto que institui o Abril Marrom\"}]},{\"@type\":\"WebSite\",\"@id\":\"https:\/\/www.blogsoestado.com\/danielmatos\/#website\",\"url\":\"https:\/\/www.blogsoestado.com\/danielmatos\/\",\"name\":\"Daniel Matos\",\"description\":\"\",\"potentialAction\":[{\"@type\":\"SearchAction\",\"target\":{\"@type\":\"EntryPoint\",\"urlTemplate\":\"https:\/\/www.blogsoestado.com\/danielmatos\/?s={search_term_string}\"},\"query-input\":{\"@type\":\"PropertyValueSpecification\",\"valueRequired\":true,\"valueName\":\"search_term_string\"}}],\"inLanguage\":\"pt-BR\"}]}<\/script>\n<!-- \/ Yoast SEO plugin. -->","yoast_head_json":{"title":"Sancionado projeto de Othelino Neto que institui o Abril Marrom - Daniel Matos","robots":{"index":"index","follow":"follow","max-snippet":"max-snippet:-1","max-image-preview":"max-image-preview:large","max-video-preview":"max-video-preview:-1"},"canonical":"https:\/\/www.blogsoestado.com\/danielmatos\/sancionado-projeto-de-othelino-neto-que-institui-o-abril-marrom\/","og_locale":"pt_BR","og_type":"article","og_title":"Sancionado projeto de Othelino Neto que institui o Abril Marrom - Daniel Matos","og_description":"O governador Fl\u00e1vio Dino sancionou a Lei N\u00ba 10.998, de 29 de mar\u00e7o de 2019, que institui, no Maranh\u00e3o, o [&hellip;]","og_url":"https:\/\/www.blogsoestado.com\/danielmatos\/sancionado-projeto-de-othelino-neto-que-institui-o-abril-marrom\/","og_site_name":"Daniel Matos","article_published_time":"2019-04-01T19:45:38+00:00","og_image":[{"url":"https:\/\/www.blogsoestado.com\/danielmatos\/files\/2019\/04\/sanciona-othelino-1024x683.jpg","type":"","width":"","height":""}],"twitter_card":"summary_large_image","twitter_misc":{"Est. tempo de leitura":"2 minutos"},"schema":{"@context":"https:\/\/schema.org","@graph":[{"@type":"WebPage","@id":"https:\/\/www.blogsoestado.com\/danielmatos\/sancionado-projeto-de-othelino-neto-que-institui-o-abril-marrom\/","url":"https:\/\/www.blogsoestado.com\/danielmatos\/sancionado-projeto-de-othelino-neto-que-institui-o-abril-marrom\/","name":"Sancionado projeto de Othelino Neto que institui o Abril Marrom - Daniel Matos","isPartOf":{"@id":"https:\/\/www.blogsoestado.com\/danielmatos\/#website"},"primaryImageOfPage":{"@id":"https:\/\/www.blogsoestado.com\/danielmatos\/sancionado-projeto-de-othelino-neto-que-institui-o-abril-marrom\/#primaryimage"},"image":{"@id":"https:\/\/www.blogsoestado.com\/danielmatos\/sancionado-projeto-de-othelino-neto-que-institui-o-abril-marrom\/#primaryimage"},"thumbnailUrl":"https:\/\/www.blogsoestado.com\/danielmatos\/files\/2019\/04\/sanciona-othelino-1024x683.jpg","datePublished":"2019-04-01T19:45:38+00:00","author":{"@id":""},"breadcrumb":{"@id":"https:\/\/www.blogsoestado.com\/danielmatos\/sancionado-projeto-de-othelino-neto-que-institui-o-abril-marrom\/#breadcrumb"},"inLanguage":"pt-BR","potentialAction":[{"@type":"ReadAction","target":["https:\/\/www.blogsoestado.com\/danielmatos\/sancionado-projeto-de-othelino-neto-que-institui-o-abril-marrom\/"]}]},{"@type":"ImageObject","inLanguage":"pt-BR","@id":"https:\/\/www.blogsoestado.com\/danielmatos\/sancionado-projeto-de-othelino-neto-que-institui-o-abril-marrom\/#primaryimage","url":"https:\/\/www.blogsoestado.com\/danielmatos\/files\/2019\/04\/sanciona-othelino-1024x683.jpg","contentUrl":"https:\/\/www.blogsoestado.com\/danielmatos\/files\/2019\/04\/sanciona-othelino-1024x683.jpg"},{"@type":"BreadcrumbList","@id":"https:\/\/www.blogsoestado.com\/danielmatos\/sancionado-projeto-de-othelino-neto-que-institui-o-abril-marrom\/#breadcrumb","itemListElement":[{"@type":"ListItem","position":1,"name":"In\u00edcio","item":"https:\/\/www.blogsoestado.com\/danielmatos\/"},{"@type":"ListItem","position":2,"name":"Sancionado projeto de Othelino Neto que institui o Abril Marrom"}]},{"@type":"WebSite","@id":"https:\/\/www.blogsoestado.com\/danielmatos\/#website","url":"https:\/\/www.blogsoestado.com\/danielmatos\/","name":"Daniel Matos","description":"","potentialAction":[{"@type":"SearchAction","target":{"@type":"EntryPoint","urlTemplate":"https:\/\/www.blogsoestado.com\/danielmatos\/?s={search_term_string}"},"query-input":{"@type":"PropertyValueSpecification","valueRequired":true,"valueName":"search_term_string"}}],"inLanguage":"pt-BR"}]}},"jetpack_featured_media_url":"","_links":{"self":[{"href":"https:\/\/www.blogsoestado.com\/danielmatos\/wp-json\/wp\/v2\/posts\/61582","targetHints":{"allow":["GET"]}}],"collection":[{"href":"https:\/\/www.blogsoestado.com\/danielmatos\/wp-json\/wp\/v2\/posts"}],"about":[{"href":"https:\/\/www.blogsoestado.com\/danielmatos\/wp-json\/wp\/v2\/types\/post"}],"replies":[{"embeddable":true,"href":"https:\/\/www.blogsoestado.com\/danielmatos\/wp-json\/wp\/v2\/comments?post=61582"}],"version-history":[{"count":0,"href":"https:\/\/www.blogsoestado.com\/danielmatos\/wp-json\/wp\/v2\/posts\/61582\/revisions"}],"wp:attachment":[{"href":"https:\/\/www.blogsoestado.com\/danielmatos\/wp-json\/wp\/v2\/media?parent=61582"}],"wp:term":[{"taxonomy":"category","embeddable":true,"href":"https:\/\/www.blogsoestado.com\/danielmatos\/wp-json\/wp\/v2\/categories?post=61582"},{"taxonomy":"post_tag","embeddable":true,"href":"https:\/\/www.blogsoestado.com\/danielmatos\/wp-json\/wp\/v2\/tags?post=61582"}],"curies":[{"name":"wp","href":"https:\/\/api.w.org\/{rel}","templated":true}]}}