{"id":61585,"date":"2019-04-01T17:53:42","date_gmt":"2019-04-01T20:53:42","guid":{"rendered":"https:\/\/www.blogsoestado.com\/danielmatos\/?p=61585"},"modified":"2019-04-01T17:53:42","modified_gmt":"2019-04-01T20:53:42","slug":"gutemberg-araujo-visita-maternidade-maria-do-amparo-para-checar-a-retomada-integral-dos-servicos","status":"publish","type":"post","link":"https:\/\/www.blogsoestado.com\/danielmatos\/gutemberg-araujo-visita-maternidade-maria-do-amparo-para-checar-a-retomada-integral-dos-servicos\/","title":{"rendered":"Gutemberg Ara\u00fajo visita Maternidade Maria do Amparo para checar a retomada integral dos servi\u00e7os"},"content":{"rendered":"\n<figure class=\"wp-block-image\"><img decoding=\"async\" src=\"https:\/\/www.blogsoestado.com\/danielmatos\/files\/2019\/04\/gutemberg-amparando2-1024x742.jpg\" alt=\"\" class=\"wp-image-61586\"\/><figcaption>Vereadores Gutemberg e Osmar Filho com m\u00e3e, beb\u00ea e o presidente da Funda\u00e7\u00e3o Elgita Brand\u00e3o, Paulo Henrique Ribeiro<\/figcaption><\/figure>\n\n\n\n<p>Respons\u00e1vel por levar o problema da Maternidade Maria do Amparo \u00e0 C\u00e2mara Municipal de S\u00e3o Lu\u00eds, o vereador Gutemberg Ara\u00fajo (PRTB) visitou a unidade de sa\u00fade, localizada no bairro Anil, na manh\u00e3 desta segunda \u2013 feira, 1\u00ba. O vereador estava do presidente da C\u00e2mara, Osmar Filho (PDT). Os dois parlamentares puderam constatar que os servi\u00e7os da unidade, que voltou a funcionar no dia 18 de mar\u00e7o, est\u00e3o funcionando integralmente.<\/p>\n\n\n\n<p>Depois de muita luta e de liderar o processo de reabertura da maternidade, Dr. Gutemberg destacou que essa vit\u00f3ria pertence \u00e0 popula\u00e7\u00e3o maranhense.<\/p>\n\n\n\n<p>\u201cEssa vit\u00f3ria \u00e9 de todos que acreditam no fortalecimento da sa\u00fade, na valoriza\u00e7\u00e3o dos profissionais e no bem estar de todos que residem nesta cidade. Eu estou muito grato a Deus, ao prefeito Edivaldo Holanda e ao secret\u00e1rio Lula Fylho, aos servidores da maternidade, exemplo de solidariedade. Destaco tamb\u00e9m o apoio fundamental do presidente da C\u00e2mara, Osmar Filho, e a todos os colegas vereadores que se empenharam para resolver o problema\u201d, agradeceu Dr. Gutemberg.<\/p>\n\n\n\n<p>A Maria do Amparo \u00e9 respons\u00e1vel por 11% dos partos registrados na capital maranhense, sendo 100 mil contabilizados ao longo de 37 anos de exist\u00eancia. No final do ano passado, o vereador Gutemberg solicitou emendas na Lei Or\u00e7ament\u00e1ria Anual \u2013 LOA 2019, para destinar cerca de R$ 1 milh\u00e3o para a Maternidade Maria do Amparo. Ele foi procurado pelos funcion\u00e1rios da unidade de sa\u00fade que relataram o problema.<\/p>\n\n\n\n<p>\u201cDesde o momento da paralisa\u00e7\u00e3o, procuramos o Dr. Gutemberg. Foi essencial o apoio do nosso amigo vereador para a retomada integral dos servi\u00e7os. Agrade\u00e7o, tamb\u00e9m, ao presidente da C\u00e2mara Municipal, Osmar Filho, e demais vereadores, e a total compreens\u00e3o do secret\u00e1rio municipal de sa\u00fade, Lula Fylho.  Realizamos em m\u00e9dia, 200 partos por m\u00eas. Durante esses tr\u00eas meses fechada, 600 mulheres deixaram de ser atendidas. E essa retomada se deu gra\u00e7as ao somat\u00f3rio de for\u00e7as entre a C\u00e2mara Municipal de S\u00e3o Lu\u00eds e a secretaria Municipal de Sa\u00fade. A\u00e7\u00e3o coordenada pelo vereador Dr. Gutemberg que sensibilizou a todos.\u201d, afirma Paulo Henrique Ribeiro, presidente do Centro Assistencial Elgita Brand\u00e3o, entidade mantenedora da Maria do Amparo.<\/p>\n\n\n\n<figure class=\"wp-block-image\"><img decoding=\"async\" src=\"https:\/\/www.blogsoestado.com\/danielmatos\/files\/2019\/04\/gutemberg-amparando-1024x739.jpg\" alt=\"\" class=\"wp-image-61587\"\/><figcaption>Vereadores fizeram quest\u00e3o de levar mensagens de apoio e carinho \u00e0s gestantes<\/figcaption><\/figure>\n\n\n\n<p>Emocionada, Brennda Oliveira, que teve seu filho \u00cdcaro, na \u00faltima sexta-feira (29), na maternidade Maria do Amparo, se diz feliz pelo atendimento. \u201cFiz todo o meu pr\u00e9-natal na maternidade. O pai do \u00cdcaro, Diego, nasceu aqui. Fiquei perdida quando soube que a maternidade estava fechada. Quero agradecer de cora\u00e7\u00e3o ao Dr. Gutemberg e a todos da C\u00e2mara\u201d, disse Brennda.<\/p>\n\n\n\n<p><strong>ENTENDA O CASO<\/strong><\/p>\n\n\n\n<p>A maternidade Maria do Amparo ficou parada durante tr\u00eas meses, e mais de 500 partos deixaram de ser realizados no local. Os servi\u00e7os de interna\u00e7\u00e3o foram suspensos em dezembro de 2018, devido aos problemas financeiros. Com os valores repassados pela tabela do SUS defasados, n\u00e3o houve mais como cobrir os custos para a manuten\u00e7\u00e3o da institui\u00e7\u00e3o.<\/p>\n\n\n\n<p>Assim que retornaram os trabalhos na C\u00e2mara Municipal, a primeira preocupa\u00e7\u00e3o do vereador Dr. Gutemberg foi expor o assunto aos colegas da casa, o que resultou na forma\u00e7\u00e3o de uma comiss\u00e3o especial formada por vereadores e profissionais da unidade de sa\u00fade.<\/p>\n\n\n\n<p>Foram realizadas v\u00e1rias a\u00e7\u00f5es do parlamentar at\u00e9 chegar em uma reuni\u00e3o decisiva com a comiss\u00e3o especial, a diretoria do Centro Assistencial Elgita Brand\u00e3o, entidade mantenedora da casa de sa\u00fade, e o secret\u00e1rio Municipal de Sa\u00fade, Lula Fylho.  Na ocasi\u00e3o, o titular da SEMUS confirmou que a Prefeitura, por meio de conv\u00eanio com a maternidade, ficar\u00e1 respons\u00e1vel em custear o kit m\u00e9dico &#8211; grupo de profissionais formado por um ginecologista obstetra, um m\u00e9dico anestesista e um pediatra, al\u00e9m de acrescer o piso m\u00e1ximo de atendimento.<\/p>\n","protected":false},"excerpt":{"rendered":"<p>Respons\u00e1vel por levar o problema da Maternidade Maria do Amparo \u00e0 C\u00e2mara Municipal de S\u00e3o Lu\u00eds, o vereador Gutemberg Ara\u00fajo [&hellip;]<\/p>\n","protected":false},"author":0,"featured_media":0,"comment_status":"open","ping_status":"open","sticky":false,"template":"","format":"standard","meta":{"site-sidebar-layout":"default","site-content-layout":"","ast-site-content-layout":"default","site-content-style":"default","site-sidebar-style":"default","ast-global-header-display":"","ast-banner-title-visibility":"","ast-main-header-display":"","ast-hfb-above-header-display":"","ast-hfb-below-header-display":"","ast-hfb-mobile-header-display":"","site-post-title":"","ast-breadcrumbs-content":"","ast-featured-img":"","footer-sml-layout":"","ast-disable-related-posts":"","theme-transparent-header-meta":"","adv-header-id-meta":"","stick-header-meta":"","header-above-stick-meta":"","header-main-stick-meta":"","header-below-stick-meta":"","astra-migrate-meta-layouts":"default","ast-page-background-enabled":"default","ast-page-background-meta":{"desktop":{"background-color":"var(--ast-global-color-5)","background-image":"","background-repeat":"repeat","background-position":"center center","background-size":"auto","background-attachment":"scroll","background-type":"","background-media":"","overlay-type":"","overlay-color":"","overlay-opacity":"","overlay-gradient":""},"tablet":{"background-color":"","background-image":"","background-repeat":"repeat","background-position":"center center","background-size":"auto","background-attachment":"scroll","background-type":"","background-media":"","overlay-type":"","overlay-color":"","overlay-opacity":"","overlay-gradient":""},"mobile":{"background-color":"","background-image":"","background-repeat":"repeat","background-position":"center center","background-size":"auto","background-attachment":"scroll","background-type":"","background-media":"","overlay-type":"","overlay-color":"","overlay-opacity":"","overlay-gradient":""}},"ast-content-background-meta":{"desktop":{"background-color":"var(--ast-global-color-4)","background-image":"","background-repeat":"repeat","background-position":"center center","background-size":"auto","background-attachment":"scroll","background-type":"","background-media":"","overlay-type":"","overlay-color":"","overlay-opacity":"","overlay-gradient":""},"tablet":{"background-color":"var(--ast-global-color-4)","background-image":"","background-repeat":"repeat","background-position":"center center","background-size":"auto","background-attachment":"scroll","background-type":"","background-media":"","overlay-type":"","overlay-color":"","overlay-opacity":"","overlay-gradient":""},"mobile":{"background-color":"var(--ast-global-color-4)","background-image":"","background-repeat":"repeat","background-position":"center center","background-size":"auto","background-attachment":"scroll","background-type":"","background-media":"","overlay-type":"","overlay-color":"","overlay-opacity":"","overlay-gradient":""}},"footnotes":""},"categories":[1],"tags":[],"class_list":["post-61585","post","type-post","status-publish","format-standard","hentry","category-sem-categoria"],"yoast_head":"<!-- This site is optimized with the Yoast SEO plugin v26.6 - https:\/\/yoast.com\/wordpress\/plugins\/seo\/ -->\n<title>Gutemberg Ara\u00fajo visita Maternidade Maria do Amparo para checar a retomada integral dos servi\u00e7os - Daniel Matos<\/title>\n<meta name=\"robots\" content=\"index, follow, max-snippet:-1, max-image-preview:large, max-video-preview:-1\" \/>\n<link rel=\"canonical\" href=\"https:\/\/www.blogsoestado.com\/danielmatos\/gutemberg-araujo-visita-maternidade-maria-do-amparo-para-checar-a-retomada-integral-dos-servicos\/\" \/>\n<meta property=\"og:locale\" content=\"pt_BR\" \/>\n<meta property=\"og:type\" content=\"article\" \/>\n<meta property=\"og:title\" content=\"Gutemberg Ara\u00fajo visita Maternidade Maria do Amparo para checar a retomada integral dos servi\u00e7os - Daniel Matos\" \/>\n<meta property=\"og:description\" content=\"Respons\u00e1vel por levar o problema da Maternidade Maria do Amparo \u00e0 C\u00e2mara Municipal de S\u00e3o Lu\u00eds, o vereador Gutemberg Ara\u00fajo [&hellip;]\" \/>\n<meta property=\"og:url\" content=\"https:\/\/www.blogsoestado.com\/danielmatos\/gutemberg-araujo-visita-maternidade-maria-do-amparo-para-checar-a-retomada-integral-dos-servicos\/\" \/>\n<meta property=\"og:site_name\" content=\"Daniel Matos\" \/>\n<meta property=\"article:published_time\" content=\"2019-04-01T20:53:42+00:00\" \/>\n<meta property=\"og:image\" content=\"https:\/\/www.blogsoestado.com\/danielmatos\/files\/2019\/04\/gutemberg-amparando2-1024x742.jpg\" \/>\n<meta name=\"twitter:card\" content=\"summary_large_image\" \/>\n<meta name=\"twitter:label1\" content=\"Est. tempo de leitura\" \/>\n\t<meta name=\"twitter:data1\" content=\"3 minutos\" \/>\n<script type=\"application\/ld+json\" class=\"yoast-schema-graph\">{\"@context\":\"https:\/\/schema.org\",\"@graph\":[{\"@type\":\"WebPage\",\"@id\":\"https:\/\/www.blogsoestado.com\/danielmatos\/gutemberg-araujo-visita-maternidade-maria-do-amparo-para-checar-a-retomada-integral-dos-servicos\/\",\"url\":\"https:\/\/www.blogsoestado.com\/danielmatos\/gutemberg-araujo-visita-maternidade-maria-do-amparo-para-checar-a-retomada-integral-dos-servicos\/\",\"name\":\"Gutemberg Ara\u00fajo visita Maternidade Maria do Amparo para checar a retomada integral dos servi\u00e7os - Daniel Matos\",\"isPartOf\":{\"@id\":\"https:\/\/www.blogsoestado.com\/danielmatos\/#website\"},\"primaryImageOfPage\":{\"@id\":\"https:\/\/www.blogsoestado.com\/danielmatos\/gutemberg-araujo-visita-maternidade-maria-do-amparo-para-checar-a-retomada-integral-dos-servicos\/#primaryimage\"},\"image\":{\"@id\":\"https:\/\/www.blogsoestado.com\/danielmatos\/gutemberg-araujo-visita-maternidade-maria-do-amparo-para-checar-a-retomada-integral-dos-servicos\/#primaryimage\"},\"thumbnailUrl\":\"https:\/\/www.blogsoestado.com\/danielmatos\/files\/2019\/04\/gutemberg-amparando2-1024x742.jpg\",\"datePublished\":\"2019-04-01T20:53:42+00:00\",\"author\":{\"@id\":\"\"},\"breadcrumb\":{\"@id\":\"https:\/\/www.blogsoestado.com\/danielmatos\/gutemberg-araujo-visita-maternidade-maria-do-amparo-para-checar-a-retomada-integral-dos-servicos\/#breadcrumb\"},\"inLanguage\":\"pt-BR\",\"potentialAction\":[{\"@type\":\"ReadAction\",\"target\":[\"https:\/\/www.blogsoestado.com\/danielmatos\/gutemberg-araujo-visita-maternidade-maria-do-amparo-para-checar-a-retomada-integral-dos-servicos\/\"]}]},{\"@type\":\"ImageObject\",\"inLanguage\":\"pt-BR\",\"@id\":\"https:\/\/www.blogsoestado.com\/danielmatos\/gutemberg-araujo-visita-maternidade-maria-do-amparo-para-checar-a-retomada-integral-dos-servicos\/#primaryimage\",\"url\":\"https:\/\/www.blogsoestado.com\/danielmatos\/files\/2019\/04\/gutemberg-amparando2-1024x742.jpg\",\"contentUrl\":\"https:\/\/www.blogsoestado.com\/danielmatos\/files\/2019\/04\/gutemberg-amparando2-1024x742.jpg\"},{\"@type\":\"BreadcrumbList\",\"@id\":\"https:\/\/www.blogsoestado.com\/danielmatos\/gutemberg-araujo-visita-maternidade-maria-do-amparo-para-checar-a-retomada-integral-dos-servicos\/#breadcrumb\",\"itemListElement\":[{\"@type\":\"ListItem\",\"position\":1,\"name\":\"In\u00edcio\",\"item\":\"https:\/\/www.blogsoestado.com\/danielmatos\/\"},{\"@type\":\"ListItem\",\"position\":2,\"name\":\"Gutemberg Ara\u00fajo visita Maternidade Maria do Amparo para checar a retomada integral dos servi\u00e7os\"}]},{\"@type\":\"WebSite\",\"@id\":\"https:\/\/www.blogsoestado.com\/danielmatos\/#website\",\"url\":\"https:\/\/www.blogsoestado.com\/danielmatos\/\",\"name\":\"Daniel Matos\",\"description\":\"\",\"potentialAction\":[{\"@type\":\"SearchAction\",\"target\":{\"@type\":\"EntryPoint\",\"urlTemplate\":\"https:\/\/www.blogsoestado.com\/danielmatos\/?s={search_term_string}\"},\"query-input\":{\"@type\":\"PropertyValueSpecification\",\"valueRequired\":true,\"valueName\":\"search_term_string\"}}],\"inLanguage\":\"pt-BR\"}]}<\/script>\n<!-- \/ Yoast SEO plugin. -->","yoast_head_json":{"title":"Gutemberg Ara\u00fajo visita Maternidade Maria do Amparo para checar a retomada integral dos servi\u00e7os - Daniel Matos","robots":{"index":"index","follow":"follow","max-snippet":"max-snippet:-1","max-image-preview":"max-image-preview:large","max-video-preview":"max-video-preview:-1"},"canonical":"https:\/\/www.blogsoestado.com\/danielmatos\/gutemberg-araujo-visita-maternidade-maria-do-amparo-para-checar-a-retomada-integral-dos-servicos\/","og_locale":"pt_BR","og_type":"article","og_title":"Gutemberg Ara\u00fajo visita Maternidade Maria do Amparo para checar a retomada integral dos servi\u00e7os - Daniel Matos","og_description":"Respons\u00e1vel por levar o problema da Maternidade Maria do Amparo \u00e0 C\u00e2mara Municipal de S\u00e3o Lu\u00eds, o vereador Gutemberg Ara\u00fajo [&hellip;]","og_url":"https:\/\/www.blogsoestado.com\/danielmatos\/gutemberg-araujo-visita-maternidade-maria-do-amparo-para-checar-a-retomada-integral-dos-servicos\/","og_site_name":"Daniel Matos","article_published_time":"2019-04-01T20:53:42+00:00","og_image":[{"url":"https:\/\/www.blogsoestado.com\/danielmatos\/files\/2019\/04\/gutemberg-amparando2-1024x742.jpg","type":"","width":"","height":""}],"twitter_card":"summary_large_image","twitter_misc":{"Est. tempo de leitura":"3 minutos"},"schema":{"@context":"https:\/\/schema.org","@graph":[{"@type":"WebPage","@id":"https:\/\/www.blogsoestado.com\/danielmatos\/gutemberg-araujo-visita-maternidade-maria-do-amparo-para-checar-a-retomada-integral-dos-servicos\/","url":"https:\/\/www.blogsoestado.com\/danielmatos\/gutemberg-araujo-visita-maternidade-maria-do-amparo-para-checar-a-retomada-integral-dos-servicos\/","name":"Gutemberg Ara\u00fajo visita Maternidade Maria do Amparo para checar a retomada integral dos servi\u00e7os - Daniel Matos","isPartOf":{"@id":"https:\/\/www.blogsoestado.com\/danielmatos\/#website"},"primaryImageOfPage":{"@id":"https:\/\/www.blogsoestado.com\/danielmatos\/gutemberg-araujo-visita-maternidade-maria-do-amparo-para-checar-a-retomada-integral-dos-servicos\/#primaryimage"},"image":{"@id":"https:\/\/www.blogsoestado.com\/danielmatos\/gutemberg-araujo-visita-maternidade-maria-do-amparo-para-checar-a-retomada-integral-dos-servicos\/#primaryimage"},"thumbnailUrl":"https:\/\/www.blogsoestado.com\/danielmatos\/files\/2019\/04\/gutemberg-amparando2-1024x742.jpg","datePublished":"2019-04-01T20:53:42+00:00","author":{"@id":""},"breadcrumb":{"@id":"https:\/\/www.blogsoestado.com\/danielmatos\/gutemberg-araujo-visita-maternidade-maria-do-amparo-para-checar-a-retomada-integral-dos-servicos\/#breadcrumb"},"inLanguage":"pt-BR","potentialAction":[{"@type":"ReadAction","target":["https:\/\/www.blogsoestado.com\/danielmatos\/gutemberg-araujo-visita-maternidade-maria-do-amparo-para-checar-a-retomada-integral-dos-servicos\/"]}]},{"@type":"ImageObject","inLanguage":"pt-BR","@id":"https:\/\/www.blogsoestado.com\/danielmatos\/gutemberg-araujo-visita-maternidade-maria-do-amparo-para-checar-a-retomada-integral-dos-servicos\/#primaryimage","url":"https:\/\/www.blogsoestado.com\/danielmatos\/files\/2019\/04\/gutemberg-amparando2-1024x742.jpg","contentUrl":"https:\/\/www.blogsoestado.com\/danielmatos\/files\/2019\/04\/gutemberg-amparando2-1024x742.jpg"},{"@type":"BreadcrumbList","@id":"https:\/\/www.blogsoestado.com\/danielmatos\/gutemberg-araujo-visita-maternidade-maria-do-amparo-para-checar-a-retomada-integral-dos-servicos\/#breadcrumb","itemListElement":[{"@type":"ListItem","position":1,"name":"In\u00edcio","item":"https:\/\/www.blogsoestado.com\/danielmatos\/"},{"@type":"ListItem","position":2,"name":"Gutemberg Ara\u00fajo visita Maternidade Maria do Amparo para checar a retomada integral dos servi\u00e7os"}]},{"@type":"WebSite","@id":"https:\/\/www.blogsoestado.com\/danielmatos\/#website","url":"https:\/\/www.blogsoestado.com\/danielmatos\/","name":"Daniel Matos","description":"","potentialAction":[{"@type":"SearchAction","target":{"@type":"EntryPoint","urlTemplate":"https:\/\/www.blogsoestado.com\/danielmatos\/?s={search_term_string}"},"query-input":{"@type":"PropertyValueSpecification","valueRequired":true,"valueName":"search_term_string"}}],"inLanguage":"pt-BR"}]}},"jetpack_featured_media_url":"","_links":{"self":[{"href":"https:\/\/www.blogsoestado.com\/danielmatos\/wp-json\/wp\/v2\/posts\/61585","targetHints":{"allow":["GET"]}}],"collection":[{"href":"https:\/\/www.blogsoestado.com\/danielmatos\/wp-json\/wp\/v2\/posts"}],"about":[{"href":"https:\/\/www.blogsoestado.com\/danielmatos\/wp-json\/wp\/v2\/types\/post"}],"replies":[{"embeddable":true,"href":"https:\/\/www.blogsoestado.com\/danielmatos\/wp-json\/wp\/v2\/comments?post=61585"}],"version-history":[{"count":0,"href":"https:\/\/www.blogsoestado.com\/danielmatos\/wp-json\/wp\/v2\/posts\/61585\/revisions"}],"wp:attachment":[{"href":"https:\/\/www.blogsoestado.com\/danielmatos\/wp-json\/wp\/v2\/media?parent=61585"}],"wp:term":[{"taxonomy":"category","embeddable":true,"href":"https:\/\/www.blogsoestado.com\/danielmatos\/wp-json\/wp\/v2\/categories?post=61585"},{"taxonomy":"post_tag","embeddable":true,"href":"https:\/\/www.blogsoestado.com\/danielmatos\/wp-json\/wp\/v2\/tags?post=61585"}],"curies":[{"name":"wp","href":"https:\/\/api.w.org\/{rel}","templated":true}]}}