{"id":61590,"date":"2019-04-01T20:00:32","date_gmt":"2019-04-01T23:00:32","guid":{"rendered":"https:\/\/www.blogsoestado.com\/danielmatos\/?p=61590"},"modified":"2019-04-01T20:00:32","modified_gmt":"2019-04-01T23:00:32","slug":"propostas-do-deputado-wellington-podem-modificar-o-pacto-federativo","status":"publish","type":"post","link":"https:\/\/www.blogsoestado.com\/danielmatos\/propostas-do-deputado-wellington-podem-modificar-o-pacto-federativo\/","title":{"rendered":"Propostas do deputado Wellington podem modificar o Pacto Federativo"},"content":{"rendered":"\n<div class=\"wp-block-image\"><figure class=\"alignright is-resized\"><img fetchpriority=\"high\" decoding=\"async\" src=\"https:\/\/www.blogsoestado.com\/danielmatos\/files\/2019\/04\/w-pacto-federativo3.jpg\" alt=\"\" class=\"wp-image-61591\" width=\"347\" height=\"403\"\/><figcaption>Deputado Wellington introduziu no Maranh\u00e3o a discuss\u00e3o sobre mudan\u00e7as no Pacto Federativo<\/figcaption><\/figure><\/div>\n\n\n\n<p>O deputado estadual Wellington do Curso apresentou, na Assembleia Legislativa, propostas que objetivam garantir a amplia\u00e7\u00e3o da autonomia dos estados e munic\u00edpios e do poder do cidad\u00e3o, atrav\u00e9s do Pacto Federativo. As propostas foram formalizadas por meio de projeto de Decreto Legislativo.<\/p>\n\n\n\n<p>Ao se pronunciar, Wellington fez refer\u00eancia ao deputado de Santa Catarina, Kennedy Nunes (PSD), que j\u00e1 percorreu as assembleias com a proposta, j\u00e1 que \u00e9 necess\u00e1rio que haja mais da metade das assembleias legislativas das unidades da federa\u00e7\u00e3o para emendar a Constitui\u00e7\u00e3o.<\/p>\n\n\n\n<p>\u201cA mat\u00e9ria aqui tratada n\u00e3o \u00e9 de compet\u00eancia estadual e para que a emenda \u00e0 Constitui\u00e7\u00e3o seja aprovada faz-se necess\u00e1rio que haja mais da metade das assembleias legislativas das unidades da federa\u00e7\u00e3o. Fomos quem introduziu essa discuss\u00e3o aqui no Maranh\u00e3o. Por isso, apresentamos o projeto de Decreto Legislativo que tem como objetivo implantar as reformas constitucionais previstas no Pacto Federativo a partir dos poderes legislativos estaduais, seguindo o que dita a pr\u00f3pria Constitui\u00e7\u00e3o federal\u201d, disse.<\/p>\n\n\n\n<p>VEJA A MINUTA DAS QUATRO PROPOSTAS APRESENTADAS:<\/p>\n\n\n\n<div class=\"wp-block-image\"><figure class=\"aligncenter is-resized\"><img decoding=\"async\" src=\"https:\/\/www.blogsoestado.com\/danielmatos\/files\/2019\/04\/w-pacto-federativo2-818x1024.jpg\" alt=\"\" class=\"wp-image-61592\" width=\"497\" height=\"622\"\/><\/figure><\/div>\n\n\n\n<div class=\"wp-block-image\"><figure class=\"aligncenter is-resized\"><img decoding=\"async\" src=\"https:\/\/www.blogsoestado.com\/danielmatos\/files\/2019\/04\/w-pacto-federativo-1-818x1024.jpg\" alt=\"\" class=\"wp-image-61596\" width=\"499\" height=\"623\"\/><\/figure><\/div>\n\n\n\n<ol class=\"wp-block-list\"><li>Dar autonomia para os estados legislarem sobre descriminaliza\u00e7\u00e3o, propaganda comercial e agroneg\u00f3cio;<\/li><li>.Permitir que eleitores apresentem emendas \u00e0 Constitui\u00e7\u00e3o Federal;<\/li><li>Incluir o Imposto sobre Opera\u00e7\u00f5es Financeiras (IOF), o Imposto sobre Importa\u00e7\u00e3o (IPI), a Contribui\u00e7\u00e3o Social sobre o lucro Liquido (CSLL) e o Imposto sobre Grandes Fortunas (que poder\u00e1 ser criado) na reparti\u00e7\u00e3o de recursos com estados e munic\u00edpios, al\u00e9m de aumentar a parcela dos estados no FPE de 21,5% par 31,5% e dos munic\u00edpios no FPM de 22,5% para 32,5%.<\/li><li>Tornar obrigat\u00f3ria a destina\u00e7\u00e3o de 10% da receita corrente bruta da Uni\u00e3o para investimentos em sa\u00fade p\u00fablica.<\/li><\/ol>\n","protected":false},"excerpt":{"rendered":"<p>O deputado estadual Wellington do Curso apresentou, na Assembleia Legislativa, propostas que objetivam garantir a amplia\u00e7\u00e3o da autonomia dos estados [&hellip;]<\/p>\n","protected":false},"author":0,"featured_media":0,"comment_status":"open","ping_status":"open","sticky":false,"template":"","format":"standard","meta":{"site-sidebar-layout":"default","site-content-layout":"","ast-site-content-layout":"default","site-content-style":"default","site-sidebar-style":"default","ast-global-header-display":"","ast-banner-title-visibility":"","ast-main-header-display":"","ast-hfb-above-header-display":"","ast-hfb-below-header-display":"","ast-hfb-mobile-header-display":"","site-post-title":"","ast-breadcrumbs-content":"","ast-featured-img":"","footer-sml-layout":"","ast-disable-related-posts":"","theme-transparent-header-meta":"","adv-header-id-meta":"","stick-header-meta":"","header-above-stick-meta":"","header-main-stick-meta":"","header-below-stick-meta":"","astra-migrate-meta-layouts":"default","ast-page-background-enabled":"default","ast-page-background-meta":{"desktop":{"background-color":"var(--ast-global-color-5)","background-image":"","background-repeat":"repeat","background-position":"center center","background-size":"auto","background-attachment":"scroll","background-type":"","background-media":"","overlay-type":"","overlay-color":"","overlay-opacity":"","overlay-gradient":""},"tablet":{"background-color":"","background-image":"","background-repeat":"repeat","background-position":"center center","background-size":"auto","background-attachment":"scroll","background-type":"","background-media":"","overlay-type":"","overlay-color":"","overlay-opacity":"","overlay-gradient":""},"mobile":{"background-color":"","background-image":"","background-repeat":"repeat","background-position":"center center","background-size":"auto","background-attachment":"scroll","background-type":"","background-media":"","overlay-type":"","overlay-color":"","overlay-opacity":"","overlay-gradient":""}},"ast-content-background-meta":{"desktop":{"background-color":"var(--ast-global-color-4)","background-image":"","background-repeat":"repeat","background-position":"center center","background-size":"auto","background-attachment":"scroll","background-type":"","background-media":"","overlay-type":"","overlay-color":"","overlay-opacity":"","overlay-gradient":""},"tablet":{"background-color":"var(--ast-global-color-4)","background-image":"","background-repeat":"repeat","background-position":"center center","background-size":"auto","background-attachment":"scroll","background-type":"","background-media":"","overlay-type":"","overlay-color":"","overlay-opacity":"","overlay-gradient":""},"mobile":{"background-color":"var(--ast-global-color-4)","background-image":"","background-repeat":"repeat","background-position":"center center","background-size":"auto","background-attachment":"scroll","background-type":"","background-media":"","overlay-type":"","overlay-color":"","overlay-opacity":"","overlay-gradient":""}},"footnotes":""},"categories":[1],"tags":[],"class_list":["post-61590","post","type-post","status-publish","format-standard","hentry","category-sem-categoria"],"yoast_head":"<!-- This site is optimized with the Yoast SEO plugin v26.6 - https:\/\/yoast.com\/wordpress\/plugins\/seo\/ -->\n<title>Propostas do deputado Wellington podem modificar o Pacto Federativo - Daniel Matos<\/title>\n<meta name=\"robots\" content=\"index, follow, max-snippet:-1, max-image-preview:large, max-video-preview:-1\" \/>\n<link rel=\"canonical\" href=\"https:\/\/www.blogsoestado.com\/danielmatos\/propostas-do-deputado-wellington-podem-modificar-o-pacto-federativo\/\" \/>\n<meta property=\"og:locale\" content=\"pt_BR\" \/>\n<meta property=\"og:type\" content=\"article\" \/>\n<meta property=\"og:title\" content=\"Propostas do deputado Wellington podem modificar o Pacto Federativo - Daniel Matos\" \/>\n<meta property=\"og:description\" content=\"O deputado estadual Wellington do Curso apresentou, na Assembleia Legislativa, propostas que objetivam garantir a amplia\u00e7\u00e3o da autonomia dos estados [&hellip;]\" \/>\n<meta property=\"og:url\" content=\"https:\/\/www.blogsoestado.com\/danielmatos\/propostas-do-deputado-wellington-podem-modificar-o-pacto-federativo\/\" \/>\n<meta property=\"og:site_name\" content=\"Daniel Matos\" \/>\n<meta property=\"article:published_time\" content=\"2019-04-01T23:00:32+00:00\" \/>\n<meta property=\"og:image\" content=\"https:\/\/www.blogsoestado.com\/danielmatos\/files\/2019\/04\/w-pacto-federativo3.jpg\" \/>\n<meta name=\"twitter:card\" content=\"summary_large_image\" \/>\n<meta name=\"twitter:label1\" content=\"Est. tempo de leitura\" \/>\n\t<meta name=\"twitter:data1\" content=\"2 minutos\" \/>\n<script type=\"application\/ld+json\" class=\"yoast-schema-graph\">{\"@context\":\"https:\/\/schema.org\",\"@graph\":[{\"@type\":\"WebPage\",\"@id\":\"https:\/\/www.blogsoestado.com\/danielmatos\/propostas-do-deputado-wellington-podem-modificar-o-pacto-federativo\/\",\"url\":\"https:\/\/www.blogsoestado.com\/danielmatos\/propostas-do-deputado-wellington-podem-modificar-o-pacto-federativo\/\",\"name\":\"Propostas do deputado Wellington podem modificar o Pacto Federativo - Daniel Matos\",\"isPartOf\":{\"@id\":\"https:\/\/www.blogsoestado.com\/danielmatos\/#website\"},\"primaryImageOfPage\":{\"@id\":\"https:\/\/www.blogsoestado.com\/danielmatos\/propostas-do-deputado-wellington-podem-modificar-o-pacto-federativo\/#primaryimage\"},\"image\":{\"@id\":\"https:\/\/www.blogsoestado.com\/danielmatos\/propostas-do-deputado-wellington-podem-modificar-o-pacto-federativo\/#primaryimage\"},\"thumbnailUrl\":\"https:\/\/www.blogsoestado.com\/danielmatos\/files\/2019\/04\/w-pacto-federativo3.jpg\",\"datePublished\":\"2019-04-01T23:00:32+00:00\",\"author\":{\"@id\":\"\"},\"breadcrumb\":{\"@id\":\"https:\/\/www.blogsoestado.com\/danielmatos\/propostas-do-deputado-wellington-podem-modificar-o-pacto-federativo\/#breadcrumb\"},\"inLanguage\":\"pt-BR\",\"potentialAction\":[{\"@type\":\"ReadAction\",\"target\":[\"https:\/\/www.blogsoestado.com\/danielmatos\/propostas-do-deputado-wellington-podem-modificar-o-pacto-federativo\/\"]}]},{\"@type\":\"ImageObject\",\"inLanguage\":\"pt-BR\",\"@id\":\"https:\/\/www.blogsoestado.com\/danielmatos\/propostas-do-deputado-wellington-podem-modificar-o-pacto-federativo\/#primaryimage\",\"url\":\"https:\/\/www.blogsoestado.com\/danielmatos\/files\/2019\/04\/w-pacto-federativo3.jpg\",\"contentUrl\":\"https:\/\/www.blogsoestado.com\/danielmatos\/files\/2019\/04\/w-pacto-federativo3.jpg\"},{\"@type\":\"BreadcrumbList\",\"@id\":\"https:\/\/www.blogsoestado.com\/danielmatos\/propostas-do-deputado-wellington-podem-modificar-o-pacto-federativo\/#breadcrumb\",\"itemListElement\":[{\"@type\":\"ListItem\",\"position\":1,\"name\":\"In\u00edcio\",\"item\":\"https:\/\/www.blogsoestado.com\/danielmatos\/\"},{\"@type\":\"ListItem\",\"position\":2,\"name\":\"Propostas do deputado Wellington podem modificar o Pacto Federativo\"}]},{\"@type\":\"WebSite\",\"@id\":\"https:\/\/www.blogsoestado.com\/danielmatos\/#website\",\"url\":\"https:\/\/www.blogsoestado.com\/danielmatos\/\",\"name\":\"Daniel Matos\",\"description\":\"\",\"potentialAction\":[{\"@type\":\"SearchAction\",\"target\":{\"@type\":\"EntryPoint\",\"urlTemplate\":\"https:\/\/www.blogsoestado.com\/danielmatos\/?s={search_term_string}\"},\"query-input\":{\"@type\":\"PropertyValueSpecification\",\"valueRequired\":true,\"valueName\":\"search_term_string\"}}],\"inLanguage\":\"pt-BR\"}]}<\/script>\n<!-- \/ Yoast SEO plugin. -->","yoast_head_json":{"title":"Propostas do deputado Wellington podem modificar o Pacto Federativo - Daniel Matos","robots":{"index":"index","follow":"follow","max-snippet":"max-snippet:-1","max-image-preview":"max-image-preview:large","max-video-preview":"max-video-preview:-1"},"canonical":"https:\/\/www.blogsoestado.com\/danielmatos\/propostas-do-deputado-wellington-podem-modificar-o-pacto-federativo\/","og_locale":"pt_BR","og_type":"article","og_title":"Propostas do deputado Wellington podem modificar o Pacto Federativo - Daniel Matos","og_description":"O deputado estadual Wellington do Curso apresentou, na Assembleia Legislativa, propostas que objetivam garantir a amplia\u00e7\u00e3o da autonomia dos estados [&hellip;]","og_url":"https:\/\/www.blogsoestado.com\/danielmatos\/propostas-do-deputado-wellington-podem-modificar-o-pacto-federativo\/","og_site_name":"Daniel Matos","article_published_time":"2019-04-01T23:00:32+00:00","og_image":[{"url":"https:\/\/www.blogsoestado.com\/danielmatos\/files\/2019\/04\/w-pacto-federativo3.jpg","type":"","width":"","height":""}],"twitter_card":"summary_large_image","twitter_misc":{"Est. tempo de leitura":"2 minutos"},"schema":{"@context":"https:\/\/schema.org","@graph":[{"@type":"WebPage","@id":"https:\/\/www.blogsoestado.com\/danielmatos\/propostas-do-deputado-wellington-podem-modificar-o-pacto-federativo\/","url":"https:\/\/www.blogsoestado.com\/danielmatos\/propostas-do-deputado-wellington-podem-modificar-o-pacto-federativo\/","name":"Propostas do deputado Wellington podem modificar o Pacto Federativo - Daniel Matos","isPartOf":{"@id":"https:\/\/www.blogsoestado.com\/danielmatos\/#website"},"primaryImageOfPage":{"@id":"https:\/\/www.blogsoestado.com\/danielmatos\/propostas-do-deputado-wellington-podem-modificar-o-pacto-federativo\/#primaryimage"},"image":{"@id":"https:\/\/www.blogsoestado.com\/danielmatos\/propostas-do-deputado-wellington-podem-modificar-o-pacto-federativo\/#primaryimage"},"thumbnailUrl":"https:\/\/www.blogsoestado.com\/danielmatos\/files\/2019\/04\/w-pacto-federativo3.jpg","datePublished":"2019-04-01T23:00:32+00:00","author":{"@id":""},"breadcrumb":{"@id":"https:\/\/www.blogsoestado.com\/danielmatos\/propostas-do-deputado-wellington-podem-modificar-o-pacto-federativo\/#breadcrumb"},"inLanguage":"pt-BR","potentialAction":[{"@type":"ReadAction","target":["https:\/\/www.blogsoestado.com\/danielmatos\/propostas-do-deputado-wellington-podem-modificar-o-pacto-federativo\/"]}]},{"@type":"ImageObject","inLanguage":"pt-BR","@id":"https:\/\/www.blogsoestado.com\/danielmatos\/propostas-do-deputado-wellington-podem-modificar-o-pacto-federativo\/#primaryimage","url":"https:\/\/www.blogsoestado.com\/danielmatos\/files\/2019\/04\/w-pacto-federativo3.jpg","contentUrl":"https:\/\/www.blogsoestado.com\/danielmatos\/files\/2019\/04\/w-pacto-federativo3.jpg"},{"@type":"BreadcrumbList","@id":"https:\/\/www.blogsoestado.com\/danielmatos\/propostas-do-deputado-wellington-podem-modificar-o-pacto-federativo\/#breadcrumb","itemListElement":[{"@type":"ListItem","position":1,"name":"In\u00edcio","item":"https:\/\/www.blogsoestado.com\/danielmatos\/"},{"@type":"ListItem","position":2,"name":"Propostas do deputado Wellington podem modificar o Pacto Federativo"}]},{"@type":"WebSite","@id":"https:\/\/www.blogsoestado.com\/danielmatos\/#website","url":"https:\/\/www.blogsoestado.com\/danielmatos\/","name":"Daniel Matos","description":"","potentialAction":[{"@type":"SearchAction","target":{"@type":"EntryPoint","urlTemplate":"https:\/\/www.blogsoestado.com\/danielmatos\/?s={search_term_string}"},"query-input":{"@type":"PropertyValueSpecification","valueRequired":true,"valueName":"search_term_string"}}],"inLanguage":"pt-BR"}]}},"jetpack_featured_media_url":"","_links":{"self":[{"href":"https:\/\/www.blogsoestado.com\/danielmatos\/wp-json\/wp\/v2\/posts\/61590","targetHints":{"allow":["GET"]}}],"collection":[{"href":"https:\/\/www.blogsoestado.com\/danielmatos\/wp-json\/wp\/v2\/posts"}],"about":[{"href":"https:\/\/www.blogsoestado.com\/danielmatos\/wp-json\/wp\/v2\/types\/post"}],"replies":[{"embeddable":true,"href":"https:\/\/www.blogsoestado.com\/danielmatos\/wp-json\/wp\/v2\/comments?post=61590"}],"version-history":[{"count":0,"href":"https:\/\/www.blogsoestado.com\/danielmatos\/wp-json\/wp\/v2\/posts\/61590\/revisions"}],"wp:attachment":[{"href":"https:\/\/www.blogsoestado.com\/danielmatos\/wp-json\/wp\/v2\/media?parent=61590"}],"wp:term":[{"taxonomy":"category","embeddable":true,"href":"https:\/\/www.blogsoestado.com\/danielmatos\/wp-json\/wp\/v2\/categories?post=61590"},{"taxonomy":"post_tag","embeddable":true,"href":"https:\/\/www.blogsoestado.com\/danielmatos\/wp-json\/wp\/v2\/tags?post=61590"}],"curies":[{"name":"wp","href":"https:\/\/api.w.org\/{rel}","templated":true}]}}