{"id":61598,"date":"2019-04-02T09:38:47","date_gmt":"2019-04-02T12:38:47","guid":{"rendered":"https:\/\/www.blogsoestado.com\/danielmatos\/?p=61598"},"modified":"2019-04-02T09:38:47","modified_gmt":"2019-04-02T12:38:47","slug":"livro-manual-de-cerimonial-vai-ser-lancado-na-ufma","status":"publish","type":"post","link":"https:\/\/www.blogsoestado.com\/danielmatos\/livro-manual-de-cerimonial-vai-ser-lancado-na-ufma\/","title":{"rendered":"Livro &#8220;Manual de Cerimonial&#8221; vai ser lan\u00e7ado na UFMA"},"content":{"rendered":"\n<p class=\"has-text-color has-large-font-size has-vivid-red-color\">Obra \u00e9 fruto da experi\u00eancia e do estudo dos autores, que s\u00e3o  professores da UFMA, em S\u00e3o Lu\u00eds<\/p>\n\n\n\n<div class=\"wp-block-image\"><figure class=\"aligncenter is-resized\"><img fetchpriority=\"high\" decoding=\"async\" src=\"https:\/\/www.blogsoestado.com\/danielmatos\/files\/2019\/04\/livro-cerimonial.jpg\" alt=\"\" class=\"wp-image-61599\" width=\"485\" height=\"569\"\/><\/figure><\/div>\n\n\n\n<p>O livro \u201cManual de Cerimonial da Universidade Federal do Maranh\u00e3o\u201d, de autoria dos professores Francinete Louseiro de Almeida, Zefinha Bentivi, Natalino Salgado Filho e Aldir Carvalho Filho, ser\u00e1 lan\u00e7ado nesta ter\u00e7a-feira, 2 de abril, \u00e0s 18h, na biblioteca setorial do Centro de Ci\u00eancias Humanas (CCH) da UFMA, Cidade Universit\u00e1ria Don Delgado. <\/p>\n\n\n\n<p>O manual \u00e9 um comp\u00eandio que apresenta, descreve e normatiza todos os rituais dos eventos da universidade. \u00c9 importante, n\u00e3o apenas para se conhecer a organiza\u00e7\u00e3o dos eventos da UFMA, mas tamb\u00e9m para balizar outras institui\u00e7\u00f5es de igual natureza, que necessitam, de forma corriqueira, efetivar essas a\u00e7\u00f5es.<\/p>\n\n\n\n<p>Traz informa\u00e7\u00f5es, por exemplo, sobre as cerim\u00f4nias universit\u00e1rias; a entrega de t\u00edtulo de doutor honoris causa; os procedimentos para visitas oficiais de autoridades; as festividades de recep\u00e7\u00e3o de calouros; as posses de reitor, vice-reitor, diretores de centro, chefes de departamento e coordenadores de curso; a normatiza\u00e7\u00e3o dos trajes nas cerim\u00f4nias. <\/p>\n\n\n\n<p>Outras informa\u00e7\u00f5es importantes dizem respeito a modelos de convites; uso de pronomes de tratamento para autoridades, conforme o Manual de Reda\u00e7\u00e3o da Presid\u00eancia da Rep\u00fablica, os cursos de gradua\u00e7\u00e3o e suas cores respectivas; a ordem de cria\u00e7\u00e3o dos estados brasileiros; letras dos hinos da universidade, nacional e estadual.<\/p>\n\n\n\n<p>A obra ser\u00e1 distribu\u00edda para bibliotecas de institui\u00e7\u00f5es de ensino superior e estr\u00e1 \u00e0 venda no local. <\/p>\n\n\n\n<p><strong>Os autores<\/strong> <\/p>\n\n\n\n<p>Os autores e autoras deste Manual s\u00e3o professores da UFMA:<\/p>\n\n\n\n<p>Francinete Louseiro de Almeida \u00e9 doutora em Comunica\u00e7\u00e3o pela PUC-RS, rela\u00e7\u00f5es p\u00fablicas e professora do curso de Rela\u00e7\u00f5es P\u00fablicas da UFMA. Trabalhou como Rela\u00e7\u00f5es P\u00fablicas na Assessoria de Comunica\u00e7\u00e3o da UFMA, quando foi respons\u00e1vel pelo Cerimonial da Universidade. <\/p>\n\n\n\n<p>Zefinha Bentivi \u00e9 doutora em Comunica\u00e7\u00e3o pela PUC-RS, atuando como professora da UFMA, dos Cursos de Comunica\u00e7\u00e3o Social (Jornalismo, R\u00e1dio e TV e Rela\u00e7\u00f5es P\u00fablicas) por v\u00e1rios anos, nas \u00e1reas de Comunica\u00e7\u00e3o, de L\u00edngua Portuguesa e Reda\u00e7\u00e3o. \u00c9 l\u00edder do Diversus \u2013 Grupo de Estudos e Pesquisas em Linguagens, Intera\u00e7\u00e3o e Estrat\u00e9gias de Comunica\u00e7\u00e3o.<\/p>\n\n\n\n<p>Natalino Salgado Filho \u00e9 doutor em Nefrologia e professor titular do Curso de Medicina. Foi diretor do Hospital Universit\u00e1rio e reitor por duas vezes da UFMA, quando implantou o N\u00facleo de Cerimonial. \u00c9 membro da Academia Maranhense de Letras, Academia Nacional de Medicina, do IGHM e da SOBRAMES.<\/p>\n\n\n\n<p>Aldir Carvalho Filho \u00e9 p\u00f3s-doutor em Filosofia pela UFRJ e pela Florida Atlantic University, professor do Curso de Filosofia da UFMA e do Programa de P\u00f3s-Gradua\u00e7\u00e3o em Filosofia da UFPI, ex-professor do Col\u00e9gio Pedro II, foi Pr\u00f3-Reitor de Ensino, Assessor de Articula\u00e7\u00e3o e Moderniza\u00e7\u00e3o Institucional e de Rela\u00e7\u00f5es Internacionais.<\/p>\n","protected":false},"excerpt":{"rendered":"<p>Obra \u00e9 fruto da experi\u00eancia e do estudo dos autores, que s\u00e3o professores da UFMA, em S\u00e3o Lu\u00eds O livro [&hellip;]<\/p>\n","protected":false},"author":0,"featured_media":0,"comment_status":"open","ping_status":"open","sticky":false,"template":"","format":"standard","meta":{"site-sidebar-layout":"default","site-content-layout":"","ast-site-content-layout":"default","site-content-style":"default","site-sidebar-style":"default","ast-global-header-display":"","ast-banner-title-visibility":"","ast-main-header-display":"","ast-hfb-above-header-display":"","ast-hfb-below-header-display":"","ast-hfb-mobile-header-display":"","site-post-title":"","ast-breadcrumbs-content":"","ast-featured-img":"","footer-sml-layout":"","ast-disable-related-posts":"","theme-transparent-header-meta":"","adv-header-id-meta":"","stick-header-meta":"","header-above-stick-meta":"","header-main-stick-meta":"","header-below-stick-meta":"","astra-migrate-meta-layouts":"default","ast-page-background-enabled":"default","ast-page-background-meta":{"desktop":{"background-color":"var(--ast-global-color-5)","background-image":"","background-repeat":"repeat","background-position":"center center","background-size":"auto","background-attachment":"scroll","background-type":"","background-media":"","overlay-type":"","overlay-color":"","overlay-opacity":"","overlay-gradient":""},"tablet":{"background-color":"","background-image":"","background-repeat":"repeat","background-position":"center center","background-size":"auto","background-attachment":"scroll","background-type":"","background-media":"","overlay-type":"","overlay-color":"","overlay-opacity":"","overlay-gradient":""},"mobile":{"background-color":"","background-image":"","background-repeat":"repeat","background-position":"center center","background-size":"auto","background-attachment":"scroll","background-type":"","background-media":"","overlay-type":"","overlay-color":"","overlay-opacity":"","overlay-gradient":""}},"ast-content-background-meta":{"desktop":{"background-color":"var(--ast-global-color-4)","background-image":"","background-repeat":"repeat","background-position":"center center","background-size":"auto","background-attachment":"scroll","background-type":"","background-media":"","overlay-type":"","overlay-color":"","overlay-opacity":"","overlay-gradient":""},"tablet":{"background-color":"var(--ast-global-color-4)","background-image":"","background-repeat":"repeat","background-position":"center center","background-size":"auto","background-attachment":"scroll","background-type":"","background-media":"","overlay-type":"","overlay-color":"","overlay-opacity":"","overlay-gradient":""},"mobile":{"background-color":"var(--ast-global-color-4)","background-image":"","background-repeat":"repeat","background-position":"center center","background-size":"auto","background-attachment":"scroll","background-type":"","background-media":"","overlay-type":"","overlay-color":"","overlay-opacity":"","overlay-gradient":""}},"footnotes":""},"categories":[1],"tags":[],"class_list":["post-61598","post","type-post","status-publish","format-standard","hentry","category-sem-categoria"],"yoast_head":"<!-- This site is optimized with the Yoast SEO plugin v26.6 - https:\/\/yoast.com\/wordpress\/plugins\/seo\/ -->\n<title>Livro &quot;Manual de Cerimonial&quot; vai ser lan\u00e7ado na UFMA - Daniel Matos<\/title>\n<meta name=\"robots\" content=\"index, follow, max-snippet:-1, max-image-preview:large, max-video-preview:-1\" \/>\n<link rel=\"canonical\" href=\"https:\/\/www.blogsoestado.com\/danielmatos\/livro-manual-de-cerimonial-vai-ser-lancado-na-ufma\/\" \/>\n<meta property=\"og:locale\" content=\"pt_BR\" \/>\n<meta property=\"og:type\" content=\"article\" \/>\n<meta property=\"og:title\" content=\"Livro &quot;Manual de Cerimonial&quot; vai ser lan\u00e7ado na UFMA - Daniel Matos\" \/>\n<meta property=\"og:description\" content=\"Obra \u00e9 fruto da experi\u00eancia e do estudo dos autores, que s\u00e3o professores da UFMA, em S\u00e3o Lu\u00eds O livro [&hellip;]\" \/>\n<meta property=\"og:url\" content=\"https:\/\/www.blogsoestado.com\/danielmatos\/livro-manual-de-cerimonial-vai-ser-lancado-na-ufma\/\" \/>\n<meta property=\"og:site_name\" content=\"Daniel Matos\" \/>\n<meta property=\"article:published_time\" content=\"2019-04-02T12:38:47+00:00\" \/>\n<meta property=\"og:image\" content=\"https:\/\/www.blogsoestado.com\/danielmatos\/files\/2019\/04\/livro-cerimonial.jpg\" \/>\n<meta name=\"twitter:card\" content=\"summary_large_image\" \/>\n<meta name=\"twitter:label1\" content=\"Est. tempo de leitura\" \/>\n\t<meta name=\"twitter:data1\" content=\"2 minutos\" \/>\n<script type=\"application\/ld+json\" class=\"yoast-schema-graph\">{\"@context\":\"https:\/\/schema.org\",\"@graph\":[{\"@type\":\"WebPage\",\"@id\":\"https:\/\/www.blogsoestado.com\/danielmatos\/livro-manual-de-cerimonial-vai-ser-lancado-na-ufma\/\",\"url\":\"https:\/\/www.blogsoestado.com\/danielmatos\/livro-manual-de-cerimonial-vai-ser-lancado-na-ufma\/\",\"name\":\"Livro \\\"Manual de Cerimonial\\\" vai ser lan\u00e7ado na UFMA - Daniel Matos\",\"isPartOf\":{\"@id\":\"https:\/\/www.blogsoestado.com\/danielmatos\/#website\"},\"primaryImageOfPage\":{\"@id\":\"https:\/\/www.blogsoestado.com\/danielmatos\/livro-manual-de-cerimonial-vai-ser-lancado-na-ufma\/#primaryimage\"},\"image\":{\"@id\":\"https:\/\/www.blogsoestado.com\/danielmatos\/livro-manual-de-cerimonial-vai-ser-lancado-na-ufma\/#primaryimage\"},\"thumbnailUrl\":\"https:\/\/www.blogsoestado.com\/danielmatos\/files\/2019\/04\/livro-cerimonial.jpg\",\"datePublished\":\"2019-04-02T12:38:47+00:00\",\"author\":{\"@id\":\"\"},\"breadcrumb\":{\"@id\":\"https:\/\/www.blogsoestado.com\/danielmatos\/livro-manual-de-cerimonial-vai-ser-lancado-na-ufma\/#breadcrumb\"},\"inLanguage\":\"pt-BR\",\"potentialAction\":[{\"@type\":\"ReadAction\",\"target\":[\"https:\/\/www.blogsoestado.com\/danielmatos\/livro-manual-de-cerimonial-vai-ser-lancado-na-ufma\/\"]}]},{\"@type\":\"ImageObject\",\"inLanguage\":\"pt-BR\",\"@id\":\"https:\/\/www.blogsoestado.com\/danielmatos\/livro-manual-de-cerimonial-vai-ser-lancado-na-ufma\/#primaryimage\",\"url\":\"https:\/\/www.blogsoestado.com\/danielmatos\/files\/2019\/04\/livro-cerimonial.jpg\",\"contentUrl\":\"https:\/\/www.blogsoestado.com\/danielmatos\/files\/2019\/04\/livro-cerimonial.jpg\"},{\"@type\":\"BreadcrumbList\",\"@id\":\"https:\/\/www.blogsoestado.com\/danielmatos\/livro-manual-de-cerimonial-vai-ser-lancado-na-ufma\/#breadcrumb\",\"itemListElement\":[{\"@type\":\"ListItem\",\"position\":1,\"name\":\"In\u00edcio\",\"item\":\"https:\/\/www.blogsoestado.com\/danielmatos\/\"},{\"@type\":\"ListItem\",\"position\":2,\"name\":\"Livro &#8220;Manual de Cerimonial&#8221; vai ser lan\u00e7ado na UFMA\"}]},{\"@type\":\"WebSite\",\"@id\":\"https:\/\/www.blogsoestado.com\/danielmatos\/#website\",\"url\":\"https:\/\/www.blogsoestado.com\/danielmatos\/\",\"name\":\"Daniel Matos\",\"description\":\"\",\"potentialAction\":[{\"@type\":\"SearchAction\",\"target\":{\"@type\":\"EntryPoint\",\"urlTemplate\":\"https:\/\/www.blogsoestado.com\/danielmatos\/?s={search_term_string}\"},\"query-input\":{\"@type\":\"PropertyValueSpecification\",\"valueRequired\":true,\"valueName\":\"search_term_string\"}}],\"inLanguage\":\"pt-BR\"}]}<\/script>\n<!-- \/ Yoast SEO plugin. -->","yoast_head_json":{"title":"Livro \"Manual de Cerimonial\" vai ser lan\u00e7ado na UFMA - Daniel Matos","robots":{"index":"index","follow":"follow","max-snippet":"max-snippet:-1","max-image-preview":"max-image-preview:large","max-video-preview":"max-video-preview:-1"},"canonical":"https:\/\/www.blogsoestado.com\/danielmatos\/livro-manual-de-cerimonial-vai-ser-lancado-na-ufma\/","og_locale":"pt_BR","og_type":"article","og_title":"Livro \"Manual de Cerimonial\" vai ser lan\u00e7ado na UFMA - Daniel Matos","og_description":"Obra \u00e9 fruto da experi\u00eancia e do estudo dos autores, que s\u00e3o professores da UFMA, em S\u00e3o Lu\u00eds O livro [&hellip;]","og_url":"https:\/\/www.blogsoestado.com\/danielmatos\/livro-manual-de-cerimonial-vai-ser-lancado-na-ufma\/","og_site_name":"Daniel Matos","article_published_time":"2019-04-02T12:38:47+00:00","og_image":[{"url":"https:\/\/www.blogsoestado.com\/danielmatos\/files\/2019\/04\/livro-cerimonial.jpg","type":"","width":"","height":""}],"twitter_card":"summary_large_image","twitter_misc":{"Est. tempo de leitura":"2 minutos"},"schema":{"@context":"https:\/\/schema.org","@graph":[{"@type":"WebPage","@id":"https:\/\/www.blogsoestado.com\/danielmatos\/livro-manual-de-cerimonial-vai-ser-lancado-na-ufma\/","url":"https:\/\/www.blogsoestado.com\/danielmatos\/livro-manual-de-cerimonial-vai-ser-lancado-na-ufma\/","name":"Livro \"Manual de Cerimonial\" vai ser lan\u00e7ado na UFMA - Daniel Matos","isPartOf":{"@id":"https:\/\/www.blogsoestado.com\/danielmatos\/#website"},"primaryImageOfPage":{"@id":"https:\/\/www.blogsoestado.com\/danielmatos\/livro-manual-de-cerimonial-vai-ser-lancado-na-ufma\/#primaryimage"},"image":{"@id":"https:\/\/www.blogsoestado.com\/danielmatos\/livro-manual-de-cerimonial-vai-ser-lancado-na-ufma\/#primaryimage"},"thumbnailUrl":"https:\/\/www.blogsoestado.com\/danielmatos\/files\/2019\/04\/livro-cerimonial.jpg","datePublished":"2019-04-02T12:38:47+00:00","author":{"@id":""},"breadcrumb":{"@id":"https:\/\/www.blogsoestado.com\/danielmatos\/livro-manual-de-cerimonial-vai-ser-lancado-na-ufma\/#breadcrumb"},"inLanguage":"pt-BR","potentialAction":[{"@type":"ReadAction","target":["https:\/\/www.blogsoestado.com\/danielmatos\/livro-manual-de-cerimonial-vai-ser-lancado-na-ufma\/"]}]},{"@type":"ImageObject","inLanguage":"pt-BR","@id":"https:\/\/www.blogsoestado.com\/danielmatos\/livro-manual-de-cerimonial-vai-ser-lancado-na-ufma\/#primaryimage","url":"https:\/\/www.blogsoestado.com\/danielmatos\/files\/2019\/04\/livro-cerimonial.jpg","contentUrl":"https:\/\/www.blogsoestado.com\/danielmatos\/files\/2019\/04\/livro-cerimonial.jpg"},{"@type":"BreadcrumbList","@id":"https:\/\/www.blogsoestado.com\/danielmatos\/livro-manual-de-cerimonial-vai-ser-lancado-na-ufma\/#breadcrumb","itemListElement":[{"@type":"ListItem","position":1,"name":"In\u00edcio","item":"https:\/\/www.blogsoestado.com\/danielmatos\/"},{"@type":"ListItem","position":2,"name":"Livro &#8220;Manual de Cerimonial&#8221; vai ser lan\u00e7ado na UFMA"}]},{"@type":"WebSite","@id":"https:\/\/www.blogsoestado.com\/danielmatos\/#website","url":"https:\/\/www.blogsoestado.com\/danielmatos\/","name":"Daniel Matos","description":"","potentialAction":[{"@type":"SearchAction","target":{"@type":"EntryPoint","urlTemplate":"https:\/\/www.blogsoestado.com\/danielmatos\/?s={search_term_string}"},"query-input":{"@type":"PropertyValueSpecification","valueRequired":true,"valueName":"search_term_string"}}],"inLanguage":"pt-BR"}]}},"jetpack_featured_media_url":"","_links":{"self":[{"href":"https:\/\/www.blogsoestado.com\/danielmatos\/wp-json\/wp\/v2\/posts\/61598","targetHints":{"allow":["GET"]}}],"collection":[{"href":"https:\/\/www.blogsoestado.com\/danielmatos\/wp-json\/wp\/v2\/posts"}],"about":[{"href":"https:\/\/www.blogsoestado.com\/danielmatos\/wp-json\/wp\/v2\/types\/post"}],"replies":[{"embeddable":true,"href":"https:\/\/www.blogsoestado.com\/danielmatos\/wp-json\/wp\/v2\/comments?post=61598"}],"version-history":[{"count":0,"href":"https:\/\/www.blogsoestado.com\/danielmatos\/wp-json\/wp\/v2\/posts\/61598\/revisions"}],"wp:attachment":[{"href":"https:\/\/www.blogsoestado.com\/danielmatos\/wp-json\/wp\/v2\/media?parent=61598"}],"wp:term":[{"taxonomy":"category","embeddable":true,"href":"https:\/\/www.blogsoestado.com\/danielmatos\/wp-json\/wp\/v2\/categories?post=61598"},{"taxonomy":"post_tag","embeddable":true,"href":"https:\/\/www.blogsoestado.com\/danielmatos\/wp-json\/wp\/v2\/tags?post=61598"}],"curies":[{"name":"wp","href":"https:\/\/api.w.org\/{rel}","templated":true}]}}