{"id":61603,"date":"2019-04-02T11:22:50","date_gmt":"2019-04-02T14:22:50","guid":{"rendered":"https:\/\/www.blogsoestado.com\/danielmatos\/?p=61603"},"modified":"2019-04-02T11:22:50","modified_gmt":"2019-04-02T14:22:50","slug":"deputado-adriano-diz-que-responsaveis-por-asfalto-sonrizal-em-rodovia-de-acesso-aos-lencois-serao-penalizados","status":"publish","type":"post","link":"https:\/\/www.blogsoestado.com\/danielmatos\/deputado-adriano-diz-que-responsaveis-por-asfalto-sonrizal-em-rodovia-de-acesso-aos-lencois-serao-penalizados\/","title":{"rendered":"Adriano diz que respons\u00e1veis por asfalto sonrizal em rodovia nos Len\u00e7\u00f3is ser\u00e3o penalizados"},"content":{"rendered":"\n<figure class=\"wp-block-image\"><img decoding=\"async\" src=\"https:\/\/www.blogsoestado.com\/danielmatos\/files\/2019\/04\/adriano-ma-1024x682.jpg\" alt=\"\" class=\"wp-image-61606\"\/><figcaption>Deputado Adriano diz que ficar\u00e1 atento para que respons\u00e1veis pela obra mal feita sejam obrigados a ressarcir o er\u00e1rio<\/figcaption><\/figure>\n\n\n\n<p>O deputado estadual Adriano Sarney (PV) pediu, na sess\u00e3o de ontem (1\u00ba), que a Comiss\u00e3o de Obras da Assembleia Legislativa solicite informa\u00e7\u00f5es da Secretaria de Estado da Infraestrutura (Sinfra) e da construtora respons\u00e1vel pela recupera\u00e7\u00e3o da MA-315, que d\u00e1 acesso aos Len\u00e7\u00f3is Maranhenses, sobre a obra.<\/p>\n\n\n\n<p>Inaugurada pelo governador Fl\u00e1vio Dino (PCdoB) em janeiro deste ano, a rodovia estadual, que liga os munic\u00edpios de Barreirinhas e Paulino Neves, j\u00e1 apresenta pontos onde o pavimento est\u00e1 se desmanchando. O asfalto sonrizal &#8211; que se dissolve com a \u00e1gua da chuva &#8211; j\u00e1 foi pauta da m\u00eddia nacional.<\/p>\n\n\n\n<p>&#8220;Vamos fiscalizar e os respons\u00e1veis ter\u00e3o que pagar&#8221;, assegurou Adriano.<\/p>\n\n\n\n<p><strong>Aditivo ilegal e interven\u00e7\u00e3o da Justi\u00e7a<\/strong><\/p>\n\n\n\n<p>Or\u00e7ada em R$ 9,1 milh\u00e3o, a constru\u00e7\u00e3o da MA-315 teve prazo de conclus\u00e3o de nove meses, mas antes mesmo de findar o per\u00edodo para a entrega do servi\u00e7o, o governo estadual autorizou um aditivo de R$ 2 milh\u00f5es a pretexto de complementar os gastos para o t\u00e9rmino da obra.<\/p>\n\n\n\n<p>Nesta ter\u00e7a-feira (2), o juiz da Vara de Direitos Difusos e Coletivos, Douglas Martins, deu prazo de 72 horas para que o Governo do Estado forne\u00e7a informa\u00e7\u00f5es sobre a execu\u00e7\u00e3o do projeto da rodovia. <\/p>\n\n\n\n<p>Assista ao pronunciamento do deputado Adriano:<\/p>\n\n\n\n<figure class=\"wp-block-embed-youtube wp-block-embed is-type-video is-provider-youtube wp-embed-aspect-16-9 wp-has-aspect-ratio\"><div class=\"wp-block-embed__wrapper\">\n<iframe title=\"Discurso do deputado Adriano 01 04 2019\" width=\"500\" height=\"281\" src=\"https:\/\/www.youtube.com\/embed\/TPUKtWrAsX8?feature=oembed\" frameborder=\"0\" allow=\"accelerometer; autoplay; clipboard-write; encrypted-media; gyroscope; picture-in-picture; web-share\" referrerpolicy=\"strict-origin-when-cross-origin\" allowfullscreen><\/iframe>\n<\/div><\/figure>\n\n\n\n<p>  <br><\/p>\n\n\n\n<p><a href=\"https:\/\/www.youtube.com\/watch?v=TPUKtWrAsX8\"><\/a><\/p>\n","protected":false},"excerpt":{"rendered":"<p>O deputado estadual Adriano Sarney (PV) pediu, na sess\u00e3o de ontem (1\u00ba), que a Comiss\u00e3o de Obras da Assembleia Legislativa [&hellip;]<\/p>\n","protected":false},"author":0,"featured_media":0,"comment_status":"open","ping_status":"open","sticky":false,"template":"","format":"standard","meta":{"site-sidebar-layout":"default","site-content-layout":"","ast-site-content-layout":"default","site-content-style":"default","site-sidebar-style":"default","ast-global-header-display":"","ast-banner-title-visibility":"","ast-main-header-display":"","ast-hfb-above-header-display":"","ast-hfb-below-header-display":"","ast-hfb-mobile-header-display":"","site-post-title":"","ast-breadcrumbs-content":"","ast-featured-img":"","footer-sml-layout":"","ast-disable-related-posts":"","theme-transparent-header-meta":"","adv-header-id-meta":"","stick-header-meta":"","header-above-stick-meta":"","header-main-stick-meta":"","header-below-stick-meta":"","astra-migrate-meta-layouts":"default","ast-page-background-enabled":"default","ast-page-background-meta":{"desktop":{"background-color":"var(--ast-global-color-5)","background-image":"","background-repeat":"repeat","background-position":"center center","background-size":"auto","background-attachment":"scroll","background-type":"","background-media":"","overlay-type":"","overlay-color":"","overlay-opacity":"","overlay-gradient":""},"tablet":{"background-color":"","background-image":"","background-repeat":"repeat","background-position":"center center","background-size":"auto","background-attachment":"scroll","background-type":"","background-media":"","overlay-type":"","overlay-color":"","overlay-opacity":"","overlay-gradient":""},"mobile":{"background-color":"","background-image":"","background-repeat":"repeat","background-position":"center center","background-size":"auto","background-attachment":"scroll","background-type":"","background-media":"","overlay-type":"","overlay-color":"","overlay-opacity":"","overlay-gradient":""}},"ast-content-background-meta":{"desktop":{"background-color":"var(--ast-global-color-4)","background-image":"","background-repeat":"repeat","background-position":"center center","background-size":"auto","background-attachment":"scroll","background-type":"","background-media":"","overlay-type":"","overlay-color":"","overlay-opacity":"","overlay-gradient":""},"tablet":{"background-color":"var(--ast-global-color-4)","background-image":"","background-repeat":"repeat","background-position":"center center","background-size":"auto","background-attachment":"scroll","background-type":"","background-media":"","overlay-type":"","overlay-color":"","overlay-opacity":"","overlay-gradient":""},"mobile":{"background-color":"var(--ast-global-color-4)","background-image":"","background-repeat":"repeat","background-position":"center center","background-size":"auto","background-attachment":"scroll","background-type":"","background-media":"","overlay-type":"","overlay-color":"","overlay-opacity":"","overlay-gradient":""}},"footnotes":""},"categories":[1],"tags":[],"class_list":["post-61603","post","type-post","status-publish","format-standard","hentry","category-sem-categoria"],"yoast_head":"<!-- This site is optimized with the Yoast SEO plugin v26.6 - https:\/\/yoast.com\/wordpress\/plugins\/seo\/ -->\n<title>Adriano diz que respons\u00e1veis por asfalto sonrizal em rodovia nos Len\u00e7\u00f3is ser\u00e3o penalizados - Daniel Matos<\/title>\n<meta name=\"robots\" content=\"index, follow, max-snippet:-1, max-image-preview:large, max-video-preview:-1\" \/>\n<link rel=\"canonical\" href=\"https:\/\/www.blogsoestado.com\/danielmatos\/deputado-adriano-diz-que-responsaveis-por-asfalto-sonrizal-em-rodovia-de-acesso-aos-lencois-serao-penalizados\/\" \/>\n<meta property=\"og:locale\" content=\"pt_BR\" \/>\n<meta property=\"og:type\" content=\"article\" \/>\n<meta property=\"og:title\" content=\"Adriano diz que respons\u00e1veis por asfalto sonrizal em rodovia nos Len\u00e7\u00f3is ser\u00e3o penalizados - Daniel Matos\" \/>\n<meta property=\"og:description\" content=\"O deputado estadual Adriano Sarney (PV) pediu, na sess\u00e3o de ontem (1\u00ba), que a Comiss\u00e3o de Obras da Assembleia Legislativa [&hellip;]\" \/>\n<meta property=\"og:url\" content=\"https:\/\/www.blogsoestado.com\/danielmatos\/deputado-adriano-diz-que-responsaveis-por-asfalto-sonrizal-em-rodovia-de-acesso-aos-lencois-serao-penalizados\/\" \/>\n<meta property=\"og:site_name\" content=\"Daniel Matos\" \/>\n<meta property=\"article:published_time\" content=\"2019-04-02T14:22:50+00:00\" \/>\n<meta property=\"og:image\" content=\"https:\/\/www.blogsoestado.com\/danielmatos\/files\/2019\/04\/adriano-ma-1024x682.jpg\" \/>\n<meta name=\"twitter:card\" content=\"summary_large_image\" \/>\n<meta name=\"twitter:label1\" content=\"Est. tempo de leitura\" \/>\n\t<meta name=\"twitter:data1\" content=\"1 minuto\" \/>\n<script type=\"application\/ld+json\" class=\"yoast-schema-graph\">{\"@context\":\"https:\/\/schema.org\",\"@graph\":[{\"@type\":\"WebPage\",\"@id\":\"https:\/\/www.blogsoestado.com\/danielmatos\/deputado-adriano-diz-que-responsaveis-por-asfalto-sonrizal-em-rodovia-de-acesso-aos-lencois-serao-penalizados\/\",\"url\":\"https:\/\/www.blogsoestado.com\/danielmatos\/deputado-adriano-diz-que-responsaveis-por-asfalto-sonrizal-em-rodovia-de-acesso-aos-lencois-serao-penalizados\/\",\"name\":\"Adriano diz que respons\u00e1veis por asfalto sonrizal em rodovia nos Len\u00e7\u00f3is ser\u00e3o penalizados - Daniel Matos\",\"isPartOf\":{\"@id\":\"https:\/\/www.blogsoestado.com\/danielmatos\/#website\"},\"primaryImageOfPage\":{\"@id\":\"https:\/\/www.blogsoestado.com\/danielmatos\/deputado-adriano-diz-que-responsaveis-por-asfalto-sonrizal-em-rodovia-de-acesso-aos-lencois-serao-penalizados\/#primaryimage\"},\"image\":{\"@id\":\"https:\/\/www.blogsoestado.com\/danielmatos\/deputado-adriano-diz-que-responsaveis-por-asfalto-sonrizal-em-rodovia-de-acesso-aos-lencois-serao-penalizados\/#primaryimage\"},\"thumbnailUrl\":\"https:\/\/www.blogsoestado.com\/danielmatos\/files\/2019\/04\/adriano-ma-1024x682.jpg\",\"datePublished\":\"2019-04-02T14:22:50+00:00\",\"author\":{\"@id\":\"\"},\"breadcrumb\":{\"@id\":\"https:\/\/www.blogsoestado.com\/danielmatos\/deputado-adriano-diz-que-responsaveis-por-asfalto-sonrizal-em-rodovia-de-acesso-aos-lencois-serao-penalizados\/#breadcrumb\"},\"inLanguage\":\"pt-BR\",\"potentialAction\":[{\"@type\":\"ReadAction\",\"target\":[\"https:\/\/www.blogsoestado.com\/danielmatos\/deputado-adriano-diz-que-responsaveis-por-asfalto-sonrizal-em-rodovia-de-acesso-aos-lencois-serao-penalizados\/\"]}]},{\"@type\":\"ImageObject\",\"inLanguage\":\"pt-BR\",\"@id\":\"https:\/\/www.blogsoestado.com\/danielmatos\/deputado-adriano-diz-que-responsaveis-por-asfalto-sonrizal-em-rodovia-de-acesso-aos-lencois-serao-penalizados\/#primaryimage\",\"url\":\"https:\/\/www.blogsoestado.com\/danielmatos\/files\/2019\/04\/adriano-ma-1024x682.jpg\",\"contentUrl\":\"https:\/\/www.blogsoestado.com\/danielmatos\/files\/2019\/04\/adriano-ma-1024x682.jpg\"},{\"@type\":\"BreadcrumbList\",\"@id\":\"https:\/\/www.blogsoestado.com\/danielmatos\/deputado-adriano-diz-que-responsaveis-por-asfalto-sonrizal-em-rodovia-de-acesso-aos-lencois-serao-penalizados\/#breadcrumb\",\"itemListElement\":[{\"@type\":\"ListItem\",\"position\":1,\"name\":\"In\u00edcio\",\"item\":\"https:\/\/www.blogsoestado.com\/danielmatos\/\"},{\"@type\":\"ListItem\",\"position\":2,\"name\":\"Adriano diz que respons\u00e1veis por asfalto sonrizal em rodovia nos Len\u00e7\u00f3is ser\u00e3o penalizados\"}]},{\"@type\":\"WebSite\",\"@id\":\"https:\/\/www.blogsoestado.com\/danielmatos\/#website\",\"url\":\"https:\/\/www.blogsoestado.com\/danielmatos\/\",\"name\":\"Daniel Matos\",\"description\":\"\",\"potentialAction\":[{\"@type\":\"SearchAction\",\"target\":{\"@type\":\"EntryPoint\",\"urlTemplate\":\"https:\/\/www.blogsoestado.com\/danielmatos\/?s={search_term_string}\"},\"query-input\":{\"@type\":\"PropertyValueSpecification\",\"valueRequired\":true,\"valueName\":\"search_term_string\"}}],\"inLanguage\":\"pt-BR\"}]}<\/script>\n<!-- \/ Yoast SEO plugin. -->","yoast_head_json":{"title":"Adriano diz que respons\u00e1veis por asfalto sonrizal em rodovia nos Len\u00e7\u00f3is ser\u00e3o penalizados - Daniel Matos","robots":{"index":"index","follow":"follow","max-snippet":"max-snippet:-1","max-image-preview":"max-image-preview:large","max-video-preview":"max-video-preview:-1"},"canonical":"https:\/\/www.blogsoestado.com\/danielmatos\/deputado-adriano-diz-que-responsaveis-por-asfalto-sonrizal-em-rodovia-de-acesso-aos-lencois-serao-penalizados\/","og_locale":"pt_BR","og_type":"article","og_title":"Adriano diz que respons\u00e1veis por asfalto sonrizal em rodovia nos Len\u00e7\u00f3is ser\u00e3o penalizados - Daniel Matos","og_description":"O deputado estadual Adriano Sarney (PV) pediu, na sess\u00e3o de ontem (1\u00ba), que a Comiss\u00e3o de Obras da Assembleia Legislativa [&hellip;]","og_url":"https:\/\/www.blogsoestado.com\/danielmatos\/deputado-adriano-diz-que-responsaveis-por-asfalto-sonrizal-em-rodovia-de-acesso-aos-lencois-serao-penalizados\/","og_site_name":"Daniel Matos","article_published_time":"2019-04-02T14:22:50+00:00","og_image":[{"url":"https:\/\/www.blogsoestado.com\/danielmatos\/files\/2019\/04\/adriano-ma-1024x682.jpg","type":"","width":"","height":""}],"twitter_card":"summary_large_image","twitter_misc":{"Est. tempo de leitura":"1 minuto"},"schema":{"@context":"https:\/\/schema.org","@graph":[{"@type":"WebPage","@id":"https:\/\/www.blogsoestado.com\/danielmatos\/deputado-adriano-diz-que-responsaveis-por-asfalto-sonrizal-em-rodovia-de-acesso-aos-lencois-serao-penalizados\/","url":"https:\/\/www.blogsoestado.com\/danielmatos\/deputado-adriano-diz-que-responsaveis-por-asfalto-sonrizal-em-rodovia-de-acesso-aos-lencois-serao-penalizados\/","name":"Adriano diz que respons\u00e1veis por asfalto sonrizal em rodovia nos Len\u00e7\u00f3is ser\u00e3o penalizados - Daniel Matos","isPartOf":{"@id":"https:\/\/www.blogsoestado.com\/danielmatos\/#website"},"primaryImageOfPage":{"@id":"https:\/\/www.blogsoestado.com\/danielmatos\/deputado-adriano-diz-que-responsaveis-por-asfalto-sonrizal-em-rodovia-de-acesso-aos-lencois-serao-penalizados\/#primaryimage"},"image":{"@id":"https:\/\/www.blogsoestado.com\/danielmatos\/deputado-adriano-diz-que-responsaveis-por-asfalto-sonrizal-em-rodovia-de-acesso-aos-lencois-serao-penalizados\/#primaryimage"},"thumbnailUrl":"https:\/\/www.blogsoestado.com\/danielmatos\/files\/2019\/04\/adriano-ma-1024x682.jpg","datePublished":"2019-04-02T14:22:50+00:00","author":{"@id":""},"breadcrumb":{"@id":"https:\/\/www.blogsoestado.com\/danielmatos\/deputado-adriano-diz-que-responsaveis-por-asfalto-sonrizal-em-rodovia-de-acesso-aos-lencois-serao-penalizados\/#breadcrumb"},"inLanguage":"pt-BR","potentialAction":[{"@type":"ReadAction","target":["https:\/\/www.blogsoestado.com\/danielmatos\/deputado-adriano-diz-que-responsaveis-por-asfalto-sonrizal-em-rodovia-de-acesso-aos-lencois-serao-penalizados\/"]}]},{"@type":"ImageObject","inLanguage":"pt-BR","@id":"https:\/\/www.blogsoestado.com\/danielmatos\/deputado-adriano-diz-que-responsaveis-por-asfalto-sonrizal-em-rodovia-de-acesso-aos-lencois-serao-penalizados\/#primaryimage","url":"https:\/\/www.blogsoestado.com\/danielmatos\/files\/2019\/04\/adriano-ma-1024x682.jpg","contentUrl":"https:\/\/www.blogsoestado.com\/danielmatos\/files\/2019\/04\/adriano-ma-1024x682.jpg"},{"@type":"BreadcrumbList","@id":"https:\/\/www.blogsoestado.com\/danielmatos\/deputado-adriano-diz-que-responsaveis-por-asfalto-sonrizal-em-rodovia-de-acesso-aos-lencois-serao-penalizados\/#breadcrumb","itemListElement":[{"@type":"ListItem","position":1,"name":"In\u00edcio","item":"https:\/\/www.blogsoestado.com\/danielmatos\/"},{"@type":"ListItem","position":2,"name":"Adriano diz que respons\u00e1veis por asfalto sonrizal em rodovia nos Len\u00e7\u00f3is ser\u00e3o penalizados"}]},{"@type":"WebSite","@id":"https:\/\/www.blogsoestado.com\/danielmatos\/#website","url":"https:\/\/www.blogsoestado.com\/danielmatos\/","name":"Daniel Matos","description":"","potentialAction":[{"@type":"SearchAction","target":{"@type":"EntryPoint","urlTemplate":"https:\/\/www.blogsoestado.com\/danielmatos\/?s={search_term_string}"},"query-input":{"@type":"PropertyValueSpecification","valueRequired":true,"valueName":"search_term_string"}}],"inLanguage":"pt-BR"}]}},"jetpack_featured_media_url":"","_links":{"self":[{"href":"https:\/\/www.blogsoestado.com\/danielmatos\/wp-json\/wp\/v2\/posts\/61603","targetHints":{"allow":["GET"]}}],"collection":[{"href":"https:\/\/www.blogsoestado.com\/danielmatos\/wp-json\/wp\/v2\/posts"}],"about":[{"href":"https:\/\/www.blogsoestado.com\/danielmatos\/wp-json\/wp\/v2\/types\/post"}],"replies":[{"embeddable":true,"href":"https:\/\/www.blogsoestado.com\/danielmatos\/wp-json\/wp\/v2\/comments?post=61603"}],"version-history":[{"count":0,"href":"https:\/\/www.blogsoestado.com\/danielmatos\/wp-json\/wp\/v2\/posts\/61603\/revisions"}],"wp:attachment":[{"href":"https:\/\/www.blogsoestado.com\/danielmatos\/wp-json\/wp\/v2\/media?parent=61603"}],"wp:term":[{"taxonomy":"category","embeddable":true,"href":"https:\/\/www.blogsoestado.com\/danielmatos\/wp-json\/wp\/v2\/categories?post=61603"},{"taxonomy":"post_tag","embeddable":true,"href":"https:\/\/www.blogsoestado.com\/danielmatos\/wp-json\/wp\/v2\/tags?post=61603"}],"curies":[{"name":"wp","href":"https:\/\/api.w.org\/{rel}","templated":true}]}}