{"id":61611,"date":"2019-04-02T16:46:57","date_gmt":"2019-04-02T19:46:57","guid":{"rendered":"https:\/\/www.blogsoestado.com\/danielmatos\/?p=61611"},"modified":"2019-04-02T16:46:57","modified_gmt":"2019-04-02T19:46:57","slug":"prof-moran-costas-no-grupo-dom-bosco","status":"publish","type":"post","link":"https:\/\/www.blogsoestado.com\/danielmatos\/prof-moran-costas-no-grupo-dom-bosco\/","title":{"rendered":"Prof. Moran Costas no Grupo Dom Bosco"},"content":{"rendered":"\n<figure class=\"wp-block-image\"><img decoding=\"async\" src=\"https:\/\/www.blogsoestado.com\/danielmatos\/files\/2019\/04\/dom-b-1024x683.jpg\" alt=\"\" class=\"wp-image-61612\"\/><figcaption> O renomado autor e consultor Moran Costas com a Profa. Dra. Ceres Murad no treinamento exclusivo para docentes do Grupo Dom Bosco <\/figcaption><\/figure>\n\n\n\n<p>O espanhol radicado no Brasil Jos\u00e9 Manuel Moran Costas \u00e9 um dos mais renomados autores, al\u00e9m de professor, pesquisador de mudan\u00e7as na educa\u00e7\u00e3o e uso de novas tecnologias, e conferencista, \u00e9 um disputado mentor de educadores de peso em projetos de inova\u00e7\u00e3o na educa\u00e7\u00e3o. Antes de tudo, o professor Moran \u00e9 um \u201ceducador humanista inovador\u201d e cuja obra incans\u00e1vel visa mostrar como a escola e  a universidade inovadoras e atraentes s\u00e3o poss\u00edvel, desde que sejam reinventadas com criticidade, novas tecnologias digitais e docentes empreendedores a servi\u00e7o de alunos protagonistas da aprendizagem ativa. Entre diversos projetos relevantes, ele foi respons\u00e1vel pela implanta\u00e7\u00e3o da Escola do Futuro da USP (SP).<\/p>\n\n\n\n<figure class=\"wp-block-image\"><img decoding=\"async\" src=\"https:\/\/www.blogsoestado.com\/danielmatos\/files\/2019\/04\/dom-b2-1024x683.jpg\" alt=\"\" class=\"wp-image-61613\"\/><figcaption> Os professores aproveitaram para autografar e conhecer as novas ideias do renomado autor; na foto autografando sua obra para o prof. F\u00e1bio Carvalho <\/figcaption><\/figure>\n\n\n\n<p>Com toda essa rica bagagem, Moran Costas esteve em S\u00e3o Lu\u00eds para compartilhar suas experi\u00eancias disruptivas e uso de tecnologias digitais e metodologias ativas como convidado do Grupo Educacional Dom Bosco. O prof. Moran ministrou o treinamento customizado e exclusivo \u201cTransformando o Espa\u00e7o Educacional\u201d aos docentes do Col\u00e9gio Dom Bosco. Ao perceber o quanto o Grupo maranhense j\u00e1 adota pr\u00e1ticas de vanguarda como uso de cases e outras metodologias, ele aprofundou ainda mais o debate sobre o tema, revelando que estava \u201cmuito bem impressionado e at\u00e9 surpreso com a qualidade vision\u00e1ria da proposta pedag\u00f3gica que aqui encontrou\u201d.<\/p>\n\n\n\n<figure class=\"wp-block-image\"><img decoding=\"async\" src=\"https:\/\/www.blogsoestado.com\/danielmatos\/files\/2019\/04\/dom-b3-1024x683.jpg\" alt=\"\" class=\"wp-image-61614\"\/><figcaption> Professoras do Col\u00e9gio Dom Bosco em sintonia com as metodologias ativas de educa\u00e7\u00e3o, j\u00e1 adotadas na escola maranhense <\/figcaption><\/figure>\n\n\n\n<p>Na abertura do evento, a Diretora do Grupo Dom Bosco, Profa. Dra. Ceres Murad ressaltou que, esse evento veio coroar a trajet\u00f3ria de constante disrup\u00e7\u00e3o, inova\u00e7\u00e3o e evolu\u00e7\u00e3o que s\u00e3o marcas do Col\u00e9gio Dom Bosco H\u00e1 60 anos.<\/p>\n\n\n\n<figure class=\"wp-block-image\"><img decoding=\"async\" src=\"https:\/\/www.blogsoestado.com\/danielmatos\/files\/2019\/04\/dom-b4-1024x683.jpg\" alt=\"\" class=\"wp-image-61615\"\/><figcaption> As docentes Lucely, Nathalia, Alana, Sandra e Poliana do Dom Bosco, atentas \u00e0s orienta\u00e7\u00f5es do expert Moran Costas <\/figcaption><\/figure>\n","protected":false},"excerpt":{"rendered":"<p>O espanhol radicado no Brasil Jos\u00e9 Manuel Moran Costas \u00e9 um dos mais renomados autores, al\u00e9m de professor, pesquisador de [&hellip;]<\/p>\n","protected":false},"author":0,"featured_media":0,"comment_status":"open","ping_status":"open","sticky":false,"template":"","format":"standard","meta":{"site-sidebar-layout":"default","site-content-layout":"","ast-site-content-layout":"default","site-content-style":"default","site-sidebar-style":"default","ast-global-header-display":"","ast-banner-title-visibility":"","ast-main-header-display":"","ast-hfb-above-header-display":"","ast-hfb-below-header-display":"","ast-hfb-mobile-header-display":"","site-post-title":"","ast-breadcrumbs-content":"","ast-featured-img":"","footer-sml-layout":"","ast-disable-related-posts":"","theme-transparent-header-meta":"","adv-header-id-meta":"","stick-header-meta":"","header-above-stick-meta":"","header-main-stick-meta":"","header-below-stick-meta":"","astra-migrate-meta-layouts":"default","ast-page-background-enabled":"default","ast-page-background-meta":{"desktop":{"background-color":"var(--ast-global-color-5)","background-image":"","background-repeat":"repeat","background-position":"center center","background-size":"auto","background-attachment":"scroll","background-type":"","background-media":"","overlay-type":"","overlay-color":"","overlay-opacity":"","overlay-gradient":""},"tablet":{"background-color":"","background-image":"","background-repeat":"repeat","background-position":"center center","background-size":"auto","background-attachment":"scroll","background-type":"","background-media":"","overlay-type":"","overlay-color":"","overlay-opacity":"","overlay-gradient":""},"mobile":{"background-color":"","background-image":"","background-repeat":"repeat","background-position":"center center","background-size":"auto","background-attachment":"scroll","background-type":"","background-media":"","overlay-type":"","overlay-color":"","overlay-opacity":"","overlay-gradient":""}},"ast-content-background-meta":{"desktop":{"background-color":"var(--ast-global-color-4)","background-image":"","background-repeat":"repeat","background-position":"center center","background-size":"auto","background-attachment":"scroll","background-type":"","background-media":"","overlay-type":"","overlay-color":"","overlay-opacity":"","overlay-gradient":""},"tablet":{"background-color":"var(--ast-global-color-4)","background-image":"","background-repeat":"repeat","background-position":"center center","background-size":"auto","background-attachment":"scroll","background-type":"","background-media":"","overlay-type":"","overlay-color":"","overlay-opacity":"","overlay-gradient":""},"mobile":{"background-color":"var(--ast-global-color-4)","background-image":"","background-repeat":"repeat","background-position":"center center","background-size":"auto","background-attachment":"scroll","background-type":"","background-media":"","overlay-type":"","overlay-color":"","overlay-opacity":"","overlay-gradient":""}},"footnotes":""},"categories":[1],"tags":[],"class_list":["post-61611","post","type-post","status-publish","format-standard","hentry","category-sem-categoria"],"yoast_head":"<!-- This site is optimized with the Yoast SEO plugin v26.6 - https:\/\/yoast.com\/wordpress\/plugins\/seo\/ -->\n<title>Prof. Moran Costas no Grupo Dom Bosco - Daniel Matos<\/title>\n<meta name=\"robots\" content=\"index, follow, max-snippet:-1, max-image-preview:large, max-video-preview:-1\" \/>\n<link rel=\"canonical\" href=\"https:\/\/www.blogsoestado.com\/danielmatos\/prof-moran-costas-no-grupo-dom-bosco\/\" \/>\n<meta property=\"og:locale\" content=\"pt_BR\" \/>\n<meta property=\"og:type\" content=\"article\" \/>\n<meta property=\"og:title\" content=\"Prof. Moran Costas no Grupo Dom Bosco - Daniel Matos\" \/>\n<meta property=\"og:description\" content=\"O espanhol radicado no Brasil Jos\u00e9 Manuel Moran Costas \u00e9 um dos mais renomados autores, al\u00e9m de professor, pesquisador de [&hellip;]\" \/>\n<meta property=\"og:url\" content=\"https:\/\/www.blogsoestado.com\/danielmatos\/prof-moran-costas-no-grupo-dom-bosco\/\" \/>\n<meta property=\"og:site_name\" content=\"Daniel Matos\" \/>\n<meta property=\"article:published_time\" content=\"2019-04-02T19:46:57+00:00\" \/>\n<meta property=\"og:image\" content=\"https:\/\/www.blogsoestado.com\/danielmatos\/files\/2019\/04\/dom-b-1024x683.jpg\" \/>\n<meta name=\"twitter:card\" content=\"summary_large_image\" \/>\n<meta name=\"twitter:label1\" content=\"Est. tempo de leitura\" \/>\n\t<meta name=\"twitter:data1\" content=\"2 minutos\" \/>\n<script type=\"application\/ld+json\" class=\"yoast-schema-graph\">{\"@context\":\"https:\/\/schema.org\",\"@graph\":[{\"@type\":\"WebPage\",\"@id\":\"https:\/\/www.blogsoestado.com\/danielmatos\/prof-moran-costas-no-grupo-dom-bosco\/\",\"url\":\"https:\/\/www.blogsoestado.com\/danielmatos\/prof-moran-costas-no-grupo-dom-bosco\/\",\"name\":\"Prof. Moran Costas no Grupo Dom Bosco - Daniel Matos\",\"isPartOf\":{\"@id\":\"https:\/\/www.blogsoestado.com\/danielmatos\/#website\"},\"primaryImageOfPage\":{\"@id\":\"https:\/\/www.blogsoestado.com\/danielmatos\/prof-moran-costas-no-grupo-dom-bosco\/#primaryimage\"},\"image\":{\"@id\":\"https:\/\/www.blogsoestado.com\/danielmatos\/prof-moran-costas-no-grupo-dom-bosco\/#primaryimage\"},\"thumbnailUrl\":\"https:\/\/www.blogsoestado.com\/danielmatos\/files\/2019\/04\/dom-b-1024x683.jpg\",\"datePublished\":\"2019-04-02T19:46:57+00:00\",\"author\":{\"@id\":\"\"},\"breadcrumb\":{\"@id\":\"https:\/\/www.blogsoestado.com\/danielmatos\/prof-moran-costas-no-grupo-dom-bosco\/#breadcrumb\"},\"inLanguage\":\"pt-BR\",\"potentialAction\":[{\"@type\":\"ReadAction\",\"target\":[\"https:\/\/www.blogsoestado.com\/danielmatos\/prof-moran-costas-no-grupo-dom-bosco\/\"]}]},{\"@type\":\"ImageObject\",\"inLanguage\":\"pt-BR\",\"@id\":\"https:\/\/www.blogsoestado.com\/danielmatos\/prof-moran-costas-no-grupo-dom-bosco\/#primaryimage\",\"url\":\"https:\/\/www.blogsoestado.com\/danielmatos\/files\/2019\/04\/dom-b-1024x683.jpg\",\"contentUrl\":\"https:\/\/www.blogsoestado.com\/danielmatos\/files\/2019\/04\/dom-b-1024x683.jpg\"},{\"@type\":\"BreadcrumbList\",\"@id\":\"https:\/\/www.blogsoestado.com\/danielmatos\/prof-moran-costas-no-grupo-dom-bosco\/#breadcrumb\",\"itemListElement\":[{\"@type\":\"ListItem\",\"position\":1,\"name\":\"In\u00edcio\",\"item\":\"https:\/\/www.blogsoestado.com\/danielmatos\/\"},{\"@type\":\"ListItem\",\"position\":2,\"name\":\"Prof. Moran Costas no Grupo Dom Bosco\"}]},{\"@type\":\"WebSite\",\"@id\":\"https:\/\/www.blogsoestado.com\/danielmatos\/#website\",\"url\":\"https:\/\/www.blogsoestado.com\/danielmatos\/\",\"name\":\"Daniel Matos\",\"description\":\"\",\"potentialAction\":[{\"@type\":\"SearchAction\",\"target\":{\"@type\":\"EntryPoint\",\"urlTemplate\":\"https:\/\/www.blogsoestado.com\/danielmatos\/?s={search_term_string}\"},\"query-input\":{\"@type\":\"PropertyValueSpecification\",\"valueRequired\":true,\"valueName\":\"search_term_string\"}}],\"inLanguage\":\"pt-BR\"}]}<\/script>\n<!-- \/ Yoast SEO plugin. -->","yoast_head_json":{"title":"Prof. Moran Costas no Grupo Dom Bosco - Daniel Matos","robots":{"index":"index","follow":"follow","max-snippet":"max-snippet:-1","max-image-preview":"max-image-preview:large","max-video-preview":"max-video-preview:-1"},"canonical":"https:\/\/www.blogsoestado.com\/danielmatos\/prof-moran-costas-no-grupo-dom-bosco\/","og_locale":"pt_BR","og_type":"article","og_title":"Prof. Moran Costas no Grupo Dom Bosco - Daniel Matos","og_description":"O espanhol radicado no Brasil Jos\u00e9 Manuel Moran Costas \u00e9 um dos mais renomados autores, al\u00e9m de professor, pesquisador de [&hellip;]","og_url":"https:\/\/www.blogsoestado.com\/danielmatos\/prof-moran-costas-no-grupo-dom-bosco\/","og_site_name":"Daniel Matos","article_published_time":"2019-04-02T19:46:57+00:00","og_image":[{"url":"https:\/\/www.blogsoestado.com\/danielmatos\/files\/2019\/04\/dom-b-1024x683.jpg","type":"","width":"","height":""}],"twitter_card":"summary_large_image","twitter_misc":{"Est. tempo de leitura":"2 minutos"},"schema":{"@context":"https:\/\/schema.org","@graph":[{"@type":"WebPage","@id":"https:\/\/www.blogsoestado.com\/danielmatos\/prof-moran-costas-no-grupo-dom-bosco\/","url":"https:\/\/www.blogsoestado.com\/danielmatos\/prof-moran-costas-no-grupo-dom-bosco\/","name":"Prof. Moran Costas no Grupo Dom Bosco - Daniel Matos","isPartOf":{"@id":"https:\/\/www.blogsoestado.com\/danielmatos\/#website"},"primaryImageOfPage":{"@id":"https:\/\/www.blogsoestado.com\/danielmatos\/prof-moran-costas-no-grupo-dom-bosco\/#primaryimage"},"image":{"@id":"https:\/\/www.blogsoestado.com\/danielmatos\/prof-moran-costas-no-grupo-dom-bosco\/#primaryimage"},"thumbnailUrl":"https:\/\/www.blogsoestado.com\/danielmatos\/files\/2019\/04\/dom-b-1024x683.jpg","datePublished":"2019-04-02T19:46:57+00:00","author":{"@id":""},"breadcrumb":{"@id":"https:\/\/www.blogsoestado.com\/danielmatos\/prof-moran-costas-no-grupo-dom-bosco\/#breadcrumb"},"inLanguage":"pt-BR","potentialAction":[{"@type":"ReadAction","target":["https:\/\/www.blogsoestado.com\/danielmatos\/prof-moran-costas-no-grupo-dom-bosco\/"]}]},{"@type":"ImageObject","inLanguage":"pt-BR","@id":"https:\/\/www.blogsoestado.com\/danielmatos\/prof-moran-costas-no-grupo-dom-bosco\/#primaryimage","url":"https:\/\/www.blogsoestado.com\/danielmatos\/files\/2019\/04\/dom-b-1024x683.jpg","contentUrl":"https:\/\/www.blogsoestado.com\/danielmatos\/files\/2019\/04\/dom-b-1024x683.jpg"},{"@type":"BreadcrumbList","@id":"https:\/\/www.blogsoestado.com\/danielmatos\/prof-moran-costas-no-grupo-dom-bosco\/#breadcrumb","itemListElement":[{"@type":"ListItem","position":1,"name":"In\u00edcio","item":"https:\/\/www.blogsoestado.com\/danielmatos\/"},{"@type":"ListItem","position":2,"name":"Prof. Moran Costas no Grupo Dom Bosco"}]},{"@type":"WebSite","@id":"https:\/\/www.blogsoestado.com\/danielmatos\/#website","url":"https:\/\/www.blogsoestado.com\/danielmatos\/","name":"Daniel Matos","description":"","potentialAction":[{"@type":"SearchAction","target":{"@type":"EntryPoint","urlTemplate":"https:\/\/www.blogsoestado.com\/danielmatos\/?s={search_term_string}"},"query-input":{"@type":"PropertyValueSpecification","valueRequired":true,"valueName":"search_term_string"}}],"inLanguage":"pt-BR"}]}},"jetpack_featured_media_url":"","_links":{"self":[{"href":"https:\/\/www.blogsoestado.com\/danielmatos\/wp-json\/wp\/v2\/posts\/61611","targetHints":{"allow":["GET"]}}],"collection":[{"href":"https:\/\/www.blogsoestado.com\/danielmatos\/wp-json\/wp\/v2\/posts"}],"about":[{"href":"https:\/\/www.blogsoestado.com\/danielmatos\/wp-json\/wp\/v2\/types\/post"}],"replies":[{"embeddable":true,"href":"https:\/\/www.blogsoestado.com\/danielmatos\/wp-json\/wp\/v2\/comments?post=61611"}],"version-history":[{"count":0,"href":"https:\/\/www.blogsoestado.com\/danielmatos\/wp-json\/wp\/v2\/posts\/61611\/revisions"}],"wp:attachment":[{"href":"https:\/\/www.blogsoestado.com\/danielmatos\/wp-json\/wp\/v2\/media?parent=61611"}],"wp:term":[{"taxonomy":"category","embeddable":true,"href":"https:\/\/www.blogsoestado.com\/danielmatos\/wp-json\/wp\/v2\/categories?post=61611"},{"taxonomy":"post_tag","embeddable":true,"href":"https:\/\/www.blogsoestado.com\/danielmatos\/wp-json\/wp\/v2\/tags?post=61611"}],"curies":[{"name":"wp","href":"https:\/\/api.w.org\/{rel}","templated":true}]}}