{"id":61617,"date":"2019-04-02T17:05:53","date_gmt":"2019-04-02T20:05:53","guid":{"rendered":"https:\/\/www.blogsoestado.com\/danielmatos\/?p=61617"},"modified":"2019-04-02T17:05:53","modified_gmt":"2019-04-02T20:05:53","slug":"ultimos-dias-para-se-inscrever-no-educar-para-transformar","status":"publish","type":"post","link":"https:\/\/www.blogsoestado.com\/danielmatos\/ultimos-dias-para-se-inscrever-no-educar-para-transformar\/","title":{"rendered":"\u00daltimos dias para se inscrever no Educar para Transformar"},"content":{"rendered":"\n<p class=\"has-text-color has-large-font-size has-vivid-red-color\">Instituto MRV e Funda\u00e7\u00e3o Pit\u00e1goras apoiar\u00e3o projetos desenvolvidos por escolas da rede p\u00fablica de ensino fundamental e m\u00e9dio. Institui\u00e7\u00f5es de ensino de 19 estados brasileiros tem at\u00e9 o dia 05\/04 para fazer a inscri\u00e7\u00e3o<\/p>\n\n\n\n<div class=\"wp-block-image\"><figure class=\"aligncenter\"><img decoding=\"async\" src=\"https:\/\/www.blogsoestado.com\/danielmatos\/files\/2019\/04\/mrv-instituto2.jpg\" alt=\"Volunt\u00e1rios do Instituto MRV dedicados ao programa &quot;Educar para Transformar&quot;\" class=\"wp-image-61618\"\/><\/figure><\/div>\n\n\n\n<p>O Instituto MRV, em parceria com a Funda\u00e7\u00e3o Pit\u00e1goras, realizar\u00e1 o Educar para Transformar \u2013 6\u00aa Chamada P\u00fablica. Com a tem\u00e1tica \u2018Uma escola aberta para novas ideias \u00e9 uma escola aberta para o futuro\u2019 esta edi\u00e7\u00e3o do programa tem como foco as escolas municipais e estaduais da rede p\u00fablica de ensino fundamental e\/ou m\u00e9dio. As inscri\u00e7\u00f5es podem ser realizadas at\u00e9 o dia 5 de abril por meio do site <a href=\"https:\/\/www.institutomrv.com.br\/pt\/\">https:\/\/www.institutomrv.com.br\/pt\/<\/a>.<\/p>\n\n\n\n<p>\u201cDiferente das outras edi\u00e7\u00f5es em que acompanhamos projetos voltados para a educa\u00e7\u00e3o de jovens e crian\u00e7as desenvolvidos por organiza\u00e7\u00f5es n\u00e3o governamentais e pessoas f\u00edsicas, na 6\u00aa edi\u00e7\u00e3o pretendemos apoiar 10 projetos de escolas municipais e estaduais. Nossa parceria in\u00e9dita com a Funda\u00e7\u00e3o Pit\u00e1goras busca por solu\u00e7\u00f5es criativas e inovadoras em educa\u00e7\u00e3o favorecendo o empoderamento das rela\u00e7\u00f5es humanas, contribuindo para o conv\u00edvio social e o desenvolvimento do senso de comunidade, para a forma\u00e7\u00e3o de uma sociedade igualit\u00e1ria e comprometida\u201d, explica Raphael Lafet\u00e1, diretor do Instituto MRV.<\/p>\n\n\n\n<p>As escolas interessadas em participar do programa devem propor a\u00e7\u00f5es que visam atrair e reter os alunos, ampliando suas vis\u00f5es sobre os benef\u00edcios da educa\u00e7\u00e3o e as diversas possiblidades de futuro que se pode alcan\u00e7ar. Al\u00e9m disso, as escolas devem atuar em cidades onde o Instituto e a Funda\u00e7\u00e3o tem atua\u00e7\u00e3o. Esses munic\u00edpios est\u00e3o nos estados de Alagoas, Bahia, Cear\u00e1, Distrito Federal, Esp\u00edrito Santo, Goi\u00e1s, Maranh\u00e3o, Minas Gerais, Mato Grosso, Mato Grosso do Sul, Para\u00edba, Pernambuco, Piau\u00ed, Paran\u00e1, Rio de Janeiro, Rio Grande do Norte, Rio Grande do Sul, Santa Catarina e S\u00e3o Paulo. A lista completa de cidades est\u00e1 no <a href=\"https:\/\/www.institutomrv.com.br\/upload\/InstitutoMRV\/PDF\/edital-educar-para-transformar-6a-chamada-publica_636880769279023803.pdf\">edital<\/a> do Educar para Transformar.<\/p>\n\n\n\n<p>A avalia\u00e7\u00e3o dos projetos acontecer\u00e1 de 8 de abril a 6 de maio e ser\u00e1 realizada por uma comiss\u00e3o que levar\u00e1 em conta crit\u00e9rios como adequa\u00e7\u00e3o com o foco do programa, engajamento e motiva\u00e7\u00e3o do corpo escolar e potencial de redu\u00e7\u00e3o da evas\u00e3o escolar. As iniciativas selecionadas ser\u00e3o disponibilizadas para vota\u00e7\u00e3o popular a partir do dia 13 de maio. Os 10 projetos mais votados pelo p\u00fablico ser\u00e3o apresentados no dia 28 de maio e cada um deles receber\u00e1 um aporte de R$ 30 mil para ser revertido em materiais ou servi\u00e7os. A partir de junho os projetos vencedores ser\u00e3o acompanhados e receber\u00e3o o apoio do Instituto MRV e da Funda\u00e7\u00e3o Pit\u00e1goras para a troca de conhecimento e a verifica\u00e7\u00e3o do desenvolvimento do projeto. <\/p>\n\n\n\n<p><strong>Sobre o Instituto MRV<\/strong><\/p>\n\n\n\n<p>Fundado em 2014 pela MRV Engenharia, o Instituto MRV \u00e9 uma organiza\u00e7\u00e3o sem fins lucrativos, voltada para promo\u00e7\u00e3o da transforma\u00e7\u00e3o social do pa\u00eds por meio da educa\u00e7\u00e3o. Somente em 2018, foram investidos mais de R$ 6 milh\u00f5es em projetos como Educar para Transformar \u2013 Chamada P\u00fablica de Projetos, MRV Volunt\u00e1rios e Seu filho, Nosso futuro; al\u00e9m de apoio a importantes institui\u00e7\u00f5es como a Cidade dos Meninos, Querubins e Miguilim. Saiba mais em <a href=\"http:\/\/www.institutomrv.com.br\">www.institutomrv.com.br<\/a>.<\/p>\n\n\n\n<p><strong>Sobre Funda\u00e7\u00e3o Pit\u00e1goras<\/strong><\/p>\n\n\n\n<p>A Funda\u00e7\u00e3o Pit\u00e1goras \u00e9 o bra\u00e7o social do Grupo Kroton e implementa h\u00e1 mais de tr\u00eas d\u00e9cadas programas de responsabilidade social transformadores, com foco primordial na melhoria da qualidade das escolas p\u00fablicas de educa\u00e7\u00e3o b\u00e1sica, por todo o Brasil. S\u00e3o milhares de escolas e mais de 2 milh\u00f5es de alunos beneficiados nas \u00faltimas d\u00e9cadas. Nos \u00faltimos anos, a Funda\u00e7\u00e3o Pit\u00e1goras ampliou seu escopo de atua\u00e7\u00e3o abrangendo programas para desenvolvimento da Primeira Inf\u00e2ncia, resgate de Jovens Vulner\u00e1veis (evadidos das escolas p\u00fablicas) e projetos para o Sistema Penitenci\u00e1rio, por entender que essas quest\u00f5es sociais se integram de forma indissoci\u00e1vel. Trabalhamos de forma incans\u00e1vel para elevar ao m\u00e1ximo o potencial das pessoas mais vulner\u00e1veis, em todas as fases de sua vida, por meio da educa\u00e7\u00e3o.<\/p>\n","protected":false},"excerpt":{"rendered":"<p>Instituto MRV e Funda\u00e7\u00e3o Pit\u00e1goras apoiar\u00e3o projetos desenvolvidos por escolas da rede p\u00fablica de ensino fundamental e m\u00e9dio. Institui\u00e7\u00f5es de [&hellip;]<\/p>\n","protected":false},"author":0,"featured_media":0,"comment_status":"open","ping_status":"open","sticky":false,"template":"","format":"standard","meta":{"site-sidebar-layout":"default","site-content-layout":"","ast-site-content-layout":"default","site-content-style":"default","site-sidebar-style":"default","ast-global-header-display":"","ast-banner-title-visibility":"","ast-main-header-display":"","ast-hfb-above-header-display":"","ast-hfb-below-header-display":"","ast-hfb-mobile-header-display":"","site-post-title":"","ast-breadcrumbs-content":"","ast-featured-img":"","footer-sml-layout":"","ast-disable-related-posts":"","theme-transparent-header-meta":"","adv-header-id-meta":"","stick-header-meta":"","header-above-stick-meta":"","header-main-stick-meta":"","header-below-stick-meta":"","astra-migrate-meta-layouts":"default","ast-page-background-enabled":"default","ast-page-background-meta":{"desktop":{"background-color":"var(--ast-global-color-5)","background-image":"","background-repeat":"repeat","background-position":"center center","background-size":"auto","background-attachment":"scroll","background-type":"","background-media":"","overlay-type":"","overlay-color":"","overlay-opacity":"","overlay-gradient":""},"tablet":{"background-color":"","background-image":"","background-repeat":"repeat","background-position":"center center","background-size":"auto","background-attachment":"scroll","background-type":"","background-media":"","overlay-type":"","overlay-color":"","overlay-opacity":"","overlay-gradient":""},"mobile":{"background-color":"","background-image":"","background-repeat":"repeat","background-position":"center center","background-size":"auto","background-attachment":"scroll","background-type":"","background-media":"","overlay-type":"","overlay-color":"","overlay-opacity":"","overlay-gradient":""}},"ast-content-background-meta":{"desktop":{"background-color":"var(--ast-global-color-4)","background-image":"","background-repeat":"repeat","background-position":"center center","background-size":"auto","background-attachment":"scroll","background-type":"","background-media":"","overlay-type":"","overlay-color":"","overlay-opacity":"","overlay-gradient":""},"tablet":{"background-color":"var(--ast-global-color-4)","background-image":"","background-repeat":"repeat","background-position":"center center","background-size":"auto","background-attachment":"scroll","background-type":"","background-media":"","overlay-type":"","overlay-color":"","overlay-opacity":"","overlay-gradient":""},"mobile":{"background-color":"var(--ast-global-color-4)","background-image":"","background-repeat":"repeat","background-position":"center center","background-size":"auto","background-attachment":"scroll","background-type":"","background-media":"","overlay-type":"","overlay-color":"","overlay-opacity":"","overlay-gradient":""}},"footnotes":""},"categories":[1],"tags":[],"class_list":["post-61617","post","type-post","status-publish","format-standard","hentry","category-sem-categoria"],"yoast_head":"<!-- This site is optimized with the Yoast SEO plugin v26.6 - https:\/\/yoast.com\/wordpress\/plugins\/seo\/ -->\n<title>\u00daltimos dias para se inscrever no Educar para Transformar - Daniel Matos<\/title>\n<meta name=\"robots\" content=\"index, follow, max-snippet:-1, max-image-preview:large, max-video-preview:-1\" \/>\n<link rel=\"canonical\" href=\"https:\/\/www.blogsoestado.com\/danielmatos\/ultimos-dias-para-se-inscrever-no-educar-para-transformar\/\" \/>\n<meta property=\"og:locale\" content=\"pt_BR\" \/>\n<meta property=\"og:type\" content=\"article\" \/>\n<meta property=\"og:title\" content=\"\u00daltimos dias para se inscrever no Educar para Transformar - Daniel Matos\" \/>\n<meta property=\"og:description\" content=\"Instituto MRV e Funda\u00e7\u00e3o Pit\u00e1goras apoiar\u00e3o projetos desenvolvidos por escolas da rede p\u00fablica de ensino fundamental e m\u00e9dio. Institui\u00e7\u00f5es de [&hellip;]\" \/>\n<meta property=\"og:url\" content=\"https:\/\/www.blogsoestado.com\/danielmatos\/ultimos-dias-para-se-inscrever-no-educar-para-transformar\/\" \/>\n<meta property=\"og:site_name\" content=\"Daniel Matos\" \/>\n<meta property=\"article:published_time\" content=\"2019-04-02T20:05:53+00:00\" \/>\n<meta property=\"og:image\" content=\"https:\/\/www.blogsoestado.com\/danielmatos\/files\/2019\/04\/mrv-instituto2.jpg\" \/>\n<meta name=\"twitter:card\" content=\"summary_large_image\" \/>\n<meta name=\"twitter:label1\" content=\"Est. tempo de leitura\" \/>\n\t<meta name=\"twitter:data1\" content=\"4 minutos\" \/>\n<script type=\"application\/ld+json\" class=\"yoast-schema-graph\">{\"@context\":\"https:\/\/schema.org\",\"@graph\":[{\"@type\":\"WebPage\",\"@id\":\"https:\/\/www.blogsoestado.com\/danielmatos\/ultimos-dias-para-se-inscrever-no-educar-para-transformar\/\",\"url\":\"https:\/\/www.blogsoestado.com\/danielmatos\/ultimos-dias-para-se-inscrever-no-educar-para-transformar\/\",\"name\":\"\u00daltimos dias para se inscrever no Educar para Transformar - Daniel Matos\",\"isPartOf\":{\"@id\":\"https:\/\/www.blogsoestado.com\/danielmatos\/#website\"},\"primaryImageOfPage\":{\"@id\":\"https:\/\/www.blogsoestado.com\/danielmatos\/ultimos-dias-para-se-inscrever-no-educar-para-transformar\/#primaryimage\"},\"image\":{\"@id\":\"https:\/\/www.blogsoestado.com\/danielmatos\/ultimos-dias-para-se-inscrever-no-educar-para-transformar\/#primaryimage\"},\"thumbnailUrl\":\"https:\/\/www.blogsoestado.com\/danielmatos\/files\/2019\/04\/mrv-instituto2.jpg\",\"datePublished\":\"2019-04-02T20:05:53+00:00\",\"author\":{\"@id\":\"\"},\"breadcrumb\":{\"@id\":\"https:\/\/www.blogsoestado.com\/danielmatos\/ultimos-dias-para-se-inscrever-no-educar-para-transformar\/#breadcrumb\"},\"inLanguage\":\"pt-BR\",\"potentialAction\":[{\"@type\":\"ReadAction\",\"target\":[\"https:\/\/www.blogsoestado.com\/danielmatos\/ultimos-dias-para-se-inscrever-no-educar-para-transformar\/\"]}]},{\"@type\":\"ImageObject\",\"inLanguage\":\"pt-BR\",\"@id\":\"https:\/\/www.blogsoestado.com\/danielmatos\/ultimos-dias-para-se-inscrever-no-educar-para-transformar\/#primaryimage\",\"url\":\"https:\/\/www.blogsoestado.com\/danielmatos\/files\/2019\/04\/mrv-instituto2.jpg\",\"contentUrl\":\"https:\/\/www.blogsoestado.com\/danielmatos\/files\/2019\/04\/mrv-instituto2.jpg\"},{\"@type\":\"BreadcrumbList\",\"@id\":\"https:\/\/www.blogsoestado.com\/danielmatos\/ultimos-dias-para-se-inscrever-no-educar-para-transformar\/#breadcrumb\",\"itemListElement\":[{\"@type\":\"ListItem\",\"position\":1,\"name\":\"In\u00edcio\",\"item\":\"https:\/\/www.blogsoestado.com\/danielmatos\/\"},{\"@type\":\"ListItem\",\"position\":2,\"name\":\"\u00daltimos dias para se inscrever no Educar para Transformar\"}]},{\"@type\":\"WebSite\",\"@id\":\"https:\/\/www.blogsoestado.com\/danielmatos\/#website\",\"url\":\"https:\/\/www.blogsoestado.com\/danielmatos\/\",\"name\":\"Daniel Matos\",\"description\":\"\",\"potentialAction\":[{\"@type\":\"SearchAction\",\"target\":{\"@type\":\"EntryPoint\",\"urlTemplate\":\"https:\/\/www.blogsoestado.com\/danielmatos\/?s={search_term_string}\"},\"query-input\":{\"@type\":\"PropertyValueSpecification\",\"valueRequired\":true,\"valueName\":\"search_term_string\"}}],\"inLanguage\":\"pt-BR\"}]}<\/script>\n<!-- \/ Yoast SEO plugin. -->","yoast_head_json":{"title":"\u00daltimos dias para se inscrever no Educar para Transformar - Daniel Matos","robots":{"index":"index","follow":"follow","max-snippet":"max-snippet:-1","max-image-preview":"max-image-preview:large","max-video-preview":"max-video-preview:-1"},"canonical":"https:\/\/www.blogsoestado.com\/danielmatos\/ultimos-dias-para-se-inscrever-no-educar-para-transformar\/","og_locale":"pt_BR","og_type":"article","og_title":"\u00daltimos dias para se inscrever no Educar para Transformar - Daniel Matos","og_description":"Instituto MRV e Funda\u00e7\u00e3o Pit\u00e1goras apoiar\u00e3o projetos desenvolvidos por escolas da rede p\u00fablica de ensino fundamental e m\u00e9dio. Institui\u00e7\u00f5es de [&hellip;]","og_url":"https:\/\/www.blogsoestado.com\/danielmatos\/ultimos-dias-para-se-inscrever-no-educar-para-transformar\/","og_site_name":"Daniel Matos","article_published_time":"2019-04-02T20:05:53+00:00","og_image":[{"url":"https:\/\/www.blogsoestado.com\/danielmatos\/files\/2019\/04\/mrv-instituto2.jpg","type":"","width":"","height":""}],"twitter_card":"summary_large_image","twitter_misc":{"Est. tempo de leitura":"4 minutos"},"schema":{"@context":"https:\/\/schema.org","@graph":[{"@type":"WebPage","@id":"https:\/\/www.blogsoestado.com\/danielmatos\/ultimos-dias-para-se-inscrever-no-educar-para-transformar\/","url":"https:\/\/www.blogsoestado.com\/danielmatos\/ultimos-dias-para-se-inscrever-no-educar-para-transformar\/","name":"\u00daltimos dias para se inscrever no Educar para Transformar - Daniel Matos","isPartOf":{"@id":"https:\/\/www.blogsoestado.com\/danielmatos\/#website"},"primaryImageOfPage":{"@id":"https:\/\/www.blogsoestado.com\/danielmatos\/ultimos-dias-para-se-inscrever-no-educar-para-transformar\/#primaryimage"},"image":{"@id":"https:\/\/www.blogsoestado.com\/danielmatos\/ultimos-dias-para-se-inscrever-no-educar-para-transformar\/#primaryimage"},"thumbnailUrl":"https:\/\/www.blogsoestado.com\/danielmatos\/files\/2019\/04\/mrv-instituto2.jpg","datePublished":"2019-04-02T20:05:53+00:00","author":{"@id":""},"breadcrumb":{"@id":"https:\/\/www.blogsoestado.com\/danielmatos\/ultimos-dias-para-se-inscrever-no-educar-para-transformar\/#breadcrumb"},"inLanguage":"pt-BR","potentialAction":[{"@type":"ReadAction","target":["https:\/\/www.blogsoestado.com\/danielmatos\/ultimos-dias-para-se-inscrever-no-educar-para-transformar\/"]}]},{"@type":"ImageObject","inLanguage":"pt-BR","@id":"https:\/\/www.blogsoestado.com\/danielmatos\/ultimos-dias-para-se-inscrever-no-educar-para-transformar\/#primaryimage","url":"https:\/\/www.blogsoestado.com\/danielmatos\/files\/2019\/04\/mrv-instituto2.jpg","contentUrl":"https:\/\/www.blogsoestado.com\/danielmatos\/files\/2019\/04\/mrv-instituto2.jpg"},{"@type":"BreadcrumbList","@id":"https:\/\/www.blogsoestado.com\/danielmatos\/ultimos-dias-para-se-inscrever-no-educar-para-transformar\/#breadcrumb","itemListElement":[{"@type":"ListItem","position":1,"name":"In\u00edcio","item":"https:\/\/www.blogsoestado.com\/danielmatos\/"},{"@type":"ListItem","position":2,"name":"\u00daltimos dias para se inscrever no Educar para Transformar"}]},{"@type":"WebSite","@id":"https:\/\/www.blogsoestado.com\/danielmatos\/#website","url":"https:\/\/www.blogsoestado.com\/danielmatos\/","name":"Daniel Matos","description":"","potentialAction":[{"@type":"SearchAction","target":{"@type":"EntryPoint","urlTemplate":"https:\/\/www.blogsoestado.com\/danielmatos\/?s={search_term_string}"},"query-input":{"@type":"PropertyValueSpecification","valueRequired":true,"valueName":"search_term_string"}}],"inLanguage":"pt-BR"}]}},"jetpack_featured_media_url":"","_links":{"self":[{"href":"https:\/\/www.blogsoestado.com\/danielmatos\/wp-json\/wp\/v2\/posts\/61617","targetHints":{"allow":["GET"]}}],"collection":[{"href":"https:\/\/www.blogsoestado.com\/danielmatos\/wp-json\/wp\/v2\/posts"}],"about":[{"href":"https:\/\/www.blogsoestado.com\/danielmatos\/wp-json\/wp\/v2\/types\/post"}],"replies":[{"embeddable":true,"href":"https:\/\/www.blogsoestado.com\/danielmatos\/wp-json\/wp\/v2\/comments?post=61617"}],"version-history":[{"count":0,"href":"https:\/\/www.blogsoestado.com\/danielmatos\/wp-json\/wp\/v2\/posts\/61617\/revisions"}],"wp:attachment":[{"href":"https:\/\/www.blogsoestado.com\/danielmatos\/wp-json\/wp\/v2\/media?parent=61617"}],"wp:term":[{"taxonomy":"category","embeddable":true,"href":"https:\/\/www.blogsoestado.com\/danielmatos\/wp-json\/wp\/v2\/categories?post=61617"},{"taxonomy":"post_tag","embeddable":true,"href":"https:\/\/www.blogsoestado.com\/danielmatos\/wp-json\/wp\/v2\/tags?post=61617"}],"curies":[{"name":"wp","href":"https:\/\/api.w.org\/{rel}","templated":true}]}}