{"id":61620,"date":"2019-04-02T17:57:16","date_gmt":"2019-04-02T20:57:16","guid":{"rendered":"https:\/\/www.blogsoestado.com\/danielmatos\/?p=61620"},"modified":"2019-04-02T17:57:16","modified_gmt":"2019-04-02T20:57:16","slug":"governo-estoura-limite-de-gastos-e-promove-minirreforma-administrativa","status":"publish","type":"post","link":"https:\/\/www.blogsoestado.com\/danielmatos\/governo-estoura-limite-de-gastos-e-promove-minirreforma-administrativa\/","title":{"rendered":"Governo estoura limite de gastos e promove minirreforma administrativa"},"content":{"rendered":"\n<div class=\"wp-block-image\"><figure class=\"aligncenter\"><img decoding=\"async\" src=\"https:\/\/www.blogsoestado.com\/danielmatos\/files\/2019\/04\/adriano-gastos-1024x683.jpg\" alt=\"\" class=\"wp-image-61621\"\/><figcaption>Adriano votou contra a MP n\u00ba 291 e ainda prometeu oficializar ao Minist\u00e9rio P\u00fablico e ao Tribunal de Contas do Estado todas as informa\u00e7\u00f5es sobre o caso <\/figcaption><\/figure><\/div>\n\n\n\n<p>O deputado estadual Adriano Sarney (PV) revela que o governo comunista afronta a Lei de Responsabilidade Fiscal (LRF) editando a Medida Provis\u00f3ria n\u00ba 291\/2019, que promove uma minirreforma administrativa, reorganiza \u00f3rg\u00e3os, extingue a Comiss\u00e3o Central Permanente de Licita\u00e7\u00e3o (CCPL), recria secretarias estaduais e, consequentemente, cria cargos. Adriano informou que, segundo relat\u00f3rio da Secretaria de Planejamento (Seplan), referente ao 3\u00ba quadrimestre de 2018, foi excedido o limite prudencial de despesa com pessoal, que \u00e9 fixado pela LRF em 46,55% das receitas, mas chegou a 46,83% na gest\u00e3o comunista. \u201cEsta situa\u00e7\u00e3o compromete, por exemplo, a contrata\u00e7\u00e3o de servidores, como os mais de 1.800 concursados da Pol\u00edcia Militar que protestaram em frente ao Pal\u00e1cio dos Le\u00f5es nos \u00faltimos dias\u201d, alertou Adriano.<\/p>\n\n\n\n<p>Adriano ressaltou que, conforme o Artigo n\u00ba 22 da LRF, \u00e9 vetada a concess\u00e3o de vantagem, aumento, reajuste ou readequa\u00e7\u00e3o de remunera\u00e7\u00e3o de qualquer tipo; tamb\u00e9m a dire\u00e7\u00e3o de cargo, emprego ou fun\u00e7\u00e3o. \u201cE \u00e9 isso que a MP N\u00ba 291 est\u00e1 fazendo, criando cargos, ou seja, o governador Fl\u00e1vio Dino desrespeita a LRF e a Assembleia Legislativa chancela a imprud\u00eancia, a irresponsabilidade do governo. Eu n\u00e3o vou fazer parte disto\u201d, declarou Adriano, que votou contra a MP n\u00ba 291 e ainda prometeu oficializar ao Minist\u00e9rio P\u00fablico e ao Tribunal de Contas do Estado todas as informa\u00e7\u00f5es sobre o caso.<\/p>\n\n\n\n<figure class=\"wp-block-image\"><img decoding=\"async\" src=\"https:\/\/www.blogsoestado.com\/danielmatos\/files\/2019\/04\/adriano-gastos2.jpg\" alt=\"\" class=\"wp-image-61622\"\/><figcaption>Texto da Medida Provis\u00f3ria, que cria cargos e onera mais ainda o Estado<\/figcaption><\/figure>\n\n\n\n<p>\u201cA respeito da MP n\u00ba 291\/2019, o governo Fl\u00e1vio Dino (PCdoB) est\u00e1, em resumo, promovendo o incha\u00e7o da m\u00e1quina p\u00fablica, provavelmente para abrigar aliados pol\u00edticos e acabar de vez com a transpar\u00eancia. Vejam s\u00f3: em uma s\u00f3 medida o governo reorganiza a estrutura da Empresa Maranhense de Administra\u00e7\u00e3o de Recursos Humanos e Neg\u00f3cios P\u00fablicos (EMARHP), extingue a Comiss\u00e3o Central Permanente de Licita\u00e7\u00e3o (CCPL), recria a Secretaria de Estado do Turismo, transforma a Secretaria Extraordin\u00e1ria de Programas Especiais em Secretaria de Estado de Programas Estrat\u00e9gicos\u201d, relatou Adriano.<\/p>\n\n\n\n<p><strong>Clique <a href=\"https:\/\/www.youtube.com\/watch?v=0xaYJlti3jg\">aqui<\/a> e assista ao pronunciamento do deputado Adriano.<\/strong><\/p>\n\n\n\n<p>Clique <a href=\"http:\/\/www.seplan.ma.gov.br\/files\/2013\/02\/RGF-3QDM-2018-2.pdf\">aqui<\/a>  e confira o relat\u00f3rio de gest\u00e3o produzido pela Seplan.<\/p>\n\n\n\n<p>Clique <a href=\"http:\/\/www.al.ma.leg.br\/diarios\/arquivos\/DIARIO048-02-04-2019.pdf\">aqui<\/a> e confira a mensagem publicada no Di\u00e1rio da Assembleia.<\/p>\n","protected":false},"excerpt":{"rendered":"<p>O deputado estadual Adriano Sarney (PV) revela que o governo comunista afronta a Lei de Responsabilidade Fiscal (LRF) editando a [&hellip;]<\/p>\n","protected":false},"author":0,"featured_media":0,"comment_status":"open","ping_status":"open","sticky":false,"template":"","format":"standard","meta":{"site-sidebar-layout":"default","site-content-layout":"","ast-site-content-layout":"default","site-content-style":"default","site-sidebar-style":"default","ast-global-header-display":"","ast-banner-title-visibility":"","ast-main-header-display":"","ast-hfb-above-header-display":"","ast-hfb-below-header-display":"","ast-hfb-mobile-header-display":"","site-post-title":"","ast-breadcrumbs-content":"","ast-featured-img":"","footer-sml-layout":"","ast-disable-related-posts":"","theme-transparent-header-meta":"","adv-header-id-meta":"","stick-header-meta":"","header-above-stick-meta":"","header-main-stick-meta":"","header-below-stick-meta":"","astra-migrate-meta-layouts":"default","ast-page-background-enabled":"default","ast-page-background-meta":{"desktop":{"background-color":"var(--ast-global-color-5)","background-image":"","background-repeat":"repeat","background-position":"center center","background-size":"auto","background-attachment":"scroll","background-type":"","background-media":"","overlay-type":"","overlay-color":"","overlay-opacity":"","overlay-gradient":""},"tablet":{"background-color":"","background-image":"","background-repeat":"repeat","background-position":"center center","background-size":"auto","background-attachment":"scroll","background-type":"","background-media":"","overlay-type":"","overlay-color":"","overlay-opacity":"","overlay-gradient":""},"mobile":{"background-color":"","background-image":"","background-repeat":"repeat","background-position":"center center","background-size":"auto","background-attachment":"scroll","background-type":"","background-media":"","overlay-type":"","overlay-color":"","overlay-opacity":"","overlay-gradient":""}},"ast-content-background-meta":{"desktop":{"background-color":"var(--ast-global-color-4)","background-image":"","background-repeat":"repeat","background-position":"center center","background-size":"auto","background-attachment":"scroll","background-type":"","background-media":"","overlay-type":"","overlay-color":"","overlay-opacity":"","overlay-gradient":""},"tablet":{"background-color":"var(--ast-global-color-4)","background-image":"","background-repeat":"repeat","background-position":"center center","background-size":"auto","background-attachment":"scroll","background-type":"","background-media":"","overlay-type":"","overlay-color":"","overlay-opacity":"","overlay-gradient":""},"mobile":{"background-color":"var(--ast-global-color-4)","background-image":"","background-repeat":"repeat","background-position":"center center","background-size":"auto","background-attachment":"scroll","background-type":"","background-media":"","overlay-type":"","overlay-color":"","overlay-opacity":"","overlay-gradient":""}},"footnotes":""},"categories":[1],"tags":[],"class_list":["post-61620","post","type-post","status-publish","format-standard","hentry","category-sem-categoria"],"yoast_head":"<!-- This site is optimized with the Yoast SEO plugin v26.6 - https:\/\/yoast.com\/wordpress\/plugins\/seo\/ -->\n<title>Governo estoura limite de gastos e promove minirreforma administrativa - Daniel Matos<\/title>\n<meta name=\"robots\" content=\"index, follow, max-snippet:-1, max-image-preview:large, max-video-preview:-1\" \/>\n<link rel=\"canonical\" href=\"https:\/\/www.blogsoestado.com\/danielmatos\/governo-estoura-limite-de-gastos-e-promove-minirreforma-administrativa\/\" \/>\n<meta property=\"og:locale\" content=\"pt_BR\" \/>\n<meta property=\"og:type\" content=\"article\" \/>\n<meta property=\"og:title\" content=\"Governo estoura limite de gastos e promove minirreforma administrativa - Daniel Matos\" \/>\n<meta property=\"og:description\" content=\"O deputado estadual Adriano Sarney (PV) revela que o governo comunista afronta a Lei de Responsabilidade Fiscal (LRF) editando a [&hellip;]\" \/>\n<meta property=\"og:url\" content=\"https:\/\/www.blogsoestado.com\/danielmatos\/governo-estoura-limite-de-gastos-e-promove-minirreforma-administrativa\/\" \/>\n<meta property=\"og:site_name\" content=\"Daniel Matos\" \/>\n<meta property=\"article:published_time\" content=\"2019-04-02T20:57:16+00:00\" \/>\n<meta property=\"og:image\" content=\"https:\/\/www.blogsoestado.com\/danielmatos\/files\/2019\/04\/adriano-gastos-1024x683.jpg\" \/>\n<meta name=\"twitter:card\" content=\"summary_large_image\" \/>\n<meta name=\"twitter:label1\" content=\"Est. tempo de leitura\" \/>\n\t<meta name=\"twitter:data1\" content=\"2 minutos\" \/>\n<script type=\"application\/ld+json\" class=\"yoast-schema-graph\">{\"@context\":\"https:\/\/schema.org\",\"@graph\":[{\"@type\":\"WebPage\",\"@id\":\"https:\/\/www.blogsoestado.com\/danielmatos\/governo-estoura-limite-de-gastos-e-promove-minirreforma-administrativa\/\",\"url\":\"https:\/\/www.blogsoestado.com\/danielmatos\/governo-estoura-limite-de-gastos-e-promove-minirreforma-administrativa\/\",\"name\":\"Governo estoura limite de gastos e promove minirreforma administrativa - Daniel Matos\",\"isPartOf\":{\"@id\":\"https:\/\/www.blogsoestado.com\/danielmatos\/#website\"},\"primaryImageOfPage\":{\"@id\":\"https:\/\/www.blogsoestado.com\/danielmatos\/governo-estoura-limite-de-gastos-e-promove-minirreforma-administrativa\/#primaryimage\"},\"image\":{\"@id\":\"https:\/\/www.blogsoestado.com\/danielmatos\/governo-estoura-limite-de-gastos-e-promove-minirreforma-administrativa\/#primaryimage\"},\"thumbnailUrl\":\"https:\/\/www.blogsoestado.com\/danielmatos\/files\/2019\/04\/adriano-gastos-1024x683.jpg\",\"datePublished\":\"2019-04-02T20:57:16+00:00\",\"author\":{\"@id\":\"\"},\"breadcrumb\":{\"@id\":\"https:\/\/www.blogsoestado.com\/danielmatos\/governo-estoura-limite-de-gastos-e-promove-minirreforma-administrativa\/#breadcrumb\"},\"inLanguage\":\"pt-BR\",\"potentialAction\":[{\"@type\":\"ReadAction\",\"target\":[\"https:\/\/www.blogsoestado.com\/danielmatos\/governo-estoura-limite-de-gastos-e-promove-minirreforma-administrativa\/\"]}]},{\"@type\":\"ImageObject\",\"inLanguage\":\"pt-BR\",\"@id\":\"https:\/\/www.blogsoestado.com\/danielmatos\/governo-estoura-limite-de-gastos-e-promove-minirreforma-administrativa\/#primaryimage\",\"url\":\"https:\/\/www.blogsoestado.com\/danielmatos\/files\/2019\/04\/adriano-gastos-1024x683.jpg\",\"contentUrl\":\"https:\/\/www.blogsoestado.com\/danielmatos\/files\/2019\/04\/adriano-gastos-1024x683.jpg\"},{\"@type\":\"BreadcrumbList\",\"@id\":\"https:\/\/www.blogsoestado.com\/danielmatos\/governo-estoura-limite-de-gastos-e-promove-minirreforma-administrativa\/#breadcrumb\",\"itemListElement\":[{\"@type\":\"ListItem\",\"position\":1,\"name\":\"In\u00edcio\",\"item\":\"https:\/\/www.blogsoestado.com\/danielmatos\/\"},{\"@type\":\"ListItem\",\"position\":2,\"name\":\"Governo estoura limite de gastos e promove minirreforma administrativa\"}]},{\"@type\":\"WebSite\",\"@id\":\"https:\/\/www.blogsoestado.com\/danielmatos\/#website\",\"url\":\"https:\/\/www.blogsoestado.com\/danielmatos\/\",\"name\":\"Daniel Matos\",\"description\":\"\",\"potentialAction\":[{\"@type\":\"SearchAction\",\"target\":{\"@type\":\"EntryPoint\",\"urlTemplate\":\"https:\/\/www.blogsoestado.com\/danielmatos\/?s={search_term_string}\"},\"query-input\":{\"@type\":\"PropertyValueSpecification\",\"valueRequired\":true,\"valueName\":\"search_term_string\"}}],\"inLanguage\":\"pt-BR\"}]}<\/script>\n<!-- \/ Yoast SEO plugin. -->","yoast_head_json":{"title":"Governo estoura limite de gastos e promove minirreforma administrativa - Daniel Matos","robots":{"index":"index","follow":"follow","max-snippet":"max-snippet:-1","max-image-preview":"max-image-preview:large","max-video-preview":"max-video-preview:-1"},"canonical":"https:\/\/www.blogsoestado.com\/danielmatos\/governo-estoura-limite-de-gastos-e-promove-minirreforma-administrativa\/","og_locale":"pt_BR","og_type":"article","og_title":"Governo estoura limite de gastos e promove minirreforma administrativa - Daniel Matos","og_description":"O deputado estadual Adriano Sarney (PV) revela que o governo comunista afronta a Lei de Responsabilidade Fiscal (LRF) editando a [&hellip;]","og_url":"https:\/\/www.blogsoestado.com\/danielmatos\/governo-estoura-limite-de-gastos-e-promove-minirreforma-administrativa\/","og_site_name":"Daniel Matos","article_published_time":"2019-04-02T20:57:16+00:00","og_image":[{"url":"https:\/\/www.blogsoestado.com\/danielmatos\/files\/2019\/04\/adriano-gastos-1024x683.jpg","type":"","width":"","height":""}],"twitter_card":"summary_large_image","twitter_misc":{"Est. tempo de leitura":"2 minutos"},"schema":{"@context":"https:\/\/schema.org","@graph":[{"@type":"WebPage","@id":"https:\/\/www.blogsoestado.com\/danielmatos\/governo-estoura-limite-de-gastos-e-promove-minirreforma-administrativa\/","url":"https:\/\/www.blogsoestado.com\/danielmatos\/governo-estoura-limite-de-gastos-e-promove-minirreforma-administrativa\/","name":"Governo estoura limite de gastos e promove minirreforma administrativa - Daniel Matos","isPartOf":{"@id":"https:\/\/www.blogsoestado.com\/danielmatos\/#website"},"primaryImageOfPage":{"@id":"https:\/\/www.blogsoestado.com\/danielmatos\/governo-estoura-limite-de-gastos-e-promove-minirreforma-administrativa\/#primaryimage"},"image":{"@id":"https:\/\/www.blogsoestado.com\/danielmatos\/governo-estoura-limite-de-gastos-e-promove-minirreforma-administrativa\/#primaryimage"},"thumbnailUrl":"https:\/\/www.blogsoestado.com\/danielmatos\/files\/2019\/04\/adriano-gastos-1024x683.jpg","datePublished":"2019-04-02T20:57:16+00:00","author":{"@id":""},"breadcrumb":{"@id":"https:\/\/www.blogsoestado.com\/danielmatos\/governo-estoura-limite-de-gastos-e-promove-minirreforma-administrativa\/#breadcrumb"},"inLanguage":"pt-BR","potentialAction":[{"@type":"ReadAction","target":["https:\/\/www.blogsoestado.com\/danielmatos\/governo-estoura-limite-de-gastos-e-promove-minirreforma-administrativa\/"]}]},{"@type":"ImageObject","inLanguage":"pt-BR","@id":"https:\/\/www.blogsoestado.com\/danielmatos\/governo-estoura-limite-de-gastos-e-promove-minirreforma-administrativa\/#primaryimage","url":"https:\/\/www.blogsoestado.com\/danielmatos\/files\/2019\/04\/adriano-gastos-1024x683.jpg","contentUrl":"https:\/\/www.blogsoestado.com\/danielmatos\/files\/2019\/04\/adriano-gastos-1024x683.jpg"},{"@type":"BreadcrumbList","@id":"https:\/\/www.blogsoestado.com\/danielmatos\/governo-estoura-limite-de-gastos-e-promove-minirreforma-administrativa\/#breadcrumb","itemListElement":[{"@type":"ListItem","position":1,"name":"In\u00edcio","item":"https:\/\/www.blogsoestado.com\/danielmatos\/"},{"@type":"ListItem","position":2,"name":"Governo estoura limite de gastos e promove minirreforma administrativa"}]},{"@type":"WebSite","@id":"https:\/\/www.blogsoestado.com\/danielmatos\/#website","url":"https:\/\/www.blogsoestado.com\/danielmatos\/","name":"Daniel Matos","description":"","potentialAction":[{"@type":"SearchAction","target":{"@type":"EntryPoint","urlTemplate":"https:\/\/www.blogsoestado.com\/danielmatos\/?s={search_term_string}"},"query-input":{"@type":"PropertyValueSpecification","valueRequired":true,"valueName":"search_term_string"}}],"inLanguage":"pt-BR"}]}},"jetpack_featured_media_url":"","_links":{"self":[{"href":"https:\/\/www.blogsoestado.com\/danielmatos\/wp-json\/wp\/v2\/posts\/61620","targetHints":{"allow":["GET"]}}],"collection":[{"href":"https:\/\/www.blogsoestado.com\/danielmatos\/wp-json\/wp\/v2\/posts"}],"about":[{"href":"https:\/\/www.blogsoestado.com\/danielmatos\/wp-json\/wp\/v2\/types\/post"}],"replies":[{"embeddable":true,"href":"https:\/\/www.blogsoestado.com\/danielmatos\/wp-json\/wp\/v2\/comments?post=61620"}],"version-history":[{"count":0,"href":"https:\/\/www.blogsoestado.com\/danielmatos\/wp-json\/wp\/v2\/posts\/61620\/revisions"}],"wp:attachment":[{"href":"https:\/\/www.blogsoestado.com\/danielmatos\/wp-json\/wp\/v2\/media?parent=61620"}],"wp:term":[{"taxonomy":"category","embeddable":true,"href":"https:\/\/www.blogsoestado.com\/danielmatos\/wp-json\/wp\/v2\/categories?post=61620"},{"taxonomy":"post_tag","embeddable":true,"href":"https:\/\/www.blogsoestado.com\/danielmatos\/wp-json\/wp\/v2\/tags?post=61620"}],"curies":[{"name":"wp","href":"https:\/\/api.w.org\/{rel}","templated":true}]}}