{"id":61650,"date":"2019-04-03T13:24:49","date_gmt":"2019-04-03T16:24:49","guid":{"rendered":"https:\/\/www.blogsoestado.com\/danielmatos\/?p=61650"},"modified":"2019-04-03T13:24:49","modified_gmt":"2019-04-03T16:24:49","slug":"peritoro-vereador-clemilson-viana-e-indicado-pelo-4o-bienio-consecutivo-lider-da-oposicao-na-camara-municipal","status":"publish","type":"post","link":"https:\/\/www.blogsoestado.com\/danielmatos\/peritoro-vereador-clemilson-viana-e-indicado-pelo-4o-bienio-consecutivo-lider-da-oposicao-na-camara-municipal\/","title":{"rendered":"Peritor\u00f3: vereador Clemilson Viana \u00e9 indicado pelo 4\u00ba bi\u00eanio consecutivo l\u00edder da oposi\u00e7\u00e3o na C\u00e2mara Municipal"},"content":{"rendered":"\n<div class=\"wp-block-image\"><figure class=\"aligncenter\"><img decoding=\"async\" src=\"https:\/\/www.blogsoestado.com\/danielmatos\/files\/2019\/04\/clemilson-viana.jpg\" alt=\"\" class=\"wp-image-61652\"\/><figcaption>Clemilson Viana  exerce forte lideran\u00e7a na C\u00e2mara e no meio sindical, em Peritor\u00f3<\/figcaption><\/figure><\/div>\n\n\n\n<p>O professor Clemilson Viana foi eleito vereador pela primeira vez em 2012 e consagrado l\u00edder da oposi\u00e7\u00e3o na C\u00e2mara Municipal em todo seu primeiro mandato. Foi reeleito vereador em 2016 e novamente foi escolhido l\u00edder da oposi\u00e7\u00e3o para o bi\u00eanio 2017\/2018, <\/p>\n\n\n\n<p>A trajet\u00f3ria pol\u00edtica notadamente reconhecida de Clemilson Viana no parlamento municipal possibilitou, mais uma vez, sua indica\u00e7\u00e3o, pelos vereadores oposicionistas, para liderar o bloco no bi\u00eanio 2019\/2020.<\/p>\n\n\n\n<p>O vereador Clemilson Viana tem dedicado seu mandato \u00e0 defesa dos servidores p\u00fablicos municipais e de toda a sociedade peritoroense. \u00c9 reconhecido como um parlamentar com ideologia pol\u00edtica pr\u00f3pria, tido como corajoso, de atitude, com forte lideran\u00e7a nos movimentos sociais no munic\u00edpio na defesa de sua bandeira trabalhista. Tamb\u00e9m \u00e9 conhecido como vereador da press\u00e3o, que enfrenta o Poder Executivo municipal defendendo as causas sociais e os interesses do povo. <\/p>\n\n\n\n<figure class=\"wp-block-image\"><img decoding=\"async\" src=\"https:\/\/www.blogsoestado.com\/danielmatos\/files\/2019\/04\/lider-da-oposi\u00e7\u00e3o.jpg\" alt=\"\" class=\"wp-image-61653\"\/><figcaption>Of\u00edcio com indica\u00e7\u00e3o do nome de Clemilson Viana para mais uma vez liderar a oposi\u00e7\u00e3o<\/figcaption><\/figure>\n\n\n\n<p>L\u00edder sindical, Clemilson Viana est\u00e1 \u00e0 frente da categoria dos servidores p\u00fablicos municipais de Peritor\u00f3 desde 2009. E foi reeleito presidente do Sindicato dos Servidores P\u00fablicos de Peritor\u00f3 (SINDSERPE) para mais um mandato de quatro anos, de julho de 2018 a julho de 2022.<\/p>\n","protected":false},"excerpt":{"rendered":"<p>O professor Clemilson Viana foi eleito vereador pela primeira vez em 2012 e consagrado l\u00edder da oposi\u00e7\u00e3o na C\u00e2mara Municipal [&hellip;]<\/p>\n","protected":false},"author":0,"featured_media":0,"comment_status":"open","ping_status":"open","sticky":false,"template":"","format":"standard","meta":{"site-sidebar-layout":"default","site-content-layout":"","ast-site-content-layout":"default","site-content-style":"default","site-sidebar-style":"default","ast-global-header-display":"","ast-banner-title-visibility":"","ast-main-header-display":"","ast-hfb-above-header-display":"","ast-hfb-below-header-display":"","ast-hfb-mobile-header-display":"","site-post-title":"","ast-breadcrumbs-content":"","ast-featured-img":"","footer-sml-layout":"","ast-disable-related-posts":"","theme-transparent-header-meta":"","adv-header-id-meta":"","stick-header-meta":"","header-above-stick-meta":"","header-main-stick-meta":"","header-below-stick-meta":"","astra-migrate-meta-layouts":"default","ast-page-background-enabled":"default","ast-page-background-meta":{"desktop":{"background-color":"var(--ast-global-color-5)","background-image":"","background-repeat":"repeat","background-position":"center center","background-size":"auto","background-attachment":"scroll","background-type":"","background-media":"","overlay-type":"","overlay-color":"","overlay-opacity":"","overlay-gradient":""},"tablet":{"background-color":"","background-image":"","background-repeat":"repeat","background-position":"center center","background-size":"auto","background-attachment":"scroll","background-type":"","background-media":"","overlay-type":"","overlay-color":"","overlay-opacity":"","overlay-gradient":""},"mobile":{"background-color":"","background-image":"","background-repeat":"repeat","background-position":"center center","background-size":"auto","background-attachment":"scroll","background-type":"","background-media":"","overlay-type":"","overlay-color":"","overlay-opacity":"","overlay-gradient":""}},"ast-content-background-meta":{"desktop":{"background-color":"var(--ast-global-color-4)","background-image":"","background-repeat":"repeat","background-position":"center center","background-size":"auto","background-attachment":"scroll","background-type":"","background-media":"","overlay-type":"","overlay-color":"","overlay-opacity":"","overlay-gradient":""},"tablet":{"background-color":"var(--ast-global-color-4)","background-image":"","background-repeat":"repeat","background-position":"center center","background-size":"auto","background-attachment":"scroll","background-type":"","background-media":"","overlay-type":"","overlay-color":"","overlay-opacity":"","overlay-gradient":""},"mobile":{"background-color":"var(--ast-global-color-4)","background-image":"","background-repeat":"repeat","background-position":"center center","background-size":"auto","background-attachment":"scroll","background-type":"","background-media":"","overlay-type":"","overlay-color":"","overlay-opacity":"","overlay-gradient":""}},"footnotes":""},"categories":[1],"tags":[],"class_list":["post-61650","post","type-post","status-publish","format-standard","hentry","category-sem-categoria"],"yoast_head":"<!-- This site is optimized with the Yoast SEO plugin v26.6 - https:\/\/yoast.com\/wordpress\/plugins\/seo\/ -->\n<title>Peritor\u00f3: vereador Clemilson Viana \u00e9 indicado pelo 4\u00ba bi\u00eanio consecutivo l\u00edder da oposi\u00e7\u00e3o na C\u00e2mara Municipal - Daniel Matos<\/title>\n<meta name=\"robots\" content=\"index, follow, max-snippet:-1, max-image-preview:large, max-video-preview:-1\" \/>\n<link rel=\"canonical\" href=\"https:\/\/www.blogsoestado.com\/danielmatos\/peritoro-vereador-clemilson-viana-e-indicado-pelo-4o-bienio-consecutivo-lider-da-oposicao-na-camara-municipal\/\" \/>\n<meta property=\"og:locale\" content=\"pt_BR\" \/>\n<meta property=\"og:type\" content=\"article\" \/>\n<meta property=\"og:title\" content=\"Peritor\u00f3: vereador Clemilson Viana \u00e9 indicado pelo 4\u00ba bi\u00eanio consecutivo l\u00edder da oposi\u00e7\u00e3o na C\u00e2mara Municipal - Daniel Matos\" \/>\n<meta property=\"og:description\" content=\"O professor Clemilson Viana foi eleito vereador pela primeira vez em 2012 e consagrado l\u00edder da oposi\u00e7\u00e3o na C\u00e2mara Municipal [&hellip;]\" \/>\n<meta property=\"og:url\" content=\"https:\/\/www.blogsoestado.com\/danielmatos\/peritoro-vereador-clemilson-viana-e-indicado-pelo-4o-bienio-consecutivo-lider-da-oposicao-na-camara-municipal\/\" \/>\n<meta property=\"og:site_name\" content=\"Daniel Matos\" \/>\n<meta property=\"article:published_time\" content=\"2019-04-03T16:24:49+00:00\" \/>\n<meta property=\"og:image\" content=\"https:\/\/www.blogsoestado.com\/danielmatos\/files\/2019\/04\/clemilson-viana.jpg\" \/>\n<meta name=\"twitter:card\" content=\"summary_large_image\" \/>\n<meta name=\"twitter:label1\" content=\"Est. tempo de leitura\" \/>\n\t<meta name=\"twitter:data1\" content=\"1 minuto\" \/>\n<script type=\"application\/ld+json\" class=\"yoast-schema-graph\">{\"@context\":\"https:\/\/schema.org\",\"@graph\":[{\"@type\":\"WebPage\",\"@id\":\"https:\/\/www.blogsoestado.com\/danielmatos\/peritoro-vereador-clemilson-viana-e-indicado-pelo-4o-bienio-consecutivo-lider-da-oposicao-na-camara-municipal\/\",\"url\":\"https:\/\/www.blogsoestado.com\/danielmatos\/peritoro-vereador-clemilson-viana-e-indicado-pelo-4o-bienio-consecutivo-lider-da-oposicao-na-camara-municipal\/\",\"name\":\"Peritor\u00f3: vereador Clemilson Viana \u00e9 indicado pelo 4\u00ba bi\u00eanio consecutivo l\u00edder da oposi\u00e7\u00e3o na C\u00e2mara Municipal - Daniel Matos\",\"isPartOf\":{\"@id\":\"https:\/\/www.blogsoestado.com\/danielmatos\/#website\"},\"primaryImageOfPage\":{\"@id\":\"https:\/\/www.blogsoestado.com\/danielmatos\/peritoro-vereador-clemilson-viana-e-indicado-pelo-4o-bienio-consecutivo-lider-da-oposicao-na-camara-municipal\/#primaryimage\"},\"image\":{\"@id\":\"https:\/\/www.blogsoestado.com\/danielmatos\/peritoro-vereador-clemilson-viana-e-indicado-pelo-4o-bienio-consecutivo-lider-da-oposicao-na-camara-municipal\/#primaryimage\"},\"thumbnailUrl\":\"https:\/\/www.blogsoestado.com\/danielmatos\/files\/2019\/04\/clemilson-viana.jpg\",\"datePublished\":\"2019-04-03T16:24:49+00:00\",\"author\":{\"@id\":\"\"},\"breadcrumb\":{\"@id\":\"https:\/\/www.blogsoestado.com\/danielmatos\/peritoro-vereador-clemilson-viana-e-indicado-pelo-4o-bienio-consecutivo-lider-da-oposicao-na-camara-municipal\/#breadcrumb\"},\"inLanguage\":\"pt-BR\",\"potentialAction\":[{\"@type\":\"ReadAction\",\"target\":[\"https:\/\/www.blogsoestado.com\/danielmatos\/peritoro-vereador-clemilson-viana-e-indicado-pelo-4o-bienio-consecutivo-lider-da-oposicao-na-camara-municipal\/\"]}]},{\"@type\":\"ImageObject\",\"inLanguage\":\"pt-BR\",\"@id\":\"https:\/\/www.blogsoestado.com\/danielmatos\/peritoro-vereador-clemilson-viana-e-indicado-pelo-4o-bienio-consecutivo-lider-da-oposicao-na-camara-municipal\/#primaryimage\",\"url\":\"https:\/\/www.blogsoestado.com\/danielmatos\/files\/2019\/04\/clemilson-viana.jpg\",\"contentUrl\":\"https:\/\/www.blogsoestado.com\/danielmatos\/files\/2019\/04\/clemilson-viana.jpg\"},{\"@type\":\"BreadcrumbList\",\"@id\":\"https:\/\/www.blogsoestado.com\/danielmatos\/peritoro-vereador-clemilson-viana-e-indicado-pelo-4o-bienio-consecutivo-lider-da-oposicao-na-camara-municipal\/#breadcrumb\",\"itemListElement\":[{\"@type\":\"ListItem\",\"position\":1,\"name\":\"In\u00edcio\",\"item\":\"https:\/\/www.blogsoestado.com\/danielmatos\/\"},{\"@type\":\"ListItem\",\"position\":2,\"name\":\"Peritor\u00f3: vereador Clemilson Viana \u00e9 indicado pelo 4\u00ba bi\u00eanio consecutivo l\u00edder da oposi\u00e7\u00e3o na C\u00e2mara Municipal\"}]},{\"@type\":\"WebSite\",\"@id\":\"https:\/\/www.blogsoestado.com\/danielmatos\/#website\",\"url\":\"https:\/\/www.blogsoestado.com\/danielmatos\/\",\"name\":\"Daniel Matos\",\"description\":\"\",\"potentialAction\":[{\"@type\":\"SearchAction\",\"target\":{\"@type\":\"EntryPoint\",\"urlTemplate\":\"https:\/\/www.blogsoestado.com\/danielmatos\/?s={search_term_string}\"},\"query-input\":{\"@type\":\"PropertyValueSpecification\",\"valueRequired\":true,\"valueName\":\"search_term_string\"}}],\"inLanguage\":\"pt-BR\"}]}<\/script>\n<!-- \/ Yoast SEO plugin. -->","yoast_head_json":{"title":"Peritor\u00f3: vereador Clemilson Viana \u00e9 indicado pelo 4\u00ba bi\u00eanio consecutivo l\u00edder da oposi\u00e7\u00e3o na C\u00e2mara Municipal - Daniel Matos","robots":{"index":"index","follow":"follow","max-snippet":"max-snippet:-1","max-image-preview":"max-image-preview:large","max-video-preview":"max-video-preview:-1"},"canonical":"https:\/\/www.blogsoestado.com\/danielmatos\/peritoro-vereador-clemilson-viana-e-indicado-pelo-4o-bienio-consecutivo-lider-da-oposicao-na-camara-municipal\/","og_locale":"pt_BR","og_type":"article","og_title":"Peritor\u00f3: vereador Clemilson Viana \u00e9 indicado pelo 4\u00ba bi\u00eanio consecutivo l\u00edder da oposi\u00e7\u00e3o na C\u00e2mara Municipal - Daniel Matos","og_description":"O professor Clemilson Viana foi eleito vereador pela primeira vez em 2012 e consagrado l\u00edder da oposi\u00e7\u00e3o na C\u00e2mara Municipal [&hellip;]","og_url":"https:\/\/www.blogsoestado.com\/danielmatos\/peritoro-vereador-clemilson-viana-e-indicado-pelo-4o-bienio-consecutivo-lider-da-oposicao-na-camara-municipal\/","og_site_name":"Daniel Matos","article_published_time":"2019-04-03T16:24:49+00:00","og_image":[{"url":"https:\/\/www.blogsoestado.com\/danielmatos\/files\/2019\/04\/clemilson-viana.jpg","type":"","width":"","height":""}],"twitter_card":"summary_large_image","twitter_misc":{"Est. tempo de leitura":"1 minuto"},"schema":{"@context":"https:\/\/schema.org","@graph":[{"@type":"WebPage","@id":"https:\/\/www.blogsoestado.com\/danielmatos\/peritoro-vereador-clemilson-viana-e-indicado-pelo-4o-bienio-consecutivo-lider-da-oposicao-na-camara-municipal\/","url":"https:\/\/www.blogsoestado.com\/danielmatos\/peritoro-vereador-clemilson-viana-e-indicado-pelo-4o-bienio-consecutivo-lider-da-oposicao-na-camara-municipal\/","name":"Peritor\u00f3: vereador Clemilson Viana \u00e9 indicado pelo 4\u00ba bi\u00eanio consecutivo l\u00edder da oposi\u00e7\u00e3o na C\u00e2mara Municipal - Daniel Matos","isPartOf":{"@id":"https:\/\/www.blogsoestado.com\/danielmatos\/#website"},"primaryImageOfPage":{"@id":"https:\/\/www.blogsoestado.com\/danielmatos\/peritoro-vereador-clemilson-viana-e-indicado-pelo-4o-bienio-consecutivo-lider-da-oposicao-na-camara-municipal\/#primaryimage"},"image":{"@id":"https:\/\/www.blogsoestado.com\/danielmatos\/peritoro-vereador-clemilson-viana-e-indicado-pelo-4o-bienio-consecutivo-lider-da-oposicao-na-camara-municipal\/#primaryimage"},"thumbnailUrl":"https:\/\/www.blogsoestado.com\/danielmatos\/files\/2019\/04\/clemilson-viana.jpg","datePublished":"2019-04-03T16:24:49+00:00","author":{"@id":""},"breadcrumb":{"@id":"https:\/\/www.blogsoestado.com\/danielmatos\/peritoro-vereador-clemilson-viana-e-indicado-pelo-4o-bienio-consecutivo-lider-da-oposicao-na-camara-municipal\/#breadcrumb"},"inLanguage":"pt-BR","potentialAction":[{"@type":"ReadAction","target":["https:\/\/www.blogsoestado.com\/danielmatos\/peritoro-vereador-clemilson-viana-e-indicado-pelo-4o-bienio-consecutivo-lider-da-oposicao-na-camara-municipal\/"]}]},{"@type":"ImageObject","inLanguage":"pt-BR","@id":"https:\/\/www.blogsoestado.com\/danielmatos\/peritoro-vereador-clemilson-viana-e-indicado-pelo-4o-bienio-consecutivo-lider-da-oposicao-na-camara-municipal\/#primaryimage","url":"https:\/\/www.blogsoestado.com\/danielmatos\/files\/2019\/04\/clemilson-viana.jpg","contentUrl":"https:\/\/www.blogsoestado.com\/danielmatos\/files\/2019\/04\/clemilson-viana.jpg"},{"@type":"BreadcrumbList","@id":"https:\/\/www.blogsoestado.com\/danielmatos\/peritoro-vereador-clemilson-viana-e-indicado-pelo-4o-bienio-consecutivo-lider-da-oposicao-na-camara-municipal\/#breadcrumb","itemListElement":[{"@type":"ListItem","position":1,"name":"In\u00edcio","item":"https:\/\/www.blogsoestado.com\/danielmatos\/"},{"@type":"ListItem","position":2,"name":"Peritor\u00f3: vereador Clemilson Viana \u00e9 indicado pelo 4\u00ba bi\u00eanio consecutivo l\u00edder da oposi\u00e7\u00e3o na C\u00e2mara Municipal"}]},{"@type":"WebSite","@id":"https:\/\/www.blogsoestado.com\/danielmatos\/#website","url":"https:\/\/www.blogsoestado.com\/danielmatos\/","name":"Daniel Matos","description":"","potentialAction":[{"@type":"SearchAction","target":{"@type":"EntryPoint","urlTemplate":"https:\/\/www.blogsoestado.com\/danielmatos\/?s={search_term_string}"},"query-input":{"@type":"PropertyValueSpecification","valueRequired":true,"valueName":"search_term_string"}}],"inLanguage":"pt-BR"}]}},"jetpack_featured_media_url":"","_links":{"self":[{"href":"https:\/\/www.blogsoestado.com\/danielmatos\/wp-json\/wp\/v2\/posts\/61650","targetHints":{"allow":["GET"]}}],"collection":[{"href":"https:\/\/www.blogsoestado.com\/danielmatos\/wp-json\/wp\/v2\/posts"}],"about":[{"href":"https:\/\/www.blogsoestado.com\/danielmatos\/wp-json\/wp\/v2\/types\/post"}],"replies":[{"embeddable":true,"href":"https:\/\/www.blogsoestado.com\/danielmatos\/wp-json\/wp\/v2\/comments?post=61650"}],"version-history":[{"count":0,"href":"https:\/\/www.blogsoestado.com\/danielmatos\/wp-json\/wp\/v2\/posts\/61650\/revisions"}],"wp:attachment":[{"href":"https:\/\/www.blogsoestado.com\/danielmatos\/wp-json\/wp\/v2\/media?parent=61650"}],"wp:term":[{"taxonomy":"category","embeddable":true,"href":"https:\/\/www.blogsoestado.com\/danielmatos\/wp-json\/wp\/v2\/categories?post=61650"},{"taxonomy":"post_tag","embeddable":true,"href":"https:\/\/www.blogsoestado.com\/danielmatos\/wp-json\/wp\/v2\/tags?post=61650"}],"curies":[{"name":"wp","href":"https:\/\/api.w.org\/{rel}","templated":true}]}}