{"id":61657,"date":"2019-04-03T15:11:13","date_gmt":"2019-04-03T18:11:13","guid":{"rendered":"https:\/\/www.blogsoestado.com\/danielmatos\/?p=61657"},"modified":"2019-04-03T15:11:13","modified_gmt":"2019-04-03T18:11:13","slug":"camara-de-sao-luis-lanca-campanha-dos-400-anos-de-historia","status":"publish","type":"post","link":"https:\/\/www.blogsoestado.com\/danielmatos\/camara-de-sao-luis-lanca-campanha-dos-400-anos-de-historia\/","title":{"rendered":"C\u00e2mara de S\u00e3o Lu\u00eds lan\u00e7a campanha dos 400 anos de hist\u00f3ria"},"content":{"rendered":"\n<figure class=\"wp-block-image\"><img decoding=\"async\" src=\"https:\/\/www.blogsoestado.com\/danielmatos\/files\/2019\/04\/camara-400-1024x683.jpg\" alt=\"\" class=\"wp-image-61658\"\/><figcaption>Presidente Osmar Filho e demais vereadores reunidos no lan\u00e7amento da campanha do quarto centen\u00e1rio da C\u00e2mara<\/figcaption><\/figure>\n\n\n\n<p>A C\u00e2mara Municipal de S\u00e3o Lu\u00eds lan\u00e7ou na manh\u00e3 desta quarta-feira (03), no plen\u00e1rio Sim\u00e3o Est\u00e1cio da Silveira, a campanha oficial dos 400 anos do Legislativo.<\/p>\n\n\n\n<p>Para uma plateia formada por vereadores e representantes dos mais variados ve\u00edculos de comunica\u00e7\u00e3o, foram feitas as apresenta\u00e7\u00f5es das pe\u00e7as publicit\u00e1rias e projetos que ser\u00e3o executados durante a programa\u00e7\u00e3o festiva, que ser\u00e1 promovida ao longo deste ano.<\/p>\n\n\n\n<p>Tamb\u00e9m foi realizada uma encena\u00e7\u00e3o com o personagem Jo\u00e3o C\u00e2mara, \u201cvereador em\u00e9rito\u201d que tratou sobre a hist\u00f3ria do Parlamento Municipal.<\/p>\n\n\n\n<p>A 4\u00aa C\u00e2mara mais antiga do pa\u00eds divulgou uma programa\u00e7\u00e3o com diversas atividades que ser\u00e3o realizadas em alus\u00e3o \u00e0 comemora\u00e7\u00e3o aos quatro s\u00e9culos de exist\u00eancia. A Casa de Lei comemora anivers\u00e1rio no dia 09 de Dezembro.<\/p>\n\n\n\n<p><strong>Sess\u00e3o solene<\/strong><\/p>\n\n\n\n<p>Est\u00e1 prevista a realiza\u00e7\u00e3o de uma sess\u00e3o solene para homenagear personagens que fizeram parte dessa hist\u00f3ria, concurso de reda\u00e7\u00e3o, apresenta\u00e7\u00f5es culturais, implanta\u00e7\u00e3o  do Parlamento Metropolitano, C\u00e2mara Itinerante, dentre outros eventos.<\/p>\n\n\n\n<p>\u201cDurante o ano, iremos fazer diversos eventos e implanta\u00e7\u00e3o de projetos como C\u00e2mara Itinerante, Parlamento Metropolitano, e eventos de concurso de reda\u00e7\u00e3o com os alunos da rede municipal de ensino, entrega de medalhas, Sarau que est\u00e1 sendo pensado em alus\u00e3o aos 400 anos e outras atividades que ainda est\u00e3o sendo definidas\u201d, afirmou o presidente da Casa, vereador Osmar Filho (PDT).<\/p>\n\n\n\n<p>O presidente pretende marcar sua gest\u00e3o aproximando a popula\u00e7\u00e3o do parlamento.  Para isso, visa propagar o programa C\u00e2mara Itinerante, iniciativa, cujo objetivo, \u00e9 aproximar a sociedade dos vereadores, fazendo com que as pessoas sejam mais ativas em seu papel de cidad\u00e3o, promovendo tamb\u00e9m uma integra\u00e7\u00e3o entre o Poder Legislativo e a comunidade.<\/p>\n\n\n\n<p><strong>Parlamento Metropolitano<\/strong><\/p>\n\n\n\n<p>Outra meta \u00e9 integrar os Parlamentos dos munic\u00edpios que comp\u00f5em a Grande Ilha. Com o Parlamento Metropolitano, a ideia, segundo o pedetista, \u00e9 a realiza\u00e7\u00e3o de sess\u00f5es com todos os vereadores para debater os problemas comuns que afligem as popula\u00e7\u00f5es dos munic\u00edpios da regi\u00e3o metropolitana.<\/p>\n\n\n\n<p>Trajet\u00f3ria &#8211; O primeiro registro da instala\u00e7\u00e3o da C\u00e2mara Municipal de S\u00e3o Lu\u00eds  \u00e9 datada  em 1619, composto por sete vereador, um juiz, um escriv\u00e3o, um procurador do Conselho, um escriv\u00e3o das datas e demarca\u00e7\u00f5es, um almoxarife e um procurador dos \u00edndios.<\/p>\n\n\n\n<p>Atualmente, a C\u00e2mara fica localiza na Rua da Estrela, no Centro da cidade. H\u00e1 um projeto de fazer da antiga F\u00e1brica S\u00e3o Lu\u00eds a nova sede do Poder Legislativo Municipal.<\/p>\n","protected":false},"excerpt":{"rendered":"<p>A C\u00e2mara Municipal de S\u00e3o Lu\u00eds lan\u00e7ou na manh\u00e3 desta quarta-feira (03), no plen\u00e1rio Sim\u00e3o Est\u00e1cio da Silveira, a campanha [&hellip;]<\/p>\n","protected":false},"author":0,"featured_media":0,"comment_status":"open","ping_status":"open","sticky":false,"template":"","format":"standard","meta":{"site-sidebar-layout":"default","site-content-layout":"","ast-site-content-layout":"default","site-content-style":"default","site-sidebar-style":"default","ast-global-header-display":"","ast-banner-title-visibility":"","ast-main-header-display":"","ast-hfb-above-header-display":"","ast-hfb-below-header-display":"","ast-hfb-mobile-header-display":"","site-post-title":"","ast-breadcrumbs-content":"","ast-featured-img":"","footer-sml-layout":"","ast-disable-related-posts":"","theme-transparent-header-meta":"","adv-header-id-meta":"","stick-header-meta":"","header-above-stick-meta":"","header-main-stick-meta":"","header-below-stick-meta":"","astra-migrate-meta-layouts":"default","ast-page-background-enabled":"default","ast-page-background-meta":{"desktop":{"background-color":"var(--ast-global-color-5)","background-image":"","background-repeat":"repeat","background-position":"center center","background-size":"auto","background-attachment":"scroll","background-type":"","background-media":"","overlay-type":"","overlay-color":"","overlay-opacity":"","overlay-gradient":""},"tablet":{"background-color":"","background-image":"","background-repeat":"repeat","background-position":"center center","background-size":"auto","background-attachment":"scroll","background-type":"","background-media":"","overlay-type":"","overlay-color":"","overlay-opacity":"","overlay-gradient":""},"mobile":{"background-color":"","background-image":"","background-repeat":"repeat","background-position":"center center","background-size":"auto","background-attachment":"scroll","background-type":"","background-media":"","overlay-type":"","overlay-color":"","overlay-opacity":"","overlay-gradient":""}},"ast-content-background-meta":{"desktop":{"background-color":"var(--ast-global-color-4)","background-image":"","background-repeat":"repeat","background-position":"center center","background-size":"auto","background-attachment":"scroll","background-type":"","background-media":"","overlay-type":"","overlay-color":"","overlay-opacity":"","overlay-gradient":""},"tablet":{"background-color":"var(--ast-global-color-4)","background-image":"","background-repeat":"repeat","background-position":"center center","background-size":"auto","background-attachment":"scroll","background-type":"","background-media":"","overlay-type":"","overlay-color":"","overlay-opacity":"","overlay-gradient":""},"mobile":{"background-color":"var(--ast-global-color-4)","background-image":"","background-repeat":"repeat","background-position":"center center","background-size":"auto","background-attachment":"scroll","background-type":"","background-media":"","overlay-type":"","overlay-color":"","overlay-opacity":"","overlay-gradient":""}},"footnotes":""},"categories":[1],"tags":[],"class_list":["post-61657","post","type-post","status-publish","format-standard","hentry","category-sem-categoria"],"yoast_head":"<!-- This site is optimized with the Yoast SEO plugin v26.6 - https:\/\/yoast.com\/wordpress\/plugins\/seo\/ -->\n<title>C\u00e2mara de S\u00e3o Lu\u00eds lan\u00e7a campanha dos 400 anos de hist\u00f3ria - Daniel Matos<\/title>\n<meta name=\"robots\" content=\"index, follow, max-snippet:-1, max-image-preview:large, max-video-preview:-1\" \/>\n<link rel=\"canonical\" href=\"https:\/\/www.blogsoestado.com\/danielmatos\/camara-de-sao-luis-lanca-campanha-dos-400-anos-de-historia\/\" \/>\n<meta property=\"og:locale\" content=\"pt_BR\" \/>\n<meta property=\"og:type\" content=\"article\" \/>\n<meta property=\"og:title\" content=\"C\u00e2mara de S\u00e3o Lu\u00eds lan\u00e7a campanha dos 400 anos de hist\u00f3ria - Daniel Matos\" \/>\n<meta property=\"og:description\" content=\"A C\u00e2mara Municipal de S\u00e3o Lu\u00eds lan\u00e7ou na manh\u00e3 desta quarta-feira (03), no plen\u00e1rio Sim\u00e3o Est\u00e1cio da Silveira, a campanha [&hellip;]\" \/>\n<meta property=\"og:url\" content=\"https:\/\/www.blogsoestado.com\/danielmatos\/camara-de-sao-luis-lanca-campanha-dos-400-anos-de-historia\/\" \/>\n<meta property=\"og:site_name\" content=\"Daniel Matos\" \/>\n<meta property=\"article:published_time\" content=\"2019-04-03T18:11:13+00:00\" \/>\n<meta property=\"og:image\" content=\"https:\/\/www.blogsoestado.com\/danielmatos\/files\/2019\/04\/camara-400-1024x683.jpg\" \/>\n<meta name=\"twitter:card\" content=\"summary_large_image\" \/>\n<meta name=\"twitter:label1\" content=\"Est. tempo de leitura\" \/>\n\t<meta name=\"twitter:data1\" content=\"2 minutos\" \/>\n<script type=\"application\/ld+json\" class=\"yoast-schema-graph\">{\"@context\":\"https:\/\/schema.org\",\"@graph\":[{\"@type\":\"WebPage\",\"@id\":\"https:\/\/www.blogsoestado.com\/danielmatos\/camara-de-sao-luis-lanca-campanha-dos-400-anos-de-historia\/\",\"url\":\"https:\/\/www.blogsoestado.com\/danielmatos\/camara-de-sao-luis-lanca-campanha-dos-400-anos-de-historia\/\",\"name\":\"C\u00e2mara de S\u00e3o Lu\u00eds lan\u00e7a campanha dos 400 anos de hist\u00f3ria - Daniel Matos\",\"isPartOf\":{\"@id\":\"https:\/\/www.blogsoestado.com\/danielmatos\/#website\"},\"primaryImageOfPage\":{\"@id\":\"https:\/\/www.blogsoestado.com\/danielmatos\/camara-de-sao-luis-lanca-campanha-dos-400-anos-de-historia\/#primaryimage\"},\"image\":{\"@id\":\"https:\/\/www.blogsoestado.com\/danielmatos\/camara-de-sao-luis-lanca-campanha-dos-400-anos-de-historia\/#primaryimage\"},\"thumbnailUrl\":\"https:\/\/www.blogsoestado.com\/danielmatos\/files\/2019\/04\/camara-400-1024x683.jpg\",\"datePublished\":\"2019-04-03T18:11:13+00:00\",\"author\":{\"@id\":\"\"},\"breadcrumb\":{\"@id\":\"https:\/\/www.blogsoestado.com\/danielmatos\/camara-de-sao-luis-lanca-campanha-dos-400-anos-de-historia\/#breadcrumb\"},\"inLanguage\":\"pt-BR\",\"potentialAction\":[{\"@type\":\"ReadAction\",\"target\":[\"https:\/\/www.blogsoestado.com\/danielmatos\/camara-de-sao-luis-lanca-campanha-dos-400-anos-de-historia\/\"]}]},{\"@type\":\"ImageObject\",\"inLanguage\":\"pt-BR\",\"@id\":\"https:\/\/www.blogsoestado.com\/danielmatos\/camara-de-sao-luis-lanca-campanha-dos-400-anos-de-historia\/#primaryimage\",\"url\":\"https:\/\/www.blogsoestado.com\/danielmatos\/files\/2019\/04\/camara-400-1024x683.jpg\",\"contentUrl\":\"https:\/\/www.blogsoestado.com\/danielmatos\/files\/2019\/04\/camara-400-1024x683.jpg\"},{\"@type\":\"BreadcrumbList\",\"@id\":\"https:\/\/www.blogsoestado.com\/danielmatos\/camara-de-sao-luis-lanca-campanha-dos-400-anos-de-historia\/#breadcrumb\",\"itemListElement\":[{\"@type\":\"ListItem\",\"position\":1,\"name\":\"In\u00edcio\",\"item\":\"https:\/\/www.blogsoestado.com\/danielmatos\/\"},{\"@type\":\"ListItem\",\"position\":2,\"name\":\"C\u00e2mara de S\u00e3o Lu\u00eds lan\u00e7a campanha dos 400 anos de hist\u00f3ria\"}]},{\"@type\":\"WebSite\",\"@id\":\"https:\/\/www.blogsoestado.com\/danielmatos\/#website\",\"url\":\"https:\/\/www.blogsoestado.com\/danielmatos\/\",\"name\":\"Daniel Matos\",\"description\":\"\",\"potentialAction\":[{\"@type\":\"SearchAction\",\"target\":{\"@type\":\"EntryPoint\",\"urlTemplate\":\"https:\/\/www.blogsoestado.com\/danielmatos\/?s={search_term_string}\"},\"query-input\":{\"@type\":\"PropertyValueSpecification\",\"valueRequired\":true,\"valueName\":\"search_term_string\"}}],\"inLanguage\":\"pt-BR\"}]}<\/script>\n<!-- \/ Yoast SEO plugin. -->","yoast_head_json":{"title":"C\u00e2mara de S\u00e3o Lu\u00eds lan\u00e7a campanha dos 400 anos de hist\u00f3ria - Daniel Matos","robots":{"index":"index","follow":"follow","max-snippet":"max-snippet:-1","max-image-preview":"max-image-preview:large","max-video-preview":"max-video-preview:-1"},"canonical":"https:\/\/www.blogsoestado.com\/danielmatos\/camara-de-sao-luis-lanca-campanha-dos-400-anos-de-historia\/","og_locale":"pt_BR","og_type":"article","og_title":"C\u00e2mara de S\u00e3o Lu\u00eds lan\u00e7a campanha dos 400 anos de hist\u00f3ria - Daniel Matos","og_description":"A C\u00e2mara Municipal de S\u00e3o Lu\u00eds lan\u00e7ou na manh\u00e3 desta quarta-feira (03), no plen\u00e1rio Sim\u00e3o Est\u00e1cio da Silveira, a campanha [&hellip;]","og_url":"https:\/\/www.blogsoestado.com\/danielmatos\/camara-de-sao-luis-lanca-campanha-dos-400-anos-de-historia\/","og_site_name":"Daniel Matos","article_published_time":"2019-04-03T18:11:13+00:00","og_image":[{"url":"https:\/\/www.blogsoestado.com\/danielmatos\/files\/2019\/04\/camara-400-1024x683.jpg","type":"","width":"","height":""}],"twitter_card":"summary_large_image","twitter_misc":{"Est. tempo de leitura":"2 minutos"},"schema":{"@context":"https:\/\/schema.org","@graph":[{"@type":"WebPage","@id":"https:\/\/www.blogsoestado.com\/danielmatos\/camara-de-sao-luis-lanca-campanha-dos-400-anos-de-historia\/","url":"https:\/\/www.blogsoestado.com\/danielmatos\/camara-de-sao-luis-lanca-campanha-dos-400-anos-de-historia\/","name":"C\u00e2mara de S\u00e3o Lu\u00eds lan\u00e7a campanha dos 400 anos de hist\u00f3ria - Daniel Matos","isPartOf":{"@id":"https:\/\/www.blogsoestado.com\/danielmatos\/#website"},"primaryImageOfPage":{"@id":"https:\/\/www.blogsoestado.com\/danielmatos\/camara-de-sao-luis-lanca-campanha-dos-400-anos-de-historia\/#primaryimage"},"image":{"@id":"https:\/\/www.blogsoestado.com\/danielmatos\/camara-de-sao-luis-lanca-campanha-dos-400-anos-de-historia\/#primaryimage"},"thumbnailUrl":"https:\/\/www.blogsoestado.com\/danielmatos\/files\/2019\/04\/camara-400-1024x683.jpg","datePublished":"2019-04-03T18:11:13+00:00","author":{"@id":""},"breadcrumb":{"@id":"https:\/\/www.blogsoestado.com\/danielmatos\/camara-de-sao-luis-lanca-campanha-dos-400-anos-de-historia\/#breadcrumb"},"inLanguage":"pt-BR","potentialAction":[{"@type":"ReadAction","target":["https:\/\/www.blogsoestado.com\/danielmatos\/camara-de-sao-luis-lanca-campanha-dos-400-anos-de-historia\/"]}]},{"@type":"ImageObject","inLanguage":"pt-BR","@id":"https:\/\/www.blogsoestado.com\/danielmatos\/camara-de-sao-luis-lanca-campanha-dos-400-anos-de-historia\/#primaryimage","url":"https:\/\/www.blogsoestado.com\/danielmatos\/files\/2019\/04\/camara-400-1024x683.jpg","contentUrl":"https:\/\/www.blogsoestado.com\/danielmatos\/files\/2019\/04\/camara-400-1024x683.jpg"},{"@type":"BreadcrumbList","@id":"https:\/\/www.blogsoestado.com\/danielmatos\/camara-de-sao-luis-lanca-campanha-dos-400-anos-de-historia\/#breadcrumb","itemListElement":[{"@type":"ListItem","position":1,"name":"In\u00edcio","item":"https:\/\/www.blogsoestado.com\/danielmatos\/"},{"@type":"ListItem","position":2,"name":"C\u00e2mara de S\u00e3o Lu\u00eds lan\u00e7a campanha dos 400 anos de hist\u00f3ria"}]},{"@type":"WebSite","@id":"https:\/\/www.blogsoestado.com\/danielmatos\/#website","url":"https:\/\/www.blogsoestado.com\/danielmatos\/","name":"Daniel Matos","description":"","potentialAction":[{"@type":"SearchAction","target":{"@type":"EntryPoint","urlTemplate":"https:\/\/www.blogsoestado.com\/danielmatos\/?s={search_term_string}"},"query-input":{"@type":"PropertyValueSpecification","valueRequired":true,"valueName":"search_term_string"}}],"inLanguage":"pt-BR"}]}},"jetpack_featured_media_url":"","_links":{"self":[{"href":"https:\/\/www.blogsoestado.com\/danielmatos\/wp-json\/wp\/v2\/posts\/61657","targetHints":{"allow":["GET"]}}],"collection":[{"href":"https:\/\/www.blogsoestado.com\/danielmatos\/wp-json\/wp\/v2\/posts"}],"about":[{"href":"https:\/\/www.blogsoestado.com\/danielmatos\/wp-json\/wp\/v2\/types\/post"}],"replies":[{"embeddable":true,"href":"https:\/\/www.blogsoestado.com\/danielmatos\/wp-json\/wp\/v2\/comments?post=61657"}],"version-history":[{"count":0,"href":"https:\/\/www.blogsoestado.com\/danielmatos\/wp-json\/wp\/v2\/posts\/61657\/revisions"}],"wp:attachment":[{"href":"https:\/\/www.blogsoestado.com\/danielmatos\/wp-json\/wp\/v2\/media?parent=61657"}],"wp:term":[{"taxonomy":"category","embeddable":true,"href":"https:\/\/www.blogsoestado.com\/danielmatos\/wp-json\/wp\/v2\/categories?post=61657"},{"taxonomy":"post_tag","embeddable":true,"href":"https:\/\/www.blogsoestado.com\/danielmatos\/wp-json\/wp\/v2\/tags?post=61657"}],"curies":[{"name":"wp","href":"https:\/\/api.w.org\/{rel}","templated":true}]}}