{"id":61660,"date":"2019-04-03T16:28:52","date_gmt":"2019-04-03T19:28:52","guid":{"rendered":"https:\/\/www.blogsoestado.com\/danielmatos\/?p=61660"},"modified":"2019-04-03T16:28:52","modified_gmt":"2019-04-03T19:28:52","slug":"deputado-ze-gentil-tem-presenca-ativa-em-comissoes-da-assembleia","status":"publish","type":"post","link":"https:\/\/www.blogsoestado.com\/danielmatos\/deputado-ze-gentil-tem-presenca-ativa-em-comissoes-da-assembleia\/","title":{"rendered":"Deputado Z\u00e9 Gentil tem presen\u00e7a ativa em comiss\u00f5es da Assembleia"},"content":{"rendered":"\n<p><strong><a href=\"https:\/\/caiohostilio.com\/2019\/04\/03\/o-deputado-ze-gentil-faz-questao-de-participar-das-comissoes-tematicas-das-quais-faz-parte\/\">Blog do Caio Host\u00edlio<\/a><\/strong><\/p>\n\n\n\n<figure class=\"wp-block-image\"><img decoding=\"async\" src=\"https:\/\/www.blogsoestado.com\/danielmatos\/files\/2019\/04\/ze-gentil-comissoes-1024x683.jpg\" alt=\"\" class=\"wp-image-61661\"\/><figcaption>Deputado Z\u00e9 Gentil na reuni\u00e3o da Comiss\u00e3o de Obras e Servi\u00e7os P\u00fablicos da Assembleia, que debateu situa\u00e7\u00e3o de rodovias federais do Maranh\u00e3o e anunciou vistoria <\/figcaption><\/figure>\n\n\n\n<p>Visando valorizar o mandato que o povo lhe conferiu para represent\u00e1-lo, o deputado Z\u00e9 Gentil (PRB) diz que \u00e9 preciso ser atuante nas comiss\u00f5es tem\u00e1ticas das quais fazem parte, al\u00e9m de propor projetos importantes para o bem estar dos maranhenses, tal como j\u00e1 apresentou o Projeto de Lei que incluir\u00e1 os tipos sangu\u00edneos dos cidad\u00e3os nas carteiras de identidade, que fora aprovado nas comiss\u00f5es e no plen\u00e1rio da Assembl\u00e9ia Legislativa por unanimidade.<\/p>\n\n\n\n<p>Atuante nas comiss\u00f5es tem\u00e1ticas, o deputado Z\u00e9 Gentil participou, hoje (03), da reuni\u00e3o da Comiss\u00e3o de Obras e Servi\u00e7os P\u00fablicos, cujo debate foi a situa\u00e7\u00e3o em que se encontram as rodovias do Maranh\u00e3o.<\/p>\n\n\n\n<p>\u201cA reuni\u00e3o serviu para que eu e meus pares debat\u00eassemos a situa\u00e7\u00e3o das rodovias federais e estaduais que cortam o Maranh\u00e3o, procurando solu\u00e7\u00f5es que possam trazer melhores condi\u00e7\u00f5es de trafegabilidade. Aproveitei a oportunidade para solicitar informa\u00e7\u00f5es sobre a MA-34, que j\u00e1 est\u00e1 em fase de tapa buracos, mas que n\u00e3o dar\u00e1 para efetuar a duplica\u00e7\u00e3o da mesma pelo fato da aproxima\u00e7\u00e3o das moradias existentes ao longo da estrada, por\u00e9m foi estudado o alargamento dessa rodovia de um a dois metros de cada lado, facilitando, com isso, o intenso fluxo. Solicitei, ainda, que com a sobra asfaltica fosse pavimentada a estrada que leva ao Bairro Rita Queiroz, onde o povo sofre com acessibilidade\u2019, disse o deputado Z\u00e9 Gentil.<\/p>\n\n\n\n<p>Na comiss\u00e3o de Or\u00e7amento, Finan\u00e7as, Fiscaliza\u00e7\u00e3o e Controle, o deputado Z\u00e9 Gentil foi favor\u00e1vel a aprova\u00e7\u00e3o do projeto de lei que visa reduzir ICMS para empresas maranhenses. \u201c\u00c9 importante essa redu\u00e7\u00e3o na al\u00edquota do ICMS, pois essas empresas poder\u00e3o alavancar a gera\u00e7\u00e3o de emprego e renda aos maranhenses\u201d, afirmou o deputado.<\/p>\n\n\n\n<p>Sensibilizado com a situa\u00e7\u00e3o dos professores contratados de Caxias pela rede estadual de educa\u00e7\u00e3o, o deputado Z\u00e9 Gentil vem mantendo contato com o secret\u00e1rio de Educa\u00e7\u00e3o do Estado, Felipe Camar\u00e3o. \u201cO secret\u00e1rio Felipe Camar\u00e3o est\u00e1 viajando, mas estou de prontid\u00e3o para ser recebido por ele\u201d falou Z\u00e9 Gentil.<\/p>\n","protected":false},"excerpt":{"rendered":"<p>Blog do Caio Host\u00edlio Visando valorizar o mandato que o povo lhe conferiu para represent\u00e1-lo, o deputado Z\u00e9 Gentil (PRB) [&hellip;]<\/p>\n","protected":false},"author":0,"featured_media":0,"comment_status":"open","ping_status":"open","sticky":false,"template":"","format":"standard","meta":{"site-sidebar-layout":"default","site-content-layout":"","ast-site-content-layout":"default","site-content-style":"default","site-sidebar-style":"default","ast-global-header-display":"","ast-banner-title-visibility":"","ast-main-header-display":"","ast-hfb-above-header-display":"","ast-hfb-below-header-display":"","ast-hfb-mobile-header-display":"","site-post-title":"","ast-breadcrumbs-content":"","ast-featured-img":"","footer-sml-layout":"","ast-disable-related-posts":"","theme-transparent-header-meta":"","adv-header-id-meta":"","stick-header-meta":"","header-above-stick-meta":"","header-main-stick-meta":"","header-below-stick-meta":"","astra-migrate-meta-layouts":"default","ast-page-background-enabled":"default","ast-page-background-meta":{"desktop":{"background-color":"var(--ast-global-color-5)","background-image":"","background-repeat":"repeat","background-position":"center center","background-size":"auto","background-attachment":"scroll","background-type":"","background-media":"","overlay-type":"","overlay-color":"","overlay-opacity":"","overlay-gradient":""},"tablet":{"background-color":"","background-image":"","background-repeat":"repeat","background-position":"center center","background-size":"auto","background-attachment":"scroll","background-type":"","background-media":"","overlay-type":"","overlay-color":"","overlay-opacity":"","overlay-gradient":""},"mobile":{"background-color":"","background-image":"","background-repeat":"repeat","background-position":"center center","background-size":"auto","background-attachment":"scroll","background-type":"","background-media":"","overlay-type":"","overlay-color":"","overlay-opacity":"","overlay-gradient":""}},"ast-content-background-meta":{"desktop":{"background-color":"var(--ast-global-color-4)","background-image":"","background-repeat":"repeat","background-position":"center center","background-size":"auto","background-attachment":"scroll","background-type":"","background-media":"","overlay-type":"","overlay-color":"","overlay-opacity":"","overlay-gradient":""},"tablet":{"background-color":"var(--ast-global-color-4)","background-image":"","background-repeat":"repeat","background-position":"center center","background-size":"auto","background-attachment":"scroll","background-type":"","background-media":"","overlay-type":"","overlay-color":"","overlay-opacity":"","overlay-gradient":""},"mobile":{"background-color":"var(--ast-global-color-4)","background-image":"","background-repeat":"repeat","background-position":"center center","background-size":"auto","background-attachment":"scroll","background-type":"","background-media":"","overlay-type":"","overlay-color":"","overlay-opacity":"","overlay-gradient":""}},"footnotes":""},"categories":[1],"tags":[],"class_list":["post-61660","post","type-post","status-publish","format-standard","hentry","category-sem-categoria"],"yoast_head":"<!-- This site is optimized with the Yoast SEO plugin v26.6 - https:\/\/yoast.com\/wordpress\/plugins\/seo\/ -->\n<title>Deputado Z\u00e9 Gentil tem presen\u00e7a ativa em comiss\u00f5es da Assembleia - Daniel Matos<\/title>\n<meta name=\"robots\" content=\"index, follow, max-snippet:-1, max-image-preview:large, max-video-preview:-1\" \/>\n<link rel=\"canonical\" href=\"https:\/\/www.blogsoestado.com\/danielmatos\/deputado-ze-gentil-tem-presenca-ativa-em-comissoes-da-assembleia\/\" \/>\n<meta property=\"og:locale\" content=\"pt_BR\" \/>\n<meta property=\"og:type\" content=\"article\" \/>\n<meta property=\"og:title\" content=\"Deputado Z\u00e9 Gentil tem presen\u00e7a ativa em comiss\u00f5es da Assembleia - Daniel Matos\" \/>\n<meta property=\"og:description\" content=\"Blog do Caio Host\u00edlio Visando valorizar o mandato que o povo lhe conferiu para represent\u00e1-lo, o deputado Z\u00e9 Gentil (PRB) [&hellip;]\" \/>\n<meta property=\"og:url\" content=\"https:\/\/www.blogsoestado.com\/danielmatos\/deputado-ze-gentil-tem-presenca-ativa-em-comissoes-da-assembleia\/\" \/>\n<meta property=\"og:site_name\" content=\"Daniel Matos\" \/>\n<meta property=\"article:published_time\" content=\"2019-04-03T19:28:52+00:00\" \/>\n<meta property=\"og:image\" content=\"https:\/\/www.blogsoestado.com\/danielmatos\/files\/2019\/04\/ze-gentil-comissoes-1024x683.jpg\" \/>\n<meta name=\"twitter:card\" content=\"summary_large_image\" \/>\n<meta name=\"twitter:label1\" content=\"Est. tempo de leitura\" \/>\n\t<meta name=\"twitter:data1\" content=\"2 minutos\" \/>\n<script type=\"application\/ld+json\" class=\"yoast-schema-graph\">{\"@context\":\"https:\/\/schema.org\",\"@graph\":[{\"@type\":\"WebPage\",\"@id\":\"https:\/\/www.blogsoestado.com\/danielmatos\/deputado-ze-gentil-tem-presenca-ativa-em-comissoes-da-assembleia\/\",\"url\":\"https:\/\/www.blogsoestado.com\/danielmatos\/deputado-ze-gentil-tem-presenca-ativa-em-comissoes-da-assembleia\/\",\"name\":\"Deputado Z\u00e9 Gentil tem presen\u00e7a ativa em comiss\u00f5es da Assembleia - Daniel Matos\",\"isPartOf\":{\"@id\":\"https:\/\/www.blogsoestado.com\/danielmatos\/#website\"},\"primaryImageOfPage\":{\"@id\":\"https:\/\/www.blogsoestado.com\/danielmatos\/deputado-ze-gentil-tem-presenca-ativa-em-comissoes-da-assembleia\/#primaryimage\"},\"image\":{\"@id\":\"https:\/\/www.blogsoestado.com\/danielmatos\/deputado-ze-gentil-tem-presenca-ativa-em-comissoes-da-assembleia\/#primaryimage\"},\"thumbnailUrl\":\"https:\/\/www.blogsoestado.com\/danielmatos\/files\/2019\/04\/ze-gentil-comissoes-1024x683.jpg\",\"datePublished\":\"2019-04-03T19:28:52+00:00\",\"author\":{\"@id\":\"\"},\"breadcrumb\":{\"@id\":\"https:\/\/www.blogsoestado.com\/danielmatos\/deputado-ze-gentil-tem-presenca-ativa-em-comissoes-da-assembleia\/#breadcrumb\"},\"inLanguage\":\"pt-BR\",\"potentialAction\":[{\"@type\":\"ReadAction\",\"target\":[\"https:\/\/www.blogsoestado.com\/danielmatos\/deputado-ze-gentil-tem-presenca-ativa-em-comissoes-da-assembleia\/\"]}]},{\"@type\":\"ImageObject\",\"inLanguage\":\"pt-BR\",\"@id\":\"https:\/\/www.blogsoestado.com\/danielmatos\/deputado-ze-gentil-tem-presenca-ativa-em-comissoes-da-assembleia\/#primaryimage\",\"url\":\"https:\/\/www.blogsoestado.com\/danielmatos\/files\/2019\/04\/ze-gentil-comissoes-1024x683.jpg\",\"contentUrl\":\"https:\/\/www.blogsoestado.com\/danielmatos\/files\/2019\/04\/ze-gentil-comissoes-1024x683.jpg\"},{\"@type\":\"BreadcrumbList\",\"@id\":\"https:\/\/www.blogsoestado.com\/danielmatos\/deputado-ze-gentil-tem-presenca-ativa-em-comissoes-da-assembleia\/#breadcrumb\",\"itemListElement\":[{\"@type\":\"ListItem\",\"position\":1,\"name\":\"In\u00edcio\",\"item\":\"https:\/\/www.blogsoestado.com\/danielmatos\/\"},{\"@type\":\"ListItem\",\"position\":2,\"name\":\"Deputado Z\u00e9 Gentil tem presen\u00e7a ativa em comiss\u00f5es da Assembleia\"}]},{\"@type\":\"WebSite\",\"@id\":\"https:\/\/www.blogsoestado.com\/danielmatos\/#website\",\"url\":\"https:\/\/www.blogsoestado.com\/danielmatos\/\",\"name\":\"Daniel Matos\",\"description\":\"\",\"potentialAction\":[{\"@type\":\"SearchAction\",\"target\":{\"@type\":\"EntryPoint\",\"urlTemplate\":\"https:\/\/www.blogsoestado.com\/danielmatos\/?s={search_term_string}\"},\"query-input\":{\"@type\":\"PropertyValueSpecification\",\"valueRequired\":true,\"valueName\":\"search_term_string\"}}],\"inLanguage\":\"pt-BR\"}]}<\/script>\n<!-- \/ Yoast SEO plugin. -->","yoast_head_json":{"title":"Deputado Z\u00e9 Gentil tem presen\u00e7a ativa em comiss\u00f5es da Assembleia - Daniel Matos","robots":{"index":"index","follow":"follow","max-snippet":"max-snippet:-1","max-image-preview":"max-image-preview:large","max-video-preview":"max-video-preview:-1"},"canonical":"https:\/\/www.blogsoestado.com\/danielmatos\/deputado-ze-gentil-tem-presenca-ativa-em-comissoes-da-assembleia\/","og_locale":"pt_BR","og_type":"article","og_title":"Deputado Z\u00e9 Gentil tem presen\u00e7a ativa em comiss\u00f5es da Assembleia - Daniel Matos","og_description":"Blog do Caio Host\u00edlio Visando valorizar o mandato que o povo lhe conferiu para represent\u00e1-lo, o deputado Z\u00e9 Gentil (PRB) [&hellip;]","og_url":"https:\/\/www.blogsoestado.com\/danielmatos\/deputado-ze-gentil-tem-presenca-ativa-em-comissoes-da-assembleia\/","og_site_name":"Daniel Matos","article_published_time":"2019-04-03T19:28:52+00:00","og_image":[{"url":"https:\/\/www.blogsoestado.com\/danielmatos\/files\/2019\/04\/ze-gentil-comissoes-1024x683.jpg","type":"","width":"","height":""}],"twitter_card":"summary_large_image","twitter_misc":{"Est. tempo de leitura":"2 minutos"},"schema":{"@context":"https:\/\/schema.org","@graph":[{"@type":"WebPage","@id":"https:\/\/www.blogsoestado.com\/danielmatos\/deputado-ze-gentil-tem-presenca-ativa-em-comissoes-da-assembleia\/","url":"https:\/\/www.blogsoestado.com\/danielmatos\/deputado-ze-gentil-tem-presenca-ativa-em-comissoes-da-assembleia\/","name":"Deputado Z\u00e9 Gentil tem presen\u00e7a ativa em comiss\u00f5es da Assembleia - Daniel Matos","isPartOf":{"@id":"https:\/\/www.blogsoestado.com\/danielmatos\/#website"},"primaryImageOfPage":{"@id":"https:\/\/www.blogsoestado.com\/danielmatos\/deputado-ze-gentil-tem-presenca-ativa-em-comissoes-da-assembleia\/#primaryimage"},"image":{"@id":"https:\/\/www.blogsoestado.com\/danielmatos\/deputado-ze-gentil-tem-presenca-ativa-em-comissoes-da-assembleia\/#primaryimage"},"thumbnailUrl":"https:\/\/www.blogsoestado.com\/danielmatos\/files\/2019\/04\/ze-gentil-comissoes-1024x683.jpg","datePublished":"2019-04-03T19:28:52+00:00","author":{"@id":""},"breadcrumb":{"@id":"https:\/\/www.blogsoestado.com\/danielmatos\/deputado-ze-gentil-tem-presenca-ativa-em-comissoes-da-assembleia\/#breadcrumb"},"inLanguage":"pt-BR","potentialAction":[{"@type":"ReadAction","target":["https:\/\/www.blogsoestado.com\/danielmatos\/deputado-ze-gentil-tem-presenca-ativa-em-comissoes-da-assembleia\/"]}]},{"@type":"ImageObject","inLanguage":"pt-BR","@id":"https:\/\/www.blogsoestado.com\/danielmatos\/deputado-ze-gentil-tem-presenca-ativa-em-comissoes-da-assembleia\/#primaryimage","url":"https:\/\/www.blogsoestado.com\/danielmatos\/files\/2019\/04\/ze-gentil-comissoes-1024x683.jpg","contentUrl":"https:\/\/www.blogsoestado.com\/danielmatos\/files\/2019\/04\/ze-gentil-comissoes-1024x683.jpg"},{"@type":"BreadcrumbList","@id":"https:\/\/www.blogsoestado.com\/danielmatos\/deputado-ze-gentil-tem-presenca-ativa-em-comissoes-da-assembleia\/#breadcrumb","itemListElement":[{"@type":"ListItem","position":1,"name":"In\u00edcio","item":"https:\/\/www.blogsoestado.com\/danielmatos\/"},{"@type":"ListItem","position":2,"name":"Deputado Z\u00e9 Gentil tem presen\u00e7a ativa em comiss\u00f5es da Assembleia"}]},{"@type":"WebSite","@id":"https:\/\/www.blogsoestado.com\/danielmatos\/#website","url":"https:\/\/www.blogsoestado.com\/danielmatos\/","name":"Daniel Matos","description":"","potentialAction":[{"@type":"SearchAction","target":{"@type":"EntryPoint","urlTemplate":"https:\/\/www.blogsoestado.com\/danielmatos\/?s={search_term_string}"},"query-input":{"@type":"PropertyValueSpecification","valueRequired":true,"valueName":"search_term_string"}}],"inLanguage":"pt-BR"}]}},"jetpack_featured_media_url":"","_links":{"self":[{"href":"https:\/\/www.blogsoestado.com\/danielmatos\/wp-json\/wp\/v2\/posts\/61660","targetHints":{"allow":["GET"]}}],"collection":[{"href":"https:\/\/www.blogsoestado.com\/danielmatos\/wp-json\/wp\/v2\/posts"}],"about":[{"href":"https:\/\/www.blogsoestado.com\/danielmatos\/wp-json\/wp\/v2\/types\/post"}],"replies":[{"embeddable":true,"href":"https:\/\/www.blogsoestado.com\/danielmatos\/wp-json\/wp\/v2\/comments?post=61660"}],"version-history":[{"count":0,"href":"https:\/\/www.blogsoestado.com\/danielmatos\/wp-json\/wp\/v2\/posts\/61660\/revisions"}],"wp:attachment":[{"href":"https:\/\/www.blogsoestado.com\/danielmatos\/wp-json\/wp\/v2\/media?parent=61660"}],"wp:term":[{"taxonomy":"category","embeddable":true,"href":"https:\/\/www.blogsoestado.com\/danielmatos\/wp-json\/wp\/v2\/categories?post=61660"},{"taxonomy":"post_tag","embeddable":true,"href":"https:\/\/www.blogsoestado.com\/danielmatos\/wp-json\/wp\/v2\/tags?post=61660"}],"curies":[{"name":"wp","href":"https:\/\/api.w.org\/{rel}","templated":true}]}}