{"id":61678,"date":"2019-04-04T10:24:58","date_gmt":"2019-04-04T13:24:58","guid":{"rendered":"https:\/\/www.blogsoestado.com\/danielmatos\/?p=61678"},"modified":"2019-04-04T10:24:58","modified_gmt":"2019-04-04T13:24:58","slug":"crefito-16-se-posiciona-contra-graduacao-a-distancia-em-fisioterapia","status":"publish","type":"post","link":"https:\/\/www.blogsoestado.com\/danielmatos\/crefito-16-se-posiciona-contra-graduacao-a-distancia-em-fisioterapia\/","title":{"rendered":"Crefito-16 se posiciona contra gradua\u00e7\u00e3o a dist\u00e2ncia em fisioterapia"},"content":{"rendered":"\n<p class=\"has-text-color has-large-font-size has-vivid-red-color\">Autarquia federal tem constantemente destacado preju\u00edzos da modalidade EaD nos cursos da \u00e1rea da sa\u00fade<\/p>\n\n\n\n<figure class=\"wp-block-image\"><img decoding=\"async\" src=\"https:\/\/www.blogsoestado.com\/danielmatos\/files\/2019\/04\/crefito-contra-1024x768.jpg\" alt=\"\" class=\"wp-image-61679\"\/><figcaption> <em>Componentes da Comiss\u00e3o de Educa\u00e7\u00e3o do Crefito-16, Let\u00edcia Padilha, Ana Lourdes Avelar e Sarah Carvalho<\/em> <\/figcaption><\/figure>\n\n\n\n<p>Na esteira do posicionamento das principais entidades brasileiras ligadas \u00e0 sa\u00fade, contr\u00e1rias \u00e0 abertura e \u00e0 pr\u00e1tica de educa\u00e7\u00e3o a dist\u00e2ncia (EaD) nesse segmento, o Conselho Regional de Fisioterapia e Terapia Ocupacional do Maranh\u00e3o (Crefito-16) tamb\u00e9m suscitou este debate sobre o combate \u00e0 forma\u00e7\u00e3o de fisioterapeutas em cursos ministrados nessa modalidade.<\/p>\n\n\n\n<p>Atualmente, o texto que regulamenta esse tema \u00e9 a Portaria n\u00ba 1.428\/2018 do Minist\u00e9rio da Educa\u00e7\u00e3o, que estipula o limite de 20% para disciplinas EaD em gradua\u00e7\u00f5es presenciais, mesmo do ramo da sa\u00fade.<\/p>\n\n\n\n<p>O conselho maranhense, contudo, ressalta a necessidade de cursos integralmente presenciais, segundo o presidente da entidade, Fernando Muniz. \u201cA Fisioterapia exige habilidades te\u00f3rico-pr\u00e1ticas que n\u00e3o podem ser desenvolvidas sem o contato direto com o ser humano\u201d, afirma. \u201cEst\u00e3o formando profissionais prec\u00e1rios que representam um risco \u00e0 sa\u00fade coletiva e \u00e0 seguran\u00e7a dos pacientes. \u00c9 preciso questionar a quem interessa essa forma\u00e7\u00e3o\u201d, destaca Muniz.<\/p>\n\n\n\n<p>Por outro lado, o especialista frisa que \u00e9 fundamental exaltar que os instrumentos de ensino a dist\u00e2ncia, sejam na forma de e-mails, sites, v\u00eddeos, sons, ambientes virtuais, blogs etc., tamb\u00e9m podem e devem ser usados, mas como forma de complementar uma gradua\u00e7\u00e3o presencial, e n\u00e3o em substitui\u00e7\u00e3o a ela.<\/p>\n\n\n\n<p>Coordenadora da Comiss\u00e3o de Educa\u00e7\u00e3o do Crefito-16, Ana Lourdes Avelar afirma que essa discuss\u00e3o ganha espa\u00e7o \u201cpelo fato de o objeto de trabalho do fisioterapeuta ser o movimento humano, que requer contato direto com o paciente, exigindo, portanto, pr\u00e1ticas cont\u00ednuas na forma\u00e7\u00e3o. \u00c9 imposs\u00edvel a aquisi\u00e7\u00e3o dessa habilidade em EaD\u201d.<\/p>\n\n\n\n<p>Como alguns impasses enfrentados, a especialista aponta a forma\u00e7\u00e3o ineficiente para a integra\u00e7\u00e3o ensino\/servi\u00e7o e comunidade, o d\u00e9ficit no trabalho em equipes multi, inter e transdisciplinar e a forma\u00e7\u00e3o inadequada para o tratamento integral e humanizado, e a escassez de habilidades. Tamb\u00e9m entram na lista a inviabilidade de programas de inicia\u00e7\u00e3o cient\u00edfica e da continuidade dos estudos em n\u00edvel de p\u00f3s-gradua\u00e7\u00e3o. A autarquia maranhense tem se mobilizado, por meio principalmente dos di\u00e1logos interinstitucionais e na divulga\u00e7\u00e3o junto \u00e0 sociedade.<\/p>\n\n\n\n<p>\u201cNo Maranh\u00e3o, o Crefito, junto \u00e0s demais entidades de classes de outras gradua\u00e7\u00f5es da \u00e1rea da sa\u00fade, tem discutido e alertado a comunidade divulgando amplamente a import\u00e2ncia do ensino presencial em suas \u00e1reas\u201d, afirma Ana Lourdes. \u201cAl\u00e9m disso, tem participado ativamente de audi\u00eancias p\u00fablicas com entidades como Procon-MA e Promotoria de Educa\u00e7\u00e3o, e tamb\u00e9m tem sido presente nas institui\u00e7\u00f5es de ensino superior, nos eventos locais para discuss\u00e3o do ensino a dist\u00e2ncia\u201d, exemplifica.<\/p>\n\n\n\n<p>J\u00e1 na esfera nacional, o debate tem ocorrido anualmente no F\u00f3rum Nacional de Educa\u00e7\u00e3o em Fisioterapia, com voz ativa do Conselho maranhense, por meio de representantes da sua Comiss\u00e3o de Educa\u00e7\u00e3o.<\/p>\n","protected":false},"excerpt":{"rendered":"<p>Autarquia federal tem constantemente destacado preju\u00edzos da modalidade EaD nos cursos da \u00e1rea da sa\u00fade Na esteira do posicionamento das [&hellip;]<\/p>\n","protected":false},"author":0,"featured_media":0,"comment_status":"open","ping_status":"open","sticky":false,"template":"","format":"standard","meta":{"site-sidebar-layout":"default","site-content-layout":"","ast-site-content-layout":"default","site-content-style":"default","site-sidebar-style":"default","ast-global-header-display":"","ast-banner-title-visibility":"","ast-main-header-display":"","ast-hfb-above-header-display":"","ast-hfb-below-header-display":"","ast-hfb-mobile-header-display":"","site-post-title":"","ast-breadcrumbs-content":"","ast-featured-img":"","footer-sml-layout":"","ast-disable-related-posts":"","theme-transparent-header-meta":"","adv-header-id-meta":"","stick-header-meta":"","header-above-stick-meta":"","header-main-stick-meta":"","header-below-stick-meta":"","astra-migrate-meta-layouts":"default","ast-page-background-enabled":"default","ast-page-background-meta":{"desktop":{"background-color":"var(--ast-global-color-5)","background-image":"","background-repeat":"repeat","background-position":"center center","background-size":"auto","background-attachment":"scroll","background-type":"","background-media":"","overlay-type":"","overlay-color":"","overlay-opacity":"","overlay-gradient":""},"tablet":{"background-color":"","background-image":"","background-repeat":"repeat","background-position":"center center","background-size":"auto","background-attachment":"scroll","background-type":"","background-media":"","overlay-type":"","overlay-color":"","overlay-opacity":"","overlay-gradient":""},"mobile":{"background-color":"","background-image":"","background-repeat":"repeat","background-position":"center center","background-size":"auto","background-attachment":"scroll","background-type":"","background-media":"","overlay-type":"","overlay-color":"","overlay-opacity":"","overlay-gradient":""}},"ast-content-background-meta":{"desktop":{"background-color":"var(--ast-global-color-4)","background-image":"","background-repeat":"repeat","background-position":"center center","background-size":"auto","background-attachment":"scroll","background-type":"","background-media":"","overlay-type":"","overlay-color":"","overlay-opacity":"","overlay-gradient":""},"tablet":{"background-color":"var(--ast-global-color-4)","background-image":"","background-repeat":"repeat","background-position":"center center","background-size":"auto","background-attachment":"scroll","background-type":"","background-media":"","overlay-type":"","overlay-color":"","overlay-opacity":"","overlay-gradient":""},"mobile":{"background-color":"var(--ast-global-color-4)","background-image":"","background-repeat":"repeat","background-position":"center center","background-size":"auto","background-attachment":"scroll","background-type":"","background-media":"","overlay-type":"","overlay-color":"","overlay-opacity":"","overlay-gradient":""}},"footnotes":""},"categories":[1],"tags":[],"class_list":["post-61678","post","type-post","status-publish","format-standard","hentry","category-sem-categoria"],"yoast_head":"<!-- This site is optimized with the Yoast SEO plugin v26.6 - https:\/\/yoast.com\/wordpress\/plugins\/seo\/ -->\n<title>Crefito-16 se posiciona contra gradua\u00e7\u00e3o a dist\u00e2ncia em fisioterapia - Daniel Matos<\/title>\n<meta name=\"robots\" content=\"index, follow, max-snippet:-1, max-image-preview:large, max-video-preview:-1\" \/>\n<link rel=\"canonical\" href=\"https:\/\/www.blogsoestado.com\/danielmatos\/crefito-16-se-posiciona-contra-graduacao-a-distancia-em-fisioterapia\/\" \/>\n<meta property=\"og:locale\" content=\"pt_BR\" \/>\n<meta property=\"og:type\" content=\"article\" \/>\n<meta property=\"og:title\" content=\"Crefito-16 se posiciona contra gradua\u00e7\u00e3o a dist\u00e2ncia em fisioterapia - Daniel Matos\" \/>\n<meta property=\"og:description\" content=\"Autarquia federal tem constantemente destacado preju\u00edzos da modalidade EaD nos cursos da \u00e1rea da sa\u00fade Na esteira do posicionamento das [&hellip;]\" \/>\n<meta property=\"og:url\" content=\"https:\/\/www.blogsoestado.com\/danielmatos\/crefito-16-se-posiciona-contra-graduacao-a-distancia-em-fisioterapia\/\" \/>\n<meta property=\"og:site_name\" content=\"Daniel Matos\" \/>\n<meta property=\"article:published_time\" content=\"2019-04-04T13:24:58+00:00\" \/>\n<meta property=\"og:image\" content=\"https:\/\/www.blogsoestado.com\/danielmatos\/files\/2019\/04\/crefito-contra-1024x768.jpg\" \/>\n<meta name=\"twitter:card\" content=\"summary_large_image\" \/>\n<meta name=\"twitter:label1\" content=\"Est. tempo de leitura\" \/>\n\t<meta name=\"twitter:data1\" content=\"3 minutos\" \/>\n<script type=\"application\/ld+json\" class=\"yoast-schema-graph\">{\"@context\":\"https:\/\/schema.org\",\"@graph\":[{\"@type\":\"WebPage\",\"@id\":\"https:\/\/www.blogsoestado.com\/danielmatos\/crefito-16-se-posiciona-contra-graduacao-a-distancia-em-fisioterapia\/\",\"url\":\"https:\/\/www.blogsoestado.com\/danielmatos\/crefito-16-se-posiciona-contra-graduacao-a-distancia-em-fisioterapia\/\",\"name\":\"Crefito-16 se posiciona contra gradua\u00e7\u00e3o a dist\u00e2ncia em fisioterapia - Daniel Matos\",\"isPartOf\":{\"@id\":\"https:\/\/www.blogsoestado.com\/danielmatos\/#website\"},\"primaryImageOfPage\":{\"@id\":\"https:\/\/www.blogsoestado.com\/danielmatos\/crefito-16-se-posiciona-contra-graduacao-a-distancia-em-fisioterapia\/#primaryimage\"},\"image\":{\"@id\":\"https:\/\/www.blogsoestado.com\/danielmatos\/crefito-16-se-posiciona-contra-graduacao-a-distancia-em-fisioterapia\/#primaryimage\"},\"thumbnailUrl\":\"https:\/\/www.blogsoestado.com\/danielmatos\/files\/2019\/04\/crefito-contra-1024x768.jpg\",\"datePublished\":\"2019-04-04T13:24:58+00:00\",\"author\":{\"@id\":\"\"},\"breadcrumb\":{\"@id\":\"https:\/\/www.blogsoestado.com\/danielmatos\/crefito-16-se-posiciona-contra-graduacao-a-distancia-em-fisioterapia\/#breadcrumb\"},\"inLanguage\":\"pt-BR\",\"potentialAction\":[{\"@type\":\"ReadAction\",\"target\":[\"https:\/\/www.blogsoestado.com\/danielmatos\/crefito-16-se-posiciona-contra-graduacao-a-distancia-em-fisioterapia\/\"]}]},{\"@type\":\"ImageObject\",\"inLanguage\":\"pt-BR\",\"@id\":\"https:\/\/www.blogsoestado.com\/danielmatos\/crefito-16-se-posiciona-contra-graduacao-a-distancia-em-fisioterapia\/#primaryimage\",\"url\":\"https:\/\/www.blogsoestado.com\/danielmatos\/files\/2019\/04\/crefito-contra-1024x768.jpg\",\"contentUrl\":\"https:\/\/www.blogsoestado.com\/danielmatos\/files\/2019\/04\/crefito-contra-1024x768.jpg\"},{\"@type\":\"BreadcrumbList\",\"@id\":\"https:\/\/www.blogsoestado.com\/danielmatos\/crefito-16-se-posiciona-contra-graduacao-a-distancia-em-fisioterapia\/#breadcrumb\",\"itemListElement\":[{\"@type\":\"ListItem\",\"position\":1,\"name\":\"In\u00edcio\",\"item\":\"https:\/\/www.blogsoestado.com\/danielmatos\/\"},{\"@type\":\"ListItem\",\"position\":2,\"name\":\"Crefito-16 se posiciona contra gradua\u00e7\u00e3o a dist\u00e2ncia em fisioterapia\"}]},{\"@type\":\"WebSite\",\"@id\":\"https:\/\/www.blogsoestado.com\/danielmatos\/#website\",\"url\":\"https:\/\/www.blogsoestado.com\/danielmatos\/\",\"name\":\"Daniel Matos\",\"description\":\"\",\"potentialAction\":[{\"@type\":\"SearchAction\",\"target\":{\"@type\":\"EntryPoint\",\"urlTemplate\":\"https:\/\/www.blogsoestado.com\/danielmatos\/?s={search_term_string}\"},\"query-input\":{\"@type\":\"PropertyValueSpecification\",\"valueRequired\":true,\"valueName\":\"search_term_string\"}}],\"inLanguage\":\"pt-BR\"}]}<\/script>\n<!-- \/ Yoast SEO plugin. -->","yoast_head_json":{"title":"Crefito-16 se posiciona contra gradua\u00e7\u00e3o a dist\u00e2ncia em fisioterapia - Daniel Matos","robots":{"index":"index","follow":"follow","max-snippet":"max-snippet:-1","max-image-preview":"max-image-preview:large","max-video-preview":"max-video-preview:-1"},"canonical":"https:\/\/www.blogsoestado.com\/danielmatos\/crefito-16-se-posiciona-contra-graduacao-a-distancia-em-fisioterapia\/","og_locale":"pt_BR","og_type":"article","og_title":"Crefito-16 se posiciona contra gradua\u00e7\u00e3o a dist\u00e2ncia em fisioterapia - Daniel Matos","og_description":"Autarquia federal tem constantemente destacado preju\u00edzos da modalidade EaD nos cursos da \u00e1rea da sa\u00fade Na esteira do posicionamento das [&hellip;]","og_url":"https:\/\/www.blogsoestado.com\/danielmatos\/crefito-16-se-posiciona-contra-graduacao-a-distancia-em-fisioterapia\/","og_site_name":"Daniel Matos","article_published_time":"2019-04-04T13:24:58+00:00","og_image":[{"url":"https:\/\/www.blogsoestado.com\/danielmatos\/files\/2019\/04\/crefito-contra-1024x768.jpg","type":"","width":"","height":""}],"twitter_card":"summary_large_image","twitter_misc":{"Est. tempo de leitura":"3 minutos"},"schema":{"@context":"https:\/\/schema.org","@graph":[{"@type":"WebPage","@id":"https:\/\/www.blogsoestado.com\/danielmatos\/crefito-16-se-posiciona-contra-graduacao-a-distancia-em-fisioterapia\/","url":"https:\/\/www.blogsoestado.com\/danielmatos\/crefito-16-se-posiciona-contra-graduacao-a-distancia-em-fisioterapia\/","name":"Crefito-16 se posiciona contra gradua\u00e7\u00e3o a dist\u00e2ncia em fisioterapia - Daniel Matos","isPartOf":{"@id":"https:\/\/www.blogsoestado.com\/danielmatos\/#website"},"primaryImageOfPage":{"@id":"https:\/\/www.blogsoestado.com\/danielmatos\/crefito-16-se-posiciona-contra-graduacao-a-distancia-em-fisioterapia\/#primaryimage"},"image":{"@id":"https:\/\/www.blogsoestado.com\/danielmatos\/crefito-16-se-posiciona-contra-graduacao-a-distancia-em-fisioterapia\/#primaryimage"},"thumbnailUrl":"https:\/\/www.blogsoestado.com\/danielmatos\/files\/2019\/04\/crefito-contra-1024x768.jpg","datePublished":"2019-04-04T13:24:58+00:00","author":{"@id":""},"breadcrumb":{"@id":"https:\/\/www.blogsoestado.com\/danielmatos\/crefito-16-se-posiciona-contra-graduacao-a-distancia-em-fisioterapia\/#breadcrumb"},"inLanguage":"pt-BR","potentialAction":[{"@type":"ReadAction","target":["https:\/\/www.blogsoestado.com\/danielmatos\/crefito-16-se-posiciona-contra-graduacao-a-distancia-em-fisioterapia\/"]}]},{"@type":"ImageObject","inLanguage":"pt-BR","@id":"https:\/\/www.blogsoestado.com\/danielmatos\/crefito-16-se-posiciona-contra-graduacao-a-distancia-em-fisioterapia\/#primaryimage","url":"https:\/\/www.blogsoestado.com\/danielmatos\/files\/2019\/04\/crefito-contra-1024x768.jpg","contentUrl":"https:\/\/www.blogsoestado.com\/danielmatos\/files\/2019\/04\/crefito-contra-1024x768.jpg"},{"@type":"BreadcrumbList","@id":"https:\/\/www.blogsoestado.com\/danielmatos\/crefito-16-se-posiciona-contra-graduacao-a-distancia-em-fisioterapia\/#breadcrumb","itemListElement":[{"@type":"ListItem","position":1,"name":"In\u00edcio","item":"https:\/\/www.blogsoestado.com\/danielmatos\/"},{"@type":"ListItem","position":2,"name":"Crefito-16 se posiciona contra gradua\u00e7\u00e3o a dist\u00e2ncia em fisioterapia"}]},{"@type":"WebSite","@id":"https:\/\/www.blogsoestado.com\/danielmatos\/#website","url":"https:\/\/www.blogsoestado.com\/danielmatos\/","name":"Daniel Matos","description":"","potentialAction":[{"@type":"SearchAction","target":{"@type":"EntryPoint","urlTemplate":"https:\/\/www.blogsoestado.com\/danielmatos\/?s={search_term_string}"},"query-input":{"@type":"PropertyValueSpecification","valueRequired":true,"valueName":"search_term_string"}}],"inLanguage":"pt-BR"}]}},"jetpack_featured_media_url":"","_links":{"self":[{"href":"https:\/\/www.blogsoestado.com\/danielmatos\/wp-json\/wp\/v2\/posts\/61678","targetHints":{"allow":["GET"]}}],"collection":[{"href":"https:\/\/www.blogsoestado.com\/danielmatos\/wp-json\/wp\/v2\/posts"}],"about":[{"href":"https:\/\/www.blogsoestado.com\/danielmatos\/wp-json\/wp\/v2\/types\/post"}],"replies":[{"embeddable":true,"href":"https:\/\/www.blogsoestado.com\/danielmatos\/wp-json\/wp\/v2\/comments?post=61678"}],"version-history":[{"count":0,"href":"https:\/\/www.blogsoestado.com\/danielmatos\/wp-json\/wp\/v2\/posts\/61678\/revisions"}],"wp:attachment":[{"href":"https:\/\/www.blogsoestado.com\/danielmatos\/wp-json\/wp\/v2\/media?parent=61678"}],"wp:term":[{"taxonomy":"category","embeddable":true,"href":"https:\/\/www.blogsoestado.com\/danielmatos\/wp-json\/wp\/v2\/categories?post=61678"},{"taxonomy":"post_tag","embeddable":true,"href":"https:\/\/www.blogsoestado.com\/danielmatos\/wp-json\/wp\/v2\/tags?post=61678"}],"curies":[{"name":"wp","href":"https:\/\/api.w.org\/{rel}","templated":true}]}}