{"id":61688,"date":"2019-04-04T13:33:16","date_gmt":"2019-04-04T16:33:16","guid":{"rendered":"https:\/\/www.blogsoestado.com\/danielmatos\/?p=61688"},"modified":"2019-04-04T13:33:16","modified_gmt":"2019-04-04T16:33:16","slug":"eleicao-na-ufma-aposentadoria-antes-do-fim-do-mandato-de-reitor-e-fake-news","status":"publish","type":"post","link":"https:\/\/www.blogsoestado.com\/danielmatos\/eleicao-na-ufma-aposentadoria-antes-do-fim-do-mandato-de-reitor-e-fake-news\/","title":{"rendered":"Elei\u00e7\u00e3o na UFMA: aposentadoria antes do fim do mandato de reitor \u00e9 fake news"},"content":{"rendered":"\n<p><br> <\/p>\n\n\n\n<div class=\"wp-block-image\"><figure class=\"aligncenter\"><img decoding=\"async\" src=\"https:\/\/www.blogsoestado.com\/danielmatos\/files\/2019\/04\/UFMA-portico-de-entrada-1024x720.jpg\" alt=\"\" class=\"wp-image-61689\"\/><figcaption>Entrada da Cidade Universit\u00e1ria Dom Delgado, campus da UFMA, no Bacanga <\/figcaption><\/figure><\/div>\n\n\n\n<p>Derrotados na tentativa antidemocr\u00e1tica de tentar inviabilizar a candidatura de Natalino Salgado a reitor da UFMA, seus advers\u00e1rios espalham inverdades para confundir a opini\u00e3o p\u00fablica. Agora, em um reconhecimento p\u00fablico de que o ex-reitor venceria a consulta, criam fake news para ganhar algum f\u00f4lego na disputa.<\/p>\n\n\n\n<p>Na verdade, nos corredores da UFMA a pergunta \u00e9 uma s\u00f3. Qual seria a motiva\u00e7\u00e3o para tentar a todo custo impedir Natalino Salgado de concorrer? A resposta \u00e9 simples. A certeza que a esmagadora maioria da comunidade universit\u00e1ria quer a volta dele \u00e0 reitoria. <\/p>\n\n\n\n<p>Pretensos candidatos sem votos sabem que a \u00fanica forma de impedir isso seria tir\u00e1-lo do p\u00e1reo. Como perderam feio no Conselho Universit\u00e1rio, que rejeitou por 42 votos a 5 proposta casu\u00edstica de altera\u00e7\u00e3o no Regimento da UFMA, apelam para desqualificar a pr\u00e9-candidatura leg\u00edtima do ex-reitor. <\/p>\n\n\n\n<p>O CONSUN n\u00e3o se curvou a manobra da APRUMA e frustrou a tentativa de golpe, liquidando o assunto ao acusar a inconstitucionalidade da proposta. Insatisfeitos e movidos pelo desespero, advers\u00e1rios tentam manipular a informa\u00e7\u00e3o com artif\u00edcios fajutos a fim de dar um verniz de aparente legalidade aos seus interesses pessoais. <\/p>\n\n\n\n<p>Para atacar a candidatura de Salgado, alegam que a aposentadoria compuls\u00f3ria o obrigaria a deixar o cargo de reitor com apenas um ano e oito meses de mandato. Trata-se de uma manobra torpe de quem age no subterr\u00e2neo para arrastar a campanha ao n\u00edvel mais baixo.  <\/p>\n\n\n\n<p> <br><strong>Pareceres jur\u00eddicos<\/strong>    <\/p>\n\n\n\n<p>Pareceres jur\u00eddicos s\u00e3o categ\u00f3ricos ao apontar que o docente do ensino superior de universidade federal tem direito de permanecer no exerc\u00edcio do cargo de reitor at\u00e9 o fim do seu mandato, mesmo ap\u00f3s a aposentadoria volunt\u00e1ria ou compuls\u00f3ria do seu cargo de professor de provimento efetivo.<\/p>\n\n\n\n<p>Depois de dois mandatos e um legado para a UFMA que n\u00e3o encontra paralelo na hist\u00f3ria, Natalino Salgado poderia tranquilamente \u201cpendurar as chuteiras\u201d e se contentar com a honrosa posi\u00e7\u00e3o de o melhor reitor que a universidade j\u00e1 teve.  <\/p>\n\n\n\n<p>Mas, preferiu submeter novamente o seu nome \u00e0 comunidade universit\u00e1ria na consulta pr\u00e9via que vai escolher o reitor e o vice-reitor da institui\u00e7\u00e3o. Por motivos \u00f3bvios. O amor pela UFMA, o compromisso com a defesa da nossa maior universidade e o inconformismo com a grave situa\u00e7\u00e3o que a institui\u00e7\u00e3o vive hoje. Aqueles que torcem contra a UFMA n\u00e3o querem enxergar isso.<\/p>\n","protected":false},"excerpt":{"rendered":"<p>Derrotados na tentativa antidemocr\u00e1tica de tentar inviabilizar a candidatura de Natalino Salgado a reitor da UFMA, seus advers\u00e1rios espalham inverdades [&hellip;]<\/p>\n","protected":false},"author":0,"featured_media":0,"comment_status":"open","ping_status":"open","sticky":false,"template":"","format":"standard","meta":{"site-sidebar-layout":"default","site-content-layout":"","ast-site-content-layout":"default","site-content-style":"default","site-sidebar-style":"default","ast-global-header-display":"","ast-banner-title-visibility":"","ast-main-header-display":"","ast-hfb-above-header-display":"","ast-hfb-below-header-display":"","ast-hfb-mobile-header-display":"","site-post-title":"","ast-breadcrumbs-content":"","ast-featured-img":"","footer-sml-layout":"","ast-disable-related-posts":"","theme-transparent-header-meta":"","adv-header-id-meta":"","stick-header-meta":"","header-above-stick-meta":"","header-main-stick-meta":"","header-below-stick-meta":"","astra-migrate-meta-layouts":"default","ast-page-background-enabled":"default","ast-page-background-meta":{"desktop":{"background-color":"var(--ast-global-color-5)","background-image":"","background-repeat":"repeat","background-position":"center center","background-size":"auto","background-attachment":"scroll","background-type":"","background-media":"","overlay-type":"","overlay-color":"","overlay-opacity":"","overlay-gradient":""},"tablet":{"background-color":"","background-image":"","background-repeat":"repeat","background-position":"center center","background-size":"auto","background-attachment":"scroll","background-type":"","background-media":"","overlay-type":"","overlay-color":"","overlay-opacity":"","overlay-gradient":""},"mobile":{"background-color":"","background-image":"","background-repeat":"repeat","background-position":"center center","background-size":"auto","background-attachment":"scroll","background-type":"","background-media":"","overlay-type":"","overlay-color":"","overlay-opacity":"","overlay-gradient":""}},"ast-content-background-meta":{"desktop":{"background-color":"var(--ast-global-color-4)","background-image":"","background-repeat":"repeat","background-position":"center center","background-size":"auto","background-attachment":"scroll","background-type":"","background-media":"","overlay-type":"","overlay-color":"","overlay-opacity":"","overlay-gradient":""},"tablet":{"background-color":"var(--ast-global-color-4)","background-image":"","background-repeat":"repeat","background-position":"center center","background-size":"auto","background-attachment":"scroll","background-type":"","background-media":"","overlay-type":"","overlay-color":"","overlay-opacity":"","overlay-gradient":""},"mobile":{"background-color":"var(--ast-global-color-4)","background-image":"","background-repeat":"repeat","background-position":"center center","background-size":"auto","background-attachment":"scroll","background-type":"","background-media":"","overlay-type":"","overlay-color":"","overlay-opacity":"","overlay-gradient":""}},"footnotes":""},"categories":[1],"tags":[],"class_list":["post-61688","post","type-post","status-publish","format-standard","hentry","category-sem-categoria"],"yoast_head":"<!-- This site is optimized with the Yoast SEO plugin v26.6 - https:\/\/yoast.com\/wordpress\/plugins\/seo\/ -->\n<title>Elei\u00e7\u00e3o na UFMA: aposentadoria antes do fim do mandato de reitor \u00e9 fake news - Daniel Matos<\/title>\n<meta name=\"robots\" content=\"index, follow, max-snippet:-1, max-image-preview:large, max-video-preview:-1\" \/>\n<link rel=\"canonical\" href=\"https:\/\/www.blogsoestado.com\/danielmatos\/eleicao-na-ufma-aposentadoria-antes-do-fim-do-mandato-de-reitor-e-fake-news\/\" \/>\n<meta property=\"og:locale\" content=\"pt_BR\" \/>\n<meta property=\"og:type\" content=\"article\" \/>\n<meta property=\"og:title\" content=\"Elei\u00e7\u00e3o na UFMA: aposentadoria antes do fim do mandato de reitor \u00e9 fake news - Daniel Matos\" \/>\n<meta property=\"og:description\" content=\"Derrotados na tentativa antidemocr\u00e1tica de tentar inviabilizar a candidatura de Natalino Salgado a reitor da UFMA, seus advers\u00e1rios espalham inverdades [&hellip;]\" \/>\n<meta property=\"og:url\" content=\"https:\/\/www.blogsoestado.com\/danielmatos\/eleicao-na-ufma-aposentadoria-antes-do-fim-do-mandato-de-reitor-e-fake-news\/\" \/>\n<meta property=\"og:site_name\" content=\"Daniel Matos\" \/>\n<meta property=\"article:published_time\" content=\"2019-04-04T16:33:16+00:00\" \/>\n<meta property=\"og:image\" content=\"https:\/\/www.blogsoestado.com\/danielmatos\/files\/2019\/04\/UFMA-portico-de-entrada-1024x720.jpg\" \/>\n<meta name=\"twitter:card\" content=\"summary_large_image\" \/>\n<meta name=\"twitter:label1\" content=\"Est. tempo de leitura\" \/>\n\t<meta name=\"twitter:data1\" content=\"2 minutos\" \/>\n<script type=\"application\/ld+json\" class=\"yoast-schema-graph\">{\"@context\":\"https:\/\/schema.org\",\"@graph\":[{\"@type\":\"WebPage\",\"@id\":\"https:\/\/www.blogsoestado.com\/danielmatos\/eleicao-na-ufma-aposentadoria-antes-do-fim-do-mandato-de-reitor-e-fake-news\/\",\"url\":\"https:\/\/www.blogsoestado.com\/danielmatos\/eleicao-na-ufma-aposentadoria-antes-do-fim-do-mandato-de-reitor-e-fake-news\/\",\"name\":\"Elei\u00e7\u00e3o na UFMA: aposentadoria antes do fim do mandato de reitor \u00e9 fake news - Daniel Matos\",\"isPartOf\":{\"@id\":\"https:\/\/www.blogsoestado.com\/danielmatos\/#website\"},\"primaryImageOfPage\":{\"@id\":\"https:\/\/www.blogsoestado.com\/danielmatos\/eleicao-na-ufma-aposentadoria-antes-do-fim-do-mandato-de-reitor-e-fake-news\/#primaryimage\"},\"image\":{\"@id\":\"https:\/\/www.blogsoestado.com\/danielmatos\/eleicao-na-ufma-aposentadoria-antes-do-fim-do-mandato-de-reitor-e-fake-news\/#primaryimage\"},\"thumbnailUrl\":\"https:\/\/www.blogsoestado.com\/danielmatos\/files\/2019\/04\/UFMA-portico-de-entrada-1024x720.jpg\",\"datePublished\":\"2019-04-04T16:33:16+00:00\",\"author\":{\"@id\":\"\"},\"breadcrumb\":{\"@id\":\"https:\/\/www.blogsoestado.com\/danielmatos\/eleicao-na-ufma-aposentadoria-antes-do-fim-do-mandato-de-reitor-e-fake-news\/#breadcrumb\"},\"inLanguage\":\"pt-BR\",\"potentialAction\":[{\"@type\":\"ReadAction\",\"target\":[\"https:\/\/www.blogsoestado.com\/danielmatos\/eleicao-na-ufma-aposentadoria-antes-do-fim-do-mandato-de-reitor-e-fake-news\/\"]}]},{\"@type\":\"ImageObject\",\"inLanguage\":\"pt-BR\",\"@id\":\"https:\/\/www.blogsoestado.com\/danielmatos\/eleicao-na-ufma-aposentadoria-antes-do-fim-do-mandato-de-reitor-e-fake-news\/#primaryimage\",\"url\":\"https:\/\/www.blogsoestado.com\/danielmatos\/files\/2019\/04\/UFMA-portico-de-entrada-1024x720.jpg\",\"contentUrl\":\"https:\/\/www.blogsoestado.com\/danielmatos\/files\/2019\/04\/UFMA-portico-de-entrada-1024x720.jpg\"},{\"@type\":\"BreadcrumbList\",\"@id\":\"https:\/\/www.blogsoestado.com\/danielmatos\/eleicao-na-ufma-aposentadoria-antes-do-fim-do-mandato-de-reitor-e-fake-news\/#breadcrumb\",\"itemListElement\":[{\"@type\":\"ListItem\",\"position\":1,\"name\":\"In\u00edcio\",\"item\":\"https:\/\/www.blogsoestado.com\/danielmatos\/\"},{\"@type\":\"ListItem\",\"position\":2,\"name\":\"Elei\u00e7\u00e3o na UFMA: aposentadoria antes do fim do mandato de reitor \u00e9 fake news\"}]},{\"@type\":\"WebSite\",\"@id\":\"https:\/\/www.blogsoestado.com\/danielmatos\/#website\",\"url\":\"https:\/\/www.blogsoestado.com\/danielmatos\/\",\"name\":\"Daniel Matos\",\"description\":\"\",\"potentialAction\":[{\"@type\":\"SearchAction\",\"target\":{\"@type\":\"EntryPoint\",\"urlTemplate\":\"https:\/\/www.blogsoestado.com\/danielmatos\/?s={search_term_string}\"},\"query-input\":{\"@type\":\"PropertyValueSpecification\",\"valueRequired\":true,\"valueName\":\"search_term_string\"}}],\"inLanguage\":\"pt-BR\"}]}<\/script>\n<!-- \/ Yoast SEO plugin. -->","yoast_head_json":{"title":"Elei\u00e7\u00e3o na UFMA: aposentadoria antes do fim do mandato de reitor \u00e9 fake news - Daniel Matos","robots":{"index":"index","follow":"follow","max-snippet":"max-snippet:-1","max-image-preview":"max-image-preview:large","max-video-preview":"max-video-preview:-1"},"canonical":"https:\/\/www.blogsoestado.com\/danielmatos\/eleicao-na-ufma-aposentadoria-antes-do-fim-do-mandato-de-reitor-e-fake-news\/","og_locale":"pt_BR","og_type":"article","og_title":"Elei\u00e7\u00e3o na UFMA: aposentadoria antes do fim do mandato de reitor \u00e9 fake news - Daniel Matos","og_description":"Derrotados na tentativa antidemocr\u00e1tica de tentar inviabilizar a candidatura de Natalino Salgado a reitor da UFMA, seus advers\u00e1rios espalham inverdades [&hellip;]","og_url":"https:\/\/www.blogsoestado.com\/danielmatos\/eleicao-na-ufma-aposentadoria-antes-do-fim-do-mandato-de-reitor-e-fake-news\/","og_site_name":"Daniel Matos","article_published_time":"2019-04-04T16:33:16+00:00","og_image":[{"url":"https:\/\/www.blogsoestado.com\/danielmatos\/files\/2019\/04\/UFMA-portico-de-entrada-1024x720.jpg","type":"","width":"","height":""}],"twitter_card":"summary_large_image","twitter_misc":{"Est. tempo de leitura":"2 minutos"},"schema":{"@context":"https:\/\/schema.org","@graph":[{"@type":"WebPage","@id":"https:\/\/www.blogsoestado.com\/danielmatos\/eleicao-na-ufma-aposentadoria-antes-do-fim-do-mandato-de-reitor-e-fake-news\/","url":"https:\/\/www.blogsoestado.com\/danielmatos\/eleicao-na-ufma-aposentadoria-antes-do-fim-do-mandato-de-reitor-e-fake-news\/","name":"Elei\u00e7\u00e3o na UFMA: aposentadoria antes do fim do mandato de reitor \u00e9 fake news - Daniel Matos","isPartOf":{"@id":"https:\/\/www.blogsoestado.com\/danielmatos\/#website"},"primaryImageOfPage":{"@id":"https:\/\/www.blogsoestado.com\/danielmatos\/eleicao-na-ufma-aposentadoria-antes-do-fim-do-mandato-de-reitor-e-fake-news\/#primaryimage"},"image":{"@id":"https:\/\/www.blogsoestado.com\/danielmatos\/eleicao-na-ufma-aposentadoria-antes-do-fim-do-mandato-de-reitor-e-fake-news\/#primaryimage"},"thumbnailUrl":"https:\/\/www.blogsoestado.com\/danielmatos\/files\/2019\/04\/UFMA-portico-de-entrada-1024x720.jpg","datePublished":"2019-04-04T16:33:16+00:00","author":{"@id":""},"breadcrumb":{"@id":"https:\/\/www.blogsoestado.com\/danielmatos\/eleicao-na-ufma-aposentadoria-antes-do-fim-do-mandato-de-reitor-e-fake-news\/#breadcrumb"},"inLanguage":"pt-BR","potentialAction":[{"@type":"ReadAction","target":["https:\/\/www.blogsoestado.com\/danielmatos\/eleicao-na-ufma-aposentadoria-antes-do-fim-do-mandato-de-reitor-e-fake-news\/"]}]},{"@type":"ImageObject","inLanguage":"pt-BR","@id":"https:\/\/www.blogsoestado.com\/danielmatos\/eleicao-na-ufma-aposentadoria-antes-do-fim-do-mandato-de-reitor-e-fake-news\/#primaryimage","url":"https:\/\/www.blogsoestado.com\/danielmatos\/files\/2019\/04\/UFMA-portico-de-entrada-1024x720.jpg","contentUrl":"https:\/\/www.blogsoestado.com\/danielmatos\/files\/2019\/04\/UFMA-portico-de-entrada-1024x720.jpg"},{"@type":"BreadcrumbList","@id":"https:\/\/www.blogsoestado.com\/danielmatos\/eleicao-na-ufma-aposentadoria-antes-do-fim-do-mandato-de-reitor-e-fake-news\/#breadcrumb","itemListElement":[{"@type":"ListItem","position":1,"name":"In\u00edcio","item":"https:\/\/www.blogsoestado.com\/danielmatos\/"},{"@type":"ListItem","position":2,"name":"Elei\u00e7\u00e3o na UFMA: aposentadoria antes do fim do mandato de reitor \u00e9 fake news"}]},{"@type":"WebSite","@id":"https:\/\/www.blogsoestado.com\/danielmatos\/#website","url":"https:\/\/www.blogsoestado.com\/danielmatos\/","name":"Daniel Matos","description":"","potentialAction":[{"@type":"SearchAction","target":{"@type":"EntryPoint","urlTemplate":"https:\/\/www.blogsoestado.com\/danielmatos\/?s={search_term_string}"},"query-input":{"@type":"PropertyValueSpecification","valueRequired":true,"valueName":"search_term_string"}}],"inLanguage":"pt-BR"}]}},"jetpack_featured_media_url":"","_links":{"self":[{"href":"https:\/\/www.blogsoestado.com\/danielmatos\/wp-json\/wp\/v2\/posts\/61688","targetHints":{"allow":["GET"]}}],"collection":[{"href":"https:\/\/www.blogsoestado.com\/danielmatos\/wp-json\/wp\/v2\/posts"}],"about":[{"href":"https:\/\/www.blogsoestado.com\/danielmatos\/wp-json\/wp\/v2\/types\/post"}],"replies":[{"embeddable":true,"href":"https:\/\/www.blogsoestado.com\/danielmatos\/wp-json\/wp\/v2\/comments?post=61688"}],"version-history":[{"count":0,"href":"https:\/\/www.blogsoestado.com\/danielmatos\/wp-json\/wp\/v2\/posts\/61688\/revisions"}],"wp:attachment":[{"href":"https:\/\/www.blogsoestado.com\/danielmatos\/wp-json\/wp\/v2\/media?parent=61688"}],"wp:term":[{"taxonomy":"category","embeddable":true,"href":"https:\/\/www.blogsoestado.com\/danielmatos\/wp-json\/wp\/v2\/categories?post=61688"},{"taxonomy":"post_tag","embeddable":true,"href":"https:\/\/www.blogsoestado.com\/danielmatos\/wp-json\/wp\/v2\/tags?post=61688"}],"curies":[{"name":"wp","href":"https:\/\/api.w.org\/{rel}","templated":true}]}}