{"id":61705,"date":"2019-04-04T18:22:28","date_gmt":"2019-04-04T21:22:28","guid":{"rendered":"https:\/\/www.blogsoestado.com\/danielmatos\/?p=61705"},"modified":"2019-04-04T18:22:28","modified_gmt":"2019-04-04T21:22:28","slug":"bomba-consorcio-perde-concessoes-de-linhas-de-onibus-em-sao-luis-por-nao-renovar-frota","status":"publish","type":"post","link":"https:\/\/www.blogsoestado.com\/danielmatos\/bomba-consorcio-perde-concessoes-de-linhas-de-onibus-em-sao-luis-por-nao-renovar-frota\/","title":{"rendered":"Bomba: cons\u00f3rcio perde concess\u00f5es de linhas de \u00f4nibus em S\u00e3o Lu\u00eds por n\u00e3o renovar frota"},"content":{"rendered":"\n<figure class=\"wp-block-image\"><img decoding=\"async\" src=\"https:\/\/www.blogsoestado.com\/danielmatos\/files\/2019\/04\/taja\u00e7uaba-1024x974.jpg\" alt=\"\" class=\"wp-image-61711\"\/><figcaption>\u00d4nibus da linha Taja\u00e7uaba deixou de circular por for\u00e7a de portaria da SMTT<\/figcaption><\/figure>\n\n\n\n<p>O Cons\u00f3rcio Via SL, formado pelas empresas S\u00e3o Miguel e Rei de Fran\u00e7a, perdeu as concess\u00e3o de todas as linhas de \u00f4nibus que vinha explorando no Sistema Integrado de Transporte (SIT) de S\u00e3o Lu\u00eds por n\u00e3o ter renovado sua frota, conforme prev\u00ea o contrato da concorr\u00eancia p\u00fablica em vigor desde setembro de 2016. A exclus\u00e3o do cons\u00f3rcio se deu por for\u00e7a da Portaria 58\/2019, baixada pela Secretaria Municipal de Tr\u00e2nsito e Transportes (SMTT), semana passada.<\/p>\n\n\n\n<p>O Cons\u00f3rcio Via SL, que opera 39 rotas e 1.177 paradas de \u00f4nibus na capital, teria que renovar 67 ve\u00edculos de sua frota em fevereiro deste ano, quando os mesmos completariam 10 anos de utiliza\u00e7\u00e3o. A idade-limite para circula\u00e7\u00e3o no sistema de transporte p\u00fablico da capital est\u00e1 estabelecida no contrato da licita\u00e7\u00e3o realizada pela Prefeitura de S\u00e3o Lu\u00eds, do qual sa\u00edram vencedores, al\u00e9m do Cons\u00f3rcio Via SL, os cons\u00f3rcios Central e Upaon-A\u00e7u e a Via\u00e7\u00e3o Primor.<\/p>\n\n\n\n<p>As linhas exclu\u00eddas operavam em bairros como Santa B\u00e1rbara, Cajupe, Vila Cascavel, Mato Grosso e Taja\u00e7oaba. Todas t\u00eam como ponto-base o Terminal de Integra\u00e7\u00e3o do S\u00e3o Crist\u00f3v\u00e3o. Com a perda das concess\u00f5es, coletivos de outros cons\u00f3rcios passar a operar as rotas como substitutas. Uma delas \u00e9 a linha Residencial Alexandra Tavares, que est\u00e1 sendo atendida pelo Cons\u00f3rcio Upaon-A\u00e7u.      <\/p>\n\n\n\n<p><strong>Justi\u00e7a<\/strong><\/p>\n\n\n\n<p>O imbr\u00f3glio envolvendo a Cons\u00f3rcio Via SL e a Prefeitura de S\u00e3o Lu\u00eds acerca da obrigatoriedade de renova\u00e7\u00e3o da frota quando os \u00f4nibus completarem 10 anos de uso, contados a partir da data de fabrica\u00e7\u00e3o, foi parar na Justi\u00e7a. A diverg\u00eancia se deu quanto ao per\u00edodo exato em que os coletivos deveriam ser substitu\u00eddos. Enquanto o cons\u00f3rcio alegava que a troca dos ve\u00edculos s\u00f3 deveria ocorrer ao final do 10\u00ba ano, ou seja, em 2020, o Munic\u00edpio exigia que os \u00f4nibus novos deveriam ser introduzidos na data exata em que os mesmos completassem uma d\u00e9cada de encarro\u00e7amento. <\/p>\n\n\n\n<p><a href=\"https:\/\/www.jusbrasil.com.br\/diarios\/documentos\/688710307\/andamento-do-processo-n-0808080-9720198100001-22-03-2019-do-tjma?ref=topic_feed\">Ao julgar mandado de seguran\u00e7a, com pedido de liminar<\/a>, impetrado pelo Cons\u00f3rcio Via SL, alegando que n\u00e3o houve tempo h\u00e1bil para a substitui\u00e7\u00e3o e que esta s\u00f3 deveria se dar no m\u00eas anterior ao anivers\u00e1rio de 11 anos, a ju\u00edza Alexandra Ferraz Lopez, da 7\u00aa Vara da Fazenda P\u00fablica da capital, deu ganho de causa \u00e0 Prefeitura de S\u00e3o Lu\u00eds. <\/p>\n\n\n\n<p>&#8220;Quanto ao argumento de que n\u00e3o houve tempo h\u00e1bil para renova\u00e7\u00e3o, este n\u00e3o merece guarida, pois o contrato foi claro ao estipular o prazo de dez anos para renova\u00e7\u00e3o da frota; logo, a empresa impetrante sempre teve ci\u00eancia de que a frota de ve\u00edculos deveria ser renovada t\u00e3o logo os \u00f4nibus atingissem o per\u00edodo disposto na legisla\u00e7\u00e3o e no edital. Dessa forma, por n\u00e3o entender presente os requisitos autorizadores, INDEFIRO a tutela antecipada pretendida&#8221;, decidiu a magistrada.    <\/p>\n","protected":false},"excerpt":{"rendered":"<p>O Cons\u00f3rcio Via SL, formado pelas empresas S\u00e3o Miguel e Rei de Fran\u00e7a, perdeu as concess\u00e3o de todas as linhas [&hellip;]<\/p>\n","protected":false},"author":0,"featured_media":0,"comment_status":"open","ping_status":"open","sticky":false,"template":"","format":"standard","meta":{"site-sidebar-layout":"default","site-content-layout":"","ast-site-content-layout":"default","site-content-style":"default","site-sidebar-style":"default","ast-global-header-display":"","ast-banner-title-visibility":"","ast-main-header-display":"","ast-hfb-above-header-display":"","ast-hfb-below-header-display":"","ast-hfb-mobile-header-display":"","site-post-title":"","ast-breadcrumbs-content":"","ast-featured-img":"","footer-sml-layout":"","ast-disable-related-posts":"","theme-transparent-header-meta":"","adv-header-id-meta":"","stick-header-meta":"","header-above-stick-meta":"","header-main-stick-meta":"","header-below-stick-meta":"","astra-migrate-meta-layouts":"default","ast-page-background-enabled":"default","ast-page-background-meta":{"desktop":{"background-color":"var(--ast-global-color-5)","background-image":"","background-repeat":"repeat","background-position":"center center","background-size":"auto","background-attachment":"scroll","background-type":"","background-media":"","overlay-type":"","overlay-color":"","overlay-opacity":"","overlay-gradient":""},"tablet":{"background-color":"","background-image":"","background-repeat":"repeat","background-position":"center center","background-size":"auto","background-attachment":"scroll","background-type":"","background-media":"","overlay-type":"","overlay-color":"","overlay-opacity":"","overlay-gradient":""},"mobile":{"background-color":"","background-image":"","background-repeat":"repeat","background-position":"center center","background-size":"auto","background-attachment":"scroll","background-type":"","background-media":"","overlay-type":"","overlay-color":"","overlay-opacity":"","overlay-gradient":""}},"ast-content-background-meta":{"desktop":{"background-color":"var(--ast-global-color-4)","background-image":"","background-repeat":"repeat","background-position":"center center","background-size":"auto","background-attachment":"scroll","background-type":"","background-media":"","overlay-type":"","overlay-color":"","overlay-opacity":"","overlay-gradient":""},"tablet":{"background-color":"var(--ast-global-color-4)","background-image":"","background-repeat":"repeat","background-position":"center center","background-size":"auto","background-attachment":"scroll","background-type":"","background-media":"","overlay-type":"","overlay-color":"","overlay-opacity":"","overlay-gradient":""},"mobile":{"background-color":"var(--ast-global-color-4)","background-image":"","background-repeat":"repeat","background-position":"center center","background-size":"auto","background-attachment":"scroll","background-type":"","background-media":"","overlay-type":"","overlay-color":"","overlay-opacity":"","overlay-gradient":""}},"footnotes":""},"categories":[1],"tags":[],"class_list":["post-61705","post","type-post","status-publish","format-standard","hentry","category-sem-categoria"],"yoast_head":"<!-- This site is optimized with the Yoast SEO plugin v26.6 - https:\/\/yoast.com\/wordpress\/plugins\/seo\/ -->\n<title>Bomba: cons\u00f3rcio perde concess\u00f5es de linhas de \u00f4nibus em S\u00e3o Lu\u00eds por n\u00e3o renovar frota - Daniel Matos<\/title>\n<meta name=\"robots\" content=\"index, follow, max-snippet:-1, max-image-preview:large, max-video-preview:-1\" \/>\n<link rel=\"canonical\" href=\"https:\/\/www.blogsoestado.com\/danielmatos\/bomba-consorcio-perde-concessoes-de-linhas-de-onibus-em-sao-luis-por-nao-renovar-frota\/\" \/>\n<meta property=\"og:locale\" content=\"pt_BR\" \/>\n<meta property=\"og:type\" content=\"article\" \/>\n<meta property=\"og:title\" content=\"Bomba: cons\u00f3rcio perde concess\u00f5es de linhas de \u00f4nibus em S\u00e3o Lu\u00eds por n\u00e3o renovar frota - Daniel Matos\" \/>\n<meta property=\"og:description\" content=\"O Cons\u00f3rcio Via SL, formado pelas empresas S\u00e3o Miguel e Rei de Fran\u00e7a, perdeu as concess\u00e3o de todas as linhas [&hellip;]\" \/>\n<meta property=\"og:url\" content=\"https:\/\/www.blogsoestado.com\/danielmatos\/bomba-consorcio-perde-concessoes-de-linhas-de-onibus-em-sao-luis-por-nao-renovar-frota\/\" \/>\n<meta property=\"og:site_name\" content=\"Daniel Matos\" \/>\n<meta property=\"article:published_time\" content=\"2019-04-04T21:22:28+00:00\" \/>\n<meta name=\"twitter:card\" content=\"summary_large_image\" \/>\n<meta name=\"twitter:label1\" content=\"Est. tempo de leitura\" \/>\n\t<meta name=\"twitter:data1\" content=\"3 minutos\" \/>\n<script type=\"application\/ld+json\" class=\"yoast-schema-graph\">{\"@context\":\"https:\/\/schema.org\",\"@graph\":[{\"@type\":\"WebPage\",\"@id\":\"https:\/\/www.blogsoestado.com\/danielmatos\/bomba-consorcio-perde-concessoes-de-linhas-de-onibus-em-sao-luis-por-nao-renovar-frota\/\",\"url\":\"https:\/\/www.blogsoestado.com\/danielmatos\/bomba-consorcio-perde-concessoes-de-linhas-de-onibus-em-sao-luis-por-nao-renovar-frota\/\",\"name\":\"Bomba: cons\u00f3rcio perde concess\u00f5es de linhas de \u00f4nibus em S\u00e3o Lu\u00eds por n\u00e3o renovar frota - Daniel Matos\",\"isPartOf\":{\"@id\":\"https:\/\/www.blogsoestado.com\/danielmatos\/#website\"},\"datePublished\":\"2019-04-04T21:22:28+00:00\",\"author\":{\"@id\":\"\"},\"breadcrumb\":{\"@id\":\"https:\/\/www.blogsoestado.com\/danielmatos\/bomba-consorcio-perde-concessoes-de-linhas-de-onibus-em-sao-luis-por-nao-renovar-frota\/#breadcrumb\"},\"inLanguage\":\"pt-BR\",\"potentialAction\":[{\"@type\":\"ReadAction\",\"target\":[\"https:\/\/www.blogsoestado.com\/danielmatos\/bomba-consorcio-perde-concessoes-de-linhas-de-onibus-em-sao-luis-por-nao-renovar-frota\/\"]}]},{\"@type\":\"BreadcrumbList\",\"@id\":\"https:\/\/www.blogsoestado.com\/danielmatos\/bomba-consorcio-perde-concessoes-de-linhas-de-onibus-em-sao-luis-por-nao-renovar-frota\/#breadcrumb\",\"itemListElement\":[{\"@type\":\"ListItem\",\"position\":1,\"name\":\"In\u00edcio\",\"item\":\"https:\/\/www.blogsoestado.com\/danielmatos\/\"},{\"@type\":\"ListItem\",\"position\":2,\"name\":\"Bomba: cons\u00f3rcio perde concess\u00f5es de linhas de \u00f4nibus em S\u00e3o Lu\u00eds por n\u00e3o renovar frota\"}]},{\"@type\":\"WebSite\",\"@id\":\"https:\/\/www.blogsoestado.com\/danielmatos\/#website\",\"url\":\"https:\/\/www.blogsoestado.com\/danielmatos\/\",\"name\":\"Daniel Matos\",\"description\":\"\",\"potentialAction\":[{\"@type\":\"SearchAction\",\"target\":{\"@type\":\"EntryPoint\",\"urlTemplate\":\"https:\/\/www.blogsoestado.com\/danielmatos\/?s={search_term_string}\"},\"query-input\":{\"@type\":\"PropertyValueSpecification\",\"valueRequired\":true,\"valueName\":\"search_term_string\"}}],\"inLanguage\":\"pt-BR\"}]}<\/script>\n<!-- \/ Yoast SEO plugin. -->","yoast_head_json":{"title":"Bomba: cons\u00f3rcio perde concess\u00f5es de linhas de \u00f4nibus em S\u00e3o Lu\u00eds por n\u00e3o renovar frota - Daniel Matos","robots":{"index":"index","follow":"follow","max-snippet":"max-snippet:-1","max-image-preview":"max-image-preview:large","max-video-preview":"max-video-preview:-1"},"canonical":"https:\/\/www.blogsoestado.com\/danielmatos\/bomba-consorcio-perde-concessoes-de-linhas-de-onibus-em-sao-luis-por-nao-renovar-frota\/","og_locale":"pt_BR","og_type":"article","og_title":"Bomba: cons\u00f3rcio perde concess\u00f5es de linhas de \u00f4nibus em S\u00e3o Lu\u00eds por n\u00e3o renovar frota - Daniel Matos","og_description":"O Cons\u00f3rcio Via SL, formado pelas empresas S\u00e3o Miguel e Rei de Fran\u00e7a, perdeu as concess\u00e3o de todas as linhas [&hellip;]","og_url":"https:\/\/www.blogsoestado.com\/danielmatos\/bomba-consorcio-perde-concessoes-de-linhas-de-onibus-em-sao-luis-por-nao-renovar-frota\/","og_site_name":"Daniel Matos","article_published_time":"2019-04-04T21:22:28+00:00","twitter_card":"summary_large_image","twitter_misc":{"Est. tempo de leitura":"3 minutos"},"schema":{"@context":"https:\/\/schema.org","@graph":[{"@type":"WebPage","@id":"https:\/\/www.blogsoestado.com\/danielmatos\/bomba-consorcio-perde-concessoes-de-linhas-de-onibus-em-sao-luis-por-nao-renovar-frota\/","url":"https:\/\/www.blogsoestado.com\/danielmatos\/bomba-consorcio-perde-concessoes-de-linhas-de-onibus-em-sao-luis-por-nao-renovar-frota\/","name":"Bomba: cons\u00f3rcio perde concess\u00f5es de linhas de \u00f4nibus em S\u00e3o Lu\u00eds por n\u00e3o renovar frota - Daniel Matos","isPartOf":{"@id":"https:\/\/www.blogsoestado.com\/danielmatos\/#website"},"datePublished":"2019-04-04T21:22:28+00:00","author":{"@id":""},"breadcrumb":{"@id":"https:\/\/www.blogsoestado.com\/danielmatos\/bomba-consorcio-perde-concessoes-de-linhas-de-onibus-em-sao-luis-por-nao-renovar-frota\/#breadcrumb"},"inLanguage":"pt-BR","potentialAction":[{"@type":"ReadAction","target":["https:\/\/www.blogsoestado.com\/danielmatos\/bomba-consorcio-perde-concessoes-de-linhas-de-onibus-em-sao-luis-por-nao-renovar-frota\/"]}]},{"@type":"BreadcrumbList","@id":"https:\/\/www.blogsoestado.com\/danielmatos\/bomba-consorcio-perde-concessoes-de-linhas-de-onibus-em-sao-luis-por-nao-renovar-frota\/#breadcrumb","itemListElement":[{"@type":"ListItem","position":1,"name":"In\u00edcio","item":"https:\/\/www.blogsoestado.com\/danielmatos\/"},{"@type":"ListItem","position":2,"name":"Bomba: cons\u00f3rcio perde concess\u00f5es de linhas de \u00f4nibus em S\u00e3o Lu\u00eds por n\u00e3o renovar frota"}]},{"@type":"WebSite","@id":"https:\/\/www.blogsoestado.com\/danielmatos\/#website","url":"https:\/\/www.blogsoestado.com\/danielmatos\/","name":"Daniel Matos","description":"","potentialAction":[{"@type":"SearchAction","target":{"@type":"EntryPoint","urlTemplate":"https:\/\/www.blogsoestado.com\/danielmatos\/?s={search_term_string}"},"query-input":{"@type":"PropertyValueSpecification","valueRequired":true,"valueName":"search_term_string"}}],"inLanguage":"pt-BR"}]}},"jetpack_featured_media_url":"","_links":{"self":[{"href":"https:\/\/www.blogsoestado.com\/danielmatos\/wp-json\/wp\/v2\/posts\/61705","targetHints":{"allow":["GET"]}}],"collection":[{"href":"https:\/\/www.blogsoestado.com\/danielmatos\/wp-json\/wp\/v2\/posts"}],"about":[{"href":"https:\/\/www.blogsoestado.com\/danielmatos\/wp-json\/wp\/v2\/types\/post"}],"replies":[{"embeddable":true,"href":"https:\/\/www.blogsoestado.com\/danielmatos\/wp-json\/wp\/v2\/comments?post=61705"}],"version-history":[{"count":0,"href":"https:\/\/www.blogsoestado.com\/danielmatos\/wp-json\/wp\/v2\/posts\/61705\/revisions"}],"wp:attachment":[{"href":"https:\/\/www.blogsoestado.com\/danielmatos\/wp-json\/wp\/v2\/media?parent=61705"}],"wp:term":[{"taxonomy":"category","embeddable":true,"href":"https:\/\/www.blogsoestado.com\/danielmatos\/wp-json\/wp\/v2\/categories?post=61705"},{"taxonomy":"post_tag","embeddable":true,"href":"https:\/\/www.blogsoestado.com\/danielmatos\/wp-json\/wp\/v2\/tags?post=61705"}],"curies":[{"name":"wp","href":"https:\/\/api.w.org\/{rel}","templated":true}]}}