{"id":61717,"date":"2019-04-05T05:23:09","date_gmt":"2019-04-05T08:23:09","guid":{"rendered":"https:\/\/www.blogsoestado.com\/danielmatos\/?p=61717"},"modified":"2019-04-05T05:23:09","modified_gmt":"2019-04-05T08:23:09","slug":"forro-pe-de-serra-na-choperia-marcelo-em-sao-luis","status":"publish","type":"post","link":"https:\/\/www.blogsoestado.com\/danielmatos\/forro-pe-de-serra-na-choperia-marcelo-em-sao-luis\/","title":{"rendered":"Forr\u00f3 p\u00e9 de serra na Choperia Marcelo, em S\u00e3o Lu\u00eds"},"content":{"rendered":"\n<div class=\"wp-block-image\"><figure class=\"aligncenter\"><img decoding=\"async\" src=\"https:\/\/www.blogsoestado.com\/danielmatos\/files\/2019\/04\/IMG-20190405-WA0001-722x1024.jpg\" alt=\"\" class=\"wp-image-61718\"\/><\/figure><\/div>\n\n\n\n<p>Sauda\u00e7\u00f5es!<\/p>\n\n\n\n<p>Chega a S\u00e3o Lu\u00eds uma nova op\u00e7\u00e3o cultural. O espa\u00e7o foi batizado de \u201cSabad\u00e3o com Fole\u201d com estreia marcada para o dia 6 de abril, a partir das 16h, na Chopperia Marcelo, no Bairro da forquilha, em S\u00e3o Lu\u00eds.<\/p>\n\n\n\n<p>O \u201cS\u00e1bad\u00e3o com Fole\u201d ser\u00e1 mais uma oportunidade para apreciar a m\u00fasica regional. Grupos e atra\u00e7\u00f5es locais ir\u00e3o se revezar durante quatro horas, em cada s\u00e1bado, com repert\u00f3rios diferenciados, tendo prioridade can\u00e7\u00f5es de Luiz Gonzaga, Dominguinhos, Jo\u00e3o do Vale, Fl\u00e1vio Jos\u00e9, Alcymar Monteiro, Jackson do Pandeiro, Fl\u00e1vio Leandro, Elba Ramalho, Nando Cordel, Alceu Valen\u00e7a, Jorge de Altinho, Genival Lacerda, Gilberto Gil, Fagner, Falamansa e muitos outros nomes consagrados da aut\u00eantica m\u00fasica nordestina. <\/p>\n\n\n\n<p>No dia 6 de abril, com entrada franca, C\u00edcero, &#8220;Forr\u00f3 Pegado&#8221; e D\u00e1rio Rubens v\u00e3o receber convidados para uma tarde\/noite de muito forr\u00f3. O \u201cS\u00e1bad\u00e3o com Fole\u201d ocorrer\u00e1, todos os s\u00e1bados,  na Chopperia Marcelo, das 16h \u00e0s 20h.<\/p>\n\n\n\n<p>Para seu Raimundinho do grupo &#8220;P\u00e9 no Ch\u00e3o&#8221;, &#8220;ser\u00e1 um espa\u00e7o importante, uma casa j\u00e1 conhecida que abre as portas para quem gosta de dan\u00e7ar e curtir o forr\u00f3 p\u00e9 de serra&#8221;. <\/p>\n\n\n\n<p>O \u201cS\u00e1bad\u00e3o com Fole\u201d est\u00e1 confirmado, para uma boa temporada. <\/p>\n\n\n\n<p>S\u00f3 depende de n\u00f3s\u2026<\/p>\n\n\n\n<p>Venha participar!<\/p>\n\n\n\n<p>Um abra\u00e7o!<\/p>\n\n\n\n<p><strong>Informa\u00e7\u00f5es<\/strong>: (98) 99972-7051<\/p>\n","protected":false},"excerpt":{"rendered":"<p>Sauda\u00e7\u00f5es! Chega a S\u00e3o Lu\u00eds uma nova op\u00e7\u00e3o cultural. O espa\u00e7o foi batizado de \u201cSabad\u00e3o com Fole\u201d com estreia marcada [&hellip;]<\/p>\n","protected":false},"author":0,"featured_media":0,"comment_status":"open","ping_status":"open","sticky":false,"template":"","format":"standard","meta":{"site-sidebar-layout":"default","site-content-layout":"","ast-site-content-layout":"default","site-content-style":"default","site-sidebar-style":"default","ast-global-header-display":"","ast-banner-title-visibility":"","ast-main-header-display":"","ast-hfb-above-header-display":"","ast-hfb-below-header-display":"","ast-hfb-mobile-header-display":"","site-post-title":"","ast-breadcrumbs-content":"","ast-featured-img":"","footer-sml-layout":"","ast-disable-related-posts":"","theme-transparent-header-meta":"","adv-header-id-meta":"","stick-header-meta":"","header-above-stick-meta":"","header-main-stick-meta":"","header-below-stick-meta":"","astra-migrate-meta-layouts":"default","ast-page-background-enabled":"default","ast-page-background-meta":{"desktop":{"background-color":"var(--ast-global-color-5)","background-image":"","background-repeat":"repeat","background-position":"center center","background-size":"auto","background-attachment":"scroll","background-type":"","background-media":"","overlay-type":"","overlay-color":"","overlay-opacity":"","overlay-gradient":""},"tablet":{"background-color":"","background-image":"","background-repeat":"repeat","background-position":"center center","background-size":"auto","background-attachment":"scroll","background-type":"","background-media":"","overlay-type":"","overlay-color":"","overlay-opacity":"","overlay-gradient":""},"mobile":{"background-color":"","background-image":"","background-repeat":"repeat","background-position":"center center","background-size":"auto","background-attachment":"scroll","background-type":"","background-media":"","overlay-type":"","overlay-color":"","overlay-opacity":"","overlay-gradient":""}},"ast-content-background-meta":{"desktop":{"background-color":"var(--ast-global-color-4)","background-image":"","background-repeat":"repeat","background-position":"center center","background-size":"auto","background-attachment":"scroll","background-type":"","background-media":"","overlay-type":"","overlay-color":"","overlay-opacity":"","overlay-gradient":""},"tablet":{"background-color":"var(--ast-global-color-4)","background-image":"","background-repeat":"repeat","background-position":"center center","background-size":"auto","background-attachment":"scroll","background-type":"","background-media":"","overlay-type":"","overlay-color":"","overlay-opacity":"","overlay-gradient":""},"mobile":{"background-color":"var(--ast-global-color-4)","background-image":"","background-repeat":"repeat","background-position":"center center","background-size":"auto","background-attachment":"scroll","background-type":"","background-media":"","overlay-type":"","overlay-color":"","overlay-opacity":"","overlay-gradient":""}},"footnotes":""},"categories":[1],"tags":[],"class_list":["post-61717","post","type-post","status-publish","format-standard","hentry","category-sem-categoria"],"yoast_head":"<!-- This site is optimized with the Yoast SEO plugin v26.6 - https:\/\/yoast.com\/wordpress\/plugins\/seo\/ -->\n<title>Forr\u00f3 p\u00e9 de serra na Choperia Marcelo, em S\u00e3o Lu\u00eds - Daniel Matos<\/title>\n<meta name=\"robots\" content=\"index, follow, max-snippet:-1, max-image-preview:large, max-video-preview:-1\" \/>\n<link rel=\"canonical\" href=\"https:\/\/www.blogsoestado.com\/danielmatos\/forro-pe-de-serra-na-choperia-marcelo-em-sao-luis\/\" \/>\n<meta property=\"og:locale\" content=\"pt_BR\" \/>\n<meta property=\"og:type\" content=\"article\" \/>\n<meta property=\"og:title\" content=\"Forr\u00f3 p\u00e9 de serra na Choperia Marcelo, em S\u00e3o Lu\u00eds - Daniel Matos\" \/>\n<meta property=\"og:description\" content=\"Sauda\u00e7\u00f5es! Chega a S\u00e3o Lu\u00eds uma nova op\u00e7\u00e3o cultural. O espa\u00e7o foi batizado de \u201cSabad\u00e3o com Fole\u201d com estreia marcada [&hellip;]\" \/>\n<meta property=\"og:url\" content=\"https:\/\/www.blogsoestado.com\/danielmatos\/forro-pe-de-serra-na-choperia-marcelo-em-sao-luis\/\" \/>\n<meta property=\"og:site_name\" content=\"Daniel Matos\" \/>\n<meta property=\"article:published_time\" content=\"2019-04-05T08:23:09+00:00\" \/>\n<meta property=\"og:image\" content=\"https:\/\/www.blogsoestado.com\/danielmatos\/files\/2019\/04\/IMG-20190405-WA0001-722x1024.jpg\" \/>\n<meta name=\"twitter:card\" content=\"summary_large_image\" \/>\n<meta name=\"twitter:label1\" content=\"Est. tempo de leitura\" \/>\n\t<meta name=\"twitter:data1\" content=\"1 minuto\" \/>\n<script type=\"application\/ld+json\" class=\"yoast-schema-graph\">{\"@context\":\"https:\/\/schema.org\",\"@graph\":[{\"@type\":\"WebPage\",\"@id\":\"https:\/\/www.blogsoestado.com\/danielmatos\/forro-pe-de-serra-na-choperia-marcelo-em-sao-luis\/\",\"url\":\"https:\/\/www.blogsoestado.com\/danielmatos\/forro-pe-de-serra-na-choperia-marcelo-em-sao-luis\/\",\"name\":\"Forr\u00f3 p\u00e9 de serra na Choperia Marcelo, em S\u00e3o Lu\u00eds - Daniel Matos\",\"isPartOf\":{\"@id\":\"https:\/\/www.blogsoestado.com\/danielmatos\/#website\"},\"primaryImageOfPage\":{\"@id\":\"https:\/\/www.blogsoestado.com\/danielmatos\/forro-pe-de-serra-na-choperia-marcelo-em-sao-luis\/#primaryimage\"},\"image\":{\"@id\":\"https:\/\/www.blogsoestado.com\/danielmatos\/forro-pe-de-serra-na-choperia-marcelo-em-sao-luis\/#primaryimage\"},\"thumbnailUrl\":\"https:\/\/www.blogsoestado.com\/danielmatos\/files\/2019\/04\/IMG-20190405-WA0001-722x1024.jpg\",\"datePublished\":\"2019-04-05T08:23:09+00:00\",\"author\":{\"@id\":\"\"},\"breadcrumb\":{\"@id\":\"https:\/\/www.blogsoestado.com\/danielmatos\/forro-pe-de-serra-na-choperia-marcelo-em-sao-luis\/#breadcrumb\"},\"inLanguage\":\"pt-BR\",\"potentialAction\":[{\"@type\":\"ReadAction\",\"target\":[\"https:\/\/www.blogsoestado.com\/danielmatos\/forro-pe-de-serra-na-choperia-marcelo-em-sao-luis\/\"]}]},{\"@type\":\"ImageObject\",\"inLanguage\":\"pt-BR\",\"@id\":\"https:\/\/www.blogsoestado.com\/danielmatos\/forro-pe-de-serra-na-choperia-marcelo-em-sao-luis\/#primaryimage\",\"url\":\"https:\/\/www.blogsoestado.com\/danielmatos\/files\/2019\/04\/IMG-20190405-WA0001-722x1024.jpg\",\"contentUrl\":\"https:\/\/www.blogsoestado.com\/danielmatos\/files\/2019\/04\/IMG-20190405-WA0001-722x1024.jpg\"},{\"@type\":\"BreadcrumbList\",\"@id\":\"https:\/\/www.blogsoestado.com\/danielmatos\/forro-pe-de-serra-na-choperia-marcelo-em-sao-luis\/#breadcrumb\",\"itemListElement\":[{\"@type\":\"ListItem\",\"position\":1,\"name\":\"In\u00edcio\",\"item\":\"https:\/\/www.blogsoestado.com\/danielmatos\/\"},{\"@type\":\"ListItem\",\"position\":2,\"name\":\"Forr\u00f3 p\u00e9 de serra na Choperia Marcelo, em S\u00e3o Lu\u00eds\"}]},{\"@type\":\"WebSite\",\"@id\":\"https:\/\/www.blogsoestado.com\/danielmatos\/#website\",\"url\":\"https:\/\/www.blogsoestado.com\/danielmatos\/\",\"name\":\"Daniel Matos\",\"description\":\"\",\"potentialAction\":[{\"@type\":\"SearchAction\",\"target\":{\"@type\":\"EntryPoint\",\"urlTemplate\":\"https:\/\/www.blogsoestado.com\/danielmatos\/?s={search_term_string}\"},\"query-input\":{\"@type\":\"PropertyValueSpecification\",\"valueRequired\":true,\"valueName\":\"search_term_string\"}}],\"inLanguage\":\"pt-BR\"}]}<\/script>\n<!-- \/ Yoast SEO plugin. -->","yoast_head_json":{"title":"Forr\u00f3 p\u00e9 de serra na Choperia Marcelo, em S\u00e3o Lu\u00eds - Daniel Matos","robots":{"index":"index","follow":"follow","max-snippet":"max-snippet:-1","max-image-preview":"max-image-preview:large","max-video-preview":"max-video-preview:-1"},"canonical":"https:\/\/www.blogsoestado.com\/danielmatos\/forro-pe-de-serra-na-choperia-marcelo-em-sao-luis\/","og_locale":"pt_BR","og_type":"article","og_title":"Forr\u00f3 p\u00e9 de serra na Choperia Marcelo, em S\u00e3o Lu\u00eds - Daniel Matos","og_description":"Sauda\u00e7\u00f5es! Chega a S\u00e3o Lu\u00eds uma nova op\u00e7\u00e3o cultural. O espa\u00e7o foi batizado de \u201cSabad\u00e3o com Fole\u201d com estreia marcada [&hellip;]","og_url":"https:\/\/www.blogsoestado.com\/danielmatos\/forro-pe-de-serra-na-choperia-marcelo-em-sao-luis\/","og_site_name":"Daniel Matos","article_published_time":"2019-04-05T08:23:09+00:00","og_image":[{"url":"https:\/\/www.blogsoestado.com\/danielmatos\/files\/2019\/04\/IMG-20190405-WA0001-722x1024.jpg","type":"","width":"","height":""}],"twitter_card":"summary_large_image","twitter_misc":{"Est. tempo de leitura":"1 minuto"},"schema":{"@context":"https:\/\/schema.org","@graph":[{"@type":"WebPage","@id":"https:\/\/www.blogsoestado.com\/danielmatos\/forro-pe-de-serra-na-choperia-marcelo-em-sao-luis\/","url":"https:\/\/www.blogsoestado.com\/danielmatos\/forro-pe-de-serra-na-choperia-marcelo-em-sao-luis\/","name":"Forr\u00f3 p\u00e9 de serra na Choperia Marcelo, em S\u00e3o Lu\u00eds - Daniel Matos","isPartOf":{"@id":"https:\/\/www.blogsoestado.com\/danielmatos\/#website"},"primaryImageOfPage":{"@id":"https:\/\/www.blogsoestado.com\/danielmatos\/forro-pe-de-serra-na-choperia-marcelo-em-sao-luis\/#primaryimage"},"image":{"@id":"https:\/\/www.blogsoestado.com\/danielmatos\/forro-pe-de-serra-na-choperia-marcelo-em-sao-luis\/#primaryimage"},"thumbnailUrl":"https:\/\/www.blogsoestado.com\/danielmatos\/files\/2019\/04\/IMG-20190405-WA0001-722x1024.jpg","datePublished":"2019-04-05T08:23:09+00:00","author":{"@id":""},"breadcrumb":{"@id":"https:\/\/www.blogsoestado.com\/danielmatos\/forro-pe-de-serra-na-choperia-marcelo-em-sao-luis\/#breadcrumb"},"inLanguage":"pt-BR","potentialAction":[{"@type":"ReadAction","target":["https:\/\/www.blogsoestado.com\/danielmatos\/forro-pe-de-serra-na-choperia-marcelo-em-sao-luis\/"]}]},{"@type":"ImageObject","inLanguage":"pt-BR","@id":"https:\/\/www.blogsoestado.com\/danielmatos\/forro-pe-de-serra-na-choperia-marcelo-em-sao-luis\/#primaryimage","url":"https:\/\/www.blogsoestado.com\/danielmatos\/files\/2019\/04\/IMG-20190405-WA0001-722x1024.jpg","contentUrl":"https:\/\/www.blogsoestado.com\/danielmatos\/files\/2019\/04\/IMG-20190405-WA0001-722x1024.jpg"},{"@type":"BreadcrumbList","@id":"https:\/\/www.blogsoestado.com\/danielmatos\/forro-pe-de-serra-na-choperia-marcelo-em-sao-luis\/#breadcrumb","itemListElement":[{"@type":"ListItem","position":1,"name":"In\u00edcio","item":"https:\/\/www.blogsoestado.com\/danielmatos\/"},{"@type":"ListItem","position":2,"name":"Forr\u00f3 p\u00e9 de serra na Choperia Marcelo, em S\u00e3o Lu\u00eds"}]},{"@type":"WebSite","@id":"https:\/\/www.blogsoestado.com\/danielmatos\/#website","url":"https:\/\/www.blogsoestado.com\/danielmatos\/","name":"Daniel Matos","description":"","potentialAction":[{"@type":"SearchAction","target":{"@type":"EntryPoint","urlTemplate":"https:\/\/www.blogsoestado.com\/danielmatos\/?s={search_term_string}"},"query-input":{"@type":"PropertyValueSpecification","valueRequired":true,"valueName":"search_term_string"}}],"inLanguage":"pt-BR"}]}},"jetpack_featured_media_url":"","_links":{"self":[{"href":"https:\/\/www.blogsoestado.com\/danielmatos\/wp-json\/wp\/v2\/posts\/61717","targetHints":{"allow":["GET"]}}],"collection":[{"href":"https:\/\/www.blogsoestado.com\/danielmatos\/wp-json\/wp\/v2\/posts"}],"about":[{"href":"https:\/\/www.blogsoestado.com\/danielmatos\/wp-json\/wp\/v2\/types\/post"}],"replies":[{"embeddable":true,"href":"https:\/\/www.blogsoestado.com\/danielmatos\/wp-json\/wp\/v2\/comments?post=61717"}],"version-history":[{"count":0,"href":"https:\/\/www.blogsoestado.com\/danielmatos\/wp-json\/wp\/v2\/posts\/61717\/revisions"}],"wp:attachment":[{"href":"https:\/\/www.blogsoestado.com\/danielmatos\/wp-json\/wp\/v2\/media?parent=61717"}],"wp:term":[{"taxonomy":"category","embeddable":true,"href":"https:\/\/www.blogsoestado.com\/danielmatos\/wp-json\/wp\/v2\/categories?post=61717"},{"taxonomy":"post_tag","embeddable":true,"href":"https:\/\/www.blogsoestado.com\/danielmatos\/wp-json\/wp\/v2\/tags?post=61717"}],"curies":[{"name":"wp","href":"https:\/\/api.w.org\/{rel}","templated":true}]}}