{"id":61742,"date":"2019-04-05T13:50:03","date_gmt":"2019-04-05T16:50:03","guid":{"rendered":"https:\/\/www.blogsoestado.com\/danielmatos\/?p=61742"},"modified":"2019-04-05T13:50:03","modified_gmt":"2019-04-05T16:50:03","slug":"projeto-com-foco-na-estruturacao-de-politicas-publicas-para-o-varejo-sera-debatido-na-assembleia","status":"publish","type":"post","link":"https:\/\/www.blogsoestado.com\/danielmatos\/projeto-com-foco-na-estruturacao-de-politicas-publicas-para-o-varejo-sera-debatido-na-assembleia\/","title":{"rendered":"Projeto com foco na estrutura\u00e7\u00e3o de pol\u00edticas p\u00fablicas para o varejo ser\u00e1 debatido na Assembleia"},"content":{"rendered":"\n<p class=\"has-text-color has-large-font-size has-vivid-red-color\">A\u00e7\u00e3o integra o Pol\u00edticas P\u00fablicas 4.0, conv\u00eanio firmado entre Confedera\u00e7\u00e3o Nacional de Dirigentes Lojistas e Sebrae Nacional<\/p>\n\n\n\n<figure class=\"wp-block-image\"><img decoding=\"async\" src=\"https:\/\/www.blogsoestado.com\/danielmatos\/files\/2019\/04\/adriano-fcdl.jpg\" alt=\"\" class=\"wp-image-61744\"\/><\/figure>\n\n\n\n<p>S\u00e3o Lu\u00eds recebe no pr\u00f3ximo dia 9, \u00e0s 8h30, na Assembleia Legislativa do Maranh\u00e3o, uma iniciativa do Pol\u00edticas P\u00fablicas 4.0 (PP 4.0), conv\u00eanio firmado entre a Confedera\u00e7\u00e3o Nacional de Dirigentes Lojistas (CNDL) e o Servi\u00e7o Brasileiro de Apoio \u00e0s Micro e Pequenas Empresas (Sebrae), que tem o apoio da Federa\u00e7\u00e3o das C\u00e2maras de Dirigentes Lojistas do Maranh\u00e3o (FCDL-MA).<\/p>\n\n\n\n<p>A presidente da FCDL-MA, Socorro Noronha, diz que a proposta do PP 4.0 \u00e9 auxiliar o governo a identificar as a\u00e7\u00f5es necess\u00e1rias para contribuir com o crescimento do pa\u00eds. \u201cO programa \u00e9 bem amplo; n\u00e3o se trata de algo espec\u00edfico para o varejo, mas de pol\u00edticas p\u00fablicas mais abrangentes que melhorem o ambiente de neg\u00f3cios, e consequentemente, tamb\u00e9m o mercado consumidor\u201d, avalia.<\/p>\n\n\n\n<p>O evento conta com o apoio do deputado estadual Adriano Sarney (PV), presidente da Frente Parlamentar da Micro e Pequena Empresa (FPME), criada para debater e propor formas de incentivo ao setor, reunindo lideran\u00e7as empresariais e entidades n\u00e3o-governamentais. \u201cO foco da FPME \u00e9 convergente a esta importante iniciativa, que visa o desenvolvimento do setor produtivo em harmonia com as pol\u00edticas p\u00fablicas. Sem d\u00favida muitos t\u00eam a ganhar, tanto o empreendedor como o gestor p\u00fablico\u201d, destaca Adriano.<\/p>\n\n\n\n<p>\u201cO fortalecimento das lideran\u00e7as do setor varejista depende de a\u00e7\u00f5es articuladas com a participa\u00e7\u00e3o dos setores p\u00fablico, privado e terceiro setor. Neste sentido, haver\u00e1 tamb\u00e9m destaque para atividades efetivas de articula\u00e7\u00e3o das lideran\u00e7as com o poder p\u00fablico para alinhamento das demandas na agenda pol\u00edtica local\u201d, afirma o presidente da CNDL, Jos\u00e9 C\u00e9sar da Costa.<\/p>\n\n\n\n<p>Integra\u00e7\u00e3o &#8211; O projeto re\u00fane entidades e associados do Sistema CNDL e representantes do Poder P\u00fablico em discuss\u00f5es em torno de quest\u00f5es essenciais para o desenvolvimento do setor varejista no pa\u00eds. O encontro tem como objetivo realizar atividades coletivas com foco no desenvolvimento local e regional, conciliando interesses comuns e objetivos compartilhados.<\/p>\n\n\n\n<p>O evento ser\u00e1 conduzido pelo professor Marcos Lima, consultor do Instituto de Avalia\u00e7\u00e3o, Gest\u00e3o &amp; Educa\u00e7\u00e3o (IAGEE), organiza\u00e7\u00e3o especializada em gest\u00e3o de pol\u00edticas p\u00fablicas e organizacionais, que vai desenvolver metodologias com foco na estrutura\u00e7\u00e3o concreta de propostas de pol\u00edticas p\u00fablicas.  \u201cEsses processos de constru\u00e7\u00e3o t\u00eam demonstrado que n\u00f3s poderemos n\u00e3o s\u00f3 mobilizar e conscientizar as lideran\u00e7as do varejo, mas tamb\u00e9m contribuir para uma melhor organiza\u00e7\u00e3o interna do setor varejista\u201d, avalia.<\/p>\n\n\n\n<p><strong>Sobre o PP 4.0 \u2013<\/strong> Com investimento total de R$ 3,7 milh\u00f5es ao longo de dois anos, o projeto est\u00e1 percorrendo todas as regi\u00f5es do pa\u00eds. S\u00e3o encontros com objetivo de qualificar lideran\u00e7as para a\u00e7\u00f5es de Rela\u00e7\u00f5es Institucionais e Governamentais (RIG) com foco no est\u00edmulo \u00e0s articula\u00e7\u00f5es locais; encontros para fomento ao desenvolvimento local e regional por meio da articula\u00e7\u00e3o das lideran\u00e7as do varejo e elabora\u00e7\u00e3o de propostas de Pol\u00edticas P\u00fablicas; e encontros para mobiliza\u00e7\u00e3o empresarial para debater fundamentos essenciais ao desenvolvimento sustent\u00e1vel de neg\u00f3cios e empresas. Os f\u00f3runs s\u00e3o conduzidos por especialistas em cada tema a fim de estimular o debate e a consolida\u00e7\u00e3o de fundamentos essenciais aos l\u00edderes do setor de com\u00e9rcio e servi\u00e7os, como protagonismo, \u00e9tica e associativismo.<\/p>\n\n\n\n<p><strong>Servi\u00e7o &#8211; <\/strong>Fomento ao desenvolvimento local e regional por meio da articula\u00e7\u00e3o das lideran\u00e7as do varejo e elabora\u00e7\u00e3o de propostas de Pol\u00edticas P\u00fablicas<\/p>\n\n\n\n<p><strong>Data:<\/strong> 09 de abril de 2019<\/p>\n\n\n\n<p><strong>Local:<\/strong> Assembleia Legislativa do Maranh\u00e3o<\/p>\n\n\n\n<p><strong>Endere\u00e7o:<\/strong> Av. Jer\u00f4nimo de Albuquerque, 7200, Calhau, S\u00e3o Lu\u00eds (MA)<\/p>\n\n\n\n<p><strong>Hor\u00e1rio:<\/strong> das 8h30 \u00e0s 12h30<\/p>\n\n\n\n<p><a href=\"http:\/\/www.cndl.org.br\/politicaspublicas\">www.cndl.org.br\/politicaspublicas<\/a><\/p>\n","protected":false},"excerpt":{"rendered":"<p>A\u00e7\u00e3o integra o Pol\u00edticas P\u00fablicas 4.0, conv\u00eanio firmado entre Confedera\u00e7\u00e3o Nacional de Dirigentes Lojistas e Sebrae Nacional S\u00e3o Lu\u00eds recebe [&hellip;]<\/p>\n","protected":false},"author":0,"featured_media":0,"comment_status":"open","ping_status":"open","sticky":false,"template":"","format":"standard","meta":{"site-sidebar-layout":"default","site-content-layout":"","ast-site-content-layout":"default","site-content-style":"default","site-sidebar-style":"default","ast-global-header-display":"","ast-banner-title-visibility":"","ast-main-header-display":"","ast-hfb-above-header-display":"","ast-hfb-below-header-display":"","ast-hfb-mobile-header-display":"","site-post-title":"","ast-breadcrumbs-content":"","ast-featured-img":"","footer-sml-layout":"","ast-disable-related-posts":"","theme-transparent-header-meta":"","adv-header-id-meta":"","stick-header-meta":"","header-above-stick-meta":"","header-main-stick-meta":"","header-below-stick-meta":"","astra-migrate-meta-layouts":"default","ast-page-background-enabled":"default","ast-page-background-meta":{"desktop":{"background-color":"var(--ast-global-color-5)","background-image":"","background-repeat":"repeat","background-position":"center center","background-size":"auto","background-attachment":"scroll","background-type":"","background-media":"","overlay-type":"","overlay-color":"","overlay-opacity":"","overlay-gradient":""},"tablet":{"background-color":"","background-image":"","background-repeat":"repeat","background-position":"center center","background-size":"auto","background-attachment":"scroll","background-type":"","background-media":"","overlay-type":"","overlay-color":"","overlay-opacity":"","overlay-gradient":""},"mobile":{"background-color":"","background-image":"","background-repeat":"repeat","background-position":"center center","background-size":"auto","background-attachment":"scroll","background-type":"","background-media":"","overlay-type":"","overlay-color":"","overlay-opacity":"","overlay-gradient":""}},"ast-content-background-meta":{"desktop":{"background-color":"var(--ast-global-color-4)","background-image":"","background-repeat":"repeat","background-position":"center center","background-size":"auto","background-attachment":"scroll","background-type":"","background-media":"","overlay-type":"","overlay-color":"","overlay-opacity":"","overlay-gradient":""},"tablet":{"background-color":"var(--ast-global-color-4)","background-image":"","background-repeat":"repeat","background-position":"center center","background-size":"auto","background-attachment":"scroll","background-type":"","background-media":"","overlay-type":"","overlay-color":"","overlay-opacity":"","overlay-gradient":""},"mobile":{"background-color":"var(--ast-global-color-4)","background-image":"","background-repeat":"repeat","background-position":"center center","background-size":"auto","background-attachment":"scroll","background-type":"","background-media":"","overlay-type":"","overlay-color":"","overlay-opacity":"","overlay-gradient":""}},"footnotes":""},"categories":[1],"tags":[],"class_list":["post-61742","post","type-post","status-publish","format-standard","hentry","category-sem-categoria"],"yoast_head":"<!-- This site is optimized with the Yoast SEO plugin v26.6 - https:\/\/yoast.com\/wordpress\/plugins\/seo\/ -->\n<title>Projeto com foco na estrutura\u00e7\u00e3o de pol\u00edticas p\u00fablicas para o varejo ser\u00e1 debatido na Assembleia - Daniel Matos<\/title>\n<meta name=\"robots\" content=\"index, follow, max-snippet:-1, max-image-preview:large, max-video-preview:-1\" \/>\n<link rel=\"canonical\" href=\"https:\/\/www.blogsoestado.com\/danielmatos\/projeto-com-foco-na-estruturacao-de-politicas-publicas-para-o-varejo-sera-debatido-na-assembleia\/\" \/>\n<meta property=\"og:locale\" content=\"pt_BR\" \/>\n<meta property=\"og:type\" content=\"article\" \/>\n<meta property=\"og:title\" content=\"Projeto com foco na estrutura\u00e7\u00e3o de pol\u00edticas p\u00fablicas para o varejo ser\u00e1 debatido na Assembleia - Daniel Matos\" \/>\n<meta property=\"og:description\" content=\"A\u00e7\u00e3o integra o Pol\u00edticas P\u00fablicas 4.0, conv\u00eanio firmado entre Confedera\u00e7\u00e3o Nacional de Dirigentes Lojistas e Sebrae Nacional S\u00e3o Lu\u00eds recebe [&hellip;]\" \/>\n<meta property=\"og:url\" content=\"https:\/\/www.blogsoestado.com\/danielmatos\/projeto-com-foco-na-estruturacao-de-politicas-publicas-para-o-varejo-sera-debatido-na-assembleia\/\" \/>\n<meta property=\"og:site_name\" content=\"Daniel Matos\" \/>\n<meta property=\"article:published_time\" content=\"2019-04-05T16:50:03+00:00\" \/>\n<meta property=\"og:image\" content=\"https:\/\/www.blogsoestado.com\/danielmatos\/files\/2019\/04\/adriano-fcdl.jpg\" \/>\n<meta name=\"twitter:card\" content=\"summary_large_image\" \/>\n<meta name=\"twitter:label1\" content=\"Est. tempo de leitura\" \/>\n\t<meta name=\"twitter:data1\" content=\"3 minutos\" \/>\n<script type=\"application\/ld+json\" class=\"yoast-schema-graph\">{\"@context\":\"https:\/\/schema.org\",\"@graph\":[{\"@type\":\"WebPage\",\"@id\":\"https:\/\/www.blogsoestado.com\/danielmatos\/projeto-com-foco-na-estruturacao-de-politicas-publicas-para-o-varejo-sera-debatido-na-assembleia\/\",\"url\":\"https:\/\/www.blogsoestado.com\/danielmatos\/projeto-com-foco-na-estruturacao-de-politicas-publicas-para-o-varejo-sera-debatido-na-assembleia\/\",\"name\":\"Projeto com foco na estrutura\u00e7\u00e3o de pol\u00edticas p\u00fablicas para o varejo ser\u00e1 debatido na Assembleia - Daniel Matos\",\"isPartOf\":{\"@id\":\"https:\/\/www.blogsoestado.com\/danielmatos\/#website\"},\"primaryImageOfPage\":{\"@id\":\"https:\/\/www.blogsoestado.com\/danielmatos\/projeto-com-foco-na-estruturacao-de-politicas-publicas-para-o-varejo-sera-debatido-na-assembleia\/#primaryimage\"},\"image\":{\"@id\":\"https:\/\/www.blogsoestado.com\/danielmatos\/projeto-com-foco-na-estruturacao-de-politicas-publicas-para-o-varejo-sera-debatido-na-assembleia\/#primaryimage\"},\"thumbnailUrl\":\"https:\/\/www.blogsoestado.com\/danielmatos\/files\/2019\/04\/adriano-fcdl.jpg\",\"datePublished\":\"2019-04-05T16:50:03+00:00\",\"author\":{\"@id\":\"\"},\"breadcrumb\":{\"@id\":\"https:\/\/www.blogsoestado.com\/danielmatos\/projeto-com-foco-na-estruturacao-de-politicas-publicas-para-o-varejo-sera-debatido-na-assembleia\/#breadcrumb\"},\"inLanguage\":\"pt-BR\",\"potentialAction\":[{\"@type\":\"ReadAction\",\"target\":[\"https:\/\/www.blogsoestado.com\/danielmatos\/projeto-com-foco-na-estruturacao-de-politicas-publicas-para-o-varejo-sera-debatido-na-assembleia\/\"]}]},{\"@type\":\"ImageObject\",\"inLanguage\":\"pt-BR\",\"@id\":\"https:\/\/www.blogsoestado.com\/danielmatos\/projeto-com-foco-na-estruturacao-de-politicas-publicas-para-o-varejo-sera-debatido-na-assembleia\/#primaryimage\",\"url\":\"https:\/\/www.blogsoestado.com\/danielmatos\/files\/2019\/04\/adriano-fcdl.jpg\",\"contentUrl\":\"https:\/\/www.blogsoestado.com\/danielmatos\/files\/2019\/04\/adriano-fcdl.jpg\"},{\"@type\":\"BreadcrumbList\",\"@id\":\"https:\/\/www.blogsoestado.com\/danielmatos\/projeto-com-foco-na-estruturacao-de-politicas-publicas-para-o-varejo-sera-debatido-na-assembleia\/#breadcrumb\",\"itemListElement\":[{\"@type\":\"ListItem\",\"position\":1,\"name\":\"In\u00edcio\",\"item\":\"https:\/\/www.blogsoestado.com\/danielmatos\/\"},{\"@type\":\"ListItem\",\"position\":2,\"name\":\"Projeto com foco na estrutura\u00e7\u00e3o de pol\u00edticas p\u00fablicas para o varejo ser\u00e1 debatido na Assembleia\"}]},{\"@type\":\"WebSite\",\"@id\":\"https:\/\/www.blogsoestado.com\/danielmatos\/#website\",\"url\":\"https:\/\/www.blogsoestado.com\/danielmatos\/\",\"name\":\"Daniel Matos\",\"description\":\"\",\"potentialAction\":[{\"@type\":\"SearchAction\",\"target\":{\"@type\":\"EntryPoint\",\"urlTemplate\":\"https:\/\/www.blogsoestado.com\/danielmatos\/?s={search_term_string}\"},\"query-input\":{\"@type\":\"PropertyValueSpecification\",\"valueRequired\":true,\"valueName\":\"search_term_string\"}}],\"inLanguage\":\"pt-BR\"}]}<\/script>\n<!-- \/ Yoast SEO plugin. -->","yoast_head_json":{"title":"Projeto com foco na estrutura\u00e7\u00e3o de pol\u00edticas p\u00fablicas para o varejo ser\u00e1 debatido na Assembleia - Daniel Matos","robots":{"index":"index","follow":"follow","max-snippet":"max-snippet:-1","max-image-preview":"max-image-preview:large","max-video-preview":"max-video-preview:-1"},"canonical":"https:\/\/www.blogsoestado.com\/danielmatos\/projeto-com-foco-na-estruturacao-de-politicas-publicas-para-o-varejo-sera-debatido-na-assembleia\/","og_locale":"pt_BR","og_type":"article","og_title":"Projeto com foco na estrutura\u00e7\u00e3o de pol\u00edticas p\u00fablicas para o varejo ser\u00e1 debatido na Assembleia - Daniel Matos","og_description":"A\u00e7\u00e3o integra o Pol\u00edticas P\u00fablicas 4.0, conv\u00eanio firmado entre Confedera\u00e7\u00e3o Nacional de Dirigentes Lojistas e Sebrae Nacional S\u00e3o Lu\u00eds recebe [&hellip;]","og_url":"https:\/\/www.blogsoestado.com\/danielmatos\/projeto-com-foco-na-estruturacao-de-politicas-publicas-para-o-varejo-sera-debatido-na-assembleia\/","og_site_name":"Daniel Matos","article_published_time":"2019-04-05T16:50:03+00:00","og_image":[{"url":"https:\/\/www.blogsoestado.com\/danielmatos\/files\/2019\/04\/adriano-fcdl.jpg","type":"","width":"","height":""}],"twitter_card":"summary_large_image","twitter_misc":{"Est. tempo de leitura":"3 minutos"},"schema":{"@context":"https:\/\/schema.org","@graph":[{"@type":"WebPage","@id":"https:\/\/www.blogsoestado.com\/danielmatos\/projeto-com-foco-na-estruturacao-de-politicas-publicas-para-o-varejo-sera-debatido-na-assembleia\/","url":"https:\/\/www.blogsoestado.com\/danielmatos\/projeto-com-foco-na-estruturacao-de-politicas-publicas-para-o-varejo-sera-debatido-na-assembleia\/","name":"Projeto com foco na estrutura\u00e7\u00e3o de pol\u00edticas p\u00fablicas para o varejo ser\u00e1 debatido na Assembleia - Daniel Matos","isPartOf":{"@id":"https:\/\/www.blogsoestado.com\/danielmatos\/#website"},"primaryImageOfPage":{"@id":"https:\/\/www.blogsoestado.com\/danielmatos\/projeto-com-foco-na-estruturacao-de-politicas-publicas-para-o-varejo-sera-debatido-na-assembleia\/#primaryimage"},"image":{"@id":"https:\/\/www.blogsoestado.com\/danielmatos\/projeto-com-foco-na-estruturacao-de-politicas-publicas-para-o-varejo-sera-debatido-na-assembleia\/#primaryimage"},"thumbnailUrl":"https:\/\/www.blogsoestado.com\/danielmatos\/files\/2019\/04\/adriano-fcdl.jpg","datePublished":"2019-04-05T16:50:03+00:00","author":{"@id":""},"breadcrumb":{"@id":"https:\/\/www.blogsoestado.com\/danielmatos\/projeto-com-foco-na-estruturacao-de-politicas-publicas-para-o-varejo-sera-debatido-na-assembleia\/#breadcrumb"},"inLanguage":"pt-BR","potentialAction":[{"@type":"ReadAction","target":["https:\/\/www.blogsoestado.com\/danielmatos\/projeto-com-foco-na-estruturacao-de-politicas-publicas-para-o-varejo-sera-debatido-na-assembleia\/"]}]},{"@type":"ImageObject","inLanguage":"pt-BR","@id":"https:\/\/www.blogsoestado.com\/danielmatos\/projeto-com-foco-na-estruturacao-de-politicas-publicas-para-o-varejo-sera-debatido-na-assembleia\/#primaryimage","url":"https:\/\/www.blogsoestado.com\/danielmatos\/files\/2019\/04\/adriano-fcdl.jpg","contentUrl":"https:\/\/www.blogsoestado.com\/danielmatos\/files\/2019\/04\/adriano-fcdl.jpg"},{"@type":"BreadcrumbList","@id":"https:\/\/www.blogsoestado.com\/danielmatos\/projeto-com-foco-na-estruturacao-de-politicas-publicas-para-o-varejo-sera-debatido-na-assembleia\/#breadcrumb","itemListElement":[{"@type":"ListItem","position":1,"name":"In\u00edcio","item":"https:\/\/www.blogsoestado.com\/danielmatos\/"},{"@type":"ListItem","position":2,"name":"Projeto com foco na estrutura\u00e7\u00e3o de pol\u00edticas p\u00fablicas para o varejo ser\u00e1 debatido na Assembleia"}]},{"@type":"WebSite","@id":"https:\/\/www.blogsoestado.com\/danielmatos\/#website","url":"https:\/\/www.blogsoestado.com\/danielmatos\/","name":"Daniel Matos","description":"","potentialAction":[{"@type":"SearchAction","target":{"@type":"EntryPoint","urlTemplate":"https:\/\/www.blogsoestado.com\/danielmatos\/?s={search_term_string}"},"query-input":{"@type":"PropertyValueSpecification","valueRequired":true,"valueName":"search_term_string"}}],"inLanguage":"pt-BR"}]}},"jetpack_featured_media_url":"","_links":{"self":[{"href":"https:\/\/www.blogsoestado.com\/danielmatos\/wp-json\/wp\/v2\/posts\/61742","targetHints":{"allow":["GET"]}}],"collection":[{"href":"https:\/\/www.blogsoestado.com\/danielmatos\/wp-json\/wp\/v2\/posts"}],"about":[{"href":"https:\/\/www.blogsoestado.com\/danielmatos\/wp-json\/wp\/v2\/types\/post"}],"replies":[{"embeddable":true,"href":"https:\/\/www.blogsoestado.com\/danielmatos\/wp-json\/wp\/v2\/comments?post=61742"}],"version-history":[{"count":0,"href":"https:\/\/www.blogsoestado.com\/danielmatos\/wp-json\/wp\/v2\/posts\/61742\/revisions"}],"wp:attachment":[{"href":"https:\/\/www.blogsoestado.com\/danielmatos\/wp-json\/wp\/v2\/media?parent=61742"}],"wp:term":[{"taxonomy":"category","embeddable":true,"href":"https:\/\/www.blogsoestado.com\/danielmatos\/wp-json\/wp\/v2\/categories?post=61742"},{"taxonomy":"post_tag","embeddable":true,"href":"https:\/\/www.blogsoestado.com\/danielmatos\/wp-json\/wp\/v2\/tags?post=61742"}],"curies":[{"name":"wp","href":"https:\/\/api.w.org\/{rel}","templated":true}]}}