{"id":61751,"date":"2019-04-05T18:48:55","date_gmt":"2019-04-05T21:48:55","guid":{"rendered":"https:\/\/www.blogsoestado.com\/danielmatos\/?p=61751"},"modified":"2019-04-05T18:48:55","modified_gmt":"2019-04-05T21:48:55","slug":"atendendo-pedido-de-osmar-filho-prefeitura-construira-novo-mercado-do-sao-francisco","status":"publish","type":"post","link":"https:\/\/www.blogsoestado.com\/danielmatos\/atendendo-pedido-de-osmar-filho-prefeitura-construira-novo-mercado-do-sao-francisco\/","title":{"rendered":"Atendendo pedido de Osmar Filho, prefeitura construir\u00e1 novo Mercado do S\u00e3o Francisco"},"content":{"rendered":"\n<figure class=\"wp-block-image\"><img decoding=\"async\" src=\"https:\/\/www.blogsoestado.com\/danielmatos\/files\/2019\/04\/osmar-mercado-1024x682.jpg\" alt=\"\" class=\"wp-image-61752\"\/><figcaption> <strong><em>Em reuni\u00e3o com Edivaldo e Osmar, feirantes conheceram o projeto arquitet\u00f4nico do novo Mercado<\/em><\/strong> <\/figcaption><\/figure>\n\n\n\n<p>O prefeito Edivaldo Holanda J\u00fanior e o presidente da C\u00e2mara Municipal de S\u00e3o Lu\u00eds, Osmar Filho, ambos do PDT, reuniram-se, nesta sexta-feira (05), com representantes da Associa\u00e7\u00e3o dos Feirantes do Mercado do S\u00e3o Francisco.<\/p>\n\n\n\n<p>Na oportunidade, foi apresentado pelo secret\u00e1rio municipal de Obras e Servi\u00e7os P\u00fablicos, Ant\u00f4nio Ara\u00fajo, o projeto arquitet\u00f4nico para constru\u00e7\u00e3o do novo Mercado do bairro, um dos mais tradicionais da capital maranhense e que funciona h\u00e1 mais de tr\u00eas d\u00e9cadas.<\/p>\n\n\n\n<p>A constru\u00e7\u00e3o do novo Mercado \u00e9 uma reivindica\u00e7\u00e3o dos comerciantes e moradores desta regi\u00e3o da cidade e que vinha sendo defendida por Osmar Filho no Parlamento Municipal desde o ano passado.  <\/p>\n\n\n\n<p>\u201cTrata-se da realiza\u00e7\u00e3o de um sonho que, gra\u00e7as ao prefeito Edivaldo e ao vereador Osmar Filho, ir\u00e1 se tornar realidade. Al\u00e9m de oferecer melhores condi\u00e7\u00f5es de trabalho para os feirantes, o novo Mercado se estabelecer\u00e1 como uma \u00f3tima op\u00e7\u00e3o para os moradores do S\u00e3o Francisco e bairros vizinhos\u201d, disse o feirante Jos\u00e9 Humberto, que participou da reuni\u00e3o na sede da prefeitura.<\/p>\n\n\n\n<p>Or\u00e7ada em pouco mais de R$ 3,4 milh\u00f5es, a obra de constru\u00e7\u00e3o do novo Mercado ser\u00e1 executada com recursos pr\u00f3prios do munic\u00edpio.<\/p>\n\n\n\n<p>O equipamento p\u00fablico ganhar\u00e1 novo sistema hidr\u00e1ulico, boxes padronizados, ilumina\u00e7\u00e3o moderna, sistema de c\u00e2mara de v\u00eddeo, \u00e1rea de estacionamento, sistema de drenagem, dentre outras benfeitorias. Al\u00e9m disso, toda a sua \u00e1rea ter\u00e1 acessos para pessoas com mobilidade reduzida.<\/p>\n\n\n\n<p>Os servi\u00e7os beneficiar\u00e3o cerca de 250 feirantes que, hoje, trabalham no local.<\/p>\n\n\n\n<p>A previs\u00e3o \u00e9 de que o processo licitat\u00f3rio para contrata\u00e7\u00e3o da empresa que executar\u00e1 o servi\u00e7o seja finalizado em, no m\u00e1ximo, 60 dias. A ordem de servi\u00e7o autorizando o in\u00edcio da obra dever\u00e1 ser dada ainda neste primeiro semestre. O prazo para sua conclus\u00e3o ser\u00e1 de 12 meses.<\/p>\n\n\n\n<p>\u201c\u00c9 uma b\u00ean\u00e7\u00e3o de Deus poder beneficiar feirantes e moradores com esta importante obra. Mesmo diante das dificuldades financeiras, n\u00e3o estamos medindo esfor\u00e7os para continuar levando as pol\u00edticas p\u00fablicas necess\u00e1rias para todas as regi\u00f5es da cidade. Parabenizo e agrade\u00e7o, ainda, al\u00e9m dos comerciantes e moradores, o presidente Osmar, que muito pleiteou a execu\u00e7\u00e3o deste servi\u00e7o\u201d, disse Edivaldo.<\/p>\n\n\n\n<p>Osmar Filho agradeceu o prefeito e toda a sua equipe. De acordo com ele, Edivaldo, mais uma vez, d\u00e1 demonstra\u00e7\u00e3o de zelo com a coisa p\u00fablica e de compromisso no que se refere ao atendimento das reivindica\u00e7\u00f5es da popula\u00e7\u00e3o ludovicense.<\/p>\n","protected":false},"excerpt":{"rendered":"<p>O prefeito Edivaldo Holanda J\u00fanior e o presidente da C\u00e2mara Municipal de S\u00e3o Lu\u00eds, Osmar Filho, ambos do PDT, reuniram-se, [&hellip;]<\/p>\n","protected":false},"author":0,"featured_media":0,"comment_status":"open","ping_status":"open","sticky":false,"template":"","format":"standard","meta":{"site-sidebar-layout":"default","site-content-layout":"","ast-site-content-layout":"default","site-content-style":"default","site-sidebar-style":"default","ast-global-header-display":"","ast-banner-title-visibility":"","ast-main-header-display":"","ast-hfb-above-header-display":"","ast-hfb-below-header-display":"","ast-hfb-mobile-header-display":"","site-post-title":"","ast-breadcrumbs-content":"","ast-featured-img":"","footer-sml-layout":"","ast-disable-related-posts":"","theme-transparent-header-meta":"","adv-header-id-meta":"","stick-header-meta":"","header-above-stick-meta":"","header-main-stick-meta":"","header-below-stick-meta":"","astra-migrate-meta-layouts":"default","ast-page-background-enabled":"default","ast-page-background-meta":{"desktop":{"background-color":"var(--ast-global-color-5)","background-image":"","background-repeat":"repeat","background-position":"center center","background-size":"auto","background-attachment":"scroll","background-type":"","background-media":"","overlay-type":"","overlay-color":"","overlay-opacity":"","overlay-gradient":""},"tablet":{"background-color":"","background-image":"","background-repeat":"repeat","background-position":"center center","background-size":"auto","background-attachment":"scroll","background-type":"","background-media":"","overlay-type":"","overlay-color":"","overlay-opacity":"","overlay-gradient":""},"mobile":{"background-color":"","background-image":"","background-repeat":"repeat","background-position":"center center","background-size":"auto","background-attachment":"scroll","background-type":"","background-media":"","overlay-type":"","overlay-color":"","overlay-opacity":"","overlay-gradient":""}},"ast-content-background-meta":{"desktop":{"background-color":"var(--ast-global-color-4)","background-image":"","background-repeat":"repeat","background-position":"center center","background-size":"auto","background-attachment":"scroll","background-type":"","background-media":"","overlay-type":"","overlay-color":"","overlay-opacity":"","overlay-gradient":""},"tablet":{"background-color":"var(--ast-global-color-4)","background-image":"","background-repeat":"repeat","background-position":"center center","background-size":"auto","background-attachment":"scroll","background-type":"","background-media":"","overlay-type":"","overlay-color":"","overlay-opacity":"","overlay-gradient":""},"mobile":{"background-color":"var(--ast-global-color-4)","background-image":"","background-repeat":"repeat","background-position":"center center","background-size":"auto","background-attachment":"scroll","background-type":"","background-media":"","overlay-type":"","overlay-color":"","overlay-opacity":"","overlay-gradient":""}},"footnotes":""},"categories":[1],"tags":[],"class_list":["post-61751","post","type-post","status-publish","format-standard","hentry","category-sem-categoria"],"yoast_head":"<!-- This site is optimized with the Yoast SEO plugin v26.6 - https:\/\/yoast.com\/wordpress\/plugins\/seo\/ -->\n<title>Atendendo pedido de Osmar Filho, prefeitura construir\u00e1 novo Mercado do S\u00e3o Francisco - Daniel Matos<\/title>\n<meta name=\"robots\" content=\"index, follow, max-snippet:-1, max-image-preview:large, max-video-preview:-1\" \/>\n<link rel=\"canonical\" href=\"https:\/\/www.blogsoestado.com\/danielmatos\/atendendo-pedido-de-osmar-filho-prefeitura-construira-novo-mercado-do-sao-francisco\/\" \/>\n<meta property=\"og:locale\" content=\"pt_BR\" \/>\n<meta property=\"og:type\" content=\"article\" \/>\n<meta property=\"og:title\" content=\"Atendendo pedido de Osmar Filho, prefeitura construir\u00e1 novo Mercado do S\u00e3o Francisco - Daniel Matos\" \/>\n<meta property=\"og:description\" content=\"O prefeito Edivaldo Holanda J\u00fanior e o presidente da C\u00e2mara Municipal de S\u00e3o Lu\u00eds, Osmar Filho, ambos do PDT, reuniram-se, [&hellip;]\" \/>\n<meta property=\"og:url\" content=\"https:\/\/www.blogsoestado.com\/danielmatos\/atendendo-pedido-de-osmar-filho-prefeitura-construira-novo-mercado-do-sao-francisco\/\" \/>\n<meta property=\"og:site_name\" content=\"Daniel Matos\" \/>\n<meta property=\"article:published_time\" content=\"2019-04-05T21:48:55+00:00\" \/>\n<meta property=\"og:image\" content=\"https:\/\/www.blogsoestado.com\/danielmatos\/files\/2019\/04\/osmar-mercado-1024x682.jpg\" \/>\n<meta name=\"twitter:card\" content=\"summary_large_image\" \/>\n<meta name=\"twitter:label1\" content=\"Est. tempo de leitura\" \/>\n\t<meta name=\"twitter:data1\" content=\"2 minutos\" \/>\n<script type=\"application\/ld+json\" class=\"yoast-schema-graph\">{\"@context\":\"https:\/\/schema.org\",\"@graph\":[{\"@type\":\"WebPage\",\"@id\":\"https:\/\/www.blogsoestado.com\/danielmatos\/atendendo-pedido-de-osmar-filho-prefeitura-construira-novo-mercado-do-sao-francisco\/\",\"url\":\"https:\/\/www.blogsoestado.com\/danielmatos\/atendendo-pedido-de-osmar-filho-prefeitura-construira-novo-mercado-do-sao-francisco\/\",\"name\":\"Atendendo pedido de Osmar Filho, prefeitura construir\u00e1 novo Mercado do S\u00e3o Francisco - Daniel Matos\",\"isPartOf\":{\"@id\":\"https:\/\/www.blogsoestado.com\/danielmatos\/#website\"},\"primaryImageOfPage\":{\"@id\":\"https:\/\/www.blogsoestado.com\/danielmatos\/atendendo-pedido-de-osmar-filho-prefeitura-construira-novo-mercado-do-sao-francisco\/#primaryimage\"},\"image\":{\"@id\":\"https:\/\/www.blogsoestado.com\/danielmatos\/atendendo-pedido-de-osmar-filho-prefeitura-construira-novo-mercado-do-sao-francisco\/#primaryimage\"},\"thumbnailUrl\":\"https:\/\/www.blogsoestado.com\/danielmatos\/files\/2019\/04\/osmar-mercado-1024x682.jpg\",\"datePublished\":\"2019-04-05T21:48:55+00:00\",\"author\":{\"@id\":\"\"},\"breadcrumb\":{\"@id\":\"https:\/\/www.blogsoestado.com\/danielmatos\/atendendo-pedido-de-osmar-filho-prefeitura-construira-novo-mercado-do-sao-francisco\/#breadcrumb\"},\"inLanguage\":\"pt-BR\",\"potentialAction\":[{\"@type\":\"ReadAction\",\"target\":[\"https:\/\/www.blogsoestado.com\/danielmatos\/atendendo-pedido-de-osmar-filho-prefeitura-construira-novo-mercado-do-sao-francisco\/\"]}]},{\"@type\":\"ImageObject\",\"inLanguage\":\"pt-BR\",\"@id\":\"https:\/\/www.blogsoestado.com\/danielmatos\/atendendo-pedido-de-osmar-filho-prefeitura-construira-novo-mercado-do-sao-francisco\/#primaryimage\",\"url\":\"https:\/\/www.blogsoestado.com\/danielmatos\/files\/2019\/04\/osmar-mercado-1024x682.jpg\",\"contentUrl\":\"https:\/\/www.blogsoestado.com\/danielmatos\/files\/2019\/04\/osmar-mercado-1024x682.jpg\"},{\"@type\":\"BreadcrumbList\",\"@id\":\"https:\/\/www.blogsoestado.com\/danielmatos\/atendendo-pedido-de-osmar-filho-prefeitura-construira-novo-mercado-do-sao-francisco\/#breadcrumb\",\"itemListElement\":[{\"@type\":\"ListItem\",\"position\":1,\"name\":\"In\u00edcio\",\"item\":\"https:\/\/www.blogsoestado.com\/danielmatos\/\"},{\"@type\":\"ListItem\",\"position\":2,\"name\":\"Atendendo pedido de Osmar Filho, prefeitura construir\u00e1 novo Mercado do S\u00e3o Francisco\"}]},{\"@type\":\"WebSite\",\"@id\":\"https:\/\/www.blogsoestado.com\/danielmatos\/#website\",\"url\":\"https:\/\/www.blogsoestado.com\/danielmatos\/\",\"name\":\"Daniel Matos\",\"description\":\"\",\"potentialAction\":[{\"@type\":\"SearchAction\",\"target\":{\"@type\":\"EntryPoint\",\"urlTemplate\":\"https:\/\/www.blogsoestado.com\/danielmatos\/?s={search_term_string}\"},\"query-input\":{\"@type\":\"PropertyValueSpecification\",\"valueRequired\":true,\"valueName\":\"search_term_string\"}}],\"inLanguage\":\"pt-BR\"}]}<\/script>\n<!-- \/ Yoast SEO plugin. -->","yoast_head_json":{"title":"Atendendo pedido de Osmar Filho, prefeitura construir\u00e1 novo Mercado do S\u00e3o Francisco - Daniel Matos","robots":{"index":"index","follow":"follow","max-snippet":"max-snippet:-1","max-image-preview":"max-image-preview:large","max-video-preview":"max-video-preview:-1"},"canonical":"https:\/\/www.blogsoestado.com\/danielmatos\/atendendo-pedido-de-osmar-filho-prefeitura-construira-novo-mercado-do-sao-francisco\/","og_locale":"pt_BR","og_type":"article","og_title":"Atendendo pedido de Osmar Filho, prefeitura construir\u00e1 novo Mercado do S\u00e3o Francisco - Daniel Matos","og_description":"O prefeito Edivaldo Holanda J\u00fanior e o presidente da C\u00e2mara Municipal de S\u00e3o Lu\u00eds, Osmar Filho, ambos do PDT, reuniram-se, [&hellip;]","og_url":"https:\/\/www.blogsoestado.com\/danielmatos\/atendendo-pedido-de-osmar-filho-prefeitura-construira-novo-mercado-do-sao-francisco\/","og_site_name":"Daniel Matos","article_published_time":"2019-04-05T21:48:55+00:00","og_image":[{"url":"https:\/\/www.blogsoestado.com\/danielmatos\/files\/2019\/04\/osmar-mercado-1024x682.jpg","type":"","width":"","height":""}],"twitter_card":"summary_large_image","twitter_misc":{"Est. tempo de leitura":"2 minutos"},"schema":{"@context":"https:\/\/schema.org","@graph":[{"@type":"WebPage","@id":"https:\/\/www.blogsoestado.com\/danielmatos\/atendendo-pedido-de-osmar-filho-prefeitura-construira-novo-mercado-do-sao-francisco\/","url":"https:\/\/www.blogsoestado.com\/danielmatos\/atendendo-pedido-de-osmar-filho-prefeitura-construira-novo-mercado-do-sao-francisco\/","name":"Atendendo pedido de Osmar Filho, prefeitura construir\u00e1 novo Mercado do S\u00e3o Francisco - Daniel Matos","isPartOf":{"@id":"https:\/\/www.blogsoestado.com\/danielmatos\/#website"},"primaryImageOfPage":{"@id":"https:\/\/www.blogsoestado.com\/danielmatos\/atendendo-pedido-de-osmar-filho-prefeitura-construira-novo-mercado-do-sao-francisco\/#primaryimage"},"image":{"@id":"https:\/\/www.blogsoestado.com\/danielmatos\/atendendo-pedido-de-osmar-filho-prefeitura-construira-novo-mercado-do-sao-francisco\/#primaryimage"},"thumbnailUrl":"https:\/\/www.blogsoestado.com\/danielmatos\/files\/2019\/04\/osmar-mercado-1024x682.jpg","datePublished":"2019-04-05T21:48:55+00:00","author":{"@id":""},"breadcrumb":{"@id":"https:\/\/www.blogsoestado.com\/danielmatos\/atendendo-pedido-de-osmar-filho-prefeitura-construira-novo-mercado-do-sao-francisco\/#breadcrumb"},"inLanguage":"pt-BR","potentialAction":[{"@type":"ReadAction","target":["https:\/\/www.blogsoestado.com\/danielmatos\/atendendo-pedido-de-osmar-filho-prefeitura-construira-novo-mercado-do-sao-francisco\/"]}]},{"@type":"ImageObject","inLanguage":"pt-BR","@id":"https:\/\/www.blogsoestado.com\/danielmatos\/atendendo-pedido-de-osmar-filho-prefeitura-construira-novo-mercado-do-sao-francisco\/#primaryimage","url":"https:\/\/www.blogsoestado.com\/danielmatos\/files\/2019\/04\/osmar-mercado-1024x682.jpg","contentUrl":"https:\/\/www.blogsoestado.com\/danielmatos\/files\/2019\/04\/osmar-mercado-1024x682.jpg"},{"@type":"BreadcrumbList","@id":"https:\/\/www.blogsoestado.com\/danielmatos\/atendendo-pedido-de-osmar-filho-prefeitura-construira-novo-mercado-do-sao-francisco\/#breadcrumb","itemListElement":[{"@type":"ListItem","position":1,"name":"In\u00edcio","item":"https:\/\/www.blogsoestado.com\/danielmatos\/"},{"@type":"ListItem","position":2,"name":"Atendendo pedido de Osmar Filho, prefeitura construir\u00e1 novo Mercado do S\u00e3o Francisco"}]},{"@type":"WebSite","@id":"https:\/\/www.blogsoestado.com\/danielmatos\/#website","url":"https:\/\/www.blogsoestado.com\/danielmatos\/","name":"Daniel Matos","description":"","potentialAction":[{"@type":"SearchAction","target":{"@type":"EntryPoint","urlTemplate":"https:\/\/www.blogsoestado.com\/danielmatos\/?s={search_term_string}"},"query-input":{"@type":"PropertyValueSpecification","valueRequired":true,"valueName":"search_term_string"}}],"inLanguage":"pt-BR"}]}},"jetpack_featured_media_url":"","_links":{"self":[{"href":"https:\/\/www.blogsoestado.com\/danielmatos\/wp-json\/wp\/v2\/posts\/61751","targetHints":{"allow":["GET"]}}],"collection":[{"href":"https:\/\/www.blogsoestado.com\/danielmatos\/wp-json\/wp\/v2\/posts"}],"about":[{"href":"https:\/\/www.blogsoestado.com\/danielmatos\/wp-json\/wp\/v2\/types\/post"}],"replies":[{"embeddable":true,"href":"https:\/\/www.blogsoestado.com\/danielmatos\/wp-json\/wp\/v2\/comments?post=61751"}],"version-history":[{"count":0,"href":"https:\/\/www.blogsoestado.com\/danielmatos\/wp-json\/wp\/v2\/posts\/61751\/revisions"}],"wp:attachment":[{"href":"https:\/\/www.blogsoestado.com\/danielmatos\/wp-json\/wp\/v2\/media?parent=61751"}],"wp:term":[{"taxonomy":"category","embeddable":true,"href":"https:\/\/www.blogsoestado.com\/danielmatos\/wp-json\/wp\/v2\/categories?post=61751"},{"taxonomy":"post_tag","embeddable":true,"href":"https:\/\/www.blogsoestado.com\/danielmatos\/wp-json\/wp\/v2\/tags?post=61751"}],"curies":[{"name":"wp","href":"https:\/\/api.w.org\/{rel}","templated":true}]}}