{"id":61760,"date":"2019-04-06T07:41:12","date_gmt":"2019-04-06T10:41:12","guid":{"rendered":"https:\/\/www.blogsoestado.com\/danielmatos\/?p=61760"},"modified":"2019-04-06T07:41:12","modified_gmt":"2019-04-06T10:41:12","slug":"cumulo-da-submissao-politica-ao-comunismo","status":"publish","type":"post","link":"https:\/\/www.blogsoestado.com\/danielmatos\/cumulo-da-submissao-politica-ao-comunismo\/","title":{"rendered":"C\u00famulo da submiss\u00e3o pol\u00edtica ao comunismo"},"content":{"rendered":"\n<figure class=\"wp-block-image\"><img decoding=\"async\" src=\"https:\/\/www.blogsoestado.com\/danielmatos\/files\/2019\/04\/Screenshot_2019-04-05-19-02-252.png\" alt=\"\" class=\"wp-image-61762\"\/><figcaption>Ex-deputados Rog\u00e9rio Cafeteira (secret\u00e1rio de Desportos e Lazer) e St\u00eanio Rezende em reuni\u00e3o e, na parede, ao fundo, o quadro com a fotografia de Fl\u00e1vio Dino<\/figcaption><\/figure>\n\n\n\n<p>O Democratas do Maranh\u00e3o tem se empenhado ao m\u00e1ximo para se fortalecer como partido da base aliada ao governador Fl\u00e1vio Dino (PCdoB). Mas a estrat\u00e9gia da sigla para se sobressair na coaliz\u00e3o governista vai al\u00e9m de atrair nomes de peso para os seus quadros, a exemplo do rec\u00e9m-filiado prefeito de Imperatriz, Assis Ramos, ex-PMDB.<\/p>\n\n\n\n<p>A rela\u00e7\u00e3o do DEM com o governo comunista n\u00e3o se resume a apoio em vota\u00e7\u00f5es no parlamento em troca de benesses, como indica\u00e7\u00f5es para cargos. Para n\u00e3o deixar d\u00favida de que seu partido \u00e9 um aliado fiel, o deputado federal Juscelino Filho, presidente da legenda democrata no estado, faz todos os acenos e manobras poss\u00edveis para agradar Fl\u00e1vio Dino. <\/p>\n\n\n\n<p>A adula\u00e7\u00e3o mais recente \u00e9 a foto acima, postada no perfil oficial da sigla em uma rede social, que mostra membros da legenda reunidos e um quadro com a imagem do governador na parede, ao fundo.     <\/p>\n\n\n\n<p>Tantos gestos de submiss\u00e3o amea\u00e7am sepultar o legado de um partido que outrora esteve na linha de frente na cena pol\u00edtica maranhense.   <\/p>\n\n\n\n<p>Assim, o DEM, que no plano federal integra a base do governo do presidente Jair Bolsonaro, e ocupa minist\u00e9rios importantes, abre m\u00e3o do seu protagonismo e reafirma sua condi\u00e7\u00e3o de mero vassalo do poder local. Ou seja, no Maranh\u00e3o, o partido democrata trilha caminho inverso ao dos seus lideres nacionais, j\u00e1 que Dino e Bolsonaro s\u00e3o advers\u00e1rios pol\u00edticos hostis e alimentam interesses e ideologias inconcili\u00e1veis na vida p\u00fablica. <\/p>\n\n\n\n<p>Resta saber se a bajula\u00e7\u00e3o escancarada do DEM ao governo estadual \u00e9 um ato volunt\u00e1rio ou mais uma imposi\u00e7\u00e3o do comunismo \u00e0 sua vassalagem.<\/p>\n","protected":false},"excerpt":{"rendered":"<p>O Democratas do Maranh\u00e3o tem se empenhado ao m\u00e1ximo para se fortalecer como partido da base aliada ao governador Fl\u00e1vio [&hellip;]<\/p>\n","protected":false},"author":0,"featured_media":0,"comment_status":"open","ping_status":"open","sticky":false,"template":"","format":"standard","meta":{"site-sidebar-layout":"default","site-content-layout":"","ast-site-content-layout":"default","site-content-style":"default","site-sidebar-style":"default","ast-global-header-display":"","ast-banner-title-visibility":"","ast-main-header-display":"","ast-hfb-above-header-display":"","ast-hfb-below-header-display":"","ast-hfb-mobile-header-display":"","site-post-title":"","ast-breadcrumbs-content":"","ast-featured-img":"","footer-sml-layout":"","ast-disable-related-posts":"","theme-transparent-header-meta":"","adv-header-id-meta":"","stick-header-meta":"","header-above-stick-meta":"","header-main-stick-meta":"","header-below-stick-meta":"","astra-migrate-meta-layouts":"default","ast-page-background-enabled":"default","ast-page-background-meta":{"desktop":{"background-color":"var(--ast-global-color-5)","background-image":"","background-repeat":"repeat","background-position":"center center","background-size":"auto","background-attachment":"scroll","background-type":"","background-media":"","overlay-type":"","overlay-color":"","overlay-opacity":"","overlay-gradient":""},"tablet":{"background-color":"","background-image":"","background-repeat":"repeat","background-position":"center center","background-size":"auto","background-attachment":"scroll","background-type":"","background-media":"","overlay-type":"","overlay-color":"","overlay-opacity":"","overlay-gradient":""},"mobile":{"background-color":"","background-image":"","background-repeat":"repeat","background-position":"center center","background-size":"auto","background-attachment":"scroll","background-type":"","background-media":"","overlay-type":"","overlay-color":"","overlay-opacity":"","overlay-gradient":""}},"ast-content-background-meta":{"desktop":{"background-color":"var(--ast-global-color-4)","background-image":"","background-repeat":"repeat","background-position":"center center","background-size":"auto","background-attachment":"scroll","background-type":"","background-media":"","overlay-type":"","overlay-color":"","overlay-opacity":"","overlay-gradient":""},"tablet":{"background-color":"var(--ast-global-color-4)","background-image":"","background-repeat":"repeat","background-position":"center center","background-size":"auto","background-attachment":"scroll","background-type":"","background-media":"","overlay-type":"","overlay-color":"","overlay-opacity":"","overlay-gradient":""},"mobile":{"background-color":"var(--ast-global-color-4)","background-image":"","background-repeat":"repeat","background-position":"center center","background-size":"auto","background-attachment":"scroll","background-type":"","background-media":"","overlay-type":"","overlay-color":"","overlay-opacity":"","overlay-gradient":""}},"footnotes":""},"categories":[1],"tags":[],"class_list":["post-61760","post","type-post","status-publish","format-standard","hentry","category-sem-categoria"],"yoast_head":"<!-- This site is optimized with the Yoast SEO plugin v26.6 - https:\/\/yoast.com\/wordpress\/plugins\/seo\/ -->\n<title>C\u00famulo da submiss\u00e3o pol\u00edtica ao comunismo - Daniel Matos<\/title>\n<meta name=\"robots\" content=\"index, follow, max-snippet:-1, max-image-preview:large, max-video-preview:-1\" \/>\n<link rel=\"canonical\" href=\"https:\/\/www.blogsoestado.com\/danielmatos\/cumulo-da-submissao-politica-ao-comunismo\/\" \/>\n<meta property=\"og:locale\" content=\"pt_BR\" \/>\n<meta property=\"og:type\" content=\"article\" \/>\n<meta property=\"og:title\" content=\"C\u00famulo da submiss\u00e3o pol\u00edtica ao comunismo - Daniel Matos\" \/>\n<meta property=\"og:description\" content=\"O Democratas do Maranh\u00e3o tem se empenhado ao m\u00e1ximo para se fortalecer como partido da base aliada ao governador Fl\u00e1vio [&hellip;]\" \/>\n<meta property=\"og:url\" content=\"https:\/\/www.blogsoestado.com\/danielmatos\/cumulo-da-submissao-politica-ao-comunismo\/\" \/>\n<meta property=\"og:site_name\" content=\"Daniel Matos\" \/>\n<meta property=\"article:published_time\" content=\"2019-04-06T10:41:12+00:00\" \/>\n<meta property=\"og:image\" content=\"https:\/\/www.blogsoestado.com\/danielmatos\/files\/2019\/04\/Screenshot_2019-04-05-19-02-252.png\" \/>\n<meta name=\"twitter:card\" content=\"summary_large_image\" \/>\n<meta name=\"twitter:label1\" content=\"Est. tempo de leitura\" \/>\n\t<meta name=\"twitter:data1\" content=\"2 minutos\" \/>\n<script type=\"application\/ld+json\" class=\"yoast-schema-graph\">{\"@context\":\"https:\/\/schema.org\",\"@graph\":[{\"@type\":\"WebPage\",\"@id\":\"https:\/\/www.blogsoestado.com\/danielmatos\/cumulo-da-submissao-politica-ao-comunismo\/\",\"url\":\"https:\/\/www.blogsoestado.com\/danielmatos\/cumulo-da-submissao-politica-ao-comunismo\/\",\"name\":\"C\u00famulo da submiss\u00e3o pol\u00edtica ao comunismo - Daniel Matos\",\"isPartOf\":{\"@id\":\"https:\/\/www.blogsoestado.com\/danielmatos\/#website\"},\"primaryImageOfPage\":{\"@id\":\"https:\/\/www.blogsoestado.com\/danielmatos\/cumulo-da-submissao-politica-ao-comunismo\/#primaryimage\"},\"image\":{\"@id\":\"https:\/\/www.blogsoestado.com\/danielmatos\/cumulo-da-submissao-politica-ao-comunismo\/#primaryimage\"},\"thumbnailUrl\":\"https:\/\/www.blogsoestado.com\/danielmatos\/files\/2019\/04\/Screenshot_2019-04-05-19-02-252.png\",\"datePublished\":\"2019-04-06T10:41:12+00:00\",\"author\":{\"@id\":\"\"},\"breadcrumb\":{\"@id\":\"https:\/\/www.blogsoestado.com\/danielmatos\/cumulo-da-submissao-politica-ao-comunismo\/#breadcrumb\"},\"inLanguage\":\"pt-BR\",\"potentialAction\":[{\"@type\":\"ReadAction\",\"target\":[\"https:\/\/www.blogsoestado.com\/danielmatos\/cumulo-da-submissao-politica-ao-comunismo\/\"]}]},{\"@type\":\"ImageObject\",\"inLanguage\":\"pt-BR\",\"@id\":\"https:\/\/www.blogsoestado.com\/danielmatos\/cumulo-da-submissao-politica-ao-comunismo\/#primaryimage\",\"url\":\"https:\/\/www.blogsoestado.com\/danielmatos\/files\/2019\/04\/Screenshot_2019-04-05-19-02-252.png\",\"contentUrl\":\"https:\/\/www.blogsoestado.com\/danielmatos\/files\/2019\/04\/Screenshot_2019-04-05-19-02-252.png\"},{\"@type\":\"BreadcrumbList\",\"@id\":\"https:\/\/www.blogsoestado.com\/danielmatos\/cumulo-da-submissao-politica-ao-comunismo\/#breadcrumb\",\"itemListElement\":[{\"@type\":\"ListItem\",\"position\":1,\"name\":\"In\u00edcio\",\"item\":\"https:\/\/www.blogsoestado.com\/danielmatos\/\"},{\"@type\":\"ListItem\",\"position\":2,\"name\":\"C\u00famulo da submiss\u00e3o pol\u00edtica ao comunismo\"}]},{\"@type\":\"WebSite\",\"@id\":\"https:\/\/www.blogsoestado.com\/danielmatos\/#website\",\"url\":\"https:\/\/www.blogsoestado.com\/danielmatos\/\",\"name\":\"Daniel Matos\",\"description\":\"\",\"potentialAction\":[{\"@type\":\"SearchAction\",\"target\":{\"@type\":\"EntryPoint\",\"urlTemplate\":\"https:\/\/www.blogsoestado.com\/danielmatos\/?s={search_term_string}\"},\"query-input\":{\"@type\":\"PropertyValueSpecification\",\"valueRequired\":true,\"valueName\":\"search_term_string\"}}],\"inLanguage\":\"pt-BR\"}]}<\/script>\n<!-- \/ Yoast SEO plugin. -->","yoast_head_json":{"title":"C\u00famulo da submiss\u00e3o pol\u00edtica ao comunismo - Daniel Matos","robots":{"index":"index","follow":"follow","max-snippet":"max-snippet:-1","max-image-preview":"max-image-preview:large","max-video-preview":"max-video-preview:-1"},"canonical":"https:\/\/www.blogsoestado.com\/danielmatos\/cumulo-da-submissao-politica-ao-comunismo\/","og_locale":"pt_BR","og_type":"article","og_title":"C\u00famulo da submiss\u00e3o pol\u00edtica ao comunismo - Daniel Matos","og_description":"O Democratas do Maranh\u00e3o tem se empenhado ao m\u00e1ximo para se fortalecer como partido da base aliada ao governador Fl\u00e1vio [&hellip;]","og_url":"https:\/\/www.blogsoestado.com\/danielmatos\/cumulo-da-submissao-politica-ao-comunismo\/","og_site_name":"Daniel Matos","article_published_time":"2019-04-06T10:41:12+00:00","og_image":[{"url":"https:\/\/www.blogsoestado.com\/danielmatos\/files\/2019\/04\/Screenshot_2019-04-05-19-02-252.png","type":"","width":"","height":""}],"twitter_card":"summary_large_image","twitter_misc":{"Est. tempo de leitura":"2 minutos"},"schema":{"@context":"https:\/\/schema.org","@graph":[{"@type":"WebPage","@id":"https:\/\/www.blogsoestado.com\/danielmatos\/cumulo-da-submissao-politica-ao-comunismo\/","url":"https:\/\/www.blogsoestado.com\/danielmatos\/cumulo-da-submissao-politica-ao-comunismo\/","name":"C\u00famulo da submiss\u00e3o pol\u00edtica ao comunismo - Daniel Matos","isPartOf":{"@id":"https:\/\/www.blogsoestado.com\/danielmatos\/#website"},"primaryImageOfPage":{"@id":"https:\/\/www.blogsoestado.com\/danielmatos\/cumulo-da-submissao-politica-ao-comunismo\/#primaryimage"},"image":{"@id":"https:\/\/www.blogsoestado.com\/danielmatos\/cumulo-da-submissao-politica-ao-comunismo\/#primaryimage"},"thumbnailUrl":"https:\/\/www.blogsoestado.com\/danielmatos\/files\/2019\/04\/Screenshot_2019-04-05-19-02-252.png","datePublished":"2019-04-06T10:41:12+00:00","author":{"@id":""},"breadcrumb":{"@id":"https:\/\/www.blogsoestado.com\/danielmatos\/cumulo-da-submissao-politica-ao-comunismo\/#breadcrumb"},"inLanguage":"pt-BR","potentialAction":[{"@type":"ReadAction","target":["https:\/\/www.blogsoestado.com\/danielmatos\/cumulo-da-submissao-politica-ao-comunismo\/"]}]},{"@type":"ImageObject","inLanguage":"pt-BR","@id":"https:\/\/www.blogsoestado.com\/danielmatos\/cumulo-da-submissao-politica-ao-comunismo\/#primaryimage","url":"https:\/\/www.blogsoestado.com\/danielmatos\/files\/2019\/04\/Screenshot_2019-04-05-19-02-252.png","contentUrl":"https:\/\/www.blogsoestado.com\/danielmatos\/files\/2019\/04\/Screenshot_2019-04-05-19-02-252.png"},{"@type":"BreadcrumbList","@id":"https:\/\/www.blogsoestado.com\/danielmatos\/cumulo-da-submissao-politica-ao-comunismo\/#breadcrumb","itemListElement":[{"@type":"ListItem","position":1,"name":"In\u00edcio","item":"https:\/\/www.blogsoestado.com\/danielmatos\/"},{"@type":"ListItem","position":2,"name":"C\u00famulo da submiss\u00e3o pol\u00edtica ao comunismo"}]},{"@type":"WebSite","@id":"https:\/\/www.blogsoestado.com\/danielmatos\/#website","url":"https:\/\/www.blogsoestado.com\/danielmatos\/","name":"Daniel Matos","description":"","potentialAction":[{"@type":"SearchAction","target":{"@type":"EntryPoint","urlTemplate":"https:\/\/www.blogsoestado.com\/danielmatos\/?s={search_term_string}"},"query-input":{"@type":"PropertyValueSpecification","valueRequired":true,"valueName":"search_term_string"}}],"inLanguage":"pt-BR"}]}},"jetpack_featured_media_url":"","_links":{"self":[{"href":"https:\/\/www.blogsoestado.com\/danielmatos\/wp-json\/wp\/v2\/posts\/61760","targetHints":{"allow":["GET"]}}],"collection":[{"href":"https:\/\/www.blogsoestado.com\/danielmatos\/wp-json\/wp\/v2\/posts"}],"about":[{"href":"https:\/\/www.blogsoestado.com\/danielmatos\/wp-json\/wp\/v2\/types\/post"}],"replies":[{"embeddable":true,"href":"https:\/\/www.blogsoestado.com\/danielmatos\/wp-json\/wp\/v2\/comments?post=61760"}],"version-history":[{"count":0,"href":"https:\/\/www.blogsoestado.com\/danielmatos\/wp-json\/wp\/v2\/posts\/61760\/revisions"}],"wp:attachment":[{"href":"https:\/\/www.blogsoestado.com\/danielmatos\/wp-json\/wp\/v2\/media?parent=61760"}],"wp:term":[{"taxonomy":"category","embeddable":true,"href":"https:\/\/www.blogsoestado.com\/danielmatos\/wp-json\/wp\/v2\/categories?post=61760"},{"taxonomy":"post_tag","embeddable":true,"href":"https:\/\/www.blogsoestado.com\/danielmatos\/wp-json\/wp\/v2\/tags?post=61760"}],"curies":[{"name":"wp","href":"https:\/\/api.w.org\/{rel}","templated":true}]}}