{"id":61777,"date":"2019-04-07T16:50:42","date_gmt":"2019-04-07T19:50:42","guid":{"rendered":"https:\/\/www.blogsoestado.com\/danielmatos\/?p=61777"},"modified":"2019-04-07T16:50:42","modified_gmt":"2019-04-07T19:50:42","slug":"precisamos-falar-sobre-o-centro-historico-parte-1","status":"publish","type":"post","link":"https:\/\/www.blogsoestado.com\/danielmatos\/precisamos-falar-sobre-o-centro-historico-parte-1\/","title":{"rendered":"Precisamos falar sobre o Centro Hist\u00f3rico (parte 1)"},"content":{"rendered":"\n<figure class=\"wp-block-image\"><img decoding=\"async\" src=\"https:\/\/www.blogsoestado.com\/danielmatos\/files\/2019\/04\/centro-historico-abandonado.jpg\" alt=\"\" class=\"wp-image-61778\"\/><figcaption>Adriano defende a\u00e7\u00e3o conjunta dos entes governamentais em prol da preserva\u00e7\u00e3o do Centro Hist\u00f3rico<\/figcaption><\/figure>\n\n\n\n<p>Sou um apaixonado pelos casar\u00f5es, ruas e becos do Centro Hist\u00f3rico. Acredito que apenas a coopera\u00e7\u00e3o entre os governos estadual, federal, municipal, iniciativa privada, entidades de classe, ONGs, imprensa, institutos de ensino, \u00f3rg\u00e3os internacionais, enfim, a sociedade civil organizada, poder\u00e1 iniciar um verdadeiro processo de transforma\u00e7\u00e3o do Centro da cidade, necess\u00e1rio para a revitaliza\u00e7\u00e3o deste tesouro maranhense.<\/p>\n\n\n\n<p>Infelizmente, temos visto a degrada\u00e7\u00e3o tanto material quanto humana desse bairro; estruturas seculares se acabando com o tempo e o crack, a viol\u00eancia e a mis\u00e9ria acabando com a vida de muitas pessoas. Ainda que bem-intencionado, o poder p\u00fablico, por si s\u00f3, n\u00e3o conseguir\u00e1 dar sustentabilidade ao Centro Hist\u00f3rico. \u00c9 necess\u00e1ria a presen\u00e7a ativa e vibrante da iniciativa privada para que haja o interesse em preservar o espa\u00e7o, investir e cobrar com mais \u00eanfase os servi\u00e7os p\u00fablicos e de manuten\u00e7\u00e3o.<\/p>\n\n\n\n<p>Para fazer a roda da economia girar \u00e9 preciso agregar valor ao mercado local. Al\u00e9m do com\u00e9rcio tradicional da Rua Grande e suas imedia\u00e7\u00f5es, complementado com a oferta de artesanato e servi\u00e7o de bares, restaurantes e hotelaria predominantes na \u00e1rea, \u00e9 necess\u00e1rio investir em outras atividades que tenham viabilidade econ\u00f4mica e que promovam a circula\u00e7\u00e3o de pessoas e valores de forma constante e permanente.<\/p>\n\n\n\n<p>Entre outros setores importantes da economia, considero que a cultura e as atividades ligadas a chamada Economia Criativa s\u00e3o a grande voca\u00e7\u00e3o do Estado do Maranh\u00e3o. Destacamos, em nosso caso, gastronomia, artesanato, cinema e v\u00eddeo, artes c\u00eanicas, literatura, m\u00fasica, dan\u00e7a, entre outras. Todas com forte componente cultural e \u00e0s quais a atividade econ\u00f4mica e empresarial consegue aderir de forma positiva e organizada. Al\u00e9m disso, devemos incentivar o setor de tecnologia, como por exemplo a cria\u00e7\u00e3o de softwares voltados \u00e0s atividades ligadas a Economia Criativa.<\/p>\n\n\n\n<p>Segundo a antrop\u00f3loga Cl\u00e1udia Leit\u00e3o, ex-Secret\u00e1ria de Economia Criativa do Minist\u00e9rio da Cultura, \u201cTemos que promover uma ocupa\u00e7\u00e3o de pr\u00e9dios hist\u00f3ricos que seja inclusiva e que gere riqueza\u201d, e, ainda, referindo-se especificamente a S\u00e3o Luis, \u201cO Maranh\u00e3o precisa tornar a diversidade um ativo para a sua economia. Precisa ir muito al\u00e9m do t\u00edtulo de Patrim\u00f4nio da Humanidade\u201d.<\/p>\n\n\n\n<p>Assim, a sustentabilidade econ\u00f4mica do Centro Hist\u00f3rico aconteceria com a inser\u00e7\u00e3o dos elementos culturais que marcam a nossa singularidade, tais como dan\u00e7as e manifesta\u00e7\u00f5es folcl\u00f3ricas, m\u00fasica, teatro, literatura, cinema, gastronomia, artesanato, renda, enfim, toda a diversidade que tanto caracteriza nosso povo.<\/p>\n\n\n\n<p>Este projeto representaria a ocupa\u00e7\u00e3o diferenciada dos im\u00f3veis e \u00e1reas recuperadas com atividades permanentes \u00e0s quais se agregariam outras, patrocinadas pelas Institui\u00e7\u00f5es de Ensino Superior, mesclando tecnol\u00f3gica, inova\u00e7\u00e3o, tradi\u00e7\u00e3o e artes. O com\u00e9rcio tradicional permaneceria importante para a sustenta\u00e7\u00e3o de um modelo diferenciado e criativo para o Centro Hist\u00f3rico de S\u00e3o Lu\u00eds e o turismo se intensificaria como consequ\u00eancia do renascimento da regi\u00e3o.<\/p>\n\n\n\n<p>Essa ocupa\u00e7\u00e3o, mais democr\u00e1tica e com maior participa\u00e7\u00e3o de agentes econ\u00f4micos, culturais, acad\u00eamicos e pol\u00edticos comprometidos com uma nova proposta, somente pode se concretizar com a atua\u00e7\u00e3o de cidad\u00e3os e gestores p\u00fablicos cientes de suas responsabilidades e com a vis\u00e3o empreendedora necess\u00e1ria a projetos sustent\u00e1veis. A solu\u00e7\u00e3o para o Centro Hist\u00f3rico de S\u00e3o Lu\u00eds \u00e9 coopera\u00e7\u00e3o e empreendedorismo.<\/p>\n\n\n\n<p>No pr\u00f3ximo artigo, analisarei como o poder p\u00fablico atrapalha o desenvolvimento do Centro Hist\u00f3rico.<br><\/p>\n\n\n\n<p><strong>* Adriano Sarney<\/strong><\/p>\n\n\n\n<p>Deputado Estadual, Economista com p\u00f3s-gradua\u00e7\u00e3o pela Universit\u00e9 Paris (Sorbonne, Fran\u00e7a) e em Gest\u00e3o pela Universidade Harvard.<br>Email:&nbsp;<a href=\"mailto:jadrianocs@post.harvard.edu\" rel=\"noreferrer noopener\" target=\"_blank\">jadrianocs@post.harvard.edu<\/a><br>Twitter: @AdrianoSarney<br>Facebook: @adriano.sarney<br>Instagram: @adrianosarney<br><\/p>\n","protected":false},"excerpt":{"rendered":"<p>Sou um apaixonado pelos casar\u00f5es, ruas e becos do Centro Hist\u00f3rico. Acredito que apenas a coopera\u00e7\u00e3o entre os governos estadual, [&hellip;]<\/p>\n","protected":false},"author":0,"featured_media":0,"comment_status":"open","ping_status":"open","sticky":false,"template":"","format":"standard","meta":{"site-sidebar-layout":"default","site-content-layout":"","ast-site-content-layout":"default","site-content-style":"default","site-sidebar-style":"default","ast-global-header-display":"","ast-banner-title-visibility":"","ast-main-header-display":"","ast-hfb-above-header-display":"","ast-hfb-below-header-display":"","ast-hfb-mobile-header-display":"","site-post-title":"","ast-breadcrumbs-content":"","ast-featured-img":"","footer-sml-layout":"","ast-disable-related-posts":"","theme-transparent-header-meta":"","adv-header-id-meta":"","stick-header-meta":"","header-above-stick-meta":"","header-main-stick-meta":"","header-below-stick-meta":"","astra-migrate-meta-layouts":"default","ast-page-background-enabled":"default","ast-page-background-meta":{"desktop":{"background-color":"var(--ast-global-color-5)","background-image":"","background-repeat":"repeat","background-position":"center center","background-size":"auto","background-attachment":"scroll","background-type":"","background-media":"","overlay-type":"","overlay-color":"","overlay-opacity":"","overlay-gradient":""},"tablet":{"background-color":"","background-image":"","background-repeat":"repeat","background-position":"center center","background-size":"auto","background-attachment":"scroll","background-type":"","background-media":"","overlay-type":"","overlay-color":"","overlay-opacity":"","overlay-gradient":""},"mobile":{"background-color":"","background-image":"","background-repeat":"repeat","background-position":"center center","background-size":"auto","background-attachment":"scroll","background-type":"","background-media":"","overlay-type":"","overlay-color":"","overlay-opacity":"","overlay-gradient":""}},"ast-content-background-meta":{"desktop":{"background-color":"var(--ast-global-color-4)","background-image":"","background-repeat":"repeat","background-position":"center center","background-size":"auto","background-attachment":"scroll","background-type":"","background-media":"","overlay-type":"","overlay-color":"","overlay-opacity":"","overlay-gradient":""},"tablet":{"background-color":"var(--ast-global-color-4)","background-image":"","background-repeat":"repeat","background-position":"center center","background-size":"auto","background-attachment":"scroll","background-type":"","background-media":"","overlay-type":"","overlay-color":"","overlay-opacity":"","overlay-gradient":""},"mobile":{"background-color":"var(--ast-global-color-4)","background-image":"","background-repeat":"repeat","background-position":"center center","background-size":"auto","background-attachment":"scroll","background-type":"","background-media":"","overlay-type":"","overlay-color":"","overlay-opacity":"","overlay-gradient":""}},"footnotes":""},"categories":[1],"tags":[],"class_list":["post-61777","post","type-post","status-publish","format-standard","hentry","category-sem-categoria"],"yoast_head":"<!-- This site is optimized with the Yoast SEO plugin v26.6 - https:\/\/yoast.com\/wordpress\/plugins\/seo\/ -->\n<title>Precisamos falar sobre o Centro Hist\u00f3rico (parte 1) - Daniel Matos<\/title>\n<meta name=\"robots\" content=\"index, follow, max-snippet:-1, max-image-preview:large, max-video-preview:-1\" \/>\n<link rel=\"canonical\" href=\"https:\/\/www.blogsoestado.com\/danielmatos\/precisamos-falar-sobre-o-centro-historico-parte-1\/\" \/>\n<meta property=\"og:locale\" content=\"pt_BR\" \/>\n<meta property=\"og:type\" content=\"article\" \/>\n<meta property=\"og:title\" content=\"Precisamos falar sobre o Centro Hist\u00f3rico (parte 1) - Daniel Matos\" \/>\n<meta property=\"og:description\" content=\"Sou um apaixonado pelos casar\u00f5es, ruas e becos do Centro Hist\u00f3rico. Acredito que apenas a coopera\u00e7\u00e3o entre os governos estadual, [&hellip;]\" \/>\n<meta property=\"og:url\" content=\"https:\/\/www.blogsoestado.com\/danielmatos\/precisamos-falar-sobre-o-centro-historico-parte-1\/\" \/>\n<meta property=\"og:site_name\" content=\"Daniel Matos\" \/>\n<meta property=\"article:published_time\" content=\"2019-04-07T19:50:42+00:00\" \/>\n<meta property=\"og:image\" content=\"https:\/\/www.blogsoestado.com\/danielmatos\/files\/2019\/04\/centro-historico-abandonado.jpg\" \/>\n<meta name=\"twitter:card\" content=\"summary_large_image\" \/>\n<meta name=\"twitter:label1\" content=\"Est. tempo de leitura\" \/>\n\t<meta name=\"twitter:data1\" content=\"3 minutos\" \/>\n<script type=\"application\/ld+json\" class=\"yoast-schema-graph\">{\"@context\":\"https:\/\/schema.org\",\"@graph\":[{\"@type\":\"WebPage\",\"@id\":\"https:\/\/www.blogsoestado.com\/danielmatos\/precisamos-falar-sobre-o-centro-historico-parte-1\/\",\"url\":\"https:\/\/www.blogsoestado.com\/danielmatos\/precisamos-falar-sobre-o-centro-historico-parte-1\/\",\"name\":\"Precisamos falar sobre o Centro Hist\u00f3rico (parte 1) - Daniel Matos\",\"isPartOf\":{\"@id\":\"https:\/\/www.blogsoestado.com\/danielmatos\/#website\"},\"primaryImageOfPage\":{\"@id\":\"https:\/\/www.blogsoestado.com\/danielmatos\/precisamos-falar-sobre-o-centro-historico-parte-1\/#primaryimage\"},\"image\":{\"@id\":\"https:\/\/www.blogsoestado.com\/danielmatos\/precisamos-falar-sobre-o-centro-historico-parte-1\/#primaryimage\"},\"thumbnailUrl\":\"https:\/\/www.blogsoestado.com\/danielmatos\/files\/2019\/04\/centro-historico-abandonado.jpg\",\"datePublished\":\"2019-04-07T19:50:42+00:00\",\"author\":{\"@id\":\"\"},\"breadcrumb\":{\"@id\":\"https:\/\/www.blogsoestado.com\/danielmatos\/precisamos-falar-sobre-o-centro-historico-parte-1\/#breadcrumb\"},\"inLanguage\":\"pt-BR\",\"potentialAction\":[{\"@type\":\"ReadAction\",\"target\":[\"https:\/\/www.blogsoestado.com\/danielmatos\/precisamos-falar-sobre-o-centro-historico-parte-1\/\"]}]},{\"@type\":\"ImageObject\",\"inLanguage\":\"pt-BR\",\"@id\":\"https:\/\/www.blogsoestado.com\/danielmatos\/precisamos-falar-sobre-o-centro-historico-parte-1\/#primaryimage\",\"url\":\"https:\/\/www.blogsoestado.com\/danielmatos\/files\/2019\/04\/centro-historico-abandonado.jpg\",\"contentUrl\":\"https:\/\/www.blogsoestado.com\/danielmatos\/files\/2019\/04\/centro-historico-abandonado.jpg\"},{\"@type\":\"BreadcrumbList\",\"@id\":\"https:\/\/www.blogsoestado.com\/danielmatos\/precisamos-falar-sobre-o-centro-historico-parte-1\/#breadcrumb\",\"itemListElement\":[{\"@type\":\"ListItem\",\"position\":1,\"name\":\"In\u00edcio\",\"item\":\"https:\/\/www.blogsoestado.com\/danielmatos\/\"},{\"@type\":\"ListItem\",\"position\":2,\"name\":\"Precisamos falar sobre o Centro Hist\u00f3rico (parte 1)\"}]},{\"@type\":\"WebSite\",\"@id\":\"https:\/\/www.blogsoestado.com\/danielmatos\/#website\",\"url\":\"https:\/\/www.blogsoestado.com\/danielmatos\/\",\"name\":\"Daniel Matos\",\"description\":\"\",\"potentialAction\":[{\"@type\":\"SearchAction\",\"target\":{\"@type\":\"EntryPoint\",\"urlTemplate\":\"https:\/\/www.blogsoestado.com\/danielmatos\/?s={search_term_string}\"},\"query-input\":{\"@type\":\"PropertyValueSpecification\",\"valueRequired\":true,\"valueName\":\"search_term_string\"}}],\"inLanguage\":\"pt-BR\"}]}<\/script>\n<!-- \/ Yoast SEO plugin. -->","yoast_head_json":{"title":"Precisamos falar sobre o Centro Hist\u00f3rico (parte 1) - Daniel Matos","robots":{"index":"index","follow":"follow","max-snippet":"max-snippet:-1","max-image-preview":"max-image-preview:large","max-video-preview":"max-video-preview:-1"},"canonical":"https:\/\/www.blogsoestado.com\/danielmatos\/precisamos-falar-sobre-o-centro-historico-parte-1\/","og_locale":"pt_BR","og_type":"article","og_title":"Precisamos falar sobre o Centro Hist\u00f3rico (parte 1) - Daniel Matos","og_description":"Sou um apaixonado pelos casar\u00f5es, ruas e becos do Centro Hist\u00f3rico. Acredito que apenas a coopera\u00e7\u00e3o entre os governos estadual, [&hellip;]","og_url":"https:\/\/www.blogsoestado.com\/danielmatos\/precisamos-falar-sobre-o-centro-historico-parte-1\/","og_site_name":"Daniel Matos","article_published_time":"2019-04-07T19:50:42+00:00","og_image":[{"url":"https:\/\/www.blogsoestado.com\/danielmatos\/files\/2019\/04\/centro-historico-abandonado.jpg","type":"","width":"","height":""}],"twitter_card":"summary_large_image","twitter_misc":{"Est. tempo de leitura":"3 minutos"},"schema":{"@context":"https:\/\/schema.org","@graph":[{"@type":"WebPage","@id":"https:\/\/www.blogsoestado.com\/danielmatos\/precisamos-falar-sobre-o-centro-historico-parte-1\/","url":"https:\/\/www.blogsoestado.com\/danielmatos\/precisamos-falar-sobre-o-centro-historico-parte-1\/","name":"Precisamos falar sobre o Centro Hist\u00f3rico (parte 1) - Daniel Matos","isPartOf":{"@id":"https:\/\/www.blogsoestado.com\/danielmatos\/#website"},"primaryImageOfPage":{"@id":"https:\/\/www.blogsoestado.com\/danielmatos\/precisamos-falar-sobre-o-centro-historico-parte-1\/#primaryimage"},"image":{"@id":"https:\/\/www.blogsoestado.com\/danielmatos\/precisamos-falar-sobre-o-centro-historico-parte-1\/#primaryimage"},"thumbnailUrl":"https:\/\/www.blogsoestado.com\/danielmatos\/files\/2019\/04\/centro-historico-abandonado.jpg","datePublished":"2019-04-07T19:50:42+00:00","author":{"@id":""},"breadcrumb":{"@id":"https:\/\/www.blogsoestado.com\/danielmatos\/precisamos-falar-sobre-o-centro-historico-parte-1\/#breadcrumb"},"inLanguage":"pt-BR","potentialAction":[{"@type":"ReadAction","target":["https:\/\/www.blogsoestado.com\/danielmatos\/precisamos-falar-sobre-o-centro-historico-parte-1\/"]}]},{"@type":"ImageObject","inLanguage":"pt-BR","@id":"https:\/\/www.blogsoestado.com\/danielmatos\/precisamos-falar-sobre-o-centro-historico-parte-1\/#primaryimage","url":"https:\/\/www.blogsoestado.com\/danielmatos\/files\/2019\/04\/centro-historico-abandonado.jpg","contentUrl":"https:\/\/www.blogsoestado.com\/danielmatos\/files\/2019\/04\/centro-historico-abandonado.jpg"},{"@type":"BreadcrumbList","@id":"https:\/\/www.blogsoestado.com\/danielmatos\/precisamos-falar-sobre-o-centro-historico-parte-1\/#breadcrumb","itemListElement":[{"@type":"ListItem","position":1,"name":"In\u00edcio","item":"https:\/\/www.blogsoestado.com\/danielmatos\/"},{"@type":"ListItem","position":2,"name":"Precisamos falar sobre o Centro Hist\u00f3rico (parte 1)"}]},{"@type":"WebSite","@id":"https:\/\/www.blogsoestado.com\/danielmatos\/#website","url":"https:\/\/www.blogsoestado.com\/danielmatos\/","name":"Daniel Matos","description":"","potentialAction":[{"@type":"SearchAction","target":{"@type":"EntryPoint","urlTemplate":"https:\/\/www.blogsoestado.com\/danielmatos\/?s={search_term_string}"},"query-input":{"@type":"PropertyValueSpecification","valueRequired":true,"valueName":"search_term_string"}}],"inLanguage":"pt-BR"}]}},"jetpack_featured_media_url":"","_links":{"self":[{"href":"https:\/\/www.blogsoestado.com\/danielmatos\/wp-json\/wp\/v2\/posts\/61777","targetHints":{"allow":["GET"]}}],"collection":[{"href":"https:\/\/www.blogsoestado.com\/danielmatos\/wp-json\/wp\/v2\/posts"}],"about":[{"href":"https:\/\/www.blogsoestado.com\/danielmatos\/wp-json\/wp\/v2\/types\/post"}],"replies":[{"embeddable":true,"href":"https:\/\/www.blogsoestado.com\/danielmatos\/wp-json\/wp\/v2\/comments?post=61777"}],"version-history":[{"count":0,"href":"https:\/\/www.blogsoestado.com\/danielmatos\/wp-json\/wp\/v2\/posts\/61777\/revisions"}],"wp:attachment":[{"href":"https:\/\/www.blogsoestado.com\/danielmatos\/wp-json\/wp\/v2\/media?parent=61777"}],"wp:term":[{"taxonomy":"category","embeddable":true,"href":"https:\/\/www.blogsoestado.com\/danielmatos\/wp-json\/wp\/v2\/categories?post=61777"},{"taxonomy":"post_tag","embeddable":true,"href":"https:\/\/www.blogsoestado.com\/danielmatos\/wp-json\/wp\/v2\/tags?post=61777"}],"curies":[{"name":"wp","href":"https:\/\/api.w.org\/{rel}","templated":true}]}}