{"id":61787,"date":"2019-04-08T11:10:25","date_gmt":"2019-04-08T14:10:25","guid":{"rendered":"https:\/\/www.blogsoestado.com\/danielmatos\/?p=61787"},"modified":"2019-04-08T11:10:25","modified_gmt":"2019-04-08T14:10:25","slug":"flavio-dino-nao-repassa-verba-e-hospital-aldenora-bello-suspende-pronto-atendimento-e-outros-servicos","status":"publish","type":"post","link":"https:\/\/www.blogsoestado.com\/danielmatos\/flavio-dino-nao-repassa-verba-e-hospital-aldenora-bello-suspende-pronto-atendimento-e-outros-servicos\/","title":{"rendered":"Fl\u00e1vio Dino n\u00e3o repassa verba e Hospital Aldenora Bello suspende pronto atendimento e outros servi\u00e7os"},"content":{"rendered":"\n<div class=\"wp-block-image\"><figure class=\"alignleft\"><img decoding=\"async\" src=\"https:\/\/www.blogsoestado.com\/danielmatos\/files\/2019\/04\/aldenora-bello.jpg\" alt=\"\" class=\"wp-image-61788\"\/><figcaption>Hospital Aldenora Bello suspendeu servi\u00e7os essenciais<\/figcaption><\/figure><\/div>\n\n\n\n<p>Em of\u00edcio encaminhado ao governador Fl\u00e1vio Dino (PCdoB), no \u00faltimo dia 1\u00ba, a Funda\u00e7\u00e3o Ant\u00f4nio Dino, mantenedora do Hospital do C\u00e2ncer Aldenora Bello, comunicou a suspens\u00e3o do pronto atendimento (SPA), do atendimento domiciliar, tratamento da dor e cuidados paliativos a toda a popula\u00e7\u00e3o a partir desta segunda-feira (8), Dia Mundial de Combate ao C\u00e2ncer. A interrup\u00e7\u00e3o dos servi\u00e7os m\u00e9dicos foi provocada pela descontinuidade de um repasse financeiro que o Governo do Estado vinha fazendo \u00e0 institui\u00e7\u00e3o, o que gerou um d\u00e9ficit acumulado de R$ 5,7 milh\u00f5es.<\/p>\n\n\n\n<p>Ap\u00f3s receber uma s\u00e9rie de solicita\u00e7\u00f5es da Funda\u00e7\u00e3o Ant\u00f4nio Dino, o governo Fl\u00e1vio Dino assinou, em 2018, conv\u00eanio no valor de R$ 3.171.000,00  (tr\u00eas milh\u00f5es, cento e setenta e um mil reais), com recursos oriundos do Fundo Estadual de Combate ao C\u00e2ncer. Do montante previsto, foram repassados, efetivamente, R$ 2,8 milh\u00f5es, com a devida presta\u00e7\u00e3o de contas feita pelo hospital.   <\/p>\n\n\n\n<p>Al\u00e9m do conv\u00eanio, ficou acertado entre o governo e a funda\u00e7\u00e3o que seriam feitos estudos para viabilizar a continuidade do apoio, tamb\u00e9m por meio do Fundo Estadual de Combate ao C\u00e2ncer. O valor previsto era de R$ 600 mil, mas nada foi definido e desde o encerramento do conv\u00eanio o Hospital Aldenora Bello aguarda resposta positiva do Estado, por meio da Secretaria de Estado da Sa\u00fade (SES), que ainda n\u00e3o sinalizou sobre o assunto.<\/p>\n\n\n\n<p>Enquanto aguarda a solu\u00e7\u00e3o do impasse, a Funda\u00e7\u00e3o Ant\u00f4nio Dino alega que tem um d\u00e9ficit acumulado de R$ 5,7 milh\u00f5es.<\/p>\n\n\n\n<p><strong>Retrospecto<\/strong> <\/p>\n\n\n\n<p>O conv\u00eanio anterior firmado com o governo estadual para a cobertura dos tratamentos citados foi assinado no in\u00edcio de 2008. Por falta de cobertura do Sistema \u00danico de Sa\u00fade (SUS) ou pela insufici\u00eancia da verba para tal custeio, o Aldenora Bello se viu obrigado a recorrer ao poder p\u00fablico em busca de aux\u00edlio. O referido conv\u00eanio, no valor de R$ 237 mil mensais, encerrou-se em dezembro de 2008 e s\u00f3 foi renovado em setembro de 2009, mas em valor inferior (R$ 165.518,05), o que acarretou um d\u00e9ficit mensal de R$ 60 mil para a manuten\u00e7\u00e3o dos servi\u00e7os.<\/p>\n\n\n\n<p>Em setembro de 2010, o conv\u00eanio foi encerrado e n\u00e3o houve mais renova\u00e7\u00e3o &#8211; na \u00e9poca, o governo transformou o antigo Hospital Geral, no bairro Madre Deus, em Hospital de c\u00e2ncer, absorvendo boa parte da demanda antes atendida exclusivamente pelo Aldenora Bello. <\/p>\n\n\n\n<p>Como a Funda\u00e7\u00e3o Ant\u00f4nio Dino j\u00e1 havia investido elevada soma em constru\u00e7\u00f5es, amplia\u00e7\u00f5es, adapta\u00e7\u00f5es, equipamentos, m\u00f3veis e contrata\u00e7\u00e3o de profissionais qualificados, na expectativa de que o conv\u00eanio fosse retomado, os atendimentos foram mantidos e custeados integralmente pela pr\u00f3pria institui\u00e7\u00e3o. A mantenedora alega que tais despesas resultaram em mais d\u00e9ficits e que chegou a fazer empr\u00e9stimos banc\u00e1rios para cobrir os gastos. <\/p>\n\n\n\n<p><strong>Reclassifica\u00e7\u00e3o<\/strong><\/p>\n\n\n\n<p>A Funda\u00e7\u00e3o Ant\u00f4nio Dino informa que a suspens\u00e3o dos atendimentos levar\u00e1 \u00e0 reclassifica\u00e7\u00e3o do Hospital Aldenora Bello, que deixar\u00e1 de ser Centro de Assist\u00eancia em Alta Complexidade em Oncologia (CACON), \u00fanico com esse status no Maranh\u00e3o, que deveria contar com pelo menos seis unidades hospitalares dessa natureza por causa da crescente demanda de pacientes.<\/p>\n\n\n\n<p>Abaixo, o trecho inicial do of\u00edcio encaminhado ao governador Fl\u00e1vio Dino:<\/p>\n\n\n\n<div class=\"wp-block-image\"><figure class=\"aligncenter\"><img decoding=\"async\" src=\"https:\/\/www.blogsoestado.com\/danielmatos\/files\/2019\/04\/aldenora-bello-1.jpg\" alt=\"\" class=\"wp-image-61789\"\/><\/figure><\/div>\n\n\n\n<p>  <\/p>\n","protected":false},"excerpt":{"rendered":"<p>Em of\u00edcio encaminhado ao governador Fl\u00e1vio Dino (PCdoB), no \u00faltimo dia 1\u00ba, a Funda\u00e7\u00e3o Ant\u00f4nio Dino, mantenedora do Hospital do [&hellip;]<\/p>\n","protected":false},"author":0,"featured_media":0,"comment_status":"open","ping_status":"open","sticky":false,"template":"","format":"standard","meta":{"site-sidebar-layout":"default","site-content-layout":"","ast-site-content-layout":"default","site-content-style":"default","site-sidebar-style":"default","ast-global-header-display":"","ast-banner-title-visibility":"","ast-main-header-display":"","ast-hfb-above-header-display":"","ast-hfb-below-header-display":"","ast-hfb-mobile-header-display":"","site-post-title":"","ast-breadcrumbs-content":"","ast-featured-img":"","footer-sml-layout":"","ast-disable-related-posts":"","theme-transparent-header-meta":"","adv-header-id-meta":"","stick-header-meta":"","header-above-stick-meta":"","header-main-stick-meta":"","header-below-stick-meta":"","astra-migrate-meta-layouts":"default","ast-page-background-enabled":"default","ast-page-background-meta":{"desktop":{"background-color":"var(--ast-global-color-5)","background-image":"","background-repeat":"repeat","background-position":"center center","background-size":"auto","background-attachment":"scroll","background-type":"","background-media":"","overlay-type":"","overlay-color":"","overlay-opacity":"","overlay-gradient":""},"tablet":{"background-color":"","background-image":"","background-repeat":"repeat","background-position":"center center","background-size":"auto","background-attachment":"scroll","background-type":"","background-media":"","overlay-type":"","overlay-color":"","overlay-opacity":"","overlay-gradient":""},"mobile":{"background-color":"","background-image":"","background-repeat":"repeat","background-position":"center center","background-size":"auto","background-attachment":"scroll","background-type":"","background-media":"","overlay-type":"","overlay-color":"","overlay-opacity":"","overlay-gradient":""}},"ast-content-background-meta":{"desktop":{"background-color":"var(--ast-global-color-4)","background-image":"","background-repeat":"repeat","background-position":"center center","background-size":"auto","background-attachment":"scroll","background-type":"","background-media":"","overlay-type":"","overlay-color":"","overlay-opacity":"","overlay-gradient":""},"tablet":{"background-color":"var(--ast-global-color-4)","background-image":"","background-repeat":"repeat","background-position":"center center","background-size":"auto","background-attachment":"scroll","background-type":"","background-media":"","overlay-type":"","overlay-color":"","overlay-opacity":"","overlay-gradient":""},"mobile":{"background-color":"var(--ast-global-color-4)","background-image":"","background-repeat":"repeat","background-position":"center center","background-size":"auto","background-attachment":"scroll","background-type":"","background-media":"","overlay-type":"","overlay-color":"","overlay-opacity":"","overlay-gradient":""}},"footnotes":""},"categories":[1],"tags":[],"class_list":["post-61787","post","type-post","status-publish","format-standard","hentry","category-sem-categoria"],"yoast_head":"<!-- This site is optimized with the Yoast SEO plugin v26.6 - https:\/\/yoast.com\/wordpress\/plugins\/seo\/ -->\n<title>Fl\u00e1vio Dino n\u00e3o repassa verba e Hospital Aldenora Bello suspende pronto atendimento e outros servi\u00e7os - Daniel Matos<\/title>\n<meta name=\"robots\" content=\"index, follow, max-snippet:-1, max-image-preview:large, max-video-preview:-1\" \/>\n<link rel=\"canonical\" href=\"https:\/\/www.blogsoestado.com\/danielmatos\/flavio-dino-nao-repassa-verba-e-hospital-aldenora-bello-suspende-pronto-atendimento-e-outros-servicos\/\" \/>\n<meta property=\"og:locale\" content=\"pt_BR\" \/>\n<meta property=\"og:type\" content=\"article\" \/>\n<meta property=\"og:title\" content=\"Fl\u00e1vio Dino n\u00e3o repassa verba e Hospital Aldenora Bello suspende pronto atendimento e outros servi\u00e7os - Daniel Matos\" \/>\n<meta property=\"og:description\" content=\"Em of\u00edcio encaminhado ao governador Fl\u00e1vio Dino (PCdoB), no \u00faltimo dia 1\u00ba, a Funda\u00e7\u00e3o Ant\u00f4nio Dino, mantenedora do Hospital do [&hellip;]\" \/>\n<meta property=\"og:url\" content=\"https:\/\/www.blogsoestado.com\/danielmatos\/flavio-dino-nao-repassa-verba-e-hospital-aldenora-bello-suspende-pronto-atendimento-e-outros-servicos\/\" \/>\n<meta property=\"og:site_name\" content=\"Daniel Matos\" \/>\n<meta property=\"article:published_time\" content=\"2019-04-08T14:10:25+00:00\" \/>\n<meta property=\"og:image\" content=\"https:\/\/www.blogsoestado.com\/danielmatos\/files\/2019\/04\/aldenora-bello.jpg\" \/>\n<meta name=\"twitter:card\" content=\"summary_large_image\" \/>\n<meta name=\"twitter:label1\" content=\"Est. tempo de leitura\" \/>\n\t<meta name=\"twitter:data1\" content=\"3 minutos\" \/>\n<script type=\"application\/ld+json\" class=\"yoast-schema-graph\">{\"@context\":\"https:\/\/schema.org\",\"@graph\":[{\"@type\":\"WebPage\",\"@id\":\"https:\/\/www.blogsoestado.com\/danielmatos\/flavio-dino-nao-repassa-verba-e-hospital-aldenora-bello-suspende-pronto-atendimento-e-outros-servicos\/\",\"url\":\"https:\/\/www.blogsoestado.com\/danielmatos\/flavio-dino-nao-repassa-verba-e-hospital-aldenora-bello-suspende-pronto-atendimento-e-outros-servicos\/\",\"name\":\"Fl\u00e1vio Dino n\u00e3o repassa verba e Hospital Aldenora Bello suspende pronto atendimento e outros servi\u00e7os - Daniel Matos\",\"isPartOf\":{\"@id\":\"https:\/\/www.blogsoestado.com\/danielmatos\/#website\"},\"primaryImageOfPage\":{\"@id\":\"https:\/\/www.blogsoestado.com\/danielmatos\/flavio-dino-nao-repassa-verba-e-hospital-aldenora-bello-suspende-pronto-atendimento-e-outros-servicos\/#primaryimage\"},\"image\":{\"@id\":\"https:\/\/www.blogsoestado.com\/danielmatos\/flavio-dino-nao-repassa-verba-e-hospital-aldenora-bello-suspende-pronto-atendimento-e-outros-servicos\/#primaryimage\"},\"thumbnailUrl\":\"https:\/\/www.blogsoestado.com\/danielmatos\/files\/2019\/04\/aldenora-bello.jpg\",\"datePublished\":\"2019-04-08T14:10:25+00:00\",\"author\":{\"@id\":\"\"},\"breadcrumb\":{\"@id\":\"https:\/\/www.blogsoestado.com\/danielmatos\/flavio-dino-nao-repassa-verba-e-hospital-aldenora-bello-suspende-pronto-atendimento-e-outros-servicos\/#breadcrumb\"},\"inLanguage\":\"pt-BR\",\"potentialAction\":[{\"@type\":\"ReadAction\",\"target\":[\"https:\/\/www.blogsoestado.com\/danielmatos\/flavio-dino-nao-repassa-verba-e-hospital-aldenora-bello-suspende-pronto-atendimento-e-outros-servicos\/\"]}]},{\"@type\":\"ImageObject\",\"inLanguage\":\"pt-BR\",\"@id\":\"https:\/\/www.blogsoestado.com\/danielmatos\/flavio-dino-nao-repassa-verba-e-hospital-aldenora-bello-suspende-pronto-atendimento-e-outros-servicos\/#primaryimage\",\"url\":\"https:\/\/www.blogsoestado.com\/danielmatos\/files\/2019\/04\/aldenora-bello.jpg\",\"contentUrl\":\"https:\/\/www.blogsoestado.com\/danielmatos\/files\/2019\/04\/aldenora-bello.jpg\"},{\"@type\":\"BreadcrumbList\",\"@id\":\"https:\/\/www.blogsoestado.com\/danielmatos\/flavio-dino-nao-repassa-verba-e-hospital-aldenora-bello-suspende-pronto-atendimento-e-outros-servicos\/#breadcrumb\",\"itemListElement\":[{\"@type\":\"ListItem\",\"position\":1,\"name\":\"In\u00edcio\",\"item\":\"https:\/\/www.blogsoestado.com\/danielmatos\/\"},{\"@type\":\"ListItem\",\"position\":2,\"name\":\"Fl\u00e1vio Dino n\u00e3o repassa verba e Hospital Aldenora Bello suspende pronto atendimento e outros servi\u00e7os\"}]},{\"@type\":\"WebSite\",\"@id\":\"https:\/\/www.blogsoestado.com\/danielmatos\/#website\",\"url\":\"https:\/\/www.blogsoestado.com\/danielmatos\/\",\"name\":\"Daniel Matos\",\"description\":\"\",\"potentialAction\":[{\"@type\":\"SearchAction\",\"target\":{\"@type\":\"EntryPoint\",\"urlTemplate\":\"https:\/\/www.blogsoestado.com\/danielmatos\/?s={search_term_string}\"},\"query-input\":{\"@type\":\"PropertyValueSpecification\",\"valueRequired\":true,\"valueName\":\"search_term_string\"}}],\"inLanguage\":\"pt-BR\"}]}<\/script>\n<!-- \/ Yoast SEO plugin. -->","yoast_head_json":{"title":"Fl\u00e1vio Dino n\u00e3o repassa verba e Hospital Aldenora Bello suspende pronto atendimento e outros servi\u00e7os - Daniel Matos","robots":{"index":"index","follow":"follow","max-snippet":"max-snippet:-1","max-image-preview":"max-image-preview:large","max-video-preview":"max-video-preview:-1"},"canonical":"https:\/\/www.blogsoestado.com\/danielmatos\/flavio-dino-nao-repassa-verba-e-hospital-aldenora-bello-suspende-pronto-atendimento-e-outros-servicos\/","og_locale":"pt_BR","og_type":"article","og_title":"Fl\u00e1vio Dino n\u00e3o repassa verba e Hospital Aldenora Bello suspende pronto atendimento e outros servi\u00e7os - Daniel Matos","og_description":"Em of\u00edcio encaminhado ao governador Fl\u00e1vio Dino (PCdoB), no \u00faltimo dia 1\u00ba, a Funda\u00e7\u00e3o Ant\u00f4nio Dino, mantenedora do Hospital do [&hellip;]","og_url":"https:\/\/www.blogsoestado.com\/danielmatos\/flavio-dino-nao-repassa-verba-e-hospital-aldenora-bello-suspende-pronto-atendimento-e-outros-servicos\/","og_site_name":"Daniel Matos","article_published_time":"2019-04-08T14:10:25+00:00","og_image":[{"url":"https:\/\/www.blogsoestado.com\/danielmatos\/files\/2019\/04\/aldenora-bello.jpg","type":"","width":"","height":""}],"twitter_card":"summary_large_image","twitter_misc":{"Est. tempo de leitura":"3 minutos"},"schema":{"@context":"https:\/\/schema.org","@graph":[{"@type":"WebPage","@id":"https:\/\/www.blogsoestado.com\/danielmatos\/flavio-dino-nao-repassa-verba-e-hospital-aldenora-bello-suspende-pronto-atendimento-e-outros-servicos\/","url":"https:\/\/www.blogsoestado.com\/danielmatos\/flavio-dino-nao-repassa-verba-e-hospital-aldenora-bello-suspende-pronto-atendimento-e-outros-servicos\/","name":"Fl\u00e1vio Dino n\u00e3o repassa verba e Hospital Aldenora Bello suspende pronto atendimento e outros servi\u00e7os - Daniel Matos","isPartOf":{"@id":"https:\/\/www.blogsoestado.com\/danielmatos\/#website"},"primaryImageOfPage":{"@id":"https:\/\/www.blogsoestado.com\/danielmatos\/flavio-dino-nao-repassa-verba-e-hospital-aldenora-bello-suspende-pronto-atendimento-e-outros-servicos\/#primaryimage"},"image":{"@id":"https:\/\/www.blogsoestado.com\/danielmatos\/flavio-dino-nao-repassa-verba-e-hospital-aldenora-bello-suspende-pronto-atendimento-e-outros-servicos\/#primaryimage"},"thumbnailUrl":"https:\/\/www.blogsoestado.com\/danielmatos\/files\/2019\/04\/aldenora-bello.jpg","datePublished":"2019-04-08T14:10:25+00:00","author":{"@id":""},"breadcrumb":{"@id":"https:\/\/www.blogsoestado.com\/danielmatos\/flavio-dino-nao-repassa-verba-e-hospital-aldenora-bello-suspende-pronto-atendimento-e-outros-servicos\/#breadcrumb"},"inLanguage":"pt-BR","potentialAction":[{"@type":"ReadAction","target":["https:\/\/www.blogsoestado.com\/danielmatos\/flavio-dino-nao-repassa-verba-e-hospital-aldenora-bello-suspende-pronto-atendimento-e-outros-servicos\/"]}]},{"@type":"ImageObject","inLanguage":"pt-BR","@id":"https:\/\/www.blogsoestado.com\/danielmatos\/flavio-dino-nao-repassa-verba-e-hospital-aldenora-bello-suspende-pronto-atendimento-e-outros-servicos\/#primaryimage","url":"https:\/\/www.blogsoestado.com\/danielmatos\/files\/2019\/04\/aldenora-bello.jpg","contentUrl":"https:\/\/www.blogsoestado.com\/danielmatos\/files\/2019\/04\/aldenora-bello.jpg"},{"@type":"BreadcrumbList","@id":"https:\/\/www.blogsoestado.com\/danielmatos\/flavio-dino-nao-repassa-verba-e-hospital-aldenora-bello-suspende-pronto-atendimento-e-outros-servicos\/#breadcrumb","itemListElement":[{"@type":"ListItem","position":1,"name":"In\u00edcio","item":"https:\/\/www.blogsoestado.com\/danielmatos\/"},{"@type":"ListItem","position":2,"name":"Fl\u00e1vio Dino n\u00e3o repassa verba e Hospital Aldenora Bello suspende pronto atendimento e outros servi\u00e7os"}]},{"@type":"WebSite","@id":"https:\/\/www.blogsoestado.com\/danielmatos\/#website","url":"https:\/\/www.blogsoestado.com\/danielmatos\/","name":"Daniel Matos","description":"","potentialAction":[{"@type":"SearchAction","target":{"@type":"EntryPoint","urlTemplate":"https:\/\/www.blogsoestado.com\/danielmatos\/?s={search_term_string}"},"query-input":{"@type":"PropertyValueSpecification","valueRequired":true,"valueName":"search_term_string"}}],"inLanguage":"pt-BR"}]}},"jetpack_featured_media_url":"","_links":{"self":[{"href":"https:\/\/www.blogsoestado.com\/danielmatos\/wp-json\/wp\/v2\/posts\/61787","targetHints":{"allow":["GET"]}}],"collection":[{"href":"https:\/\/www.blogsoestado.com\/danielmatos\/wp-json\/wp\/v2\/posts"}],"about":[{"href":"https:\/\/www.blogsoestado.com\/danielmatos\/wp-json\/wp\/v2\/types\/post"}],"replies":[{"embeddable":true,"href":"https:\/\/www.blogsoestado.com\/danielmatos\/wp-json\/wp\/v2\/comments?post=61787"}],"version-history":[{"count":0,"href":"https:\/\/www.blogsoestado.com\/danielmatos\/wp-json\/wp\/v2\/posts\/61787\/revisions"}],"wp:attachment":[{"href":"https:\/\/www.blogsoestado.com\/danielmatos\/wp-json\/wp\/v2\/media?parent=61787"}],"wp:term":[{"taxonomy":"category","embeddable":true,"href":"https:\/\/www.blogsoestado.com\/danielmatos\/wp-json\/wp\/v2\/categories?post=61787"},{"taxonomy":"post_tag","embeddable":true,"href":"https:\/\/www.blogsoestado.com\/danielmatos\/wp-json\/wp\/v2\/tags?post=61787"}],"curies":[{"name":"wp","href":"https:\/\/api.w.org\/{rel}","templated":true}]}}