{"id":61798,"date":"2019-04-08T18:06:25","date_gmt":"2019-04-08T21:06:25","guid":{"rendered":"https:\/\/www.blogsoestado.com\/danielmatos\/?p=61798"},"modified":"2019-04-08T18:06:25","modified_gmt":"2019-04-08T21:06:25","slug":"wellington-lamenta-ausencia-de-autoridades-em-audiencia-sobre-infraestrutura-precaria-do-alto-do-turu-e-regiao","status":"publish","type":"post","link":"https:\/\/www.blogsoestado.com\/danielmatos\/wellington-lamenta-ausencia-de-autoridades-em-audiencia-sobre-infraestrutura-precaria-do-alto-do-turu-e-regiao\/","title":{"rendered":"Wellington lamenta aus\u00eancia de autoridades em audi\u00eancia sobre infraestrutura prec\u00e1ria do Alto do Turu e regi\u00e3o"},"content":{"rendered":"\n<figure class=\"wp-block-image\"><img decoding=\"async\" src=\"https:\/\/www.blogsoestado.com\/danielmatos\/files\/2019\/04\/audiencia-turu2-1024x683.jpg\" alt=\"\" class=\"wp-image-61799\"\/><figcaption>Audi\u00eancia de iniciativa do deputado Wellington registrou expressiva participa\u00e7\u00e3o popular <\/figcaption><\/figure>\n\n\n\n<p>Neste s\u00e1bado (06), o deputado estadual Wellington do Curso presidiu a mesa da Audi\u00eancia sobre Falta de Infraestrutura e Pol\u00edticas P\u00fablicas, realizada na Igreja Quadrangular no Alto do Turu, em S\u00e3o Jos\u00e9 de Ribamar. Os moradores de dezessete localidades da Regi\u00e3o dos Parques solicitaram com urg\u00eancia melhorias na infraestrutura do local, que est\u00e1 abandonado pelo poder p\u00fablico.<\/p>\n\n\n\n<p>Dentre os encaminhamentos que o deputado fez desde 2016 sobre os mesmos problemas encontrados, tamb\u00e9m foram solicitados \u00e1rea de laser, escolas no bairro e asfalto nas ruas de toda a regi\u00e3o, pois com tantos buracos e lama no per\u00edodo chuvoso, nem t\u00e1xi chega no local. Os \u00f4nibus est\u00e3o sucateados e com o mesmo pre\u00e7o de passagem de S\u00e3o Lu\u00eds. Com a falta de acessibilidade, cadeirantes n\u00e3o conseguem se locomover de forma adequada pelas ruas, sendo que cal\u00e7adas n\u00e3o existem. Por este mesmo motivo, os comerciantes registraram queda nas vendas, e denunciaram a quantidade de lixo em locais impr\u00f3prios.<\/p>\n\n\n\n<p>Para a composi\u00e7\u00e3o da mesa, somente compareceram para prestar esclarecimentos e propor solu\u00e7\u00f5es \u00e0 popula\u00e7\u00e3o, compareceram os vereadores de S\u00e3o Jos\u00e9 de Ribamar, Mois\u00e9s Gama (PRB) e Nonato Lima (PDT); o presidente do Pacto pela Paz da Seguran\u00e7a P\u00fablica do Parque Vit\u00f3ria, Michael Manoel Pinheiro; o presidente da Associa\u00e7\u00e3o dos Moradores do Alto do Turu, Wrandemilson Oliveira Santos; o presidente da Associa\u00e7\u00e3o dos Moradores do Miritiua, Raimundo Pires dos Santos, e o presidente da Comiss\u00e3o Oficial Permanente e Independente dos Moradores do Alto do Turu (COPI), William Sousa Rocha.<\/p>\n\n\n\n<figure class=\"wp-block-image\"><img decoding=\"async\" src=\"https:\/\/www.blogsoestado.com\/danielmatos\/files\/2019\/04\/audiencia-turu-1024x582.jpg\" alt=\"\" class=\"wp-image-61800\"\/><figcaption>Deputado Wellington cobrou presen\u00e7a de governantes para discutir o problema com o povo<\/figcaption><\/figure>\n\n\n\n<p>Para a audi\u00eancia foram convidadas todas as autoridades do poder p\u00fablico municipal e estadual que n\u00e3o compareceram ao local. Mediante a todas as den\u00fancias, o deputado lamentou a aus\u00eancia das autoridades competentes e colocou-se \u00e0 disposi\u00e7\u00e3o da popula\u00e7\u00e3o que j\u00e1 sofre com os mesmos problemas h\u00e1 anos.<\/p>\n\n\n\n<p>\u201cA falta de vergonha na cara do governador Fl\u00e1vio Dino e dos prefeitos que fazem propaganda enganosa e deixam comunidades abandonadas, sem infraestrutura, com asfalto de p\u00e9ssima qualidade, falta de saneamento b\u00e1sico adequado, obras superfaturadas e desvio de dinheiro p\u00fablico evidentes. Lamento a aus\u00eancia destas autoridades aqui nesta audi\u00eancia hoje, para prestarem esclarecimentos e solu\u00e7\u00f5es para a popula\u00e7\u00e3o. Fizemos o convite a todos. Fui eleito para legislar e fiscalizar a aplica\u00e7\u00e3o de dinheiro p\u00fablico. Estamos juntos nesta luta contra o descaso e abandono por parte do Poder Executivo\u201d, declarou Wellington.<\/p>\n\n\n\n<p>Assista ao v\u00eddeo:<\/p>\n\n\n\n<figure class=\"wp-block-embed-youtube wp-block-embed is-type-video is-provider-youtube wp-embed-aspect-16-9 wp-has-aspect-ratio\"><div class=\"wp-block-embed__wrapper\">\n<iframe title=\"Audi\u00eancia discute problemas de infraestrutura do Alto do Turu\" width=\"500\" height=\"281\" src=\"https:\/\/www.youtube.com\/embed\/P8inidz_C_w?feature=oembed\" frameborder=\"0\" allow=\"accelerometer; autoplay; clipboard-write; encrypted-media; gyroscope; picture-in-picture; web-share\" referrerpolicy=\"strict-origin-when-cross-origin\" allowfullscreen><\/iframe>\n<\/div><\/figure>\n","protected":false},"excerpt":{"rendered":"<p>Neste s\u00e1bado (06), o deputado estadual Wellington do Curso presidiu a mesa da Audi\u00eancia sobre Falta de Infraestrutura e Pol\u00edticas [&hellip;]<\/p>\n","protected":false},"author":0,"featured_media":0,"comment_status":"open","ping_status":"open","sticky":false,"template":"","format":"standard","meta":{"site-sidebar-layout":"default","site-content-layout":"","ast-site-content-layout":"default","site-content-style":"default","site-sidebar-style":"default","ast-global-header-display":"","ast-banner-title-visibility":"","ast-main-header-display":"","ast-hfb-above-header-display":"","ast-hfb-below-header-display":"","ast-hfb-mobile-header-display":"","site-post-title":"","ast-breadcrumbs-content":"","ast-featured-img":"","footer-sml-layout":"","ast-disable-related-posts":"","theme-transparent-header-meta":"","adv-header-id-meta":"","stick-header-meta":"","header-above-stick-meta":"","header-main-stick-meta":"","header-below-stick-meta":"","astra-migrate-meta-layouts":"default","ast-page-background-enabled":"default","ast-page-background-meta":{"desktop":{"background-color":"var(--ast-global-color-5)","background-image":"","background-repeat":"repeat","background-position":"center center","background-size":"auto","background-attachment":"scroll","background-type":"","background-media":"","overlay-type":"","overlay-color":"","overlay-opacity":"","overlay-gradient":""},"tablet":{"background-color":"","background-image":"","background-repeat":"repeat","background-position":"center center","background-size":"auto","background-attachment":"scroll","background-type":"","background-media":"","overlay-type":"","overlay-color":"","overlay-opacity":"","overlay-gradient":""},"mobile":{"background-color":"","background-image":"","background-repeat":"repeat","background-position":"center center","background-size":"auto","background-attachment":"scroll","background-type":"","background-media":"","overlay-type":"","overlay-color":"","overlay-opacity":"","overlay-gradient":""}},"ast-content-background-meta":{"desktop":{"background-color":"var(--ast-global-color-4)","background-image":"","background-repeat":"repeat","background-position":"center center","background-size":"auto","background-attachment":"scroll","background-type":"","background-media":"","overlay-type":"","overlay-color":"","overlay-opacity":"","overlay-gradient":""},"tablet":{"background-color":"var(--ast-global-color-4)","background-image":"","background-repeat":"repeat","background-position":"center center","background-size":"auto","background-attachment":"scroll","background-type":"","background-media":"","overlay-type":"","overlay-color":"","overlay-opacity":"","overlay-gradient":""},"mobile":{"background-color":"var(--ast-global-color-4)","background-image":"","background-repeat":"repeat","background-position":"center center","background-size":"auto","background-attachment":"scroll","background-type":"","background-media":"","overlay-type":"","overlay-color":"","overlay-opacity":"","overlay-gradient":""}},"footnotes":""},"categories":[1],"tags":[],"class_list":["post-61798","post","type-post","status-publish","format-standard","hentry","category-sem-categoria"],"yoast_head":"<!-- This site is optimized with the Yoast SEO plugin v26.6 - https:\/\/yoast.com\/wordpress\/plugins\/seo\/ -->\n<title>Wellington lamenta aus\u00eancia de autoridades em audi\u00eancia sobre infraestrutura prec\u00e1ria do Alto do Turu e regi\u00e3o - Daniel Matos<\/title>\n<meta name=\"robots\" content=\"index, follow, max-snippet:-1, max-image-preview:large, max-video-preview:-1\" \/>\n<link rel=\"canonical\" href=\"https:\/\/www.blogsoestado.com\/danielmatos\/wellington-lamenta-ausencia-de-autoridades-em-audiencia-sobre-infraestrutura-precaria-do-alto-do-turu-e-regiao\/\" \/>\n<meta property=\"og:locale\" content=\"pt_BR\" \/>\n<meta property=\"og:type\" content=\"article\" \/>\n<meta property=\"og:title\" content=\"Wellington lamenta aus\u00eancia de autoridades em audi\u00eancia sobre infraestrutura prec\u00e1ria do Alto do Turu e regi\u00e3o - Daniel Matos\" \/>\n<meta property=\"og:description\" content=\"Neste s\u00e1bado (06), o deputado estadual Wellington do Curso presidiu a mesa da Audi\u00eancia sobre Falta de Infraestrutura e Pol\u00edticas [&hellip;]\" \/>\n<meta property=\"og:url\" content=\"https:\/\/www.blogsoestado.com\/danielmatos\/wellington-lamenta-ausencia-de-autoridades-em-audiencia-sobre-infraestrutura-precaria-do-alto-do-turu-e-regiao\/\" \/>\n<meta property=\"og:site_name\" content=\"Daniel Matos\" \/>\n<meta property=\"article:published_time\" content=\"2019-04-08T21:06:25+00:00\" \/>\n<meta property=\"og:image\" content=\"https:\/\/www.blogsoestado.com\/danielmatos\/files\/2019\/04\/audiencia-turu2-1024x683.jpg\" \/>\n<meta name=\"twitter:card\" content=\"summary_large_image\" \/>\n<meta name=\"twitter:label1\" content=\"Est. tempo de leitura\" \/>\n\t<meta name=\"twitter:data1\" content=\"2 minutos\" \/>\n<script type=\"application\/ld+json\" class=\"yoast-schema-graph\">{\"@context\":\"https:\/\/schema.org\",\"@graph\":[{\"@type\":\"WebPage\",\"@id\":\"https:\/\/www.blogsoestado.com\/danielmatos\/wellington-lamenta-ausencia-de-autoridades-em-audiencia-sobre-infraestrutura-precaria-do-alto-do-turu-e-regiao\/\",\"url\":\"https:\/\/www.blogsoestado.com\/danielmatos\/wellington-lamenta-ausencia-de-autoridades-em-audiencia-sobre-infraestrutura-precaria-do-alto-do-turu-e-regiao\/\",\"name\":\"Wellington lamenta aus\u00eancia de autoridades em audi\u00eancia sobre infraestrutura prec\u00e1ria do Alto do Turu e regi\u00e3o - Daniel Matos\",\"isPartOf\":{\"@id\":\"https:\/\/www.blogsoestado.com\/danielmatos\/#website\"},\"primaryImageOfPage\":{\"@id\":\"https:\/\/www.blogsoestado.com\/danielmatos\/wellington-lamenta-ausencia-de-autoridades-em-audiencia-sobre-infraestrutura-precaria-do-alto-do-turu-e-regiao\/#primaryimage\"},\"image\":{\"@id\":\"https:\/\/www.blogsoestado.com\/danielmatos\/wellington-lamenta-ausencia-de-autoridades-em-audiencia-sobre-infraestrutura-precaria-do-alto-do-turu-e-regiao\/#primaryimage\"},\"thumbnailUrl\":\"https:\/\/www.blogsoestado.com\/danielmatos\/files\/2019\/04\/audiencia-turu2-1024x683.jpg\",\"datePublished\":\"2019-04-08T21:06:25+00:00\",\"author\":{\"@id\":\"\"},\"breadcrumb\":{\"@id\":\"https:\/\/www.blogsoestado.com\/danielmatos\/wellington-lamenta-ausencia-de-autoridades-em-audiencia-sobre-infraestrutura-precaria-do-alto-do-turu-e-regiao\/#breadcrumb\"},\"inLanguage\":\"pt-BR\",\"potentialAction\":[{\"@type\":\"ReadAction\",\"target\":[\"https:\/\/www.blogsoestado.com\/danielmatos\/wellington-lamenta-ausencia-de-autoridades-em-audiencia-sobre-infraestrutura-precaria-do-alto-do-turu-e-regiao\/\"]}]},{\"@type\":\"ImageObject\",\"inLanguage\":\"pt-BR\",\"@id\":\"https:\/\/www.blogsoestado.com\/danielmatos\/wellington-lamenta-ausencia-de-autoridades-em-audiencia-sobre-infraestrutura-precaria-do-alto-do-turu-e-regiao\/#primaryimage\",\"url\":\"https:\/\/www.blogsoestado.com\/danielmatos\/files\/2019\/04\/audiencia-turu2-1024x683.jpg\",\"contentUrl\":\"https:\/\/www.blogsoestado.com\/danielmatos\/files\/2019\/04\/audiencia-turu2-1024x683.jpg\"},{\"@type\":\"BreadcrumbList\",\"@id\":\"https:\/\/www.blogsoestado.com\/danielmatos\/wellington-lamenta-ausencia-de-autoridades-em-audiencia-sobre-infraestrutura-precaria-do-alto-do-turu-e-regiao\/#breadcrumb\",\"itemListElement\":[{\"@type\":\"ListItem\",\"position\":1,\"name\":\"In\u00edcio\",\"item\":\"https:\/\/www.blogsoestado.com\/danielmatos\/\"},{\"@type\":\"ListItem\",\"position\":2,\"name\":\"Wellington lamenta aus\u00eancia de autoridades em audi\u00eancia sobre infraestrutura prec\u00e1ria do Alto do Turu e regi\u00e3o\"}]},{\"@type\":\"WebSite\",\"@id\":\"https:\/\/www.blogsoestado.com\/danielmatos\/#website\",\"url\":\"https:\/\/www.blogsoestado.com\/danielmatos\/\",\"name\":\"Daniel Matos\",\"description\":\"\",\"potentialAction\":[{\"@type\":\"SearchAction\",\"target\":{\"@type\":\"EntryPoint\",\"urlTemplate\":\"https:\/\/www.blogsoestado.com\/danielmatos\/?s={search_term_string}\"},\"query-input\":{\"@type\":\"PropertyValueSpecification\",\"valueRequired\":true,\"valueName\":\"search_term_string\"}}],\"inLanguage\":\"pt-BR\"}]}<\/script>\n<!-- \/ Yoast SEO plugin. -->","yoast_head_json":{"title":"Wellington lamenta aus\u00eancia de autoridades em audi\u00eancia sobre infraestrutura prec\u00e1ria do Alto do Turu e regi\u00e3o - Daniel Matos","robots":{"index":"index","follow":"follow","max-snippet":"max-snippet:-1","max-image-preview":"max-image-preview:large","max-video-preview":"max-video-preview:-1"},"canonical":"https:\/\/www.blogsoestado.com\/danielmatos\/wellington-lamenta-ausencia-de-autoridades-em-audiencia-sobre-infraestrutura-precaria-do-alto-do-turu-e-regiao\/","og_locale":"pt_BR","og_type":"article","og_title":"Wellington lamenta aus\u00eancia de autoridades em audi\u00eancia sobre infraestrutura prec\u00e1ria do Alto do Turu e regi\u00e3o - Daniel Matos","og_description":"Neste s\u00e1bado (06), o deputado estadual Wellington do Curso presidiu a mesa da Audi\u00eancia sobre Falta de Infraestrutura e Pol\u00edticas [&hellip;]","og_url":"https:\/\/www.blogsoestado.com\/danielmatos\/wellington-lamenta-ausencia-de-autoridades-em-audiencia-sobre-infraestrutura-precaria-do-alto-do-turu-e-regiao\/","og_site_name":"Daniel Matos","article_published_time":"2019-04-08T21:06:25+00:00","og_image":[{"url":"https:\/\/www.blogsoestado.com\/danielmatos\/files\/2019\/04\/audiencia-turu2-1024x683.jpg","type":"","width":"","height":""}],"twitter_card":"summary_large_image","twitter_misc":{"Est. tempo de leitura":"2 minutos"},"schema":{"@context":"https:\/\/schema.org","@graph":[{"@type":"WebPage","@id":"https:\/\/www.blogsoestado.com\/danielmatos\/wellington-lamenta-ausencia-de-autoridades-em-audiencia-sobre-infraestrutura-precaria-do-alto-do-turu-e-regiao\/","url":"https:\/\/www.blogsoestado.com\/danielmatos\/wellington-lamenta-ausencia-de-autoridades-em-audiencia-sobre-infraestrutura-precaria-do-alto-do-turu-e-regiao\/","name":"Wellington lamenta aus\u00eancia de autoridades em audi\u00eancia sobre infraestrutura prec\u00e1ria do Alto do Turu e regi\u00e3o - Daniel Matos","isPartOf":{"@id":"https:\/\/www.blogsoestado.com\/danielmatos\/#website"},"primaryImageOfPage":{"@id":"https:\/\/www.blogsoestado.com\/danielmatos\/wellington-lamenta-ausencia-de-autoridades-em-audiencia-sobre-infraestrutura-precaria-do-alto-do-turu-e-regiao\/#primaryimage"},"image":{"@id":"https:\/\/www.blogsoestado.com\/danielmatos\/wellington-lamenta-ausencia-de-autoridades-em-audiencia-sobre-infraestrutura-precaria-do-alto-do-turu-e-regiao\/#primaryimage"},"thumbnailUrl":"https:\/\/www.blogsoestado.com\/danielmatos\/files\/2019\/04\/audiencia-turu2-1024x683.jpg","datePublished":"2019-04-08T21:06:25+00:00","author":{"@id":""},"breadcrumb":{"@id":"https:\/\/www.blogsoestado.com\/danielmatos\/wellington-lamenta-ausencia-de-autoridades-em-audiencia-sobre-infraestrutura-precaria-do-alto-do-turu-e-regiao\/#breadcrumb"},"inLanguage":"pt-BR","potentialAction":[{"@type":"ReadAction","target":["https:\/\/www.blogsoestado.com\/danielmatos\/wellington-lamenta-ausencia-de-autoridades-em-audiencia-sobre-infraestrutura-precaria-do-alto-do-turu-e-regiao\/"]}]},{"@type":"ImageObject","inLanguage":"pt-BR","@id":"https:\/\/www.blogsoestado.com\/danielmatos\/wellington-lamenta-ausencia-de-autoridades-em-audiencia-sobre-infraestrutura-precaria-do-alto-do-turu-e-regiao\/#primaryimage","url":"https:\/\/www.blogsoestado.com\/danielmatos\/files\/2019\/04\/audiencia-turu2-1024x683.jpg","contentUrl":"https:\/\/www.blogsoestado.com\/danielmatos\/files\/2019\/04\/audiencia-turu2-1024x683.jpg"},{"@type":"BreadcrumbList","@id":"https:\/\/www.blogsoestado.com\/danielmatos\/wellington-lamenta-ausencia-de-autoridades-em-audiencia-sobre-infraestrutura-precaria-do-alto-do-turu-e-regiao\/#breadcrumb","itemListElement":[{"@type":"ListItem","position":1,"name":"In\u00edcio","item":"https:\/\/www.blogsoestado.com\/danielmatos\/"},{"@type":"ListItem","position":2,"name":"Wellington lamenta aus\u00eancia de autoridades em audi\u00eancia sobre infraestrutura prec\u00e1ria do Alto do Turu e regi\u00e3o"}]},{"@type":"WebSite","@id":"https:\/\/www.blogsoestado.com\/danielmatos\/#website","url":"https:\/\/www.blogsoestado.com\/danielmatos\/","name":"Daniel Matos","description":"","potentialAction":[{"@type":"SearchAction","target":{"@type":"EntryPoint","urlTemplate":"https:\/\/www.blogsoestado.com\/danielmatos\/?s={search_term_string}"},"query-input":{"@type":"PropertyValueSpecification","valueRequired":true,"valueName":"search_term_string"}}],"inLanguage":"pt-BR"}]}},"jetpack_featured_media_url":"","_links":{"self":[{"href":"https:\/\/www.blogsoestado.com\/danielmatos\/wp-json\/wp\/v2\/posts\/61798","targetHints":{"allow":["GET"]}}],"collection":[{"href":"https:\/\/www.blogsoestado.com\/danielmatos\/wp-json\/wp\/v2\/posts"}],"about":[{"href":"https:\/\/www.blogsoestado.com\/danielmatos\/wp-json\/wp\/v2\/types\/post"}],"replies":[{"embeddable":true,"href":"https:\/\/www.blogsoestado.com\/danielmatos\/wp-json\/wp\/v2\/comments?post=61798"}],"version-history":[{"count":0,"href":"https:\/\/www.blogsoestado.com\/danielmatos\/wp-json\/wp\/v2\/posts\/61798\/revisions"}],"wp:attachment":[{"href":"https:\/\/www.blogsoestado.com\/danielmatos\/wp-json\/wp\/v2\/media?parent=61798"}],"wp:term":[{"taxonomy":"category","embeddable":true,"href":"https:\/\/www.blogsoestado.com\/danielmatos\/wp-json\/wp\/v2\/categories?post=61798"},{"taxonomy":"post_tag","embeddable":true,"href":"https:\/\/www.blogsoestado.com\/danielmatos\/wp-json\/wp\/v2\/tags?post=61798"}],"curies":[{"name":"wp","href":"https:\/\/api.w.org\/{rel}","templated":true}]}}