{"id":61818,"date":"2019-04-09T10:35:31","date_gmt":"2019-04-09T13:35:31","guid":{"rendered":"https:\/\/www.blogsoestado.com\/danielmatos\/?p=61818"},"modified":"2019-04-09T10:35:31","modified_gmt":"2019-04-09T13:35:31","slug":"alema-e-tce-firmam-parceria-para-veiculacao-de-programa-na-grade-da-tv-assembleia","status":"publish","type":"post","link":"https:\/\/www.blogsoestado.com\/danielmatos\/alema-e-tce-firmam-parceria-para-veiculacao-de-programa-na-grade-da-tv-assembleia\/","title":{"rendered":"Alema e TCE firmam parceria para veicula\u00e7\u00e3o de programa na grade da TV Assembleia"},"content":{"rendered":"\n<div class=\"wp-block-image\"><figure class=\"aligncenter\"><img decoding=\"async\" src=\"https:\/\/www.blogsoestado.com\/danielmatos\/files\/2019\/04\/Alema-e-TCE-1024x682.jpg\" alt=\"\" class=\"wp-image-61819\"\/><figcaption>Presidente do TCE, conselheiro Nonato Lago, assina o Termo de Coopera\u00e7\u00e3o T\u00e9cnica observado pelo presidente da Assembleia, Othelino Neto, pelo diretor de Comunica\u00e7\u00e3o da Alema, Edwin Jinkings, e pelo coordenador de Comunica\u00e7\u00e3o do TCE, Fernando Abreu<\/figcaption><\/figure><\/div>\n\n\n\n<p>O presidente da Assembleia Legislativa do Maranh\u00e3o, deputado Othelino Neto (PCdoB), e o presidente do Tribunal de Contas do Estado (TCE), conselheiro Nonato Lago, assinaram, nesta segunda-feira (8), o Termo de Coopera\u00e7\u00e3o T\u00e9cnica para a veicula\u00e7\u00e3o do programa &#8220;TCE em Pauta&#8221; na grade da TV Assembleia. O objetivo \u00e9 levar aos telespectadores informa\u00e7\u00f5es sobre o trabalho desenvolvido pelo \u00f3rg\u00e3o. Participaram tamb\u00e9m da assinatura o diretor de Comunica\u00e7\u00e3o da Alema, Edwin Jinkings, e o coordenador de Comunica\u00e7\u00e3o do TCE, Fernando Abreu.<\/p>\n\n\n\n<p>\u201cAgora, os telespectadores acompanhar\u00e3o aquilo que \u00e9 produzido no Tribunal de Contas, cuja fun\u00e7\u00e3o constitucional \u00e9 fazer o controle externo, ou seja, controlar a boa aplica\u00e7\u00e3o do recurso p\u00fablico, e l\u00e1 se produz muito. \u00c9 importante que a sociedade conhe\u00e7a de perto aquilo que \u00e9 feito pelo Tribunal de Contas\u201d, afirmou o presidente da Alema, ressaltando que a rela\u00e7\u00e3o harm\u00f4nica entre as institui\u00e7\u00f5es permite o enriquecimento da grade da TV Assembleia, que, por sua vez, presta, cada vez mais, servi\u00e7os \u00e0 sociedade.<\/p>\n\n\n\n<p>\u201c\u00c9 uma estrat\u00e9gia nossa estabelecer uma rela\u00e7\u00e3o mais harm\u00f4nica poss\u00edvel com os outros poderes. N\u00f3s temos a TV Assembleia e a nossa estrutura de Comunica\u00e7\u00e3o e, quanto mais pudermos permitir que essas institui\u00e7\u00f5es falem por meio da nossa estrutura, melhor para a sociedade\u201d, completou Othelino Neto.<\/p>\n\n\n\n<p><strong>Visita<\/strong><\/p>\n\n\n\n<p>Logo ap\u00f3s a assinatura do termo, o presidente do Tribunal de Contas conheceu as depend\u00eancias do Complexo de Comunica\u00e7\u00e3o e a estrutura da TV. \u201cO Tribunal de Contas assinala um teto na sua vida institucional. Essa parceria \u00e9 da maior import\u00e2ncia, porque a sociedade precisa saber das a\u00e7\u00f5es do Tribunal de Contas e, quanto mais mecanismos de transmitir essas a\u00e7\u00f5es, melhor\u201d, assinalou o conselheiro Nonato Lago.<\/p>\n\n\n\n<p>O programa ser\u00e1 exibido semanalmente, com dura\u00e7\u00e3o de 10 a 15 minutos, enfocando assuntos de relev\u00e2ncia para o controle externo estadual. Segundo o diretor de Comunica\u00e7\u00e3o da Alema, a Assembleia Legislativa cumpre seu papel social, primando pela harmonia entre os demais poderes e estabelecendo parcerias, a exemplo das que foram firmadas com o Minist\u00e9rio P\u00fablico e o Tribunal de Justi\u00e7a do Maranh\u00e3o, que j\u00e1 possuem programas na grade da TV Assembleia.<\/p>\n\n\n\n<p>\u201cDamos mais um passo importante, abrindo espa\u00e7o na nossa grade para um programa do Tribunal de Contas do Estado, o programa TCE em Pauta, que ser\u00e1 veiculado aos s\u00e1bados. J\u00e1 estamos na parte das tratativas e, hoje, foi assinado o Termo de Coopera\u00e7\u00e3o T\u00e9cnica pelos presidentes Othelino Neto e Nonato Lago. Agora \u00e9 a parte de preparar os pilotos dos programas para, em breve, iniciarmos mais essa novidade na TV Assembleia\u201d, afirmou Edwin Jinkings.<\/p>\n\n\n\n<p>O coordenador de Comunica\u00e7\u00e3o do TCE, Fernando Abreu, disse que a parceria amplia as possibilidades de di\u00e1logo com a sociedade. \u201cQue, hoje, \u00e9 uma prioridade n\u00e3o apenas do Tribunal de Contas, mas um esfor\u00e7o do sistema Tribunal de Contas como um todo, em n\u00edvel nacional. Todos, por sua vez, e em rede, est\u00e3o buscando ampliar esses canais de di\u00e1logo e intera\u00e7\u00e3o social\u201d, disse.<\/p>\n\n\n\n<p>O deputado Vinicius Louro (PR) acompanhou a assinatura do Termo de Coopera\u00e7\u00e3o entre as institui\u00e7\u00f5es. \u201cParabenizo Othelino Neto e Nonato Lago por essa frut\u00edfera parceria e, tamb\u00e9m, o diretor Edwin Jinkings, por essa grande gest\u00e3o na TV Assembleia, que melhorou bastante\u201d.<\/p>\n","protected":false},"excerpt":{"rendered":"<p>O presidente da Assembleia Legislativa do Maranh\u00e3o, deputado Othelino Neto (PCdoB), e o presidente do Tribunal de Contas do Estado [&hellip;]<\/p>\n","protected":false},"author":0,"featured_media":0,"comment_status":"open","ping_status":"open","sticky":false,"template":"","format":"standard","meta":{"site-sidebar-layout":"default","site-content-layout":"","ast-site-content-layout":"default","site-content-style":"default","site-sidebar-style":"default","ast-global-header-display":"","ast-banner-title-visibility":"","ast-main-header-display":"","ast-hfb-above-header-display":"","ast-hfb-below-header-display":"","ast-hfb-mobile-header-display":"","site-post-title":"","ast-breadcrumbs-content":"","ast-featured-img":"","footer-sml-layout":"","ast-disable-related-posts":"","theme-transparent-header-meta":"","adv-header-id-meta":"","stick-header-meta":"","header-above-stick-meta":"","header-main-stick-meta":"","header-below-stick-meta":"","astra-migrate-meta-layouts":"default","ast-page-background-enabled":"default","ast-page-background-meta":{"desktop":{"background-color":"var(--ast-global-color-5)","background-image":"","background-repeat":"repeat","background-position":"center center","background-size":"auto","background-attachment":"scroll","background-type":"","background-media":"","overlay-type":"","overlay-color":"","overlay-opacity":"","overlay-gradient":""},"tablet":{"background-color":"","background-image":"","background-repeat":"repeat","background-position":"center center","background-size":"auto","background-attachment":"scroll","background-type":"","background-media":"","overlay-type":"","overlay-color":"","overlay-opacity":"","overlay-gradient":""},"mobile":{"background-color":"","background-image":"","background-repeat":"repeat","background-position":"center center","background-size":"auto","background-attachment":"scroll","background-type":"","background-media":"","overlay-type":"","overlay-color":"","overlay-opacity":"","overlay-gradient":""}},"ast-content-background-meta":{"desktop":{"background-color":"var(--ast-global-color-4)","background-image":"","background-repeat":"repeat","background-position":"center center","background-size":"auto","background-attachment":"scroll","background-type":"","background-media":"","overlay-type":"","overlay-color":"","overlay-opacity":"","overlay-gradient":""},"tablet":{"background-color":"var(--ast-global-color-4)","background-image":"","background-repeat":"repeat","background-position":"center center","background-size":"auto","background-attachment":"scroll","background-type":"","background-media":"","overlay-type":"","overlay-color":"","overlay-opacity":"","overlay-gradient":""},"mobile":{"background-color":"var(--ast-global-color-4)","background-image":"","background-repeat":"repeat","background-position":"center center","background-size":"auto","background-attachment":"scroll","background-type":"","background-media":"","overlay-type":"","overlay-color":"","overlay-opacity":"","overlay-gradient":""}},"footnotes":""},"categories":[1],"tags":[],"class_list":["post-61818","post","type-post","status-publish","format-standard","hentry","category-sem-categoria"],"yoast_head":"<!-- This site is optimized with the Yoast SEO plugin v26.6 - https:\/\/yoast.com\/wordpress\/plugins\/seo\/ -->\n<title>Alema e TCE firmam parceria para veicula\u00e7\u00e3o de programa na grade da TV Assembleia - Daniel Matos<\/title>\n<meta name=\"robots\" content=\"index, follow, max-snippet:-1, max-image-preview:large, max-video-preview:-1\" \/>\n<link rel=\"canonical\" href=\"https:\/\/www.blogsoestado.com\/danielmatos\/alema-e-tce-firmam-parceria-para-veiculacao-de-programa-na-grade-da-tv-assembleia\/\" \/>\n<meta property=\"og:locale\" content=\"pt_BR\" \/>\n<meta property=\"og:type\" content=\"article\" \/>\n<meta property=\"og:title\" content=\"Alema e TCE firmam parceria para veicula\u00e7\u00e3o de programa na grade da TV Assembleia - Daniel Matos\" \/>\n<meta property=\"og:description\" content=\"O presidente da Assembleia Legislativa do Maranh\u00e3o, deputado Othelino Neto (PCdoB), e o presidente do Tribunal de Contas do Estado [&hellip;]\" \/>\n<meta property=\"og:url\" content=\"https:\/\/www.blogsoestado.com\/danielmatos\/alema-e-tce-firmam-parceria-para-veiculacao-de-programa-na-grade-da-tv-assembleia\/\" \/>\n<meta property=\"og:site_name\" content=\"Daniel Matos\" \/>\n<meta property=\"article:published_time\" content=\"2019-04-09T13:35:31+00:00\" \/>\n<meta property=\"og:image\" content=\"https:\/\/www.blogsoestado.com\/danielmatos\/files\/2019\/04\/Alema-e-TCE-1024x682.jpg\" \/>\n<meta name=\"twitter:card\" content=\"summary_large_image\" \/>\n<meta name=\"twitter:label1\" content=\"Est. tempo de leitura\" \/>\n\t<meta name=\"twitter:data1\" content=\"3 minutos\" \/>\n<script type=\"application\/ld+json\" class=\"yoast-schema-graph\">{\"@context\":\"https:\/\/schema.org\",\"@graph\":[{\"@type\":\"WebPage\",\"@id\":\"https:\/\/www.blogsoestado.com\/danielmatos\/alema-e-tce-firmam-parceria-para-veiculacao-de-programa-na-grade-da-tv-assembleia\/\",\"url\":\"https:\/\/www.blogsoestado.com\/danielmatos\/alema-e-tce-firmam-parceria-para-veiculacao-de-programa-na-grade-da-tv-assembleia\/\",\"name\":\"Alema e TCE firmam parceria para veicula\u00e7\u00e3o de programa na grade da TV Assembleia - Daniel Matos\",\"isPartOf\":{\"@id\":\"https:\/\/www.blogsoestado.com\/danielmatos\/#website\"},\"primaryImageOfPage\":{\"@id\":\"https:\/\/www.blogsoestado.com\/danielmatos\/alema-e-tce-firmam-parceria-para-veiculacao-de-programa-na-grade-da-tv-assembleia\/#primaryimage\"},\"image\":{\"@id\":\"https:\/\/www.blogsoestado.com\/danielmatos\/alema-e-tce-firmam-parceria-para-veiculacao-de-programa-na-grade-da-tv-assembleia\/#primaryimage\"},\"thumbnailUrl\":\"https:\/\/www.blogsoestado.com\/danielmatos\/files\/2019\/04\/Alema-e-TCE-1024x682.jpg\",\"datePublished\":\"2019-04-09T13:35:31+00:00\",\"author\":{\"@id\":\"\"},\"breadcrumb\":{\"@id\":\"https:\/\/www.blogsoestado.com\/danielmatos\/alema-e-tce-firmam-parceria-para-veiculacao-de-programa-na-grade-da-tv-assembleia\/#breadcrumb\"},\"inLanguage\":\"pt-BR\",\"potentialAction\":[{\"@type\":\"ReadAction\",\"target\":[\"https:\/\/www.blogsoestado.com\/danielmatos\/alema-e-tce-firmam-parceria-para-veiculacao-de-programa-na-grade-da-tv-assembleia\/\"]}]},{\"@type\":\"ImageObject\",\"inLanguage\":\"pt-BR\",\"@id\":\"https:\/\/www.blogsoestado.com\/danielmatos\/alema-e-tce-firmam-parceria-para-veiculacao-de-programa-na-grade-da-tv-assembleia\/#primaryimage\",\"url\":\"https:\/\/www.blogsoestado.com\/danielmatos\/files\/2019\/04\/Alema-e-TCE-1024x682.jpg\",\"contentUrl\":\"https:\/\/www.blogsoestado.com\/danielmatos\/files\/2019\/04\/Alema-e-TCE-1024x682.jpg\"},{\"@type\":\"BreadcrumbList\",\"@id\":\"https:\/\/www.blogsoestado.com\/danielmatos\/alema-e-tce-firmam-parceria-para-veiculacao-de-programa-na-grade-da-tv-assembleia\/#breadcrumb\",\"itemListElement\":[{\"@type\":\"ListItem\",\"position\":1,\"name\":\"In\u00edcio\",\"item\":\"https:\/\/www.blogsoestado.com\/danielmatos\/\"},{\"@type\":\"ListItem\",\"position\":2,\"name\":\"Alema e TCE firmam parceria para veicula\u00e7\u00e3o de programa na grade da TV Assembleia\"}]},{\"@type\":\"WebSite\",\"@id\":\"https:\/\/www.blogsoestado.com\/danielmatos\/#website\",\"url\":\"https:\/\/www.blogsoestado.com\/danielmatos\/\",\"name\":\"Daniel Matos\",\"description\":\"\",\"potentialAction\":[{\"@type\":\"SearchAction\",\"target\":{\"@type\":\"EntryPoint\",\"urlTemplate\":\"https:\/\/www.blogsoestado.com\/danielmatos\/?s={search_term_string}\"},\"query-input\":{\"@type\":\"PropertyValueSpecification\",\"valueRequired\":true,\"valueName\":\"search_term_string\"}}],\"inLanguage\":\"pt-BR\"}]}<\/script>\n<!-- \/ Yoast SEO plugin. -->","yoast_head_json":{"title":"Alema e TCE firmam parceria para veicula\u00e7\u00e3o de programa na grade da TV Assembleia - Daniel Matos","robots":{"index":"index","follow":"follow","max-snippet":"max-snippet:-1","max-image-preview":"max-image-preview:large","max-video-preview":"max-video-preview:-1"},"canonical":"https:\/\/www.blogsoestado.com\/danielmatos\/alema-e-tce-firmam-parceria-para-veiculacao-de-programa-na-grade-da-tv-assembleia\/","og_locale":"pt_BR","og_type":"article","og_title":"Alema e TCE firmam parceria para veicula\u00e7\u00e3o de programa na grade da TV Assembleia - Daniel Matos","og_description":"O presidente da Assembleia Legislativa do Maranh\u00e3o, deputado Othelino Neto (PCdoB), e o presidente do Tribunal de Contas do Estado [&hellip;]","og_url":"https:\/\/www.blogsoestado.com\/danielmatos\/alema-e-tce-firmam-parceria-para-veiculacao-de-programa-na-grade-da-tv-assembleia\/","og_site_name":"Daniel Matos","article_published_time":"2019-04-09T13:35:31+00:00","og_image":[{"url":"https:\/\/www.blogsoestado.com\/danielmatos\/files\/2019\/04\/Alema-e-TCE-1024x682.jpg","type":"","width":"","height":""}],"twitter_card":"summary_large_image","twitter_misc":{"Est. tempo de leitura":"3 minutos"},"schema":{"@context":"https:\/\/schema.org","@graph":[{"@type":"WebPage","@id":"https:\/\/www.blogsoestado.com\/danielmatos\/alema-e-tce-firmam-parceria-para-veiculacao-de-programa-na-grade-da-tv-assembleia\/","url":"https:\/\/www.blogsoestado.com\/danielmatos\/alema-e-tce-firmam-parceria-para-veiculacao-de-programa-na-grade-da-tv-assembleia\/","name":"Alema e TCE firmam parceria para veicula\u00e7\u00e3o de programa na grade da TV Assembleia - Daniel Matos","isPartOf":{"@id":"https:\/\/www.blogsoestado.com\/danielmatos\/#website"},"primaryImageOfPage":{"@id":"https:\/\/www.blogsoestado.com\/danielmatos\/alema-e-tce-firmam-parceria-para-veiculacao-de-programa-na-grade-da-tv-assembleia\/#primaryimage"},"image":{"@id":"https:\/\/www.blogsoestado.com\/danielmatos\/alema-e-tce-firmam-parceria-para-veiculacao-de-programa-na-grade-da-tv-assembleia\/#primaryimage"},"thumbnailUrl":"https:\/\/www.blogsoestado.com\/danielmatos\/files\/2019\/04\/Alema-e-TCE-1024x682.jpg","datePublished":"2019-04-09T13:35:31+00:00","author":{"@id":""},"breadcrumb":{"@id":"https:\/\/www.blogsoestado.com\/danielmatos\/alema-e-tce-firmam-parceria-para-veiculacao-de-programa-na-grade-da-tv-assembleia\/#breadcrumb"},"inLanguage":"pt-BR","potentialAction":[{"@type":"ReadAction","target":["https:\/\/www.blogsoestado.com\/danielmatos\/alema-e-tce-firmam-parceria-para-veiculacao-de-programa-na-grade-da-tv-assembleia\/"]}]},{"@type":"ImageObject","inLanguage":"pt-BR","@id":"https:\/\/www.blogsoestado.com\/danielmatos\/alema-e-tce-firmam-parceria-para-veiculacao-de-programa-na-grade-da-tv-assembleia\/#primaryimage","url":"https:\/\/www.blogsoestado.com\/danielmatos\/files\/2019\/04\/Alema-e-TCE-1024x682.jpg","contentUrl":"https:\/\/www.blogsoestado.com\/danielmatos\/files\/2019\/04\/Alema-e-TCE-1024x682.jpg"},{"@type":"BreadcrumbList","@id":"https:\/\/www.blogsoestado.com\/danielmatos\/alema-e-tce-firmam-parceria-para-veiculacao-de-programa-na-grade-da-tv-assembleia\/#breadcrumb","itemListElement":[{"@type":"ListItem","position":1,"name":"In\u00edcio","item":"https:\/\/www.blogsoestado.com\/danielmatos\/"},{"@type":"ListItem","position":2,"name":"Alema e TCE firmam parceria para veicula\u00e7\u00e3o de programa na grade da TV Assembleia"}]},{"@type":"WebSite","@id":"https:\/\/www.blogsoestado.com\/danielmatos\/#website","url":"https:\/\/www.blogsoestado.com\/danielmatos\/","name":"Daniel Matos","description":"","potentialAction":[{"@type":"SearchAction","target":{"@type":"EntryPoint","urlTemplate":"https:\/\/www.blogsoestado.com\/danielmatos\/?s={search_term_string}"},"query-input":{"@type":"PropertyValueSpecification","valueRequired":true,"valueName":"search_term_string"}}],"inLanguage":"pt-BR"}]}},"jetpack_featured_media_url":"","_links":{"self":[{"href":"https:\/\/www.blogsoestado.com\/danielmatos\/wp-json\/wp\/v2\/posts\/61818","targetHints":{"allow":["GET"]}}],"collection":[{"href":"https:\/\/www.blogsoestado.com\/danielmatos\/wp-json\/wp\/v2\/posts"}],"about":[{"href":"https:\/\/www.blogsoestado.com\/danielmatos\/wp-json\/wp\/v2\/types\/post"}],"replies":[{"embeddable":true,"href":"https:\/\/www.blogsoestado.com\/danielmatos\/wp-json\/wp\/v2\/comments?post=61818"}],"version-history":[{"count":0,"href":"https:\/\/www.blogsoestado.com\/danielmatos\/wp-json\/wp\/v2\/posts\/61818\/revisions"}],"wp:attachment":[{"href":"https:\/\/www.blogsoestado.com\/danielmatos\/wp-json\/wp\/v2\/media?parent=61818"}],"wp:term":[{"taxonomy":"category","embeddable":true,"href":"https:\/\/www.blogsoestado.com\/danielmatos\/wp-json\/wp\/v2\/categories?post=61818"},{"taxonomy":"post_tag","embeddable":true,"href":"https:\/\/www.blogsoestado.com\/danielmatos\/wp-json\/wp\/v2\/tags?post=61818"}],"curies":[{"name":"wp","href":"https:\/\/api.w.org\/{rel}","templated":true}]}}