{"id":61821,"date":"2019-04-09T12:28:33","date_gmt":"2019-04-09T15:28:33","guid":{"rendered":"https:\/\/www.blogsoestado.com\/danielmatos\/?p=61821"},"modified":"2019-04-09T12:28:33","modified_gmt":"2019-04-09T15:28:33","slug":"apos-pressao-e-recuo-covarde-do-aldenora-bello-governo-vai-custear-atendimentos-a-pacientes-de-cancer","status":"publish","type":"post","link":"https:\/\/www.blogsoestado.com\/danielmatos\/apos-pressao-e-recuo-covarde-do-aldenora-bello-governo-vai-custear-atendimentos-a-pacientes-de-cancer\/","title":{"rendered":"Ap\u00f3s press\u00e3o e recuo covarde do Aldenora Bello, governo vai custear atendimentos a pacientes de c\u00e2ncer"},"content":{"rendered":"\n<div class=\"wp-block-image\"><figure class=\"aligncenter\"><img decoding=\"async\" src=\"https:\/\/www.blogsoestado.com\/danielmatos\/files\/2019\/04\/ses-malaquice.jpg\" alt=\"\" class=\"wp-image-61822\"\/><figcaption>Reuni\u00e3o na SES teve como desfecho acerto para repasse de recurso para atendimentos a pacientes de c\u00e2ncer<\/figcaption><\/figure><\/div>\n\n\n\n<p>Um of\u00edcio com cobran\u00e7a ao governo, seguido de um recuo covarde do Hospital Aldenora Bello, teve como desfecho a garantia de recursos para a manuten\u00e7\u00e3o do Servi\u00e7o de Pronto Atendimento (SPA), atendimento domiciliar, tratamento da dor e cuidados paliativos aos pacientes de c\u00e2ncer assistidos pela Funda\u00e7\u00e3o Ant\u00f4nio Dino. O acerto entre o governo e o hospital foi feito ontem, em uma reuni\u00e3o na Secretaria de Estado da Sa\u00fade (SES), com participa\u00e7\u00e3o do Minist\u00e9rio P\u00fablico.<\/p>\n\n\n\n<p>N\u00e3o foi a primeira vez que a Funda\u00e7\u00e3o Ant\u00f4nio Dino, mantenedora do Hospital Aldenora Bello, adotou postura acovardada na rela\u00e7\u00e3o com o atual governo diante da iminente suspens\u00e3o de atendimentos m\u00e9dicos por alegada falta de recursos. Como se o of\u00edcio divulgado e repercutido pela imprensa n\u00e3o contivesse o timbre da funda\u00e7\u00e3o e a assinatura do seu vice-presidente. Ant\u00f4nio Dino Tavares, a institui\u00e7\u00e3o tentou negar qualquer responsabilidade no caso, classificando como vazamento a publiciza\u00e7\u00e3o do teor do documento.<\/p>\n\n\n\n<p>Coube ao governo t\u00e3o somente chancelar a atitude do dirigente do hospital. Reconhecidamente h\u00e1bil diante de situa\u00e7\u00f5es embara\u00e7osas, inclusive em casos de pol\u00edcia e de Justi\u00e7a, o secret\u00e1rio de Estado da Sa\u00fade, Carlos Lula, rasgou seda na reuni\u00e3o, como se o impasse revelado pelo of\u00edcio n\u00e3o representasse amea\u00e7a \u00e0 vida de milhares de pacientes de c\u00e2ncer que estavam desassistidos antes que as duas partes envolvidas sentassem \u00e0 mesa.   <\/p>\n\n\n\n<p>A prop\u00f3sito, a promotora de Defesa da Sa\u00fade, Gl\u00f3ria Mafra, tamb\u00e9m participou da reuni\u00e3o, disposta a cumprir sua miss\u00e3o constitucional de garantir direitos aos cidad\u00e3os. Mas, a julgar pela troca de afagos entre o governo e a funda\u00e7\u00e3o, que n\u00e3o esbo\u00e7aram o menor sinal de crise, apesar da gravidade da situa\u00e7\u00e3o, a presen\u00e7a da representante do Minist\u00e9rio P\u00fablico foi desnecess\u00e1ria.<\/p>\n","protected":false},"excerpt":{"rendered":"<p>Um of\u00edcio com cobran\u00e7a ao governo, seguido de um recuo covarde do Hospital Aldenora Bello, teve como desfecho a garantia [&hellip;]<\/p>\n","protected":false},"author":0,"featured_media":0,"comment_status":"open","ping_status":"open","sticky":false,"template":"","format":"standard","meta":{"site-sidebar-layout":"default","site-content-layout":"","ast-site-content-layout":"default","site-content-style":"default","site-sidebar-style":"default","ast-global-header-display":"","ast-banner-title-visibility":"","ast-main-header-display":"","ast-hfb-above-header-display":"","ast-hfb-below-header-display":"","ast-hfb-mobile-header-display":"","site-post-title":"","ast-breadcrumbs-content":"","ast-featured-img":"","footer-sml-layout":"","ast-disable-related-posts":"","theme-transparent-header-meta":"","adv-header-id-meta":"","stick-header-meta":"","header-above-stick-meta":"","header-main-stick-meta":"","header-below-stick-meta":"","astra-migrate-meta-layouts":"default","ast-page-background-enabled":"default","ast-page-background-meta":{"desktop":{"background-color":"var(--ast-global-color-5)","background-image":"","background-repeat":"repeat","background-position":"center center","background-size":"auto","background-attachment":"scroll","background-type":"","background-media":"","overlay-type":"","overlay-color":"","overlay-opacity":"","overlay-gradient":""},"tablet":{"background-color":"","background-image":"","background-repeat":"repeat","background-position":"center center","background-size":"auto","background-attachment":"scroll","background-type":"","background-media":"","overlay-type":"","overlay-color":"","overlay-opacity":"","overlay-gradient":""},"mobile":{"background-color":"","background-image":"","background-repeat":"repeat","background-position":"center center","background-size":"auto","background-attachment":"scroll","background-type":"","background-media":"","overlay-type":"","overlay-color":"","overlay-opacity":"","overlay-gradient":""}},"ast-content-background-meta":{"desktop":{"background-color":"var(--ast-global-color-4)","background-image":"","background-repeat":"repeat","background-position":"center center","background-size":"auto","background-attachment":"scroll","background-type":"","background-media":"","overlay-type":"","overlay-color":"","overlay-opacity":"","overlay-gradient":""},"tablet":{"background-color":"var(--ast-global-color-4)","background-image":"","background-repeat":"repeat","background-position":"center center","background-size":"auto","background-attachment":"scroll","background-type":"","background-media":"","overlay-type":"","overlay-color":"","overlay-opacity":"","overlay-gradient":""},"mobile":{"background-color":"var(--ast-global-color-4)","background-image":"","background-repeat":"repeat","background-position":"center center","background-size":"auto","background-attachment":"scroll","background-type":"","background-media":"","overlay-type":"","overlay-color":"","overlay-opacity":"","overlay-gradient":""}},"footnotes":""},"categories":[1],"tags":[],"class_list":["post-61821","post","type-post","status-publish","format-standard","hentry","category-sem-categoria"],"yoast_head":"<!-- This site is optimized with the Yoast SEO plugin v26.6 - https:\/\/yoast.com\/wordpress\/plugins\/seo\/ -->\n<title>Ap\u00f3s press\u00e3o e recuo covarde do Aldenora Bello, governo vai custear atendimentos a pacientes de c\u00e2ncer - Daniel Matos<\/title>\n<meta name=\"robots\" content=\"index, follow, max-snippet:-1, max-image-preview:large, max-video-preview:-1\" \/>\n<link rel=\"canonical\" href=\"https:\/\/www.blogsoestado.com\/danielmatos\/apos-pressao-e-recuo-covarde-do-aldenora-bello-governo-vai-custear-atendimentos-a-pacientes-de-cancer\/\" \/>\n<meta property=\"og:locale\" content=\"pt_BR\" \/>\n<meta property=\"og:type\" content=\"article\" \/>\n<meta property=\"og:title\" content=\"Ap\u00f3s press\u00e3o e recuo covarde do Aldenora Bello, governo vai custear atendimentos a pacientes de c\u00e2ncer - Daniel Matos\" \/>\n<meta property=\"og:description\" content=\"Um of\u00edcio com cobran\u00e7a ao governo, seguido de um recuo covarde do Hospital Aldenora Bello, teve como desfecho a garantia [&hellip;]\" \/>\n<meta property=\"og:url\" content=\"https:\/\/www.blogsoestado.com\/danielmatos\/apos-pressao-e-recuo-covarde-do-aldenora-bello-governo-vai-custear-atendimentos-a-pacientes-de-cancer\/\" \/>\n<meta property=\"og:site_name\" content=\"Daniel Matos\" \/>\n<meta property=\"article:published_time\" content=\"2019-04-09T15:28:33+00:00\" \/>\n<meta property=\"og:image\" content=\"https:\/\/www.blogsoestado.com\/danielmatos\/files\/2019\/04\/ses-malaquice.jpg\" \/>\n<meta name=\"twitter:card\" content=\"summary_large_image\" \/>\n<meta name=\"twitter:label1\" content=\"Est. tempo de leitura\" \/>\n\t<meta name=\"twitter:data1\" content=\"2 minutos\" \/>\n<script type=\"application\/ld+json\" class=\"yoast-schema-graph\">{\"@context\":\"https:\/\/schema.org\",\"@graph\":[{\"@type\":\"WebPage\",\"@id\":\"https:\/\/www.blogsoestado.com\/danielmatos\/apos-pressao-e-recuo-covarde-do-aldenora-bello-governo-vai-custear-atendimentos-a-pacientes-de-cancer\/\",\"url\":\"https:\/\/www.blogsoestado.com\/danielmatos\/apos-pressao-e-recuo-covarde-do-aldenora-bello-governo-vai-custear-atendimentos-a-pacientes-de-cancer\/\",\"name\":\"Ap\u00f3s press\u00e3o e recuo covarde do Aldenora Bello, governo vai custear atendimentos a pacientes de c\u00e2ncer - Daniel Matos\",\"isPartOf\":{\"@id\":\"https:\/\/www.blogsoestado.com\/danielmatos\/#website\"},\"primaryImageOfPage\":{\"@id\":\"https:\/\/www.blogsoestado.com\/danielmatos\/apos-pressao-e-recuo-covarde-do-aldenora-bello-governo-vai-custear-atendimentos-a-pacientes-de-cancer\/#primaryimage\"},\"image\":{\"@id\":\"https:\/\/www.blogsoestado.com\/danielmatos\/apos-pressao-e-recuo-covarde-do-aldenora-bello-governo-vai-custear-atendimentos-a-pacientes-de-cancer\/#primaryimage\"},\"thumbnailUrl\":\"https:\/\/www.blogsoestado.com\/danielmatos\/files\/2019\/04\/ses-malaquice.jpg\",\"datePublished\":\"2019-04-09T15:28:33+00:00\",\"author\":{\"@id\":\"\"},\"breadcrumb\":{\"@id\":\"https:\/\/www.blogsoestado.com\/danielmatos\/apos-pressao-e-recuo-covarde-do-aldenora-bello-governo-vai-custear-atendimentos-a-pacientes-de-cancer\/#breadcrumb\"},\"inLanguage\":\"pt-BR\",\"potentialAction\":[{\"@type\":\"ReadAction\",\"target\":[\"https:\/\/www.blogsoestado.com\/danielmatos\/apos-pressao-e-recuo-covarde-do-aldenora-bello-governo-vai-custear-atendimentos-a-pacientes-de-cancer\/\"]}]},{\"@type\":\"ImageObject\",\"inLanguage\":\"pt-BR\",\"@id\":\"https:\/\/www.blogsoestado.com\/danielmatos\/apos-pressao-e-recuo-covarde-do-aldenora-bello-governo-vai-custear-atendimentos-a-pacientes-de-cancer\/#primaryimage\",\"url\":\"https:\/\/www.blogsoestado.com\/danielmatos\/files\/2019\/04\/ses-malaquice.jpg\",\"contentUrl\":\"https:\/\/www.blogsoestado.com\/danielmatos\/files\/2019\/04\/ses-malaquice.jpg\"},{\"@type\":\"BreadcrumbList\",\"@id\":\"https:\/\/www.blogsoestado.com\/danielmatos\/apos-pressao-e-recuo-covarde-do-aldenora-bello-governo-vai-custear-atendimentos-a-pacientes-de-cancer\/#breadcrumb\",\"itemListElement\":[{\"@type\":\"ListItem\",\"position\":1,\"name\":\"In\u00edcio\",\"item\":\"https:\/\/www.blogsoestado.com\/danielmatos\/\"},{\"@type\":\"ListItem\",\"position\":2,\"name\":\"Ap\u00f3s press\u00e3o e recuo covarde do Aldenora Bello, governo vai custear atendimentos a pacientes de c\u00e2ncer\"}]},{\"@type\":\"WebSite\",\"@id\":\"https:\/\/www.blogsoestado.com\/danielmatos\/#website\",\"url\":\"https:\/\/www.blogsoestado.com\/danielmatos\/\",\"name\":\"Daniel Matos\",\"description\":\"\",\"potentialAction\":[{\"@type\":\"SearchAction\",\"target\":{\"@type\":\"EntryPoint\",\"urlTemplate\":\"https:\/\/www.blogsoestado.com\/danielmatos\/?s={search_term_string}\"},\"query-input\":{\"@type\":\"PropertyValueSpecification\",\"valueRequired\":true,\"valueName\":\"search_term_string\"}}],\"inLanguage\":\"pt-BR\"}]}<\/script>\n<!-- \/ Yoast SEO plugin. -->","yoast_head_json":{"title":"Ap\u00f3s press\u00e3o e recuo covarde do Aldenora Bello, governo vai custear atendimentos a pacientes de c\u00e2ncer - Daniel Matos","robots":{"index":"index","follow":"follow","max-snippet":"max-snippet:-1","max-image-preview":"max-image-preview:large","max-video-preview":"max-video-preview:-1"},"canonical":"https:\/\/www.blogsoestado.com\/danielmatos\/apos-pressao-e-recuo-covarde-do-aldenora-bello-governo-vai-custear-atendimentos-a-pacientes-de-cancer\/","og_locale":"pt_BR","og_type":"article","og_title":"Ap\u00f3s press\u00e3o e recuo covarde do Aldenora Bello, governo vai custear atendimentos a pacientes de c\u00e2ncer - Daniel Matos","og_description":"Um of\u00edcio com cobran\u00e7a ao governo, seguido de um recuo covarde do Hospital Aldenora Bello, teve como desfecho a garantia [&hellip;]","og_url":"https:\/\/www.blogsoestado.com\/danielmatos\/apos-pressao-e-recuo-covarde-do-aldenora-bello-governo-vai-custear-atendimentos-a-pacientes-de-cancer\/","og_site_name":"Daniel Matos","article_published_time":"2019-04-09T15:28:33+00:00","og_image":[{"url":"https:\/\/www.blogsoestado.com\/danielmatos\/files\/2019\/04\/ses-malaquice.jpg","type":"","width":"","height":""}],"twitter_card":"summary_large_image","twitter_misc":{"Est. tempo de leitura":"2 minutos"},"schema":{"@context":"https:\/\/schema.org","@graph":[{"@type":"WebPage","@id":"https:\/\/www.blogsoestado.com\/danielmatos\/apos-pressao-e-recuo-covarde-do-aldenora-bello-governo-vai-custear-atendimentos-a-pacientes-de-cancer\/","url":"https:\/\/www.blogsoestado.com\/danielmatos\/apos-pressao-e-recuo-covarde-do-aldenora-bello-governo-vai-custear-atendimentos-a-pacientes-de-cancer\/","name":"Ap\u00f3s press\u00e3o e recuo covarde do Aldenora Bello, governo vai custear atendimentos a pacientes de c\u00e2ncer - Daniel Matos","isPartOf":{"@id":"https:\/\/www.blogsoestado.com\/danielmatos\/#website"},"primaryImageOfPage":{"@id":"https:\/\/www.blogsoestado.com\/danielmatos\/apos-pressao-e-recuo-covarde-do-aldenora-bello-governo-vai-custear-atendimentos-a-pacientes-de-cancer\/#primaryimage"},"image":{"@id":"https:\/\/www.blogsoestado.com\/danielmatos\/apos-pressao-e-recuo-covarde-do-aldenora-bello-governo-vai-custear-atendimentos-a-pacientes-de-cancer\/#primaryimage"},"thumbnailUrl":"https:\/\/www.blogsoestado.com\/danielmatos\/files\/2019\/04\/ses-malaquice.jpg","datePublished":"2019-04-09T15:28:33+00:00","author":{"@id":""},"breadcrumb":{"@id":"https:\/\/www.blogsoestado.com\/danielmatos\/apos-pressao-e-recuo-covarde-do-aldenora-bello-governo-vai-custear-atendimentos-a-pacientes-de-cancer\/#breadcrumb"},"inLanguage":"pt-BR","potentialAction":[{"@type":"ReadAction","target":["https:\/\/www.blogsoestado.com\/danielmatos\/apos-pressao-e-recuo-covarde-do-aldenora-bello-governo-vai-custear-atendimentos-a-pacientes-de-cancer\/"]}]},{"@type":"ImageObject","inLanguage":"pt-BR","@id":"https:\/\/www.blogsoestado.com\/danielmatos\/apos-pressao-e-recuo-covarde-do-aldenora-bello-governo-vai-custear-atendimentos-a-pacientes-de-cancer\/#primaryimage","url":"https:\/\/www.blogsoestado.com\/danielmatos\/files\/2019\/04\/ses-malaquice.jpg","contentUrl":"https:\/\/www.blogsoestado.com\/danielmatos\/files\/2019\/04\/ses-malaquice.jpg"},{"@type":"BreadcrumbList","@id":"https:\/\/www.blogsoestado.com\/danielmatos\/apos-pressao-e-recuo-covarde-do-aldenora-bello-governo-vai-custear-atendimentos-a-pacientes-de-cancer\/#breadcrumb","itemListElement":[{"@type":"ListItem","position":1,"name":"In\u00edcio","item":"https:\/\/www.blogsoestado.com\/danielmatos\/"},{"@type":"ListItem","position":2,"name":"Ap\u00f3s press\u00e3o e recuo covarde do Aldenora Bello, governo vai custear atendimentos a pacientes de c\u00e2ncer"}]},{"@type":"WebSite","@id":"https:\/\/www.blogsoestado.com\/danielmatos\/#website","url":"https:\/\/www.blogsoestado.com\/danielmatos\/","name":"Daniel Matos","description":"","potentialAction":[{"@type":"SearchAction","target":{"@type":"EntryPoint","urlTemplate":"https:\/\/www.blogsoestado.com\/danielmatos\/?s={search_term_string}"},"query-input":{"@type":"PropertyValueSpecification","valueRequired":true,"valueName":"search_term_string"}}],"inLanguage":"pt-BR"}]}},"jetpack_featured_media_url":"","_links":{"self":[{"href":"https:\/\/www.blogsoestado.com\/danielmatos\/wp-json\/wp\/v2\/posts\/61821","targetHints":{"allow":["GET"]}}],"collection":[{"href":"https:\/\/www.blogsoestado.com\/danielmatos\/wp-json\/wp\/v2\/posts"}],"about":[{"href":"https:\/\/www.blogsoestado.com\/danielmatos\/wp-json\/wp\/v2\/types\/post"}],"replies":[{"embeddable":true,"href":"https:\/\/www.blogsoestado.com\/danielmatos\/wp-json\/wp\/v2\/comments?post=61821"}],"version-history":[{"count":0,"href":"https:\/\/www.blogsoestado.com\/danielmatos\/wp-json\/wp\/v2\/posts\/61821\/revisions"}],"wp:attachment":[{"href":"https:\/\/www.blogsoestado.com\/danielmatos\/wp-json\/wp\/v2\/media?parent=61821"}],"wp:term":[{"taxonomy":"category","embeddable":true,"href":"https:\/\/www.blogsoestado.com\/danielmatos\/wp-json\/wp\/v2\/categories?post=61821"},{"taxonomy":"post_tag","embeddable":true,"href":"https:\/\/www.blogsoestado.com\/danielmatos\/wp-json\/wp\/v2\/tags?post=61821"}],"curies":[{"name":"wp","href":"https:\/\/api.w.org\/{rel}","templated":true}]}}