{"id":61828,"date":"2019-04-09T14:53:58","date_gmt":"2019-04-09T17:53:58","guid":{"rendered":"https:\/\/www.blogsoestado.com\/danielmatos\/?p=61828"},"modified":"2019-04-09T14:53:58","modified_gmt":"2019-04-09T17:53:58","slug":"deputado-adriano-destaca-acoes-da-frente-parlamentar-da-micro-e-pequena-empresa","status":"publish","type":"post","link":"https:\/\/www.blogsoestado.com\/danielmatos\/deputado-adriano-destaca-acoes-da-frente-parlamentar-da-micro-e-pequena-empresa\/","title":{"rendered":"Deputado Adriano destaca a\u00e7\u00f5es da Frente Parlamentar da Micro e Pequena Empresa"},"content":{"rendered":"\n<figure class=\"wp-block-image\"><img decoding=\"async\" src=\"https:\/\/www.blogsoestado.com\/danielmatos\/files\/2019\/04\/al-adriano-1024x683.jpg\" alt=\"\" class=\"wp-image-61829\"\/><figcaption> O deputado Adriano tamb\u00e9m falou sobre o Projeto de Lei 162\/2018, de sua autoria, que cria o C\u00f3digo de Defesa do Contribuinte do Maranh\u00e3o <\/figcaption><\/figure>\n\n\n\n<p>O deputado Adriano Sarney (PV) destacou, na manh\u00e3 desta ter\u00e7a-feira (9), a import\u00e2ncia das a\u00e7\u00f5es que v\u00eam sendo realizadas no Maranh\u00e3o, desde a legislatura passada, pela Frente Parlamentar da Micro e Pequena Empresa (FMPE). Ele proferiu discurso durante a abertura do evento que discutiu, no Audit\u00f3rio Neiva Moreira, do Complexo de Comunica\u00e7\u00e3o da Alema, o projeto sobre Pol\u00edticas P\u00fablicas 4.0, desenvolvido pela Confedera\u00e7\u00e3o Nacional de Dirigentes Lojistas e pelo Sebrae Nacional.<\/p>\n\n\n\n<p>\u201c\u00c9 importante frisar que, hoje, a nossa Frente Parlamentar \u00e9 uma das Frentes mais ativas, aqui, na Assembleia Legislativa e est\u00e1 cumprindo o seu maior objetivo, que \u00e9 exatamente este: fazer a interlocu\u00e7\u00e3o e a intermedia\u00e7\u00e3o com todos aqueles que s\u00e3o diretamente afetados por medidas que s\u00e3o colocadas em discuss\u00e3o aqui nesta Casa\u201d, afirmou Adriano.<\/p>\n\n\n\n<p>Ele acrescentou que o setor de micro e pequenas empresas pode levar o Maranh\u00e3o \u00e0 vanguarda do empreendedorismo no pa\u00eds, tendo como base conceitos como livre iniciativa, sustentabilidade e diminui\u00e7\u00e3o gradual da depend\u00eancia da m\u00e1quina p\u00fablica.<\/p>\n\n\n\n<p>Na condi\u00e7\u00e3o de presidente da Frente Parlamentar da Micro e Pequena Empresa, o deputado Adriano tamb\u00e9m falou sobre o Projeto de Lei 162\/2018, de sua autoria, que cria o C\u00f3digo de Defesa do Contribuinte do Maranh\u00e3o, uma iniciativa pioneira no Estado, que visa proteger o cidad\u00e3o, o empreendedor e toda a cadeia produtiva, simplificando e desburocratizando a rela\u00e7\u00e3o com o Fisco.<\/p>\n\n\n\n<figure class=\"wp-block-image\"><img decoding=\"async\" src=\"https:\/\/www.blogsoestado.com\/danielmatos\/files\/2019\/04\/al-adriano2-1024x683.jpg\" alt=\"\" class=\"wp-image-61830\"\/><figcaption> O evento contou com a participa\u00e7\u00e3o de outros deputados estaduais, vereadores da capital e do interior e diversos dirigentes de entidades empresariais <\/figcaption><\/figure>\n\n\n\n<p>A abertura do evento contou tamb\u00e9m com a presen\u00e7a dos deputados Rildo Amaral (Solidariedade) e Zito Rolim (PDT), vereadores da capital e do interior do Estado, al\u00e9m de diversos dirigentes de entidades empresariais.<\/p>\n\n\n\n<p><strong>Sobre o projeto<\/strong><\/p>\n\n\n\n<p>A presidente da Federa\u00e7\u00e3o das C\u00e2maras de Dirigentes Lojistas do Maranh\u00e3o, Socorro Noronha, explicou que o projeto Pol\u00edticas P\u00fablicas 4.0 (PP 4.0) \u00e9 fruto de um conv\u00eanio celebrado entre a Confedera\u00e7\u00e3o Nacional de Dirigentes Lojistas (CNDL) e o Servi\u00e7o Brasileiro de Apoio \u00e0s Micro e Pequenas Empresas (Sebrae), que tem o apoio da FCDL-MA e da C\u00e2mara de Dirigentes Lojistas de S\u00e3o Lu\u00eds.<\/p>\n\n\n\n<p>Segundo Socorro Noronha, o projeto re\u00fane entidades e associados do Sistema CNDL e representantes do Poder P\u00fablico em torno de discuss\u00f5es sobre quest\u00f5es essenciais para o desenvolvimento do setor varejista no pa\u00eds.<\/p>\n\n\n\n<p>O presidente da CNDL, Jos\u00e9 C\u00e9sar da Costa, afirmou que \u201co fortalecimento das lideran\u00e7as do setor varejista depende de a\u00e7\u00f5es articuladas com a participa\u00e7\u00e3o dos setores p\u00fablico, privado e terceiro setor. Neste sentido, \u00e9 preciso que haja, tamb\u00e9m, destaque para atividades efetivas de articula\u00e7\u00e3o das lideran\u00e7as com o poder p\u00fablico para alinhamento das demandas na agenda pol\u00edtica local\u201d, assinalou.<\/p>\n\n\n\n<p>O presidente da CDL S\u00e3o Lu\u00eds, F\u00e1bio Ribeiro, ressaltou a import\u00e2ncia da integra\u00e7\u00e3o colaborativa e transparente entre o governo e setor produtivo: \u201cO varejo \u00e9 um dos primeiros a sentir os impactos causados por mudan\u00e7as na conjuntura econ\u00f4mica, e o PP 4.0 est\u00e1 discutindo o cen\u00e1rio e propondo pol\u00edticas p\u00fablicas alinhadas com as demandas reais do setor\u201d, disse Ribeiro.<\/p>\n\n\n\n<p>Durante o evento, que contou, ainda, com a presen\u00e7a do presidente do Sebrae-MA, Raimundo Coelho, e de dirigentes da Associa\u00e7\u00e3o Comercial, da Fecom\u00e9rcio e da  Federa\u00e7\u00e3o das Ind\u00fastrias do Maranh\u00e3o (Fiema), o professor Marcos Lima, consultor do Instituto de Avalia\u00e7\u00e3o, Gest\u00e3o &amp; Educa\u00e7\u00e3o (IAGEE), fez uma explana\u00e7\u00e3o sobre o projeto Pol\u00edticas P\u00fablicas 4.0 (PP 4.0) e sobre a atua\u00e7\u00e3o do IAGEE, \u00f3rg\u00e3o especializado em gest\u00e3o de pol\u00edticas p\u00fablicas e organizacionais, que vai desenvolver no Maranh\u00e3o metodologias com foco na estrutura\u00e7\u00e3o concreta de propostas de pol\u00edticas p\u00fablicas.<\/p>\n\n\n\n<p><strong>Assista ao v\u00eddeo:<\/strong><\/p>\n\n\n\n<figure class=\"wp-block-embed-youtube wp-block-embed is-type-video is-provider-youtube wp-embed-aspect-16-9 wp-has-aspect-ratio\"><div class=\"wp-block-embed__wrapper\">\n<iframe title=\"Programa Pol\u00edticas P\u00fablica 4.0\" width=\"500\" height=\"281\" src=\"https:\/\/www.youtube.com\/embed\/r--w0Zk6JFI?feature=oembed\" frameborder=\"0\" allow=\"accelerometer; autoplay; clipboard-write; encrypted-media; gyroscope; picture-in-picture; web-share\" referrerpolicy=\"strict-origin-when-cross-origin\" allowfullscreen><\/iframe>\n<\/div><\/figure>\n","protected":false},"excerpt":{"rendered":"<p>O deputado Adriano Sarney (PV) destacou, na manh\u00e3 desta ter\u00e7a-feira (9), a import\u00e2ncia das a\u00e7\u00f5es que v\u00eam sendo realizadas no [&hellip;]<\/p>\n","protected":false},"author":0,"featured_media":0,"comment_status":"open","ping_status":"open","sticky":false,"template":"","format":"standard","meta":{"site-sidebar-layout":"default","site-content-layout":"","ast-site-content-layout":"default","site-content-style":"default","site-sidebar-style":"default","ast-global-header-display":"","ast-banner-title-visibility":"","ast-main-header-display":"","ast-hfb-above-header-display":"","ast-hfb-below-header-display":"","ast-hfb-mobile-header-display":"","site-post-title":"","ast-breadcrumbs-content":"","ast-featured-img":"","footer-sml-layout":"","ast-disable-related-posts":"","theme-transparent-header-meta":"","adv-header-id-meta":"","stick-header-meta":"","header-above-stick-meta":"","header-main-stick-meta":"","header-below-stick-meta":"","astra-migrate-meta-layouts":"default","ast-page-background-enabled":"default","ast-page-background-meta":{"desktop":{"background-color":"var(--ast-global-color-5)","background-image":"","background-repeat":"repeat","background-position":"center center","background-size":"auto","background-attachment":"scroll","background-type":"","background-media":"","overlay-type":"","overlay-color":"","overlay-opacity":"","overlay-gradient":""},"tablet":{"background-color":"","background-image":"","background-repeat":"repeat","background-position":"center center","background-size":"auto","background-attachment":"scroll","background-type":"","background-media":"","overlay-type":"","overlay-color":"","overlay-opacity":"","overlay-gradient":""},"mobile":{"background-color":"","background-image":"","background-repeat":"repeat","background-position":"center center","background-size":"auto","background-attachment":"scroll","background-type":"","background-media":"","overlay-type":"","overlay-color":"","overlay-opacity":"","overlay-gradient":""}},"ast-content-background-meta":{"desktop":{"background-color":"var(--ast-global-color-4)","background-image":"","background-repeat":"repeat","background-position":"center center","background-size":"auto","background-attachment":"scroll","background-type":"","background-media":"","overlay-type":"","overlay-color":"","overlay-opacity":"","overlay-gradient":""},"tablet":{"background-color":"var(--ast-global-color-4)","background-image":"","background-repeat":"repeat","background-position":"center center","background-size":"auto","background-attachment":"scroll","background-type":"","background-media":"","overlay-type":"","overlay-color":"","overlay-opacity":"","overlay-gradient":""},"mobile":{"background-color":"var(--ast-global-color-4)","background-image":"","background-repeat":"repeat","background-position":"center center","background-size":"auto","background-attachment":"scroll","background-type":"","background-media":"","overlay-type":"","overlay-color":"","overlay-opacity":"","overlay-gradient":""}},"footnotes":""},"categories":[1],"tags":[],"class_list":["post-61828","post","type-post","status-publish","format-standard","hentry","category-sem-categoria"],"yoast_head":"<!-- This site is optimized with the Yoast SEO plugin v26.6 - https:\/\/yoast.com\/wordpress\/plugins\/seo\/ -->\n<title>Deputado Adriano destaca a\u00e7\u00f5es da Frente Parlamentar da Micro e Pequena Empresa - Daniel Matos<\/title>\n<meta name=\"robots\" content=\"index, follow, max-snippet:-1, max-image-preview:large, max-video-preview:-1\" \/>\n<link rel=\"canonical\" href=\"https:\/\/www.blogsoestado.com\/danielmatos\/deputado-adriano-destaca-acoes-da-frente-parlamentar-da-micro-e-pequena-empresa\/\" \/>\n<meta property=\"og:locale\" content=\"pt_BR\" \/>\n<meta property=\"og:type\" content=\"article\" \/>\n<meta property=\"og:title\" content=\"Deputado Adriano destaca a\u00e7\u00f5es da Frente Parlamentar da Micro e Pequena Empresa - Daniel Matos\" \/>\n<meta property=\"og:description\" content=\"O deputado Adriano Sarney (PV) destacou, na manh\u00e3 desta ter\u00e7a-feira (9), a import\u00e2ncia das a\u00e7\u00f5es que v\u00eam sendo realizadas no [&hellip;]\" \/>\n<meta property=\"og:url\" content=\"https:\/\/www.blogsoestado.com\/danielmatos\/deputado-adriano-destaca-acoes-da-frente-parlamentar-da-micro-e-pequena-empresa\/\" \/>\n<meta property=\"og:site_name\" content=\"Daniel Matos\" \/>\n<meta property=\"article:published_time\" content=\"2019-04-09T17:53:58+00:00\" \/>\n<meta property=\"og:image\" content=\"https:\/\/www.blogsoestado.com\/danielmatos\/files\/2019\/04\/al-adriano-1024x683.jpg\" \/>\n<meta name=\"twitter:card\" content=\"summary_large_image\" \/>\n<meta name=\"twitter:label1\" content=\"Est. tempo de leitura\" \/>\n\t<meta name=\"twitter:data1\" content=\"3 minutos\" \/>\n<script type=\"application\/ld+json\" class=\"yoast-schema-graph\">{\"@context\":\"https:\/\/schema.org\",\"@graph\":[{\"@type\":\"WebPage\",\"@id\":\"https:\/\/www.blogsoestado.com\/danielmatos\/deputado-adriano-destaca-acoes-da-frente-parlamentar-da-micro-e-pequena-empresa\/\",\"url\":\"https:\/\/www.blogsoestado.com\/danielmatos\/deputado-adriano-destaca-acoes-da-frente-parlamentar-da-micro-e-pequena-empresa\/\",\"name\":\"Deputado Adriano destaca a\u00e7\u00f5es da Frente Parlamentar da Micro e Pequena Empresa - Daniel Matos\",\"isPartOf\":{\"@id\":\"https:\/\/www.blogsoestado.com\/danielmatos\/#website\"},\"primaryImageOfPage\":{\"@id\":\"https:\/\/www.blogsoestado.com\/danielmatos\/deputado-adriano-destaca-acoes-da-frente-parlamentar-da-micro-e-pequena-empresa\/#primaryimage\"},\"image\":{\"@id\":\"https:\/\/www.blogsoestado.com\/danielmatos\/deputado-adriano-destaca-acoes-da-frente-parlamentar-da-micro-e-pequena-empresa\/#primaryimage\"},\"thumbnailUrl\":\"https:\/\/www.blogsoestado.com\/danielmatos\/files\/2019\/04\/al-adriano-1024x683.jpg\",\"datePublished\":\"2019-04-09T17:53:58+00:00\",\"author\":{\"@id\":\"\"},\"breadcrumb\":{\"@id\":\"https:\/\/www.blogsoestado.com\/danielmatos\/deputado-adriano-destaca-acoes-da-frente-parlamentar-da-micro-e-pequena-empresa\/#breadcrumb\"},\"inLanguage\":\"pt-BR\",\"potentialAction\":[{\"@type\":\"ReadAction\",\"target\":[\"https:\/\/www.blogsoestado.com\/danielmatos\/deputado-adriano-destaca-acoes-da-frente-parlamentar-da-micro-e-pequena-empresa\/\"]}]},{\"@type\":\"ImageObject\",\"inLanguage\":\"pt-BR\",\"@id\":\"https:\/\/www.blogsoestado.com\/danielmatos\/deputado-adriano-destaca-acoes-da-frente-parlamentar-da-micro-e-pequena-empresa\/#primaryimage\",\"url\":\"https:\/\/www.blogsoestado.com\/danielmatos\/files\/2019\/04\/al-adriano-1024x683.jpg\",\"contentUrl\":\"https:\/\/www.blogsoestado.com\/danielmatos\/files\/2019\/04\/al-adriano-1024x683.jpg\"},{\"@type\":\"BreadcrumbList\",\"@id\":\"https:\/\/www.blogsoestado.com\/danielmatos\/deputado-adriano-destaca-acoes-da-frente-parlamentar-da-micro-e-pequena-empresa\/#breadcrumb\",\"itemListElement\":[{\"@type\":\"ListItem\",\"position\":1,\"name\":\"In\u00edcio\",\"item\":\"https:\/\/www.blogsoestado.com\/danielmatos\/\"},{\"@type\":\"ListItem\",\"position\":2,\"name\":\"Deputado Adriano destaca a\u00e7\u00f5es da Frente Parlamentar da Micro e Pequena Empresa\"}]},{\"@type\":\"WebSite\",\"@id\":\"https:\/\/www.blogsoestado.com\/danielmatos\/#website\",\"url\":\"https:\/\/www.blogsoestado.com\/danielmatos\/\",\"name\":\"Daniel Matos\",\"description\":\"\",\"potentialAction\":[{\"@type\":\"SearchAction\",\"target\":{\"@type\":\"EntryPoint\",\"urlTemplate\":\"https:\/\/www.blogsoestado.com\/danielmatos\/?s={search_term_string}\"},\"query-input\":{\"@type\":\"PropertyValueSpecification\",\"valueRequired\":true,\"valueName\":\"search_term_string\"}}],\"inLanguage\":\"pt-BR\"}]}<\/script>\n<!-- \/ Yoast SEO plugin. -->","yoast_head_json":{"title":"Deputado Adriano destaca a\u00e7\u00f5es da Frente Parlamentar da Micro e Pequena Empresa - Daniel Matos","robots":{"index":"index","follow":"follow","max-snippet":"max-snippet:-1","max-image-preview":"max-image-preview:large","max-video-preview":"max-video-preview:-1"},"canonical":"https:\/\/www.blogsoestado.com\/danielmatos\/deputado-adriano-destaca-acoes-da-frente-parlamentar-da-micro-e-pequena-empresa\/","og_locale":"pt_BR","og_type":"article","og_title":"Deputado Adriano destaca a\u00e7\u00f5es da Frente Parlamentar da Micro e Pequena Empresa - Daniel Matos","og_description":"O deputado Adriano Sarney (PV) destacou, na manh\u00e3 desta ter\u00e7a-feira (9), a import\u00e2ncia das a\u00e7\u00f5es que v\u00eam sendo realizadas no [&hellip;]","og_url":"https:\/\/www.blogsoestado.com\/danielmatos\/deputado-adriano-destaca-acoes-da-frente-parlamentar-da-micro-e-pequena-empresa\/","og_site_name":"Daniel Matos","article_published_time":"2019-04-09T17:53:58+00:00","og_image":[{"url":"https:\/\/www.blogsoestado.com\/danielmatos\/files\/2019\/04\/al-adriano-1024x683.jpg","type":"","width":"","height":""}],"twitter_card":"summary_large_image","twitter_misc":{"Est. tempo de leitura":"3 minutos"},"schema":{"@context":"https:\/\/schema.org","@graph":[{"@type":"WebPage","@id":"https:\/\/www.blogsoestado.com\/danielmatos\/deputado-adriano-destaca-acoes-da-frente-parlamentar-da-micro-e-pequena-empresa\/","url":"https:\/\/www.blogsoestado.com\/danielmatos\/deputado-adriano-destaca-acoes-da-frente-parlamentar-da-micro-e-pequena-empresa\/","name":"Deputado Adriano destaca a\u00e7\u00f5es da Frente Parlamentar da Micro e Pequena Empresa - Daniel Matos","isPartOf":{"@id":"https:\/\/www.blogsoestado.com\/danielmatos\/#website"},"primaryImageOfPage":{"@id":"https:\/\/www.blogsoestado.com\/danielmatos\/deputado-adriano-destaca-acoes-da-frente-parlamentar-da-micro-e-pequena-empresa\/#primaryimage"},"image":{"@id":"https:\/\/www.blogsoestado.com\/danielmatos\/deputado-adriano-destaca-acoes-da-frente-parlamentar-da-micro-e-pequena-empresa\/#primaryimage"},"thumbnailUrl":"https:\/\/www.blogsoestado.com\/danielmatos\/files\/2019\/04\/al-adriano-1024x683.jpg","datePublished":"2019-04-09T17:53:58+00:00","author":{"@id":""},"breadcrumb":{"@id":"https:\/\/www.blogsoestado.com\/danielmatos\/deputado-adriano-destaca-acoes-da-frente-parlamentar-da-micro-e-pequena-empresa\/#breadcrumb"},"inLanguage":"pt-BR","potentialAction":[{"@type":"ReadAction","target":["https:\/\/www.blogsoestado.com\/danielmatos\/deputado-adriano-destaca-acoes-da-frente-parlamentar-da-micro-e-pequena-empresa\/"]}]},{"@type":"ImageObject","inLanguage":"pt-BR","@id":"https:\/\/www.blogsoestado.com\/danielmatos\/deputado-adriano-destaca-acoes-da-frente-parlamentar-da-micro-e-pequena-empresa\/#primaryimage","url":"https:\/\/www.blogsoestado.com\/danielmatos\/files\/2019\/04\/al-adriano-1024x683.jpg","contentUrl":"https:\/\/www.blogsoestado.com\/danielmatos\/files\/2019\/04\/al-adriano-1024x683.jpg"},{"@type":"BreadcrumbList","@id":"https:\/\/www.blogsoestado.com\/danielmatos\/deputado-adriano-destaca-acoes-da-frente-parlamentar-da-micro-e-pequena-empresa\/#breadcrumb","itemListElement":[{"@type":"ListItem","position":1,"name":"In\u00edcio","item":"https:\/\/www.blogsoestado.com\/danielmatos\/"},{"@type":"ListItem","position":2,"name":"Deputado Adriano destaca a\u00e7\u00f5es da Frente Parlamentar da Micro e Pequena Empresa"}]},{"@type":"WebSite","@id":"https:\/\/www.blogsoestado.com\/danielmatos\/#website","url":"https:\/\/www.blogsoestado.com\/danielmatos\/","name":"Daniel Matos","description":"","potentialAction":[{"@type":"SearchAction","target":{"@type":"EntryPoint","urlTemplate":"https:\/\/www.blogsoestado.com\/danielmatos\/?s={search_term_string}"},"query-input":{"@type":"PropertyValueSpecification","valueRequired":true,"valueName":"search_term_string"}}],"inLanguage":"pt-BR"}]}},"jetpack_featured_media_url":"","_links":{"self":[{"href":"https:\/\/www.blogsoestado.com\/danielmatos\/wp-json\/wp\/v2\/posts\/61828","targetHints":{"allow":["GET"]}}],"collection":[{"href":"https:\/\/www.blogsoestado.com\/danielmatos\/wp-json\/wp\/v2\/posts"}],"about":[{"href":"https:\/\/www.blogsoestado.com\/danielmatos\/wp-json\/wp\/v2\/types\/post"}],"replies":[{"embeddable":true,"href":"https:\/\/www.blogsoestado.com\/danielmatos\/wp-json\/wp\/v2\/comments?post=61828"}],"version-history":[{"count":0,"href":"https:\/\/www.blogsoestado.com\/danielmatos\/wp-json\/wp\/v2\/posts\/61828\/revisions"}],"wp:attachment":[{"href":"https:\/\/www.blogsoestado.com\/danielmatos\/wp-json\/wp\/v2\/media?parent=61828"}],"wp:term":[{"taxonomy":"category","embeddable":true,"href":"https:\/\/www.blogsoestado.com\/danielmatos\/wp-json\/wp\/v2\/categories?post=61828"},{"taxonomy":"post_tag","embeddable":true,"href":"https:\/\/www.blogsoestado.com\/danielmatos\/wp-json\/wp\/v2\/tags?post=61828"}],"curies":[{"name":"wp","href":"https:\/\/api.w.org\/{rel}","templated":true}]}}