{"id":61899,"date":"2019-04-12T10:18:37","date_gmt":"2019-04-12T13:18:37","guid":{"rendered":"https:\/\/www.blogsoestado.com\/danielmatos\/?p=61899"},"modified":"2019-04-12T10:18:37","modified_gmt":"2019-04-12T13:18:37","slug":"flavio-dino-demitira-1200-vigilantes-de-escolas-publicas-denuncia-wellington-do-curso","status":"publish","type":"post","link":"https:\/\/www.blogsoestado.com\/danielmatos\/flavio-dino-demitira-1200-vigilantes-de-escolas-publicas-denuncia-wellington-do-curso\/","title":{"rendered":"\u201cFl\u00e1vio Dino demitir\u00e1 1.200 vigilantes de escolas p\u00fablicas\u201d, denuncia deputado Wellington"},"content":{"rendered":"\n<figure class=\"wp-block-image\"><img decoding=\"async\" src=\"https:\/\/www.blogsoestado.com\/danielmatos\/files\/2019\/04\/w-vigias-1024x768.jpg\" alt=\"\" class=\"wp-image-61900\"\/><figcaption>Deputado Wellington recebeu dirigentes do Sindicato dos Vigilantes em seu gabinete<\/figcaption><\/figure>\n\n\n\n<p>O vice-presidente do SINDVIG-MA, Daniel Pav\u00e3o, procurou o deputado estadual Wellington do Curso, na Assembleia Legislativa,  <br>na manh\u00e3 dessa quinta-feira (11), para entregar uma carta aberta aos deputados, por meio da qual denuncia que aproximadamente 1.200 vigilantes ser\u00e3o demitidos a partir de maio deste ano pelo Governo do Estado, para contrata\u00e7\u00e3o de porteiros. <\/p>\n\n\n\n<p>Mediante a intransig\u00eancia do governo em atender os representantes da categoria, o sindicato resolveu recorrer a Assembleia Legislativa do Maranh\u00e3o para que os deputados solicitassem ao governador Fl\u00e1vio Dino, que 1200 vigilantes n\u00e3o fiquem desempregados. <\/p>\n\n\n\n<p>Anteriormente, o governo j\u00e1 havia demitido 504 vigilantes e contratado porteiros somente pelo dia, para redu\u00e7\u00e3o de custos. Mas n\u00e3o existe uma raz\u00e3o espec\u00edfica para tal rescis\u00e3o contratual em massa, de forma emergencial. Visto que a substitui\u00e7\u00e3o de vigilantes por porteiros de forma integral diminui diretamente a prote\u00e7\u00e3o deferida ao patrim\u00f4nio p\u00fablico, alunos e professores que frequentam as unidades educacionais estaduais.<\/p>\n\n\n\n<figure class=\"wp-block-image\"><img decoding=\"async\" src=\"https:\/\/www.blogsoestado.com\/danielmatos\/files\/2019\/04\/w-vigias2-721x1024.jpg\" alt=\"\" class=\"wp-image-61901\"\/><figcaption>Carta aberta entregue aos deputados pelo sindicato faz o grave alerta de demiss\u00e3o em massa<\/figcaption><\/figure>\n\n\n\n<p>O presidente do SINDVIG-MA, Raimundo Raposo, espera que o governador revogue esta decis\u00e3o, pois muitos pais de fam\u00edlia ficar\u00e3o desempregados. O que n\u00e3o \u00e9 o caso de desclassificar os porteiros, mas os vigilantes t\u00eam o preparo para garantir a seguran\u00e7a do patrim\u00f4nio e integridade f\u00edsica das pessoas, sendo regulamentada pela Lei 7.102\/93. <\/p>\n\n\n\n<p>\u201cO que me surpreendeu foi o governador tomar a decis\u00e3o de demitir 1200 trabalhadores de uma vez s\u00f3. E at\u00e9 o presente momento n\u00e3o nos receber para dialogar. At\u00e9 na Secretaria de Educa\u00e7\u00e3o j\u00e1 n\u00e3o me recebem mais. Pedi que me informassem de forma oficial e at\u00e9 agora n\u00e3o obtivemos resposta. Por isto recorremos aos deputados. E se n\u00e3o tiver di\u00e1logo vamos para a porta do Pal\u00e1cio solicitar que ele volte atr\u00e1s desta decis\u00e3o. N\u00e3o estamos interessados em empresa A ou B e sim com o emprego da categoria\u201d, declarou Raposo.<\/p>\n\n\n\n<p>O deputado Wellington do Curso defendeu a categoria em discurso na sess\u00e3o plen\u00e1ria, para que mais trabalhadores n\u00e3o fiquem desempregados.<\/p>\n\n\n\n<figure class=\"wp-block-image\"><img decoding=\"async\" src=\"https:\/\/www.blogsoestado.com\/danielmatos\/files\/2019\/04\/w-vigias3.jpg\" alt=\"\" class=\"wp-image-61902\"\/><figcaption>Deputado Wellington denunciou a inten\u00e7\u00e3o maligna de Fl\u00e1vio Dino em discurso na tribuna<\/figcaption><\/figure>\n\n\n\n<p>\u201cVamos solicitar ao Governo do Estado uma explica\u00e7\u00e3o, principalmente o motivo pelo qual est\u00e3o fazendo isto de forma emergencial e o mais grave, aumentou os impostos e vai desempregar pais de fam\u00edlia. Contem com a Assembleia Legislativa. Contem Comigo. O meu mandato \u00e9 de voc\u00eas\u201d, denunciou Wellington no Plen\u00e1rio.<\/p>\n\n\n\n<p>Na atualidade, esta \u00e9 a \u00fanica profiss\u00e3o regulamentada pela legisla\u00e7\u00e3o brasileira que trata sobre seguran\u00e7a privada no pa\u00eds. A Pol\u00edcia Federal, por interm\u00e9dio da PORTARIA N 3.233\/2012-DG\/DPF que estabelece os requisitos, direitos e deveres para o exerc\u00edcio da profiss\u00e3o de vigilante. Sendo essencial para a seguran\u00e7a nas escolas p\u00fablicas.<\/p>\n\n\n\n<p><strong>Assista ao v\u00eddeo:<\/strong><\/p>\n\n\n\n<figure class=\"wp-block-embed-youtube wp-block-embed is-type-video is-provider-youtube wp-embed-aspect-4-3 wp-has-aspect-ratio\"><div class=\"wp-block-embed__wrapper\">\n<iframe title=\"Sindicato alerta que Fl\u00e1vio Dino demitir\u00e1 1.200 vigilantes de escolas\" width=\"500\" height=\"375\" src=\"https:\/\/www.youtube.com\/embed\/J-ov4Y1uHZs?feature=oembed\" frameborder=\"0\" allow=\"accelerometer; autoplay; clipboard-write; encrypted-media; gyroscope; picture-in-picture; web-share\" referrerpolicy=\"strict-origin-when-cross-origin\" allowfullscreen><\/iframe>\n<\/div><\/figure>\n","protected":false},"excerpt":{"rendered":"<p>O vice-presidente do SINDVIG-MA, Daniel Pav\u00e3o, procurou o deputado estadual Wellington do Curso, na Assembleia Legislativa, na manh\u00e3 dessa quinta-feira [&hellip;]<\/p>\n","protected":false},"author":0,"featured_media":0,"comment_status":"open","ping_status":"open","sticky":false,"template":"","format":"standard","meta":{"site-sidebar-layout":"default","site-content-layout":"","ast-site-content-layout":"default","site-content-style":"default","site-sidebar-style":"default","ast-global-header-display":"","ast-banner-title-visibility":"","ast-main-header-display":"","ast-hfb-above-header-display":"","ast-hfb-below-header-display":"","ast-hfb-mobile-header-display":"","site-post-title":"","ast-breadcrumbs-content":"","ast-featured-img":"","footer-sml-layout":"","ast-disable-related-posts":"","theme-transparent-header-meta":"","adv-header-id-meta":"","stick-header-meta":"","header-above-stick-meta":"","header-main-stick-meta":"","header-below-stick-meta":"","astra-migrate-meta-layouts":"default","ast-page-background-enabled":"default","ast-page-background-meta":{"desktop":{"background-color":"var(--ast-global-color-5)","background-image":"","background-repeat":"repeat","background-position":"center center","background-size":"auto","background-attachment":"scroll","background-type":"","background-media":"","overlay-type":"","overlay-color":"","overlay-opacity":"","overlay-gradient":""},"tablet":{"background-color":"","background-image":"","background-repeat":"repeat","background-position":"center center","background-size":"auto","background-attachment":"scroll","background-type":"","background-media":"","overlay-type":"","overlay-color":"","overlay-opacity":"","overlay-gradient":""},"mobile":{"background-color":"","background-image":"","background-repeat":"repeat","background-position":"center center","background-size":"auto","background-attachment":"scroll","background-type":"","background-media":"","overlay-type":"","overlay-color":"","overlay-opacity":"","overlay-gradient":""}},"ast-content-background-meta":{"desktop":{"background-color":"var(--ast-global-color-4)","background-image":"","background-repeat":"repeat","background-position":"center center","background-size":"auto","background-attachment":"scroll","background-type":"","background-media":"","overlay-type":"","overlay-color":"","overlay-opacity":"","overlay-gradient":""},"tablet":{"background-color":"var(--ast-global-color-4)","background-image":"","background-repeat":"repeat","background-position":"center center","background-size":"auto","background-attachment":"scroll","background-type":"","background-media":"","overlay-type":"","overlay-color":"","overlay-opacity":"","overlay-gradient":""},"mobile":{"background-color":"var(--ast-global-color-4)","background-image":"","background-repeat":"repeat","background-position":"center center","background-size":"auto","background-attachment":"scroll","background-type":"","background-media":"","overlay-type":"","overlay-color":"","overlay-opacity":"","overlay-gradient":""}},"footnotes":""},"categories":[1],"tags":[],"class_list":["post-61899","post","type-post","status-publish","format-standard","hentry","category-sem-categoria"],"yoast_head":"<!-- This site is optimized with the Yoast SEO plugin v26.6 - https:\/\/yoast.com\/wordpress\/plugins\/seo\/ -->\n<title>\u201cFl\u00e1vio Dino demitir\u00e1 1.200 vigilantes de escolas p\u00fablicas\u201d, denuncia deputado Wellington - Daniel Matos<\/title>\n<meta name=\"robots\" content=\"index, follow, max-snippet:-1, max-image-preview:large, max-video-preview:-1\" \/>\n<link rel=\"canonical\" href=\"https:\/\/www.blogsoestado.com\/danielmatos\/flavio-dino-demitira-1200-vigilantes-de-escolas-publicas-denuncia-wellington-do-curso\/\" \/>\n<meta property=\"og:locale\" content=\"pt_BR\" \/>\n<meta property=\"og:type\" content=\"article\" \/>\n<meta property=\"og:title\" content=\"\u201cFl\u00e1vio Dino demitir\u00e1 1.200 vigilantes de escolas p\u00fablicas\u201d, denuncia deputado Wellington - Daniel Matos\" \/>\n<meta property=\"og:description\" content=\"O vice-presidente do SINDVIG-MA, Daniel Pav\u00e3o, procurou o deputado estadual Wellington do Curso, na Assembleia Legislativa, na manh\u00e3 dessa quinta-feira [&hellip;]\" \/>\n<meta property=\"og:url\" content=\"https:\/\/www.blogsoestado.com\/danielmatos\/flavio-dino-demitira-1200-vigilantes-de-escolas-publicas-denuncia-wellington-do-curso\/\" \/>\n<meta property=\"og:site_name\" content=\"Daniel Matos\" \/>\n<meta property=\"article:published_time\" content=\"2019-04-12T13:18:37+00:00\" \/>\n<meta property=\"og:image\" content=\"https:\/\/www.blogsoestado.com\/danielmatos\/files\/2019\/04\/w-vigias-1024x768.jpg\" \/>\n<meta name=\"twitter:card\" content=\"summary_large_image\" \/>\n<meta name=\"twitter:label1\" content=\"Est. tempo de leitura\" \/>\n\t<meta name=\"twitter:data1\" content=\"3 minutos\" \/>\n<script type=\"application\/ld+json\" class=\"yoast-schema-graph\">{\"@context\":\"https:\/\/schema.org\",\"@graph\":[{\"@type\":\"WebPage\",\"@id\":\"https:\/\/www.blogsoestado.com\/danielmatos\/flavio-dino-demitira-1200-vigilantes-de-escolas-publicas-denuncia-wellington-do-curso\/\",\"url\":\"https:\/\/www.blogsoestado.com\/danielmatos\/flavio-dino-demitira-1200-vigilantes-de-escolas-publicas-denuncia-wellington-do-curso\/\",\"name\":\"\u201cFl\u00e1vio Dino demitir\u00e1 1.200 vigilantes de escolas p\u00fablicas\u201d, denuncia deputado Wellington - Daniel Matos\",\"isPartOf\":{\"@id\":\"https:\/\/www.blogsoestado.com\/danielmatos\/#website\"},\"primaryImageOfPage\":{\"@id\":\"https:\/\/www.blogsoestado.com\/danielmatos\/flavio-dino-demitira-1200-vigilantes-de-escolas-publicas-denuncia-wellington-do-curso\/#primaryimage\"},\"image\":{\"@id\":\"https:\/\/www.blogsoestado.com\/danielmatos\/flavio-dino-demitira-1200-vigilantes-de-escolas-publicas-denuncia-wellington-do-curso\/#primaryimage\"},\"thumbnailUrl\":\"https:\/\/www.blogsoestado.com\/danielmatos\/files\/2019\/04\/w-vigias-1024x768.jpg\",\"datePublished\":\"2019-04-12T13:18:37+00:00\",\"author\":{\"@id\":\"\"},\"breadcrumb\":{\"@id\":\"https:\/\/www.blogsoestado.com\/danielmatos\/flavio-dino-demitira-1200-vigilantes-de-escolas-publicas-denuncia-wellington-do-curso\/#breadcrumb\"},\"inLanguage\":\"pt-BR\",\"potentialAction\":[{\"@type\":\"ReadAction\",\"target\":[\"https:\/\/www.blogsoestado.com\/danielmatos\/flavio-dino-demitira-1200-vigilantes-de-escolas-publicas-denuncia-wellington-do-curso\/\"]}]},{\"@type\":\"ImageObject\",\"inLanguage\":\"pt-BR\",\"@id\":\"https:\/\/www.blogsoestado.com\/danielmatos\/flavio-dino-demitira-1200-vigilantes-de-escolas-publicas-denuncia-wellington-do-curso\/#primaryimage\",\"url\":\"https:\/\/www.blogsoestado.com\/danielmatos\/files\/2019\/04\/w-vigias-1024x768.jpg\",\"contentUrl\":\"https:\/\/www.blogsoestado.com\/danielmatos\/files\/2019\/04\/w-vigias-1024x768.jpg\"},{\"@type\":\"BreadcrumbList\",\"@id\":\"https:\/\/www.blogsoestado.com\/danielmatos\/flavio-dino-demitira-1200-vigilantes-de-escolas-publicas-denuncia-wellington-do-curso\/#breadcrumb\",\"itemListElement\":[{\"@type\":\"ListItem\",\"position\":1,\"name\":\"In\u00edcio\",\"item\":\"https:\/\/www.blogsoestado.com\/danielmatos\/\"},{\"@type\":\"ListItem\",\"position\":2,\"name\":\"\u201cFl\u00e1vio Dino demitir\u00e1 1.200 vigilantes de escolas p\u00fablicas\u201d, denuncia deputado Wellington\"}]},{\"@type\":\"WebSite\",\"@id\":\"https:\/\/www.blogsoestado.com\/danielmatos\/#website\",\"url\":\"https:\/\/www.blogsoestado.com\/danielmatos\/\",\"name\":\"Daniel Matos\",\"description\":\"\",\"potentialAction\":[{\"@type\":\"SearchAction\",\"target\":{\"@type\":\"EntryPoint\",\"urlTemplate\":\"https:\/\/www.blogsoestado.com\/danielmatos\/?s={search_term_string}\"},\"query-input\":{\"@type\":\"PropertyValueSpecification\",\"valueRequired\":true,\"valueName\":\"search_term_string\"}}],\"inLanguage\":\"pt-BR\"}]}<\/script>\n<!-- \/ Yoast SEO plugin. -->","yoast_head_json":{"title":"\u201cFl\u00e1vio Dino demitir\u00e1 1.200 vigilantes de escolas p\u00fablicas\u201d, denuncia deputado Wellington - Daniel Matos","robots":{"index":"index","follow":"follow","max-snippet":"max-snippet:-1","max-image-preview":"max-image-preview:large","max-video-preview":"max-video-preview:-1"},"canonical":"https:\/\/www.blogsoestado.com\/danielmatos\/flavio-dino-demitira-1200-vigilantes-de-escolas-publicas-denuncia-wellington-do-curso\/","og_locale":"pt_BR","og_type":"article","og_title":"\u201cFl\u00e1vio Dino demitir\u00e1 1.200 vigilantes de escolas p\u00fablicas\u201d, denuncia deputado Wellington - Daniel Matos","og_description":"O vice-presidente do SINDVIG-MA, Daniel Pav\u00e3o, procurou o deputado estadual Wellington do Curso, na Assembleia Legislativa, na manh\u00e3 dessa quinta-feira [&hellip;]","og_url":"https:\/\/www.blogsoestado.com\/danielmatos\/flavio-dino-demitira-1200-vigilantes-de-escolas-publicas-denuncia-wellington-do-curso\/","og_site_name":"Daniel Matos","article_published_time":"2019-04-12T13:18:37+00:00","og_image":[{"url":"https:\/\/www.blogsoestado.com\/danielmatos\/files\/2019\/04\/w-vigias-1024x768.jpg","type":"","width":"","height":""}],"twitter_card":"summary_large_image","twitter_misc":{"Est. tempo de leitura":"3 minutos"},"schema":{"@context":"https:\/\/schema.org","@graph":[{"@type":"WebPage","@id":"https:\/\/www.blogsoestado.com\/danielmatos\/flavio-dino-demitira-1200-vigilantes-de-escolas-publicas-denuncia-wellington-do-curso\/","url":"https:\/\/www.blogsoestado.com\/danielmatos\/flavio-dino-demitira-1200-vigilantes-de-escolas-publicas-denuncia-wellington-do-curso\/","name":"\u201cFl\u00e1vio Dino demitir\u00e1 1.200 vigilantes de escolas p\u00fablicas\u201d, denuncia deputado Wellington - Daniel Matos","isPartOf":{"@id":"https:\/\/www.blogsoestado.com\/danielmatos\/#website"},"primaryImageOfPage":{"@id":"https:\/\/www.blogsoestado.com\/danielmatos\/flavio-dino-demitira-1200-vigilantes-de-escolas-publicas-denuncia-wellington-do-curso\/#primaryimage"},"image":{"@id":"https:\/\/www.blogsoestado.com\/danielmatos\/flavio-dino-demitira-1200-vigilantes-de-escolas-publicas-denuncia-wellington-do-curso\/#primaryimage"},"thumbnailUrl":"https:\/\/www.blogsoestado.com\/danielmatos\/files\/2019\/04\/w-vigias-1024x768.jpg","datePublished":"2019-04-12T13:18:37+00:00","author":{"@id":""},"breadcrumb":{"@id":"https:\/\/www.blogsoestado.com\/danielmatos\/flavio-dino-demitira-1200-vigilantes-de-escolas-publicas-denuncia-wellington-do-curso\/#breadcrumb"},"inLanguage":"pt-BR","potentialAction":[{"@type":"ReadAction","target":["https:\/\/www.blogsoestado.com\/danielmatos\/flavio-dino-demitira-1200-vigilantes-de-escolas-publicas-denuncia-wellington-do-curso\/"]}]},{"@type":"ImageObject","inLanguage":"pt-BR","@id":"https:\/\/www.blogsoestado.com\/danielmatos\/flavio-dino-demitira-1200-vigilantes-de-escolas-publicas-denuncia-wellington-do-curso\/#primaryimage","url":"https:\/\/www.blogsoestado.com\/danielmatos\/files\/2019\/04\/w-vigias-1024x768.jpg","contentUrl":"https:\/\/www.blogsoestado.com\/danielmatos\/files\/2019\/04\/w-vigias-1024x768.jpg"},{"@type":"BreadcrumbList","@id":"https:\/\/www.blogsoestado.com\/danielmatos\/flavio-dino-demitira-1200-vigilantes-de-escolas-publicas-denuncia-wellington-do-curso\/#breadcrumb","itemListElement":[{"@type":"ListItem","position":1,"name":"In\u00edcio","item":"https:\/\/www.blogsoestado.com\/danielmatos\/"},{"@type":"ListItem","position":2,"name":"\u201cFl\u00e1vio Dino demitir\u00e1 1.200 vigilantes de escolas p\u00fablicas\u201d, denuncia deputado Wellington"}]},{"@type":"WebSite","@id":"https:\/\/www.blogsoestado.com\/danielmatos\/#website","url":"https:\/\/www.blogsoestado.com\/danielmatos\/","name":"Daniel Matos","description":"","potentialAction":[{"@type":"SearchAction","target":{"@type":"EntryPoint","urlTemplate":"https:\/\/www.blogsoestado.com\/danielmatos\/?s={search_term_string}"},"query-input":{"@type":"PropertyValueSpecification","valueRequired":true,"valueName":"search_term_string"}}],"inLanguage":"pt-BR"}]}},"jetpack_featured_media_url":"","_links":{"self":[{"href":"https:\/\/www.blogsoestado.com\/danielmatos\/wp-json\/wp\/v2\/posts\/61899","targetHints":{"allow":["GET"]}}],"collection":[{"href":"https:\/\/www.blogsoestado.com\/danielmatos\/wp-json\/wp\/v2\/posts"}],"about":[{"href":"https:\/\/www.blogsoestado.com\/danielmatos\/wp-json\/wp\/v2\/types\/post"}],"replies":[{"embeddable":true,"href":"https:\/\/www.blogsoestado.com\/danielmatos\/wp-json\/wp\/v2\/comments?post=61899"}],"version-history":[{"count":0,"href":"https:\/\/www.blogsoestado.com\/danielmatos\/wp-json\/wp\/v2\/posts\/61899\/revisions"}],"wp:attachment":[{"href":"https:\/\/www.blogsoestado.com\/danielmatos\/wp-json\/wp\/v2\/media?parent=61899"}],"wp:term":[{"taxonomy":"category","embeddable":true,"href":"https:\/\/www.blogsoestado.com\/danielmatos\/wp-json\/wp\/v2\/categories?post=61899"},{"taxonomy":"post_tag","embeddable":true,"href":"https:\/\/www.blogsoestado.com\/danielmatos\/wp-json\/wp\/v2\/tags?post=61899"}],"curies":[{"name":"wp","href":"https:\/\/api.w.org\/{rel}","templated":true}]}}