{"id":62351,"date":"2019-04-29T14:31:04","date_gmt":"2019-04-29T17:31:04","guid":{"rendered":"https:\/\/www.blogsoestado.com\/danielmatos\/?p=62351"},"modified":"2019-04-29T14:31:04","modified_gmt":"2019-04-29T17:31:04","slug":"mpt-realizou-acao-educativa-em-postos-de-combustivel-de-sao-luis","status":"publish","type":"post","link":"https:\/\/www.blogsoestado.com\/danielmatos\/mpt-realizou-acao-educativa-em-postos-de-combustivel-de-sao-luis\/","title":{"rendered":"MPT realizou a\u00e7\u00e3o educativa em postos de combust\u00edvel de S\u00e3o Lu\u00eds\ufeff"},"content":{"rendered":"\n<div class=\"wp-block-image\"><figure class=\"aligncenter\"><img decoding=\"async\" src=\"https:\/\/www.blogsoestado.com\/danielmatos\/files\/2019\/04\/IMG-20190429-WA0081-1024x768.jpg\" alt=\"\" class=\"wp-image-62352\"\/><figcaption>Deputado Adriano com representantes de \u00f3rg\u00e3os envolvidos na campanha<\/figcaption><\/figure><\/div>\n\n\n\n<p>O Minist\u00e9rio P\u00fablico do Trabalho do Maranh\u00e3o (MPT-MA) realizou, na \u00faltima sexta-feira (26), uma a\u00e7\u00e3o educativa em postos de combust\u00edvel de S\u00e3o Lu\u00eds. A inten\u00e7\u00e3o foi conscientizar sobre a proibi\u00e7\u00e3o de postos de combust\u00edveis abastecerem combust\u00edvel nos ve\u00edculos ap\u00f3s ser acionada a trava de seguran\u00e7a da bomba de abastecimento, baseado na lei n\u00ba 10.647 de autoria do deputado estadual Adriano Sarney (PV).<br><br>Representantes dos \u00f3rg\u00e3os envolvidos na campanha reuniram-se \u00e0s 7h no posto de combust\u00edvel Fernando Casal, na Av. Cajazeiras, em S\u00e3o Lu\u00eds. E seguiram com a equipe de trabalho para outros postos espalhados pela cidade realizando a fixa\u00e7\u00e3o de adesivos e distribui\u00e7\u00e3o de revistinhas do Abril Verde e do Benzeno.<\/p>\n\n\n\n<figure class=\"wp-block-image\"><img decoding=\"async\" src=\"https:\/\/www.blogsoestado.com\/danielmatos\/files\/2019\/04\/IMG-20190429-WA0082-1024x768.jpg\" alt=\"\" class=\"wp-image-62353\"\/><figcaption>Adriano dialoga com volunt\u00e1rios sobre a lei de sua autoria que co\u00edbe a emiss\u00e3o descontrolada de benzena<\/figcaption><\/figure>\n\n\n\n<p>De acordo com a lei, o abastecimento de ve\u00edculos deve ser at\u00e9 o autom\u00e1tico e o descumprimento da legisla\u00e7\u00e3o implica na imposi\u00e7\u00e3o de multa no valor de R$ 300,00. \u201cO benzeno, que \u00e9 uma subst\u00e2ncia presente na gasolina, pode causar c\u00e2ncer e outras doen\u00e7as. Ele \u00e9 prejudicial \u00e0 sa\u00fade humana e ao meio ambiente. E os valores recolhidos com as multas para os postos que desobedecem s\u00e3o aplicados em campanhas de natureza preventivas na \u00e1rea do meio ambiente\u201d, disse o deputado.<br><br>A campanha \u00e9 uma iniciativa do MPT-MA em parceria com a Superintend\u00eancia Regional do Trabalho e Emprego no Maranh\u00e3o (SRTb-MA), Centro de Refer\u00eancia em Sa\u00fade do Trabalhador (Cerest) da Secretaria de Estado da Sa\u00fade (SES), Cerest da Secretaria Municipal de Sa\u00fade (Semus), Instituto de Prote\u00e7\u00e3o e Defesa do Consumidor do Maranh\u00e3o (Procon\/MA), Sindicato dos Frentistas do Maranh\u00e3o (Sinpospetro), Sindicato dos Revendedores de Combust\u00edveis do Maranh\u00e3o (Sindcombust\u00edveis) e Grupo SOS Vida Pela Paz no Tr\u00e2nsito.<\/p>\n\n\n\n<p><\/p>\n\n\n\n<figure class=\"wp-block-image\"><img decoding=\"async\" src=\"https:\/\/www.blogsoestado.com\/danielmatos\/files\/2019\/04\/IMG-20190429-WA0083-1024x768.jpg\" alt=\"\" class=\"wp-image-62354\"\/><figcaption>Deputado Adriano participou de a\u00e7\u00e3o de conscientiza\u00e7\u00e3o em posto de combust\u00edveis<\/figcaption><\/figure>\n\n\n\n<p>Estiveram presentes na a\u00e7\u00e3o os seguintes representantes: secret\u00e1rio geral Walquim Rocha Cruz (Sinpospetro), procuradora do Trabalho e coordenadora a a\u00e7\u00e3o, Anya Gadelha Di\u00f3genes (MPT-MA), o coordenador geral do grupo SOS Vida pela Paz no Tr\u00e2nsito Lourival da Cunha Souza, o secret\u00e1rio executivo Marcone Mendes (Sindcombust\u00edveis), Luciano Mamede (Cerest Estadual) e Karla Esther Abreu (Cerest Regional).<br><br>Segundo especialistas, h\u00e1 perda de desempenho e maior emiss\u00e3o de poluentes. A pe\u00e7a que filtra os gases do tanque (c\u00e2nister) fica encharcada, causando a carboniza\u00e7\u00e3o das velas e do sensor de oxig\u00eanio e a danifica\u00e7\u00e3o do catalisador do ve\u00edculo. Para evitar preju\u00edzos ao ve\u00edculo e \u00e0 sua sa\u00fade, \u00e9 necess\u00e1rio respeitar o limite da bomba.<\/p>\n","protected":false},"excerpt":{"rendered":"<p>O Minist\u00e9rio P\u00fablico do Trabalho do Maranh\u00e3o (MPT-MA) realizou, na \u00faltima sexta-feira (26), uma a\u00e7\u00e3o educativa em postos de combust\u00edvel [&hellip;]<\/p>\n","protected":false},"author":0,"featured_media":0,"comment_status":"open","ping_status":"open","sticky":false,"template":"","format":"standard","meta":{"site-sidebar-layout":"default","site-content-layout":"","ast-site-content-layout":"default","site-content-style":"default","site-sidebar-style":"default","ast-global-header-display":"","ast-banner-title-visibility":"","ast-main-header-display":"","ast-hfb-above-header-display":"","ast-hfb-below-header-display":"","ast-hfb-mobile-header-display":"","site-post-title":"","ast-breadcrumbs-content":"","ast-featured-img":"","footer-sml-layout":"","ast-disable-related-posts":"","theme-transparent-header-meta":"","adv-header-id-meta":"","stick-header-meta":"","header-above-stick-meta":"","header-main-stick-meta":"","header-below-stick-meta":"","astra-migrate-meta-layouts":"default","ast-page-background-enabled":"default","ast-page-background-meta":{"desktop":{"background-color":"var(--ast-global-color-5)","background-image":"","background-repeat":"repeat","background-position":"center center","background-size":"auto","background-attachment":"scroll","background-type":"","background-media":"","overlay-type":"","overlay-color":"","overlay-opacity":"","overlay-gradient":""},"tablet":{"background-color":"","background-image":"","background-repeat":"repeat","background-position":"center center","background-size":"auto","background-attachment":"scroll","background-type":"","background-media":"","overlay-type":"","overlay-color":"","overlay-opacity":"","overlay-gradient":""},"mobile":{"background-color":"","background-image":"","background-repeat":"repeat","background-position":"center center","background-size":"auto","background-attachment":"scroll","background-type":"","background-media":"","overlay-type":"","overlay-color":"","overlay-opacity":"","overlay-gradient":""}},"ast-content-background-meta":{"desktop":{"background-color":"var(--ast-global-color-4)","background-image":"","background-repeat":"repeat","background-position":"center center","background-size":"auto","background-attachment":"scroll","background-type":"","background-media":"","overlay-type":"","overlay-color":"","overlay-opacity":"","overlay-gradient":""},"tablet":{"background-color":"var(--ast-global-color-4)","background-image":"","background-repeat":"repeat","background-position":"center center","background-size":"auto","background-attachment":"scroll","background-type":"","background-media":"","overlay-type":"","overlay-color":"","overlay-opacity":"","overlay-gradient":""},"mobile":{"background-color":"var(--ast-global-color-4)","background-image":"","background-repeat":"repeat","background-position":"center center","background-size":"auto","background-attachment":"scroll","background-type":"","background-media":"","overlay-type":"","overlay-color":"","overlay-opacity":"","overlay-gradient":""}},"footnotes":""},"categories":[1],"tags":[],"class_list":["post-62351","post","type-post","status-publish","format-standard","hentry","category-sem-categoria"],"yoast_head":"<!-- This site is optimized with the Yoast SEO plugin v26.6 - https:\/\/yoast.com\/wordpress\/plugins\/seo\/ -->\n<title>MPT realizou a\u00e7\u00e3o educativa em postos de combust\u00edvel de S\u00e3o Lu\u00eds\ufeff - Daniel Matos<\/title>\n<meta name=\"robots\" content=\"index, follow, max-snippet:-1, max-image-preview:large, max-video-preview:-1\" \/>\n<link rel=\"canonical\" href=\"https:\/\/www.blogsoestado.com\/danielmatos\/mpt-realizou-acao-educativa-em-postos-de-combustivel-de-sao-luis\/\" \/>\n<meta property=\"og:locale\" content=\"pt_BR\" \/>\n<meta property=\"og:type\" content=\"article\" \/>\n<meta property=\"og:title\" content=\"MPT realizou a\u00e7\u00e3o educativa em postos de combust\u00edvel de S\u00e3o Lu\u00eds\ufeff - Daniel Matos\" \/>\n<meta property=\"og:description\" content=\"O Minist\u00e9rio P\u00fablico do Trabalho do Maranh\u00e3o (MPT-MA) realizou, na \u00faltima sexta-feira (26), uma a\u00e7\u00e3o educativa em postos de combust\u00edvel [&hellip;]\" \/>\n<meta property=\"og:url\" content=\"https:\/\/www.blogsoestado.com\/danielmatos\/mpt-realizou-acao-educativa-em-postos-de-combustivel-de-sao-luis\/\" \/>\n<meta property=\"og:site_name\" content=\"Daniel Matos\" \/>\n<meta property=\"article:published_time\" content=\"2019-04-29T17:31:04+00:00\" \/>\n<meta property=\"og:image\" content=\"https:\/\/www.blogsoestado.com\/danielmatos\/files\/2019\/04\/IMG-20190429-WA0081-1024x768.jpg\" \/>\n<meta name=\"twitter:card\" content=\"summary_large_image\" \/>\n<meta name=\"twitter:label1\" content=\"Est. tempo de leitura\" \/>\n\t<meta name=\"twitter:data1\" content=\"2 minutos\" \/>\n<script type=\"application\/ld+json\" class=\"yoast-schema-graph\">{\"@context\":\"https:\/\/schema.org\",\"@graph\":[{\"@type\":\"WebPage\",\"@id\":\"https:\/\/www.blogsoestado.com\/danielmatos\/mpt-realizou-acao-educativa-em-postos-de-combustivel-de-sao-luis\/\",\"url\":\"https:\/\/www.blogsoestado.com\/danielmatos\/mpt-realizou-acao-educativa-em-postos-de-combustivel-de-sao-luis\/\",\"name\":\"MPT realizou a\u00e7\u00e3o educativa em postos de combust\u00edvel de S\u00e3o Lu\u00eds\ufeff - Daniel Matos\",\"isPartOf\":{\"@id\":\"https:\/\/www.blogsoestado.com\/danielmatos\/#website\"},\"primaryImageOfPage\":{\"@id\":\"https:\/\/www.blogsoestado.com\/danielmatos\/mpt-realizou-acao-educativa-em-postos-de-combustivel-de-sao-luis\/#primaryimage\"},\"image\":{\"@id\":\"https:\/\/www.blogsoestado.com\/danielmatos\/mpt-realizou-acao-educativa-em-postos-de-combustivel-de-sao-luis\/#primaryimage\"},\"thumbnailUrl\":\"https:\/\/www.blogsoestado.com\/danielmatos\/files\/2019\/04\/IMG-20190429-WA0081-1024x768.jpg\",\"datePublished\":\"2019-04-29T17:31:04+00:00\",\"author\":{\"@id\":\"\"},\"breadcrumb\":{\"@id\":\"https:\/\/www.blogsoestado.com\/danielmatos\/mpt-realizou-acao-educativa-em-postos-de-combustivel-de-sao-luis\/#breadcrumb\"},\"inLanguage\":\"pt-BR\",\"potentialAction\":[{\"@type\":\"ReadAction\",\"target\":[\"https:\/\/www.blogsoestado.com\/danielmatos\/mpt-realizou-acao-educativa-em-postos-de-combustivel-de-sao-luis\/\"]}]},{\"@type\":\"ImageObject\",\"inLanguage\":\"pt-BR\",\"@id\":\"https:\/\/www.blogsoestado.com\/danielmatos\/mpt-realizou-acao-educativa-em-postos-de-combustivel-de-sao-luis\/#primaryimage\",\"url\":\"https:\/\/www.blogsoestado.com\/danielmatos\/files\/2019\/04\/IMG-20190429-WA0081-1024x768.jpg\",\"contentUrl\":\"https:\/\/www.blogsoestado.com\/danielmatos\/files\/2019\/04\/IMG-20190429-WA0081-1024x768.jpg\"},{\"@type\":\"BreadcrumbList\",\"@id\":\"https:\/\/www.blogsoestado.com\/danielmatos\/mpt-realizou-acao-educativa-em-postos-de-combustivel-de-sao-luis\/#breadcrumb\",\"itemListElement\":[{\"@type\":\"ListItem\",\"position\":1,\"name\":\"In\u00edcio\",\"item\":\"https:\/\/www.blogsoestado.com\/danielmatos\/\"},{\"@type\":\"ListItem\",\"position\":2,\"name\":\"MPT realizou a\u00e7\u00e3o educativa em postos de combust\u00edvel de S\u00e3o Lu\u00eds\ufeff\"}]},{\"@type\":\"WebSite\",\"@id\":\"https:\/\/www.blogsoestado.com\/danielmatos\/#website\",\"url\":\"https:\/\/www.blogsoestado.com\/danielmatos\/\",\"name\":\"Daniel Matos\",\"description\":\"\",\"potentialAction\":[{\"@type\":\"SearchAction\",\"target\":{\"@type\":\"EntryPoint\",\"urlTemplate\":\"https:\/\/www.blogsoestado.com\/danielmatos\/?s={search_term_string}\"},\"query-input\":{\"@type\":\"PropertyValueSpecification\",\"valueRequired\":true,\"valueName\":\"search_term_string\"}}],\"inLanguage\":\"pt-BR\"}]}<\/script>\n<!-- \/ Yoast SEO plugin. -->","yoast_head_json":{"title":"MPT realizou a\u00e7\u00e3o educativa em postos de combust\u00edvel de S\u00e3o Lu\u00eds\ufeff - Daniel Matos","robots":{"index":"index","follow":"follow","max-snippet":"max-snippet:-1","max-image-preview":"max-image-preview:large","max-video-preview":"max-video-preview:-1"},"canonical":"https:\/\/www.blogsoestado.com\/danielmatos\/mpt-realizou-acao-educativa-em-postos-de-combustivel-de-sao-luis\/","og_locale":"pt_BR","og_type":"article","og_title":"MPT realizou a\u00e7\u00e3o educativa em postos de combust\u00edvel de S\u00e3o Lu\u00eds\ufeff - Daniel Matos","og_description":"O Minist\u00e9rio P\u00fablico do Trabalho do Maranh\u00e3o (MPT-MA) realizou, na \u00faltima sexta-feira (26), uma a\u00e7\u00e3o educativa em postos de combust\u00edvel [&hellip;]","og_url":"https:\/\/www.blogsoestado.com\/danielmatos\/mpt-realizou-acao-educativa-em-postos-de-combustivel-de-sao-luis\/","og_site_name":"Daniel Matos","article_published_time":"2019-04-29T17:31:04+00:00","og_image":[{"url":"https:\/\/www.blogsoestado.com\/danielmatos\/files\/2019\/04\/IMG-20190429-WA0081-1024x768.jpg","type":"","width":"","height":""}],"twitter_card":"summary_large_image","twitter_misc":{"Est. tempo de leitura":"2 minutos"},"schema":{"@context":"https:\/\/schema.org","@graph":[{"@type":"WebPage","@id":"https:\/\/www.blogsoestado.com\/danielmatos\/mpt-realizou-acao-educativa-em-postos-de-combustivel-de-sao-luis\/","url":"https:\/\/www.blogsoestado.com\/danielmatos\/mpt-realizou-acao-educativa-em-postos-de-combustivel-de-sao-luis\/","name":"MPT realizou a\u00e7\u00e3o educativa em postos de combust\u00edvel de S\u00e3o Lu\u00eds\ufeff - Daniel Matos","isPartOf":{"@id":"https:\/\/www.blogsoestado.com\/danielmatos\/#website"},"primaryImageOfPage":{"@id":"https:\/\/www.blogsoestado.com\/danielmatos\/mpt-realizou-acao-educativa-em-postos-de-combustivel-de-sao-luis\/#primaryimage"},"image":{"@id":"https:\/\/www.blogsoestado.com\/danielmatos\/mpt-realizou-acao-educativa-em-postos-de-combustivel-de-sao-luis\/#primaryimage"},"thumbnailUrl":"https:\/\/www.blogsoestado.com\/danielmatos\/files\/2019\/04\/IMG-20190429-WA0081-1024x768.jpg","datePublished":"2019-04-29T17:31:04+00:00","author":{"@id":""},"breadcrumb":{"@id":"https:\/\/www.blogsoestado.com\/danielmatos\/mpt-realizou-acao-educativa-em-postos-de-combustivel-de-sao-luis\/#breadcrumb"},"inLanguage":"pt-BR","potentialAction":[{"@type":"ReadAction","target":["https:\/\/www.blogsoestado.com\/danielmatos\/mpt-realizou-acao-educativa-em-postos-de-combustivel-de-sao-luis\/"]}]},{"@type":"ImageObject","inLanguage":"pt-BR","@id":"https:\/\/www.blogsoestado.com\/danielmatos\/mpt-realizou-acao-educativa-em-postos-de-combustivel-de-sao-luis\/#primaryimage","url":"https:\/\/www.blogsoestado.com\/danielmatos\/files\/2019\/04\/IMG-20190429-WA0081-1024x768.jpg","contentUrl":"https:\/\/www.blogsoestado.com\/danielmatos\/files\/2019\/04\/IMG-20190429-WA0081-1024x768.jpg"},{"@type":"BreadcrumbList","@id":"https:\/\/www.blogsoestado.com\/danielmatos\/mpt-realizou-acao-educativa-em-postos-de-combustivel-de-sao-luis\/#breadcrumb","itemListElement":[{"@type":"ListItem","position":1,"name":"In\u00edcio","item":"https:\/\/www.blogsoestado.com\/danielmatos\/"},{"@type":"ListItem","position":2,"name":"MPT realizou a\u00e7\u00e3o educativa em postos de combust\u00edvel de S\u00e3o Lu\u00eds\ufeff"}]},{"@type":"WebSite","@id":"https:\/\/www.blogsoestado.com\/danielmatos\/#website","url":"https:\/\/www.blogsoestado.com\/danielmatos\/","name":"Daniel Matos","description":"","potentialAction":[{"@type":"SearchAction","target":{"@type":"EntryPoint","urlTemplate":"https:\/\/www.blogsoestado.com\/danielmatos\/?s={search_term_string}"},"query-input":{"@type":"PropertyValueSpecification","valueRequired":true,"valueName":"search_term_string"}}],"inLanguage":"pt-BR"}]}},"jetpack_featured_media_url":"","_links":{"self":[{"href":"https:\/\/www.blogsoestado.com\/danielmatos\/wp-json\/wp\/v2\/posts\/62351","targetHints":{"allow":["GET"]}}],"collection":[{"href":"https:\/\/www.blogsoestado.com\/danielmatos\/wp-json\/wp\/v2\/posts"}],"about":[{"href":"https:\/\/www.blogsoestado.com\/danielmatos\/wp-json\/wp\/v2\/types\/post"}],"replies":[{"embeddable":true,"href":"https:\/\/www.blogsoestado.com\/danielmatos\/wp-json\/wp\/v2\/comments?post=62351"}],"version-history":[{"count":0,"href":"https:\/\/www.blogsoestado.com\/danielmatos\/wp-json\/wp\/v2\/posts\/62351\/revisions"}],"wp:attachment":[{"href":"https:\/\/www.blogsoestado.com\/danielmatos\/wp-json\/wp\/v2\/media?parent=62351"}],"wp:term":[{"taxonomy":"category","embeddable":true,"href":"https:\/\/www.blogsoestado.com\/danielmatos\/wp-json\/wp\/v2\/categories?post=62351"},{"taxonomy":"post_tag","embeddable":true,"href":"https:\/\/www.blogsoestado.com\/danielmatos\/wp-json\/wp\/v2\/tags?post=62351"}],"curies":[{"name":"wp","href":"https:\/\/api.w.org\/{rel}","templated":true}]}}