{"id":62462,"date":"2019-05-02T13:20:41","date_gmt":"2019-05-02T16:20:41","guid":{"rendered":"https:\/\/www.blogsoestado.com\/danielmatos\/?p=62462"},"modified":"2019-05-02T13:20:41","modified_gmt":"2019-05-02T16:20:41","slug":"sucessao-na-ufma-por-uma-campanha-com-o-padrao-da-academia","status":"publish","type":"post","link":"https:\/\/www.blogsoestado.com\/danielmatos\/sucessao-na-ufma-por-uma-campanha-com-o-padrao-da-academia\/","title":{"rendered":"Sucess\u00e3o na UFMA: por uma campanha com o padr\u00e3o da academia"},"content":{"rendered":"\n<p><strong>Prof. Dr. Ridvan Nunes Fernandes*<\/strong><\/p>\n\n\n\n<figure class=\"wp-block-image\"><img decoding=\"async\" src=\"https:\/\/www.blogsoestado.com\/danielmatos\/files\/2019\/05\/ufma-padrao.jpeg\" alt=\"\" class=\"wp-image-62463\"\/><figcaption>Elei\u00e7\u00e3o para escolha do novo reitor da Universidade Federal do Maranh\u00e3o acontecer\u00e1 em junho<\/figcaption><\/figure>\n\n\n\n<p>Com a aproxima\u00e7\u00e3o do processo de consulta \u00e0 comunidade universit\u00e1ria<br>(previsto para junho), j\u00e1 se nota, no ambiente da UFMA, que o tema come\u00e7a a fazer parte do cotidiano acad\u00eamico. Infelizmente, a pauta inicial, posta em discuss\u00e3o nas \u00faltimas semanas, est\u00e1 distante daquilo que se possa qualificar o debate pr\u00f3prio da Academia.<br><\/p>\n\n\n\n<p>Vale registrar que n\u00e3o vemos a institui\u00e7\u00e3o Universidade como uma bolha. Ela faz parte e deve interagir sempre com a sociedade. No entanto, fazer pol\u00edtica no ambiente universit\u00e1rio deveria se diferenciar do padr\u00e3o que marca as disputas pol\u00edtico-partid\u00e1rias. S\u00e3o atores que se diferenciam por natureza. L\u00e1, eles fazem pol\u00edtica o dia todo e todos os dias \u2013 s\u00e3o profissionais da pol\u00edtica; aqui, somos professores. Cotidianamente, ministramos aulas, orientamos alunos, fazemos pesquisas, extens\u00e3o, participamos de col\u00f3quios, de debates, etc. Fazer pol\u00edtica com o prop\u00f3sito de exercer o comando da institui\u00e7\u00e3o se resume, em tese, \u00e0 atua\u00e7\u00e3o democr\u00e1tica de candidatos no curto per\u00edodo reservado pela legisla\u00e7\u00e3o<br>interna.<\/p>\n\n\n\n<p>Obviamente, essas diferen\u00e7as quanto aos atores e ao ambiente pol\u00edtico exigem um padr\u00e3o de campanha tamb\u00e9m diferenciado. Na Universidade, os v\u00edcios, os dissabores e at\u00e9 o desrespeito, comuns no mundo da pol\u00edtica profissional, devem ser substitu\u00eddos por m\u00e9todos que primam pelo respeito m\u00fatuo e o debate qualificado.<\/p>\n\n\n\n<p>Pois bem, as preliminares da campanha para a sucess\u00e3o da Professora Nair Portela est\u00e3o distante disso. A troca de insultos via blogs que surgiu nas \u00faltimas semanas \u00e9 algo assustador. O tom agressivo, as acusa\u00e7\u00f5es e a desqualifica\u00e7\u00e3o de concorrentes s\u00e3o recorrentes na m\u00eddia eletr\u00f4nica. Al\u00e9m disso, o flagrante da campanha antecipada h\u00e1 alguns meses e at\u00e9 mesmo sinais de pr\u00e1ticas de abuso do poder econ\u00f4mico desequilibram o processo e desrespeitam os pretensos pleiteantes.<\/p>\n\n\n\n<p>\u00c9 oportuno lembrar que a Universidade p\u00fablica brasileira passa por um<br>momento de ataques, numa intensidade pouco vista na sua hist\u00f3ria. Apesar de ser ela respons\u00e1vel por algo em torno de 95% da pesquisa cient\u00edfica realizada no pa\u00eds, com o padr\u00e3o de v\u00e1rias institui\u00e7\u00f5es acad\u00eamicas sendo reconhecido internacionalmente, o seu futuro \u00e9 incerto. Diante deste quadro, salvar este patrim\u00f4nio da sociedade brasileira \u00e9 dever, em primeiro lugar, da comunidade acad\u00eamica e da intelig\u00eancia sensata deste pa\u00eds. Para isso, movimentos como os encabe\u00e7ados pelo ANDES, a SBPC, a ANDIFES, entre outros, e at\u00e9 a proposta de cria\u00e7\u00e3o de uma Frente Parlamentar em defesa da Universidade P\u00fablica devem ser fortalecidos.<\/p>\n\n\n\n<p>\u00c9 desnecess\u00e1rio dizer que esse inc\u00f4modo cen\u00e1rio impacta fortemente em<br>nossa UFMA. Logo, \u00e9 desej\u00e1vel que o debate sucess\u00f3rio esteja focado na<br>realidade de uma institui\u00e7\u00e3o que hoje \u00e9 multicampi, mas que possui um or\u00e7amento de custeio menor que h\u00e1 quatro anos; que precisa gerar<br>conhecimento e oferecer p\u00f3s-gradua\u00e7\u00e3o de n\u00edvel frente ao esvaziamento<br>financeiro do CNPq e da CAPES; que necessita concluir obras estrat\u00e9gicas e<br>necess\u00e1rias, embora com recursos zero na rubrica capital, dentre outras<br>relevantes quest\u00f5es. Sem falar no padr\u00e3o de gest\u00e3o centralizador, que j\u00e1 atingiu o n\u00edvel de fadiga de material.<\/p>\n\n\n\n<p>Dito isso, reafirmamos: \u00e9 oportuna uma campanha com o padr\u00e3o da Academia. Tema \u00e9 o que n\u00e3o falta.<\/p>\n\n\n\n<p>*Professor Titular do Departamento de Qu\u00edmica. Diretor do Centro de Ci\u00eancias Exatas e Tecnologia\/UFMA.<\/p>\n","protected":false},"excerpt":{"rendered":"<p>Prof. Dr. Ridvan Nunes Fernandes* Com a aproxima\u00e7\u00e3o do processo de consulta \u00e0 comunidade universit\u00e1ria(previsto para junho), j\u00e1 se nota, [&hellip;]<\/p>\n","protected":false},"author":0,"featured_media":0,"comment_status":"open","ping_status":"open","sticky":false,"template":"","format":"standard","meta":{"site-sidebar-layout":"default","site-content-layout":"","ast-site-content-layout":"default","site-content-style":"default","site-sidebar-style":"default","ast-global-header-display":"","ast-banner-title-visibility":"","ast-main-header-display":"","ast-hfb-above-header-display":"","ast-hfb-below-header-display":"","ast-hfb-mobile-header-display":"","site-post-title":"","ast-breadcrumbs-content":"","ast-featured-img":"","footer-sml-layout":"","ast-disable-related-posts":"","theme-transparent-header-meta":"","adv-header-id-meta":"","stick-header-meta":"","header-above-stick-meta":"","header-main-stick-meta":"","header-below-stick-meta":"","astra-migrate-meta-layouts":"default","ast-page-background-enabled":"default","ast-page-background-meta":{"desktop":{"background-color":"var(--ast-global-color-5)","background-image":"","background-repeat":"repeat","background-position":"center center","background-size":"auto","background-attachment":"scroll","background-type":"","background-media":"","overlay-type":"","overlay-color":"","overlay-opacity":"","overlay-gradient":""},"tablet":{"background-color":"","background-image":"","background-repeat":"repeat","background-position":"center center","background-size":"auto","background-attachment":"scroll","background-type":"","background-media":"","overlay-type":"","overlay-color":"","overlay-opacity":"","overlay-gradient":""},"mobile":{"background-color":"","background-image":"","background-repeat":"repeat","background-position":"center center","background-size":"auto","background-attachment":"scroll","background-type":"","background-media":"","overlay-type":"","overlay-color":"","overlay-opacity":"","overlay-gradient":""}},"ast-content-background-meta":{"desktop":{"background-color":"var(--ast-global-color-4)","background-image":"","background-repeat":"repeat","background-position":"center center","background-size":"auto","background-attachment":"scroll","background-type":"","background-media":"","overlay-type":"","overlay-color":"","overlay-opacity":"","overlay-gradient":""},"tablet":{"background-color":"var(--ast-global-color-4)","background-image":"","background-repeat":"repeat","background-position":"center center","background-size":"auto","background-attachment":"scroll","background-type":"","background-media":"","overlay-type":"","overlay-color":"","overlay-opacity":"","overlay-gradient":""},"mobile":{"background-color":"var(--ast-global-color-4)","background-image":"","background-repeat":"repeat","background-position":"center center","background-size":"auto","background-attachment":"scroll","background-type":"","background-media":"","overlay-type":"","overlay-color":"","overlay-opacity":"","overlay-gradient":""}},"footnotes":""},"categories":[1],"tags":[],"class_list":["post-62462","post","type-post","status-publish","format-standard","hentry","category-sem-categoria"],"yoast_head":"<!-- This site is optimized with the Yoast SEO plugin v26.6 - https:\/\/yoast.com\/wordpress\/plugins\/seo\/ -->\n<title>Sucess\u00e3o na UFMA: por uma campanha com o padr\u00e3o da academia - Daniel Matos<\/title>\n<meta name=\"robots\" content=\"index, follow, max-snippet:-1, max-image-preview:large, max-video-preview:-1\" \/>\n<link rel=\"canonical\" href=\"https:\/\/www.blogsoestado.com\/danielmatos\/sucessao-na-ufma-por-uma-campanha-com-o-padrao-da-academia\/\" \/>\n<meta property=\"og:locale\" content=\"pt_BR\" \/>\n<meta property=\"og:type\" content=\"article\" \/>\n<meta property=\"og:title\" content=\"Sucess\u00e3o na UFMA: por uma campanha com o padr\u00e3o da academia - Daniel Matos\" \/>\n<meta property=\"og:description\" content=\"Prof. Dr. Ridvan Nunes Fernandes* Com a aproxima\u00e7\u00e3o do processo de consulta \u00e0 comunidade universit\u00e1ria(previsto para junho), j\u00e1 se nota, [&hellip;]\" \/>\n<meta property=\"og:url\" content=\"https:\/\/www.blogsoestado.com\/danielmatos\/sucessao-na-ufma-por-uma-campanha-com-o-padrao-da-academia\/\" \/>\n<meta property=\"og:site_name\" content=\"Daniel Matos\" \/>\n<meta property=\"article:published_time\" content=\"2019-05-02T16:20:41+00:00\" \/>\n<meta property=\"og:image\" content=\"https:\/\/www.blogsoestado.com\/danielmatos\/files\/2019\/05\/ufma-padrao.jpeg\" \/>\n<meta name=\"twitter:card\" content=\"summary_large_image\" \/>\n<meta name=\"twitter:label1\" content=\"Est. tempo de leitura\" \/>\n\t<meta name=\"twitter:data1\" content=\"3 minutos\" \/>\n<script type=\"application\/ld+json\" class=\"yoast-schema-graph\">{\"@context\":\"https:\/\/schema.org\",\"@graph\":[{\"@type\":\"WebPage\",\"@id\":\"https:\/\/www.blogsoestado.com\/danielmatos\/sucessao-na-ufma-por-uma-campanha-com-o-padrao-da-academia\/\",\"url\":\"https:\/\/www.blogsoestado.com\/danielmatos\/sucessao-na-ufma-por-uma-campanha-com-o-padrao-da-academia\/\",\"name\":\"Sucess\u00e3o na UFMA: por uma campanha com o padr\u00e3o da academia - Daniel Matos\",\"isPartOf\":{\"@id\":\"https:\/\/www.blogsoestado.com\/danielmatos\/#website\"},\"primaryImageOfPage\":{\"@id\":\"https:\/\/www.blogsoestado.com\/danielmatos\/sucessao-na-ufma-por-uma-campanha-com-o-padrao-da-academia\/#primaryimage\"},\"image\":{\"@id\":\"https:\/\/www.blogsoestado.com\/danielmatos\/sucessao-na-ufma-por-uma-campanha-com-o-padrao-da-academia\/#primaryimage\"},\"thumbnailUrl\":\"https:\/\/www.blogsoestado.com\/danielmatos\/files\/2019\/05\/ufma-padrao.jpeg\",\"datePublished\":\"2019-05-02T16:20:41+00:00\",\"author\":{\"@id\":\"\"},\"breadcrumb\":{\"@id\":\"https:\/\/www.blogsoestado.com\/danielmatos\/sucessao-na-ufma-por-uma-campanha-com-o-padrao-da-academia\/#breadcrumb\"},\"inLanguage\":\"pt-BR\",\"potentialAction\":[{\"@type\":\"ReadAction\",\"target\":[\"https:\/\/www.blogsoestado.com\/danielmatos\/sucessao-na-ufma-por-uma-campanha-com-o-padrao-da-academia\/\"]}]},{\"@type\":\"ImageObject\",\"inLanguage\":\"pt-BR\",\"@id\":\"https:\/\/www.blogsoestado.com\/danielmatos\/sucessao-na-ufma-por-uma-campanha-com-o-padrao-da-academia\/#primaryimage\",\"url\":\"https:\/\/www.blogsoestado.com\/danielmatos\/files\/2019\/05\/ufma-padrao.jpeg\",\"contentUrl\":\"https:\/\/www.blogsoestado.com\/danielmatos\/files\/2019\/05\/ufma-padrao.jpeg\"},{\"@type\":\"BreadcrumbList\",\"@id\":\"https:\/\/www.blogsoestado.com\/danielmatos\/sucessao-na-ufma-por-uma-campanha-com-o-padrao-da-academia\/#breadcrumb\",\"itemListElement\":[{\"@type\":\"ListItem\",\"position\":1,\"name\":\"In\u00edcio\",\"item\":\"https:\/\/www.blogsoestado.com\/danielmatos\/\"},{\"@type\":\"ListItem\",\"position\":2,\"name\":\"Sucess\u00e3o na UFMA: por uma campanha com o padr\u00e3o da academia\"}]},{\"@type\":\"WebSite\",\"@id\":\"https:\/\/www.blogsoestado.com\/danielmatos\/#website\",\"url\":\"https:\/\/www.blogsoestado.com\/danielmatos\/\",\"name\":\"Daniel Matos\",\"description\":\"\",\"potentialAction\":[{\"@type\":\"SearchAction\",\"target\":{\"@type\":\"EntryPoint\",\"urlTemplate\":\"https:\/\/www.blogsoestado.com\/danielmatos\/?s={search_term_string}\"},\"query-input\":{\"@type\":\"PropertyValueSpecification\",\"valueRequired\":true,\"valueName\":\"search_term_string\"}}],\"inLanguage\":\"pt-BR\"}]}<\/script>\n<!-- \/ Yoast SEO plugin. -->","yoast_head_json":{"title":"Sucess\u00e3o na UFMA: por uma campanha com o padr\u00e3o da academia - Daniel Matos","robots":{"index":"index","follow":"follow","max-snippet":"max-snippet:-1","max-image-preview":"max-image-preview:large","max-video-preview":"max-video-preview:-1"},"canonical":"https:\/\/www.blogsoestado.com\/danielmatos\/sucessao-na-ufma-por-uma-campanha-com-o-padrao-da-academia\/","og_locale":"pt_BR","og_type":"article","og_title":"Sucess\u00e3o na UFMA: por uma campanha com o padr\u00e3o da academia - Daniel Matos","og_description":"Prof. Dr. Ridvan Nunes Fernandes* Com a aproxima\u00e7\u00e3o do processo de consulta \u00e0 comunidade universit\u00e1ria(previsto para junho), j\u00e1 se nota, [&hellip;]","og_url":"https:\/\/www.blogsoestado.com\/danielmatos\/sucessao-na-ufma-por-uma-campanha-com-o-padrao-da-academia\/","og_site_name":"Daniel Matos","article_published_time":"2019-05-02T16:20:41+00:00","og_image":[{"url":"https:\/\/www.blogsoestado.com\/danielmatos\/files\/2019\/05\/ufma-padrao.jpeg","type":"","width":"","height":""}],"twitter_card":"summary_large_image","twitter_misc":{"Est. tempo de leitura":"3 minutos"},"schema":{"@context":"https:\/\/schema.org","@graph":[{"@type":"WebPage","@id":"https:\/\/www.blogsoestado.com\/danielmatos\/sucessao-na-ufma-por-uma-campanha-com-o-padrao-da-academia\/","url":"https:\/\/www.blogsoestado.com\/danielmatos\/sucessao-na-ufma-por-uma-campanha-com-o-padrao-da-academia\/","name":"Sucess\u00e3o na UFMA: por uma campanha com o padr\u00e3o da academia - Daniel Matos","isPartOf":{"@id":"https:\/\/www.blogsoestado.com\/danielmatos\/#website"},"primaryImageOfPage":{"@id":"https:\/\/www.blogsoestado.com\/danielmatos\/sucessao-na-ufma-por-uma-campanha-com-o-padrao-da-academia\/#primaryimage"},"image":{"@id":"https:\/\/www.blogsoestado.com\/danielmatos\/sucessao-na-ufma-por-uma-campanha-com-o-padrao-da-academia\/#primaryimage"},"thumbnailUrl":"https:\/\/www.blogsoestado.com\/danielmatos\/files\/2019\/05\/ufma-padrao.jpeg","datePublished":"2019-05-02T16:20:41+00:00","author":{"@id":""},"breadcrumb":{"@id":"https:\/\/www.blogsoestado.com\/danielmatos\/sucessao-na-ufma-por-uma-campanha-com-o-padrao-da-academia\/#breadcrumb"},"inLanguage":"pt-BR","potentialAction":[{"@type":"ReadAction","target":["https:\/\/www.blogsoestado.com\/danielmatos\/sucessao-na-ufma-por-uma-campanha-com-o-padrao-da-academia\/"]}]},{"@type":"ImageObject","inLanguage":"pt-BR","@id":"https:\/\/www.blogsoestado.com\/danielmatos\/sucessao-na-ufma-por-uma-campanha-com-o-padrao-da-academia\/#primaryimage","url":"https:\/\/www.blogsoestado.com\/danielmatos\/files\/2019\/05\/ufma-padrao.jpeg","contentUrl":"https:\/\/www.blogsoestado.com\/danielmatos\/files\/2019\/05\/ufma-padrao.jpeg"},{"@type":"BreadcrumbList","@id":"https:\/\/www.blogsoestado.com\/danielmatos\/sucessao-na-ufma-por-uma-campanha-com-o-padrao-da-academia\/#breadcrumb","itemListElement":[{"@type":"ListItem","position":1,"name":"In\u00edcio","item":"https:\/\/www.blogsoestado.com\/danielmatos\/"},{"@type":"ListItem","position":2,"name":"Sucess\u00e3o na UFMA: por uma campanha com o padr\u00e3o da academia"}]},{"@type":"WebSite","@id":"https:\/\/www.blogsoestado.com\/danielmatos\/#website","url":"https:\/\/www.blogsoestado.com\/danielmatos\/","name":"Daniel Matos","description":"","potentialAction":[{"@type":"SearchAction","target":{"@type":"EntryPoint","urlTemplate":"https:\/\/www.blogsoestado.com\/danielmatos\/?s={search_term_string}"},"query-input":{"@type":"PropertyValueSpecification","valueRequired":true,"valueName":"search_term_string"}}],"inLanguage":"pt-BR"}]}},"jetpack_featured_media_url":"","_links":{"self":[{"href":"https:\/\/www.blogsoestado.com\/danielmatos\/wp-json\/wp\/v2\/posts\/62462","targetHints":{"allow":["GET"]}}],"collection":[{"href":"https:\/\/www.blogsoestado.com\/danielmatos\/wp-json\/wp\/v2\/posts"}],"about":[{"href":"https:\/\/www.blogsoestado.com\/danielmatos\/wp-json\/wp\/v2\/types\/post"}],"replies":[{"embeddable":true,"href":"https:\/\/www.blogsoestado.com\/danielmatos\/wp-json\/wp\/v2\/comments?post=62462"}],"version-history":[{"count":0,"href":"https:\/\/www.blogsoestado.com\/danielmatos\/wp-json\/wp\/v2\/posts\/62462\/revisions"}],"wp:attachment":[{"href":"https:\/\/www.blogsoestado.com\/danielmatos\/wp-json\/wp\/v2\/media?parent=62462"}],"wp:term":[{"taxonomy":"category","embeddable":true,"href":"https:\/\/www.blogsoestado.com\/danielmatos\/wp-json\/wp\/v2\/categories?post=62462"},{"taxonomy":"post_tag","embeddable":true,"href":"https:\/\/www.blogsoestado.com\/danielmatos\/wp-json\/wp\/v2\/tags?post=62462"}],"curies":[{"name":"wp","href":"https:\/\/api.w.org\/{rel}","templated":true}]}}