{"id":62487,"date":"2019-05-03T10:21:18","date_gmt":"2019-05-03T13:21:18","guid":{"rendered":"https:\/\/www.blogsoestado.com\/danielmatos\/?p=62487"},"modified":"2019-05-03T10:21:18","modified_gmt":"2019-05-03T13:21:18","slug":"prefeito-e-alvo-de-acao-de-improbidade-por-nepotismo","status":"publish","type":"post","link":"https:\/\/www.blogsoestado.com\/danielmatos\/prefeito-e-alvo-de-acao-de-improbidade-por-nepotismo\/","title":{"rendered":"Prefeito de Fortaleza dos Nogueiras \u00e9 alvo de a\u00e7\u00e3o de improbidade por nepotismo"},"content":{"rendered":"\n<div class=\"wp-block-image\"><figure class=\"alignright\"><img decoding=\"async\" src=\"https:\/\/www.blogsoestado.com\/danielmatos\/files\/2019\/05\/prefeito-fortaleza-nogueiras.jpg\" alt=\"\" class=\"wp-image-62488\"\/><\/figure><\/div>\n\n\n\n<p>O Minist\u00e9rio P\u00fablico do Maranh\u00e3o ajuizou, na \u00faltima segunda-feira, 29 de abril, duas A\u00e7\u00f5es Civis P\u00fablicas contra o prefeito de Fortaleza dos Nogueiras, Aleandro Gon\u00e7alves Passarinho (PDT),  motivadas pela contrata\u00e7\u00e3o de parentes dele, em cargos comissionados, na administra\u00e7\u00e3o municipal. O preju\u00edzo aos cofres p\u00fablicos totaliza R$ 156 mil, sem contar os valores de f\u00e9rias e 13\u00ba sal\u00e1rios pagos.<\/p>\n\n\n\n<p>Al\u00e9m do chefe do Poder Executivo, tamb\u00e9m foram acionados por improbidade administrativa a secret\u00e1ria municipal de Sa\u00fade, Maria Alvina Gon\u00e7alves Passarinho; e a secret\u00e1ria de Assist\u00eancia Social, Neuracy Martins dos Santos, m\u00e3e e companheira do prefeito, respectivamente. O assessor jur\u00eddico de Fortaleza dos Nogueiras, Ant\u00f4nio Marcelino Costa Santos, e a esposa dele, Joilene Santos Assun\u00e7\u00e3o, que \u00e9 secret\u00e1ria de Cultura, Eventos e Turismo igualmente foram acionados por improbidade administrativa.<\/p>\n\n\n\n<p>De acordo com a promotora de justi\u00e7a Dailma Maria de Melo Brito Fern\u00e1ndez, apurou-se que a m\u00e3e e a companheira do prefeito n\u00e3o possuem qualifica\u00e7\u00e3o t\u00e9cnica para ocuparem os referidos cargos. \u201cA primeira possui apenas experi\u00eancia em sala de aula e na \u00e1rea comercial, em uma farm\u00e1cia. A segunda nunca atuou na \u00e1rea de formula\u00e7\u00e3o ou execu\u00e7\u00e3o de pol\u00edticas p\u00fablicas de assist\u00eancia social\u201d, afirmou a representante do MPMA.<\/p>\n\n\n\n<p>Apesar de ter exonerado tr\u00eas parentes dele da administra\u00e7\u00e3o municipal (Edinalva dos Santos Passarinho, Vit\u00f3ria R\u00e9gia Gon\u00e7alves Passarinho e Ant\u00f4nio Carlos Teixeira Santos) ap\u00f3s ter recebido Recomenda\u00e7\u00e3o do Minist\u00e9rio P\u00fablico alertando sobre nepotismo, Aleandro Gon\u00e7alves Passarinho manteve os demais, contrariando os princ\u00edpios da impessoalidade, efici\u00eancia e moralidade, previstos na Constitui\u00e7\u00e3o Federal.<\/p>\n\n\n\n<p>\u201c\u00c9 imperioso reconhecer que tais a\u00e7\u00f5es constituem atos de improbidade administrativa, com expressa descri\u00e7\u00e3o na Lei de Improbidade, com condutas que atentaram contra os princ\u00edpios da administra\u00e7\u00e3o p\u00fablica\u201d, afirmou, nas a\u00e7\u00f5es, a promotora de justi\u00e7a Dailma Brito.<\/p>\n\n\n\n<p>Ela destacou, ainda, que, apesar de ter poder discricion\u00e1rio na escolha do ocupante de cargo em comiss\u00e3o, fun\u00e7\u00e3o de confian\u00e7a ou ainda em cargo pol\u00edtico, o administrador p\u00fablico n\u00e3o pode fundar-se apenas na afinidade, na consanguinidade ou no favorecimento pol\u00edtico, \u201cpois se tal conduta fosse permitida, o preenchimento de cargos e fun\u00e7\u00f5es p\u00fablicas estaria sujeito \u00e0 transmiss\u00e3o heredit\u00e1ria, que teve vig\u00eancia nos per\u00edodos r\u00e9gios, em detrimento do interesse p\u00fablico para beneficiar o interesse familiar e pol\u00edtico do agente p\u00fablico\u201d.  <\/p>\n\n\n\n<p><strong>PEDIDOS<\/strong><\/p>\n\n\n\n<p>A 1\u00aa Promotoria de Justi\u00e7a de Balsas de Defesa do Patrim\u00f4nio P\u00fablico e da Probidade Administrativa, da qual Fortaleza dos Nogueiras \u00e9 termo judici\u00e1rio, solicitou ao Poder Judici\u00e1rio a condena\u00e7\u00e3o do prefeito Aleandro Gon\u00e7alves Passarinho por improbidade administrativa.<\/p>\n\n\n\n<p>Tamb\u00e9m foi pedida liminar com o objetivo de determinar o imediato afastamento de Maria Alvina Passarinho, Neuracy Santos e Joilene Assun\u00e7\u00e3o ou Ant\u00f4nio Marcelino Santos dos respectivos cargos.<\/p>\n\n\n\n<p>O MPMA pediu o reconhecimento da inconstitucionalidade dos atos de nomea\u00e7\u00e3o dos requeridos e que sejam declarados nulas as referidas nomea\u00e7\u00f5es e que o Munic\u00edpio de Fortaleza dos Nogueiras seja proibido de contratar parentes de autoridades que se configurem em nepotismo direto ou indireto.<\/p>\n\n\n\n<p><strong>Fonte:<\/strong> Minist\u00e9rio P\u00fablico do Maranh\u00e3o (MPMA)<\/p>\n","protected":false},"excerpt":{"rendered":"<p>O Minist\u00e9rio P\u00fablico do Maranh\u00e3o ajuizou, na \u00faltima segunda-feira, 29 de abril, duas A\u00e7\u00f5es Civis P\u00fablicas contra o prefeito de [&hellip;]<\/p>\n","protected":false},"author":0,"featured_media":0,"comment_status":"open","ping_status":"open","sticky":false,"template":"","format":"standard","meta":{"site-sidebar-layout":"default","site-content-layout":"","ast-site-content-layout":"default","site-content-style":"default","site-sidebar-style":"default","ast-global-header-display":"","ast-banner-title-visibility":"","ast-main-header-display":"","ast-hfb-above-header-display":"","ast-hfb-below-header-display":"","ast-hfb-mobile-header-display":"","site-post-title":"","ast-breadcrumbs-content":"","ast-featured-img":"","footer-sml-layout":"","ast-disable-related-posts":"","theme-transparent-header-meta":"","adv-header-id-meta":"","stick-header-meta":"","header-above-stick-meta":"","header-main-stick-meta":"","header-below-stick-meta":"","astra-migrate-meta-layouts":"default","ast-page-background-enabled":"default","ast-page-background-meta":{"desktop":{"background-color":"var(--ast-global-color-5)","background-image":"","background-repeat":"repeat","background-position":"center center","background-size":"auto","background-attachment":"scroll","background-type":"","background-media":"","overlay-type":"","overlay-color":"","overlay-opacity":"","overlay-gradient":""},"tablet":{"background-color":"","background-image":"","background-repeat":"repeat","background-position":"center center","background-size":"auto","background-attachment":"scroll","background-type":"","background-media":"","overlay-type":"","overlay-color":"","overlay-opacity":"","overlay-gradient":""},"mobile":{"background-color":"","background-image":"","background-repeat":"repeat","background-position":"center center","background-size":"auto","background-attachment":"scroll","background-type":"","background-media":"","overlay-type":"","overlay-color":"","overlay-opacity":"","overlay-gradient":""}},"ast-content-background-meta":{"desktop":{"background-color":"var(--ast-global-color-4)","background-image":"","background-repeat":"repeat","background-position":"center center","background-size":"auto","background-attachment":"scroll","background-type":"","background-media":"","overlay-type":"","overlay-color":"","overlay-opacity":"","overlay-gradient":""},"tablet":{"background-color":"var(--ast-global-color-4)","background-image":"","background-repeat":"repeat","background-position":"center center","background-size":"auto","background-attachment":"scroll","background-type":"","background-media":"","overlay-type":"","overlay-color":"","overlay-opacity":"","overlay-gradient":""},"mobile":{"background-color":"var(--ast-global-color-4)","background-image":"","background-repeat":"repeat","background-position":"center center","background-size":"auto","background-attachment":"scroll","background-type":"","background-media":"","overlay-type":"","overlay-color":"","overlay-opacity":"","overlay-gradient":""}},"footnotes":""},"categories":[1],"tags":[],"class_list":["post-62487","post","type-post","status-publish","format-standard","hentry","category-sem-categoria"],"yoast_head":"<!-- This site is optimized with the Yoast SEO plugin v26.6 - https:\/\/yoast.com\/wordpress\/plugins\/seo\/ -->\n<title>Prefeito de Fortaleza dos Nogueiras \u00e9 alvo de a\u00e7\u00e3o de improbidade por nepotismo - Daniel Matos<\/title>\n<meta name=\"robots\" content=\"index, follow, max-snippet:-1, max-image-preview:large, max-video-preview:-1\" \/>\n<link rel=\"canonical\" href=\"https:\/\/www.blogsoestado.com\/danielmatos\/prefeito-e-alvo-de-acao-de-improbidade-por-nepotismo\/\" \/>\n<meta property=\"og:locale\" content=\"pt_BR\" \/>\n<meta property=\"og:type\" content=\"article\" \/>\n<meta property=\"og:title\" content=\"Prefeito de Fortaleza dos Nogueiras \u00e9 alvo de a\u00e7\u00e3o de improbidade por nepotismo - Daniel Matos\" \/>\n<meta property=\"og:description\" content=\"O Minist\u00e9rio P\u00fablico do Maranh\u00e3o ajuizou, na \u00faltima segunda-feira, 29 de abril, duas A\u00e7\u00f5es Civis P\u00fablicas contra o prefeito de [&hellip;]\" \/>\n<meta property=\"og:url\" content=\"https:\/\/www.blogsoestado.com\/danielmatos\/prefeito-e-alvo-de-acao-de-improbidade-por-nepotismo\/\" \/>\n<meta property=\"og:site_name\" content=\"Daniel Matos\" \/>\n<meta property=\"article:published_time\" content=\"2019-05-03T13:21:18+00:00\" \/>\n<meta property=\"og:image\" content=\"https:\/\/www.blogsoestado.com\/danielmatos\/files\/2019\/05\/prefeito-fortaleza-nogueiras.jpg\" \/>\n<meta name=\"twitter:card\" content=\"summary_large_image\" \/>\n<meta name=\"twitter:label1\" content=\"Est. tempo de leitura\" \/>\n\t<meta name=\"twitter:data1\" content=\"3 minutos\" \/>\n<script type=\"application\/ld+json\" class=\"yoast-schema-graph\">{\"@context\":\"https:\/\/schema.org\",\"@graph\":[{\"@type\":\"WebPage\",\"@id\":\"https:\/\/www.blogsoestado.com\/danielmatos\/prefeito-e-alvo-de-acao-de-improbidade-por-nepotismo\/\",\"url\":\"https:\/\/www.blogsoestado.com\/danielmatos\/prefeito-e-alvo-de-acao-de-improbidade-por-nepotismo\/\",\"name\":\"Prefeito de Fortaleza dos Nogueiras \u00e9 alvo de a\u00e7\u00e3o de improbidade por nepotismo - Daniel Matos\",\"isPartOf\":{\"@id\":\"https:\/\/www.blogsoestado.com\/danielmatos\/#website\"},\"primaryImageOfPage\":{\"@id\":\"https:\/\/www.blogsoestado.com\/danielmatos\/prefeito-e-alvo-de-acao-de-improbidade-por-nepotismo\/#primaryimage\"},\"image\":{\"@id\":\"https:\/\/www.blogsoestado.com\/danielmatos\/prefeito-e-alvo-de-acao-de-improbidade-por-nepotismo\/#primaryimage\"},\"thumbnailUrl\":\"https:\/\/www.blogsoestado.com\/danielmatos\/files\/2019\/05\/prefeito-fortaleza-nogueiras.jpg\",\"datePublished\":\"2019-05-03T13:21:18+00:00\",\"author\":{\"@id\":\"\"},\"breadcrumb\":{\"@id\":\"https:\/\/www.blogsoestado.com\/danielmatos\/prefeito-e-alvo-de-acao-de-improbidade-por-nepotismo\/#breadcrumb\"},\"inLanguage\":\"pt-BR\",\"potentialAction\":[{\"@type\":\"ReadAction\",\"target\":[\"https:\/\/www.blogsoestado.com\/danielmatos\/prefeito-e-alvo-de-acao-de-improbidade-por-nepotismo\/\"]}]},{\"@type\":\"ImageObject\",\"inLanguage\":\"pt-BR\",\"@id\":\"https:\/\/www.blogsoestado.com\/danielmatos\/prefeito-e-alvo-de-acao-de-improbidade-por-nepotismo\/#primaryimage\",\"url\":\"https:\/\/www.blogsoestado.com\/danielmatos\/files\/2019\/05\/prefeito-fortaleza-nogueiras.jpg\",\"contentUrl\":\"https:\/\/www.blogsoestado.com\/danielmatos\/files\/2019\/05\/prefeito-fortaleza-nogueiras.jpg\"},{\"@type\":\"BreadcrumbList\",\"@id\":\"https:\/\/www.blogsoestado.com\/danielmatos\/prefeito-e-alvo-de-acao-de-improbidade-por-nepotismo\/#breadcrumb\",\"itemListElement\":[{\"@type\":\"ListItem\",\"position\":1,\"name\":\"In\u00edcio\",\"item\":\"https:\/\/www.blogsoestado.com\/danielmatos\/\"},{\"@type\":\"ListItem\",\"position\":2,\"name\":\"Prefeito de Fortaleza dos Nogueiras \u00e9 alvo de a\u00e7\u00e3o de improbidade por nepotismo\"}]},{\"@type\":\"WebSite\",\"@id\":\"https:\/\/www.blogsoestado.com\/danielmatos\/#website\",\"url\":\"https:\/\/www.blogsoestado.com\/danielmatos\/\",\"name\":\"Daniel Matos\",\"description\":\"\",\"potentialAction\":[{\"@type\":\"SearchAction\",\"target\":{\"@type\":\"EntryPoint\",\"urlTemplate\":\"https:\/\/www.blogsoestado.com\/danielmatos\/?s={search_term_string}\"},\"query-input\":{\"@type\":\"PropertyValueSpecification\",\"valueRequired\":true,\"valueName\":\"search_term_string\"}}],\"inLanguage\":\"pt-BR\"}]}<\/script>\n<!-- \/ Yoast SEO plugin. -->","yoast_head_json":{"title":"Prefeito de Fortaleza dos Nogueiras \u00e9 alvo de a\u00e7\u00e3o de improbidade por nepotismo - Daniel Matos","robots":{"index":"index","follow":"follow","max-snippet":"max-snippet:-1","max-image-preview":"max-image-preview:large","max-video-preview":"max-video-preview:-1"},"canonical":"https:\/\/www.blogsoestado.com\/danielmatos\/prefeito-e-alvo-de-acao-de-improbidade-por-nepotismo\/","og_locale":"pt_BR","og_type":"article","og_title":"Prefeito de Fortaleza dos Nogueiras \u00e9 alvo de a\u00e7\u00e3o de improbidade por nepotismo - Daniel Matos","og_description":"O Minist\u00e9rio P\u00fablico do Maranh\u00e3o ajuizou, na \u00faltima segunda-feira, 29 de abril, duas A\u00e7\u00f5es Civis P\u00fablicas contra o prefeito de [&hellip;]","og_url":"https:\/\/www.blogsoestado.com\/danielmatos\/prefeito-e-alvo-de-acao-de-improbidade-por-nepotismo\/","og_site_name":"Daniel Matos","article_published_time":"2019-05-03T13:21:18+00:00","og_image":[{"url":"https:\/\/www.blogsoestado.com\/danielmatos\/files\/2019\/05\/prefeito-fortaleza-nogueiras.jpg","type":"","width":"","height":""}],"twitter_card":"summary_large_image","twitter_misc":{"Est. tempo de leitura":"3 minutos"},"schema":{"@context":"https:\/\/schema.org","@graph":[{"@type":"WebPage","@id":"https:\/\/www.blogsoestado.com\/danielmatos\/prefeito-e-alvo-de-acao-de-improbidade-por-nepotismo\/","url":"https:\/\/www.blogsoestado.com\/danielmatos\/prefeito-e-alvo-de-acao-de-improbidade-por-nepotismo\/","name":"Prefeito de Fortaleza dos Nogueiras \u00e9 alvo de a\u00e7\u00e3o de improbidade por nepotismo - Daniel Matos","isPartOf":{"@id":"https:\/\/www.blogsoestado.com\/danielmatos\/#website"},"primaryImageOfPage":{"@id":"https:\/\/www.blogsoestado.com\/danielmatos\/prefeito-e-alvo-de-acao-de-improbidade-por-nepotismo\/#primaryimage"},"image":{"@id":"https:\/\/www.blogsoestado.com\/danielmatos\/prefeito-e-alvo-de-acao-de-improbidade-por-nepotismo\/#primaryimage"},"thumbnailUrl":"https:\/\/www.blogsoestado.com\/danielmatos\/files\/2019\/05\/prefeito-fortaleza-nogueiras.jpg","datePublished":"2019-05-03T13:21:18+00:00","author":{"@id":""},"breadcrumb":{"@id":"https:\/\/www.blogsoestado.com\/danielmatos\/prefeito-e-alvo-de-acao-de-improbidade-por-nepotismo\/#breadcrumb"},"inLanguage":"pt-BR","potentialAction":[{"@type":"ReadAction","target":["https:\/\/www.blogsoestado.com\/danielmatos\/prefeito-e-alvo-de-acao-de-improbidade-por-nepotismo\/"]}]},{"@type":"ImageObject","inLanguage":"pt-BR","@id":"https:\/\/www.blogsoestado.com\/danielmatos\/prefeito-e-alvo-de-acao-de-improbidade-por-nepotismo\/#primaryimage","url":"https:\/\/www.blogsoestado.com\/danielmatos\/files\/2019\/05\/prefeito-fortaleza-nogueiras.jpg","contentUrl":"https:\/\/www.blogsoestado.com\/danielmatos\/files\/2019\/05\/prefeito-fortaleza-nogueiras.jpg"},{"@type":"BreadcrumbList","@id":"https:\/\/www.blogsoestado.com\/danielmatos\/prefeito-e-alvo-de-acao-de-improbidade-por-nepotismo\/#breadcrumb","itemListElement":[{"@type":"ListItem","position":1,"name":"In\u00edcio","item":"https:\/\/www.blogsoestado.com\/danielmatos\/"},{"@type":"ListItem","position":2,"name":"Prefeito de Fortaleza dos Nogueiras \u00e9 alvo de a\u00e7\u00e3o de improbidade por nepotismo"}]},{"@type":"WebSite","@id":"https:\/\/www.blogsoestado.com\/danielmatos\/#website","url":"https:\/\/www.blogsoestado.com\/danielmatos\/","name":"Daniel Matos","description":"","potentialAction":[{"@type":"SearchAction","target":{"@type":"EntryPoint","urlTemplate":"https:\/\/www.blogsoestado.com\/danielmatos\/?s={search_term_string}"},"query-input":{"@type":"PropertyValueSpecification","valueRequired":true,"valueName":"search_term_string"}}],"inLanguage":"pt-BR"}]}},"jetpack_featured_media_url":"","_links":{"self":[{"href":"https:\/\/www.blogsoestado.com\/danielmatos\/wp-json\/wp\/v2\/posts\/62487","targetHints":{"allow":["GET"]}}],"collection":[{"href":"https:\/\/www.blogsoestado.com\/danielmatos\/wp-json\/wp\/v2\/posts"}],"about":[{"href":"https:\/\/www.blogsoestado.com\/danielmatos\/wp-json\/wp\/v2\/types\/post"}],"replies":[{"embeddable":true,"href":"https:\/\/www.blogsoestado.com\/danielmatos\/wp-json\/wp\/v2\/comments?post=62487"}],"version-history":[{"count":0,"href":"https:\/\/www.blogsoestado.com\/danielmatos\/wp-json\/wp\/v2\/posts\/62487\/revisions"}],"wp:attachment":[{"href":"https:\/\/www.blogsoestado.com\/danielmatos\/wp-json\/wp\/v2\/media?parent=62487"}],"wp:term":[{"taxonomy":"category","embeddable":true,"href":"https:\/\/www.blogsoestado.com\/danielmatos\/wp-json\/wp\/v2\/categories?post=62487"},{"taxonomy":"post_tag","embeddable":true,"href":"https:\/\/www.blogsoestado.com\/danielmatos\/wp-json\/wp\/v2\/tags?post=62487"}],"curies":[{"name":"wp","href":"https:\/\/api.w.org\/{rel}","templated":true}]}}