{"id":62511,"date":"2019-05-03T14:33:04","date_gmt":"2019-05-03T17:33:04","guid":{"rendered":"https:\/\/www.blogsoestado.com\/danielmatos\/?p=62511"},"modified":"2019-05-03T14:33:04","modified_gmt":"2019-05-03T17:33:04","slug":"campanha-institucional-da-assembleia-legislativa-do-maranhao-contra-feminicidio-ganha-repercussao-nacional","status":"publish","type":"post","link":"https:\/\/www.blogsoestado.com\/danielmatos\/campanha-institucional-da-assembleia-legislativa-do-maranhao-contra-feminicidio-ganha-repercussao-nacional\/","title":{"rendered":"Campanha institucional da Assembleia Legislativa do Maranh\u00e3o contra feminic\u00eddio ganha repercuss\u00e3o nacional"},"content":{"rendered":"\n<div class=\"wp-block-image\"><figure class=\"aligncenter\"><img decoding=\"async\" src=\"https:\/\/www.blogsoestado.com\/danielmatos\/files\/2019\/05\/Campanha-Alema-1024x571.jpg\" alt=\"\" class=\"wp-image-62512\"\/><figcaption> <br>No Maranh\u00e3o, o v\u00eddeo da campanha foi veiculado em todas as emissoras de televis\u00e3o e r\u00e1dio, durante os meses de mar\u00e7o e abril <\/figcaption><\/figure><\/div>\n\n\n\n<p>O presidente da Assembleia Legislativa do Maranh\u00e3o, deputado estadual Othelino Neto (PCdoB), destacou em suas redes sociais a repercuss\u00e3o nacional da campanha institucional contra o ass\u00e9dio e o feminic\u00eddio, produzida pela Alema, por meio da Diretoria de Comunica\u00e7\u00e3o.<\/p>\n\n\n\n<p>A campanha passou a ser veiculada em rede para todo o Brasil pelas TVs Senado e C\u00e2mara. Veja o v\u00eddeo no link <a href=\"https:\/\/www.youtube.com\/watch?v=J1qQib56ROE\">https:\/\/www.youtube.com\/watch?v=J1qQib56ROE<\/a>.<\/p>\n\n\n\n<p>No Maranh\u00e3o, o v\u00eddeo da campanha foi veiculado em todas as emissoras de televis\u00e3o e r\u00e1dio, durante os meses de mar\u00e7o e abril. \u201cSatisfeito com o alcance nacional da campanha institucional\/publicit\u00e1ria contra o ass\u00e9dio e o feminic\u00eddio, idealizada pela Diretoria de Comunica\u00e7\u00e3o da Assembleia Legislativa do Maranh\u00e3o. \u00c9 muito gratificante poder contribuir, de maneira mais ampla, para alertar a sociedade brasileira sobre as diversas formas de viol\u00eancia contra a mulher, incentivando-as a denunciar os agressores\u201d, declarou Othelino Neto.<\/p>\n\n\n\n<p>O projeto, que contou com o apoio do Grupo de Esposas de Deputados do Maranh\u00e3o (Gedema) e da Procuradoria da Mulher, tem como objetivo alertar a sociedade sobre as diversas formas de viol\u00eancia contra a mulher, incentivando as v\u00edtimas a denunciar os agressores, destacando o n\u00famero 180.<\/p>\n\n\n\n<p>As frases de efeito \u201cChega de abuso!\u201d, \u201cChega de ass\u00e9dio\u201d e \u201cChega de feminic\u00eddio!\u201d foram usadas para empoderar a campanha.<\/p>\n\n\n\n<p>O v\u00eddeo aborda ainda o espa\u00e7o conquistado pelas mulheres que, al\u00e9m de cumprirem o papel de m\u00e3es e desempenharem outras fun\u00e7\u00f5es no lar, tamb\u00e9m estudam, lideram equipes e assumem diversos postos importantes de trabalho.<\/p>\n\n\n\n<p>&#8220;A Assembleia Legislativa do Maranh\u00e3o levantou essa bandeira ao lan\u00e7ar esta campanha sens\u00edvel de combate \u00e0 crescente onda de viol\u00eancia que tem vitimado, a cada dia, mais mulheres no Brasil. Conseguimos mostrar, em um minuto, tamb\u00e9m o empoderamento das mulheres ao ocuparem posi\u00e7\u00f5es de destaque na sociedade, quer seja nos seus ambientes ou no seio familiar, mostrando que elas s\u00e3o fortes e n\u00e3o se intimidam\u201d, destacou o diretor de Comunica\u00e7\u00e3o da Assembleia, jornalista Edwin Jinkings.<\/p>\n\n\n\n<p><strong>Assista ao v\u00eddeo da campanha:<\/strong><\/p>\n\n\n\n<figure class=\"wp-block-embed-youtube wp-block-embed is-type-video is-provider-youtube wp-embed-aspect-16-9 wp-has-aspect-ratio\"><div class=\"wp-block-embed__wrapper\">\n<iframe title=\"Campanha institucional da Alema contra ass\u00e9dio, viol\u00eancia e feminic\u00eddio\" width=\"500\" height=\"281\" src=\"https:\/\/www.youtube.com\/embed\/J1qQib56ROE?feature=oembed\" frameborder=\"0\" allow=\"accelerometer; autoplay; clipboard-write; encrypted-media; gyroscope; picture-in-picture; web-share\" referrerpolicy=\"strict-origin-when-cross-origin\" allowfullscreen><\/iframe>\n<\/div><\/figure>\n","protected":false},"excerpt":{"rendered":"<p>O presidente da Assembleia Legislativa do Maranh\u00e3o, deputado estadual Othelino Neto (PCdoB), destacou em suas redes sociais a repercuss\u00e3o nacional [&hellip;]<\/p>\n","protected":false},"author":0,"featured_media":0,"comment_status":"open","ping_status":"open","sticky":false,"template":"","format":"standard","meta":{"site-sidebar-layout":"default","site-content-layout":"","ast-site-content-layout":"default","site-content-style":"default","site-sidebar-style":"default","ast-global-header-display":"","ast-banner-title-visibility":"","ast-main-header-display":"","ast-hfb-above-header-display":"","ast-hfb-below-header-display":"","ast-hfb-mobile-header-display":"","site-post-title":"","ast-breadcrumbs-content":"","ast-featured-img":"","footer-sml-layout":"","ast-disable-related-posts":"","theme-transparent-header-meta":"","adv-header-id-meta":"","stick-header-meta":"","header-above-stick-meta":"","header-main-stick-meta":"","header-below-stick-meta":"","astra-migrate-meta-layouts":"default","ast-page-background-enabled":"default","ast-page-background-meta":{"desktop":{"background-color":"var(--ast-global-color-5)","background-image":"","background-repeat":"repeat","background-position":"center center","background-size":"auto","background-attachment":"scroll","background-type":"","background-media":"","overlay-type":"","overlay-color":"","overlay-opacity":"","overlay-gradient":""},"tablet":{"background-color":"","background-image":"","background-repeat":"repeat","background-position":"center center","background-size":"auto","background-attachment":"scroll","background-type":"","background-media":"","overlay-type":"","overlay-color":"","overlay-opacity":"","overlay-gradient":""},"mobile":{"background-color":"","background-image":"","background-repeat":"repeat","background-position":"center center","background-size":"auto","background-attachment":"scroll","background-type":"","background-media":"","overlay-type":"","overlay-color":"","overlay-opacity":"","overlay-gradient":""}},"ast-content-background-meta":{"desktop":{"background-color":"var(--ast-global-color-4)","background-image":"","background-repeat":"repeat","background-position":"center center","background-size":"auto","background-attachment":"scroll","background-type":"","background-media":"","overlay-type":"","overlay-color":"","overlay-opacity":"","overlay-gradient":""},"tablet":{"background-color":"var(--ast-global-color-4)","background-image":"","background-repeat":"repeat","background-position":"center center","background-size":"auto","background-attachment":"scroll","background-type":"","background-media":"","overlay-type":"","overlay-color":"","overlay-opacity":"","overlay-gradient":""},"mobile":{"background-color":"var(--ast-global-color-4)","background-image":"","background-repeat":"repeat","background-position":"center center","background-size":"auto","background-attachment":"scroll","background-type":"","background-media":"","overlay-type":"","overlay-color":"","overlay-opacity":"","overlay-gradient":""}},"footnotes":""},"categories":[1],"tags":[],"class_list":["post-62511","post","type-post","status-publish","format-standard","hentry","category-sem-categoria"],"yoast_head":"<!-- This site is optimized with the Yoast SEO plugin v26.6 - https:\/\/yoast.com\/wordpress\/plugins\/seo\/ -->\n<title>Campanha institucional da Assembleia Legislativa do Maranh\u00e3o contra feminic\u00eddio ganha repercuss\u00e3o nacional - Daniel Matos<\/title>\n<meta name=\"robots\" content=\"index, follow, max-snippet:-1, max-image-preview:large, max-video-preview:-1\" \/>\n<link rel=\"canonical\" href=\"https:\/\/www.blogsoestado.com\/danielmatos\/campanha-institucional-da-assembleia-legislativa-do-maranhao-contra-feminicidio-ganha-repercussao-nacional\/\" \/>\n<meta property=\"og:locale\" content=\"pt_BR\" \/>\n<meta property=\"og:type\" content=\"article\" \/>\n<meta property=\"og:title\" content=\"Campanha institucional da Assembleia Legislativa do Maranh\u00e3o contra feminic\u00eddio ganha repercuss\u00e3o nacional - Daniel Matos\" \/>\n<meta property=\"og:description\" content=\"O presidente da Assembleia Legislativa do Maranh\u00e3o, deputado estadual Othelino Neto (PCdoB), destacou em suas redes sociais a repercuss\u00e3o nacional [&hellip;]\" \/>\n<meta property=\"og:url\" content=\"https:\/\/www.blogsoestado.com\/danielmatos\/campanha-institucional-da-assembleia-legislativa-do-maranhao-contra-feminicidio-ganha-repercussao-nacional\/\" \/>\n<meta property=\"og:site_name\" content=\"Daniel Matos\" \/>\n<meta property=\"article:published_time\" content=\"2019-05-03T17:33:04+00:00\" \/>\n<meta property=\"og:image\" content=\"https:\/\/www.blogsoestado.com\/danielmatos\/files\/2019\/05\/Campanha-Alema-1024x571.jpg\" \/>\n<meta name=\"twitter:card\" content=\"summary_large_image\" \/>\n<meta name=\"twitter:label1\" content=\"Est. tempo de leitura\" \/>\n\t<meta name=\"twitter:data1\" content=\"2 minutos\" \/>\n<script type=\"application\/ld+json\" class=\"yoast-schema-graph\">{\"@context\":\"https:\/\/schema.org\",\"@graph\":[{\"@type\":\"WebPage\",\"@id\":\"https:\/\/www.blogsoestado.com\/danielmatos\/campanha-institucional-da-assembleia-legislativa-do-maranhao-contra-feminicidio-ganha-repercussao-nacional\/\",\"url\":\"https:\/\/www.blogsoestado.com\/danielmatos\/campanha-institucional-da-assembleia-legislativa-do-maranhao-contra-feminicidio-ganha-repercussao-nacional\/\",\"name\":\"Campanha institucional da Assembleia Legislativa do Maranh\u00e3o contra feminic\u00eddio ganha repercuss\u00e3o nacional - Daniel Matos\",\"isPartOf\":{\"@id\":\"https:\/\/www.blogsoestado.com\/danielmatos\/#website\"},\"primaryImageOfPage\":{\"@id\":\"https:\/\/www.blogsoestado.com\/danielmatos\/campanha-institucional-da-assembleia-legislativa-do-maranhao-contra-feminicidio-ganha-repercussao-nacional\/#primaryimage\"},\"image\":{\"@id\":\"https:\/\/www.blogsoestado.com\/danielmatos\/campanha-institucional-da-assembleia-legislativa-do-maranhao-contra-feminicidio-ganha-repercussao-nacional\/#primaryimage\"},\"thumbnailUrl\":\"https:\/\/www.blogsoestado.com\/danielmatos\/files\/2019\/05\/Campanha-Alema-1024x571.jpg\",\"datePublished\":\"2019-05-03T17:33:04+00:00\",\"author\":{\"@id\":\"\"},\"breadcrumb\":{\"@id\":\"https:\/\/www.blogsoestado.com\/danielmatos\/campanha-institucional-da-assembleia-legislativa-do-maranhao-contra-feminicidio-ganha-repercussao-nacional\/#breadcrumb\"},\"inLanguage\":\"pt-BR\",\"potentialAction\":[{\"@type\":\"ReadAction\",\"target\":[\"https:\/\/www.blogsoestado.com\/danielmatos\/campanha-institucional-da-assembleia-legislativa-do-maranhao-contra-feminicidio-ganha-repercussao-nacional\/\"]}]},{\"@type\":\"ImageObject\",\"inLanguage\":\"pt-BR\",\"@id\":\"https:\/\/www.blogsoestado.com\/danielmatos\/campanha-institucional-da-assembleia-legislativa-do-maranhao-contra-feminicidio-ganha-repercussao-nacional\/#primaryimage\",\"url\":\"https:\/\/www.blogsoestado.com\/danielmatos\/files\/2019\/05\/Campanha-Alema-1024x571.jpg\",\"contentUrl\":\"https:\/\/www.blogsoestado.com\/danielmatos\/files\/2019\/05\/Campanha-Alema-1024x571.jpg\"},{\"@type\":\"BreadcrumbList\",\"@id\":\"https:\/\/www.blogsoestado.com\/danielmatos\/campanha-institucional-da-assembleia-legislativa-do-maranhao-contra-feminicidio-ganha-repercussao-nacional\/#breadcrumb\",\"itemListElement\":[{\"@type\":\"ListItem\",\"position\":1,\"name\":\"In\u00edcio\",\"item\":\"https:\/\/www.blogsoestado.com\/danielmatos\/\"},{\"@type\":\"ListItem\",\"position\":2,\"name\":\"Campanha institucional da Assembleia Legislativa do Maranh\u00e3o contra feminic\u00eddio ganha repercuss\u00e3o nacional\"}]},{\"@type\":\"WebSite\",\"@id\":\"https:\/\/www.blogsoestado.com\/danielmatos\/#website\",\"url\":\"https:\/\/www.blogsoestado.com\/danielmatos\/\",\"name\":\"Daniel Matos\",\"description\":\"\",\"potentialAction\":[{\"@type\":\"SearchAction\",\"target\":{\"@type\":\"EntryPoint\",\"urlTemplate\":\"https:\/\/www.blogsoestado.com\/danielmatos\/?s={search_term_string}\"},\"query-input\":{\"@type\":\"PropertyValueSpecification\",\"valueRequired\":true,\"valueName\":\"search_term_string\"}}],\"inLanguage\":\"pt-BR\"}]}<\/script>\n<!-- \/ Yoast SEO plugin. -->","yoast_head_json":{"title":"Campanha institucional da Assembleia Legislativa do Maranh\u00e3o contra feminic\u00eddio ganha repercuss\u00e3o nacional - Daniel Matos","robots":{"index":"index","follow":"follow","max-snippet":"max-snippet:-1","max-image-preview":"max-image-preview:large","max-video-preview":"max-video-preview:-1"},"canonical":"https:\/\/www.blogsoestado.com\/danielmatos\/campanha-institucional-da-assembleia-legislativa-do-maranhao-contra-feminicidio-ganha-repercussao-nacional\/","og_locale":"pt_BR","og_type":"article","og_title":"Campanha institucional da Assembleia Legislativa do Maranh\u00e3o contra feminic\u00eddio ganha repercuss\u00e3o nacional - Daniel Matos","og_description":"O presidente da Assembleia Legislativa do Maranh\u00e3o, deputado estadual Othelino Neto (PCdoB), destacou em suas redes sociais a repercuss\u00e3o nacional [&hellip;]","og_url":"https:\/\/www.blogsoestado.com\/danielmatos\/campanha-institucional-da-assembleia-legislativa-do-maranhao-contra-feminicidio-ganha-repercussao-nacional\/","og_site_name":"Daniel Matos","article_published_time":"2019-05-03T17:33:04+00:00","og_image":[{"url":"https:\/\/www.blogsoestado.com\/danielmatos\/files\/2019\/05\/Campanha-Alema-1024x571.jpg","type":"","width":"","height":""}],"twitter_card":"summary_large_image","twitter_misc":{"Est. tempo de leitura":"2 minutos"},"schema":{"@context":"https:\/\/schema.org","@graph":[{"@type":"WebPage","@id":"https:\/\/www.blogsoestado.com\/danielmatos\/campanha-institucional-da-assembleia-legislativa-do-maranhao-contra-feminicidio-ganha-repercussao-nacional\/","url":"https:\/\/www.blogsoestado.com\/danielmatos\/campanha-institucional-da-assembleia-legislativa-do-maranhao-contra-feminicidio-ganha-repercussao-nacional\/","name":"Campanha institucional da Assembleia Legislativa do Maranh\u00e3o contra feminic\u00eddio ganha repercuss\u00e3o nacional - Daniel Matos","isPartOf":{"@id":"https:\/\/www.blogsoestado.com\/danielmatos\/#website"},"primaryImageOfPage":{"@id":"https:\/\/www.blogsoestado.com\/danielmatos\/campanha-institucional-da-assembleia-legislativa-do-maranhao-contra-feminicidio-ganha-repercussao-nacional\/#primaryimage"},"image":{"@id":"https:\/\/www.blogsoestado.com\/danielmatos\/campanha-institucional-da-assembleia-legislativa-do-maranhao-contra-feminicidio-ganha-repercussao-nacional\/#primaryimage"},"thumbnailUrl":"https:\/\/www.blogsoestado.com\/danielmatos\/files\/2019\/05\/Campanha-Alema-1024x571.jpg","datePublished":"2019-05-03T17:33:04+00:00","author":{"@id":""},"breadcrumb":{"@id":"https:\/\/www.blogsoestado.com\/danielmatos\/campanha-institucional-da-assembleia-legislativa-do-maranhao-contra-feminicidio-ganha-repercussao-nacional\/#breadcrumb"},"inLanguage":"pt-BR","potentialAction":[{"@type":"ReadAction","target":["https:\/\/www.blogsoestado.com\/danielmatos\/campanha-institucional-da-assembleia-legislativa-do-maranhao-contra-feminicidio-ganha-repercussao-nacional\/"]}]},{"@type":"ImageObject","inLanguage":"pt-BR","@id":"https:\/\/www.blogsoestado.com\/danielmatos\/campanha-institucional-da-assembleia-legislativa-do-maranhao-contra-feminicidio-ganha-repercussao-nacional\/#primaryimage","url":"https:\/\/www.blogsoestado.com\/danielmatos\/files\/2019\/05\/Campanha-Alema-1024x571.jpg","contentUrl":"https:\/\/www.blogsoestado.com\/danielmatos\/files\/2019\/05\/Campanha-Alema-1024x571.jpg"},{"@type":"BreadcrumbList","@id":"https:\/\/www.blogsoestado.com\/danielmatos\/campanha-institucional-da-assembleia-legislativa-do-maranhao-contra-feminicidio-ganha-repercussao-nacional\/#breadcrumb","itemListElement":[{"@type":"ListItem","position":1,"name":"In\u00edcio","item":"https:\/\/www.blogsoestado.com\/danielmatos\/"},{"@type":"ListItem","position":2,"name":"Campanha institucional da Assembleia Legislativa do Maranh\u00e3o contra feminic\u00eddio ganha repercuss\u00e3o nacional"}]},{"@type":"WebSite","@id":"https:\/\/www.blogsoestado.com\/danielmatos\/#website","url":"https:\/\/www.blogsoestado.com\/danielmatos\/","name":"Daniel Matos","description":"","potentialAction":[{"@type":"SearchAction","target":{"@type":"EntryPoint","urlTemplate":"https:\/\/www.blogsoestado.com\/danielmatos\/?s={search_term_string}"},"query-input":{"@type":"PropertyValueSpecification","valueRequired":true,"valueName":"search_term_string"}}],"inLanguage":"pt-BR"}]}},"jetpack_featured_media_url":"","_links":{"self":[{"href":"https:\/\/www.blogsoestado.com\/danielmatos\/wp-json\/wp\/v2\/posts\/62511","targetHints":{"allow":["GET"]}}],"collection":[{"href":"https:\/\/www.blogsoestado.com\/danielmatos\/wp-json\/wp\/v2\/posts"}],"about":[{"href":"https:\/\/www.blogsoestado.com\/danielmatos\/wp-json\/wp\/v2\/types\/post"}],"replies":[{"embeddable":true,"href":"https:\/\/www.blogsoestado.com\/danielmatos\/wp-json\/wp\/v2\/comments?post=62511"}],"version-history":[{"count":0,"href":"https:\/\/www.blogsoestado.com\/danielmatos\/wp-json\/wp\/v2\/posts\/62511\/revisions"}],"wp:attachment":[{"href":"https:\/\/www.blogsoestado.com\/danielmatos\/wp-json\/wp\/v2\/media?parent=62511"}],"wp:term":[{"taxonomy":"category","embeddable":true,"href":"https:\/\/www.blogsoestado.com\/danielmatos\/wp-json\/wp\/v2\/categories?post=62511"},{"taxonomy":"post_tag","embeddable":true,"href":"https:\/\/www.blogsoestado.com\/danielmatos\/wp-json\/wp\/v2\/tags?post=62511"}],"curies":[{"name":"wp","href":"https:\/\/api.w.org\/{rel}","templated":true}]}}