{"id":62519,"date":"2019-05-03T16:48:24","date_gmt":"2019-05-03T19:48:24","guid":{"rendered":"https:\/\/www.blogsoestado.com\/danielmatos\/?p=62519"},"modified":"2019-05-03T16:48:24","modified_gmt":"2019-05-03T19:48:24","slug":"acao-popular-do-vereador-cezar-bombeiro-pede-retomada-da-reforma-da-quadra-do-japao-no-bairro-liberdade","status":"publish","type":"post","link":"https:\/\/www.blogsoestado.com\/danielmatos\/acao-popular-do-vereador-cezar-bombeiro-pede-retomada-da-reforma-da-quadra-do-japao-no-bairro-liberdade\/","title":{"rendered":"A\u00e7\u00e3o popular do vereador C\u00e9zar Bombeiro pede retomada da reforma da quadra do Jap\u00e3o, no bairro Liberdade"},"content":{"rendered":"\n<div class=\"wp-block-image\"><figure class=\"aligncenter\"><img decoding=\"async\" src=\"https:\/\/www.blogsoestado.com\/danielmatos\/files\/2019\/05\/quadra-japao-bombeiro-768x1024.jpg\" alt=\"\" class=\"wp-image-62520\"\/><figcaption>Oper\u00e1rios d\u00e3o continuidade \u00e0s reforma da quadra do Jap\u00e3o ap\u00f3s a\u00e7\u00e3o popular ajuizada por C\u00e9zar Bombeiro <\/figcaption><\/figure><\/div>\n\n\n\n<p>Uma a\u00e7\u00e3o popular ajuizada pelo vereador C\u00e9zar Bombeiro (PSD) na Vara de Direitos Difusos e Coletivos pede a concess\u00e3o de uma liminar que determine a retomada da reforma da reforma da quadra esportiva do Jap\u00e3o, no bairro Liberdade. A obra tem recursos garantidos desde 2013, quando foi firmado conv\u00eanio entre a prefeitura da capital e a Uni\u00e3o Federal no valor de R$ 255.843,75, com contrapartida de R$ 6 mil do Munic\u00edpio de S\u00e3o Lu\u00eds,<\/p>\n\n\n\n<p>Antes mesmo de o juiz proferir a decis\u00e3o, oper\u00e1rios retornaram \u00e0 quadra para recome\u00e7ar os trabalhos. H\u00e1 o risco de o recurso destinado \u00e0 execu\u00e7\u00e3o da obra voltar aos cofres da Uni\u00e3o, pois o prazo de vig\u00eancia do conv\u00eanio expirar\u00e1 em junho deste ano.<\/p>\n\n\n\n<p>A obra chegou a ser iniciada, mas foi interrompida com 50% dos servi\u00e7os executados. Desde ent\u00e3o, a comunidade da Liberdade est\u00e1 privada do espa\u00e7o, destinado \u00e0 pr\u00e1tica desportiva, de lazer e outras atividades.<\/p>\n\n\n\n<p>Preocupado com a situa\u00e7\u00e3o e atendendo a apelos de populares que pediram sua interven\u00e7\u00e3o para que a obra tenha continuidade e seja finalmente inaugurada, C\u00e9zar Bombeiro ajuizou a\u00e7\u00e3o popular no dia 18 de abril deste ano, por meio da Assessoria Jur\u00eddica do seu gabinete. <\/p>\n\n\n\n<p>Na a\u00e7\u00e3o, C\u00e9zar Bombeiro n\u00e3o s\u00f3 pede \u00e0 Justi\u00e7a que ordene o rein\u00edcio imediato da obra, como a fixa\u00e7\u00e3o de multa em caso descumprimento da decis\u00e3o. Solicita, tamb\u00e9m, que no julgamento do m\u00e9rito, os r\u00e9us sejam obrigados a concluir os servi\u00e7os para que o comunidade possa, enfim, utilizar o espa\u00e7o.     <\/p>\n\n\n\n<p> <\/p>\n","protected":false},"excerpt":{"rendered":"<p>Uma a\u00e7\u00e3o popular ajuizada pelo vereador C\u00e9zar Bombeiro (PSD) na Vara de Direitos Difusos e Coletivos pede a concess\u00e3o de [&hellip;]<\/p>\n","protected":false},"author":0,"featured_media":0,"comment_status":"open","ping_status":"open","sticky":false,"template":"","format":"standard","meta":{"site-sidebar-layout":"default","site-content-layout":"","ast-site-content-layout":"default","site-content-style":"default","site-sidebar-style":"default","ast-global-header-display":"","ast-banner-title-visibility":"","ast-main-header-display":"","ast-hfb-above-header-display":"","ast-hfb-below-header-display":"","ast-hfb-mobile-header-display":"","site-post-title":"","ast-breadcrumbs-content":"","ast-featured-img":"","footer-sml-layout":"","ast-disable-related-posts":"","theme-transparent-header-meta":"","adv-header-id-meta":"","stick-header-meta":"","header-above-stick-meta":"","header-main-stick-meta":"","header-below-stick-meta":"","astra-migrate-meta-layouts":"default","ast-page-background-enabled":"default","ast-page-background-meta":{"desktop":{"background-color":"var(--ast-global-color-5)","background-image":"","background-repeat":"repeat","background-position":"center center","background-size":"auto","background-attachment":"scroll","background-type":"","background-media":"","overlay-type":"","overlay-color":"","overlay-opacity":"","overlay-gradient":""},"tablet":{"background-color":"","background-image":"","background-repeat":"repeat","background-position":"center center","background-size":"auto","background-attachment":"scroll","background-type":"","background-media":"","overlay-type":"","overlay-color":"","overlay-opacity":"","overlay-gradient":""},"mobile":{"background-color":"","background-image":"","background-repeat":"repeat","background-position":"center center","background-size":"auto","background-attachment":"scroll","background-type":"","background-media":"","overlay-type":"","overlay-color":"","overlay-opacity":"","overlay-gradient":""}},"ast-content-background-meta":{"desktop":{"background-color":"var(--ast-global-color-4)","background-image":"","background-repeat":"repeat","background-position":"center center","background-size":"auto","background-attachment":"scroll","background-type":"","background-media":"","overlay-type":"","overlay-color":"","overlay-opacity":"","overlay-gradient":""},"tablet":{"background-color":"var(--ast-global-color-4)","background-image":"","background-repeat":"repeat","background-position":"center center","background-size":"auto","background-attachment":"scroll","background-type":"","background-media":"","overlay-type":"","overlay-color":"","overlay-opacity":"","overlay-gradient":""},"mobile":{"background-color":"var(--ast-global-color-4)","background-image":"","background-repeat":"repeat","background-position":"center center","background-size":"auto","background-attachment":"scroll","background-type":"","background-media":"","overlay-type":"","overlay-color":"","overlay-opacity":"","overlay-gradient":""}},"footnotes":""},"categories":[1],"tags":[],"class_list":["post-62519","post","type-post","status-publish","format-standard","hentry","category-sem-categoria"],"yoast_head":"<!-- This site is optimized with the Yoast SEO plugin v26.6 - https:\/\/yoast.com\/wordpress\/plugins\/seo\/ -->\n<title>A\u00e7\u00e3o popular do vereador C\u00e9zar Bombeiro pede retomada da reforma da quadra do Jap\u00e3o, no bairro Liberdade - Daniel Matos<\/title>\n<meta name=\"robots\" content=\"index, follow, max-snippet:-1, max-image-preview:large, max-video-preview:-1\" \/>\n<link rel=\"canonical\" href=\"https:\/\/www.blogsoestado.com\/danielmatos\/acao-popular-do-vereador-cezar-bombeiro-pede-retomada-da-reforma-da-quadra-do-japao-no-bairro-liberdade\/\" \/>\n<meta property=\"og:locale\" content=\"pt_BR\" \/>\n<meta property=\"og:type\" content=\"article\" \/>\n<meta property=\"og:title\" content=\"A\u00e7\u00e3o popular do vereador C\u00e9zar Bombeiro pede retomada da reforma da quadra do Jap\u00e3o, no bairro Liberdade - Daniel Matos\" \/>\n<meta property=\"og:description\" content=\"Uma a\u00e7\u00e3o popular ajuizada pelo vereador C\u00e9zar Bombeiro (PSD) na Vara de Direitos Difusos e Coletivos pede a concess\u00e3o de [&hellip;]\" \/>\n<meta property=\"og:url\" content=\"https:\/\/www.blogsoestado.com\/danielmatos\/acao-popular-do-vereador-cezar-bombeiro-pede-retomada-da-reforma-da-quadra-do-japao-no-bairro-liberdade\/\" \/>\n<meta property=\"og:site_name\" content=\"Daniel Matos\" \/>\n<meta property=\"article:published_time\" content=\"2019-05-03T19:48:24+00:00\" \/>\n<meta property=\"og:image\" content=\"https:\/\/www.blogsoestado.com\/danielmatos\/files\/2019\/05\/quadra-japao-bombeiro-768x1024.jpg\" \/>\n<meta name=\"twitter:card\" content=\"summary_large_image\" \/>\n<meta name=\"twitter:label1\" content=\"Est. tempo de leitura\" \/>\n\t<meta name=\"twitter:data1\" content=\"1 minuto\" \/>\n<script type=\"application\/ld+json\" class=\"yoast-schema-graph\">{\"@context\":\"https:\/\/schema.org\",\"@graph\":[{\"@type\":\"WebPage\",\"@id\":\"https:\/\/www.blogsoestado.com\/danielmatos\/acao-popular-do-vereador-cezar-bombeiro-pede-retomada-da-reforma-da-quadra-do-japao-no-bairro-liberdade\/\",\"url\":\"https:\/\/www.blogsoestado.com\/danielmatos\/acao-popular-do-vereador-cezar-bombeiro-pede-retomada-da-reforma-da-quadra-do-japao-no-bairro-liberdade\/\",\"name\":\"A\u00e7\u00e3o popular do vereador C\u00e9zar Bombeiro pede retomada da reforma da quadra do Jap\u00e3o, no bairro Liberdade - Daniel Matos\",\"isPartOf\":{\"@id\":\"https:\/\/www.blogsoestado.com\/danielmatos\/#website\"},\"primaryImageOfPage\":{\"@id\":\"https:\/\/www.blogsoestado.com\/danielmatos\/acao-popular-do-vereador-cezar-bombeiro-pede-retomada-da-reforma-da-quadra-do-japao-no-bairro-liberdade\/#primaryimage\"},\"image\":{\"@id\":\"https:\/\/www.blogsoestado.com\/danielmatos\/acao-popular-do-vereador-cezar-bombeiro-pede-retomada-da-reforma-da-quadra-do-japao-no-bairro-liberdade\/#primaryimage\"},\"thumbnailUrl\":\"https:\/\/www.blogsoestado.com\/danielmatos\/files\/2019\/05\/quadra-japao-bombeiro-768x1024.jpg\",\"datePublished\":\"2019-05-03T19:48:24+00:00\",\"author\":{\"@id\":\"\"},\"breadcrumb\":{\"@id\":\"https:\/\/www.blogsoestado.com\/danielmatos\/acao-popular-do-vereador-cezar-bombeiro-pede-retomada-da-reforma-da-quadra-do-japao-no-bairro-liberdade\/#breadcrumb\"},\"inLanguage\":\"pt-BR\",\"potentialAction\":[{\"@type\":\"ReadAction\",\"target\":[\"https:\/\/www.blogsoestado.com\/danielmatos\/acao-popular-do-vereador-cezar-bombeiro-pede-retomada-da-reforma-da-quadra-do-japao-no-bairro-liberdade\/\"]}]},{\"@type\":\"ImageObject\",\"inLanguage\":\"pt-BR\",\"@id\":\"https:\/\/www.blogsoestado.com\/danielmatos\/acao-popular-do-vereador-cezar-bombeiro-pede-retomada-da-reforma-da-quadra-do-japao-no-bairro-liberdade\/#primaryimage\",\"url\":\"https:\/\/www.blogsoestado.com\/danielmatos\/files\/2019\/05\/quadra-japao-bombeiro-768x1024.jpg\",\"contentUrl\":\"https:\/\/www.blogsoestado.com\/danielmatos\/files\/2019\/05\/quadra-japao-bombeiro-768x1024.jpg\"},{\"@type\":\"BreadcrumbList\",\"@id\":\"https:\/\/www.blogsoestado.com\/danielmatos\/acao-popular-do-vereador-cezar-bombeiro-pede-retomada-da-reforma-da-quadra-do-japao-no-bairro-liberdade\/#breadcrumb\",\"itemListElement\":[{\"@type\":\"ListItem\",\"position\":1,\"name\":\"In\u00edcio\",\"item\":\"https:\/\/www.blogsoestado.com\/danielmatos\/\"},{\"@type\":\"ListItem\",\"position\":2,\"name\":\"A\u00e7\u00e3o popular do vereador C\u00e9zar Bombeiro pede retomada da reforma da quadra do Jap\u00e3o, no bairro Liberdade\"}]},{\"@type\":\"WebSite\",\"@id\":\"https:\/\/www.blogsoestado.com\/danielmatos\/#website\",\"url\":\"https:\/\/www.blogsoestado.com\/danielmatos\/\",\"name\":\"Daniel Matos\",\"description\":\"\",\"potentialAction\":[{\"@type\":\"SearchAction\",\"target\":{\"@type\":\"EntryPoint\",\"urlTemplate\":\"https:\/\/www.blogsoestado.com\/danielmatos\/?s={search_term_string}\"},\"query-input\":{\"@type\":\"PropertyValueSpecification\",\"valueRequired\":true,\"valueName\":\"search_term_string\"}}],\"inLanguage\":\"pt-BR\"}]}<\/script>\n<!-- \/ Yoast SEO plugin. -->","yoast_head_json":{"title":"A\u00e7\u00e3o popular do vereador C\u00e9zar Bombeiro pede retomada da reforma da quadra do Jap\u00e3o, no bairro Liberdade - Daniel Matos","robots":{"index":"index","follow":"follow","max-snippet":"max-snippet:-1","max-image-preview":"max-image-preview:large","max-video-preview":"max-video-preview:-1"},"canonical":"https:\/\/www.blogsoestado.com\/danielmatos\/acao-popular-do-vereador-cezar-bombeiro-pede-retomada-da-reforma-da-quadra-do-japao-no-bairro-liberdade\/","og_locale":"pt_BR","og_type":"article","og_title":"A\u00e7\u00e3o popular do vereador C\u00e9zar Bombeiro pede retomada da reforma da quadra do Jap\u00e3o, no bairro Liberdade - Daniel Matos","og_description":"Uma a\u00e7\u00e3o popular ajuizada pelo vereador C\u00e9zar Bombeiro (PSD) na Vara de Direitos Difusos e Coletivos pede a concess\u00e3o de [&hellip;]","og_url":"https:\/\/www.blogsoestado.com\/danielmatos\/acao-popular-do-vereador-cezar-bombeiro-pede-retomada-da-reforma-da-quadra-do-japao-no-bairro-liberdade\/","og_site_name":"Daniel Matos","article_published_time":"2019-05-03T19:48:24+00:00","og_image":[{"url":"https:\/\/www.blogsoestado.com\/danielmatos\/files\/2019\/05\/quadra-japao-bombeiro-768x1024.jpg","type":"","width":"","height":""}],"twitter_card":"summary_large_image","twitter_misc":{"Est. tempo de leitura":"1 minuto"},"schema":{"@context":"https:\/\/schema.org","@graph":[{"@type":"WebPage","@id":"https:\/\/www.blogsoestado.com\/danielmatos\/acao-popular-do-vereador-cezar-bombeiro-pede-retomada-da-reforma-da-quadra-do-japao-no-bairro-liberdade\/","url":"https:\/\/www.blogsoestado.com\/danielmatos\/acao-popular-do-vereador-cezar-bombeiro-pede-retomada-da-reforma-da-quadra-do-japao-no-bairro-liberdade\/","name":"A\u00e7\u00e3o popular do vereador C\u00e9zar Bombeiro pede retomada da reforma da quadra do Jap\u00e3o, no bairro Liberdade - Daniel Matos","isPartOf":{"@id":"https:\/\/www.blogsoestado.com\/danielmatos\/#website"},"primaryImageOfPage":{"@id":"https:\/\/www.blogsoestado.com\/danielmatos\/acao-popular-do-vereador-cezar-bombeiro-pede-retomada-da-reforma-da-quadra-do-japao-no-bairro-liberdade\/#primaryimage"},"image":{"@id":"https:\/\/www.blogsoestado.com\/danielmatos\/acao-popular-do-vereador-cezar-bombeiro-pede-retomada-da-reforma-da-quadra-do-japao-no-bairro-liberdade\/#primaryimage"},"thumbnailUrl":"https:\/\/www.blogsoestado.com\/danielmatos\/files\/2019\/05\/quadra-japao-bombeiro-768x1024.jpg","datePublished":"2019-05-03T19:48:24+00:00","author":{"@id":""},"breadcrumb":{"@id":"https:\/\/www.blogsoestado.com\/danielmatos\/acao-popular-do-vereador-cezar-bombeiro-pede-retomada-da-reforma-da-quadra-do-japao-no-bairro-liberdade\/#breadcrumb"},"inLanguage":"pt-BR","potentialAction":[{"@type":"ReadAction","target":["https:\/\/www.blogsoestado.com\/danielmatos\/acao-popular-do-vereador-cezar-bombeiro-pede-retomada-da-reforma-da-quadra-do-japao-no-bairro-liberdade\/"]}]},{"@type":"ImageObject","inLanguage":"pt-BR","@id":"https:\/\/www.blogsoestado.com\/danielmatos\/acao-popular-do-vereador-cezar-bombeiro-pede-retomada-da-reforma-da-quadra-do-japao-no-bairro-liberdade\/#primaryimage","url":"https:\/\/www.blogsoestado.com\/danielmatos\/files\/2019\/05\/quadra-japao-bombeiro-768x1024.jpg","contentUrl":"https:\/\/www.blogsoestado.com\/danielmatos\/files\/2019\/05\/quadra-japao-bombeiro-768x1024.jpg"},{"@type":"BreadcrumbList","@id":"https:\/\/www.blogsoestado.com\/danielmatos\/acao-popular-do-vereador-cezar-bombeiro-pede-retomada-da-reforma-da-quadra-do-japao-no-bairro-liberdade\/#breadcrumb","itemListElement":[{"@type":"ListItem","position":1,"name":"In\u00edcio","item":"https:\/\/www.blogsoestado.com\/danielmatos\/"},{"@type":"ListItem","position":2,"name":"A\u00e7\u00e3o popular do vereador C\u00e9zar Bombeiro pede retomada da reforma da quadra do Jap\u00e3o, no bairro Liberdade"}]},{"@type":"WebSite","@id":"https:\/\/www.blogsoestado.com\/danielmatos\/#website","url":"https:\/\/www.blogsoestado.com\/danielmatos\/","name":"Daniel Matos","description":"","potentialAction":[{"@type":"SearchAction","target":{"@type":"EntryPoint","urlTemplate":"https:\/\/www.blogsoestado.com\/danielmatos\/?s={search_term_string}"},"query-input":{"@type":"PropertyValueSpecification","valueRequired":true,"valueName":"search_term_string"}}],"inLanguage":"pt-BR"}]}},"jetpack_featured_media_url":"","_links":{"self":[{"href":"https:\/\/www.blogsoestado.com\/danielmatos\/wp-json\/wp\/v2\/posts\/62519","targetHints":{"allow":["GET"]}}],"collection":[{"href":"https:\/\/www.blogsoestado.com\/danielmatos\/wp-json\/wp\/v2\/posts"}],"about":[{"href":"https:\/\/www.blogsoestado.com\/danielmatos\/wp-json\/wp\/v2\/types\/post"}],"replies":[{"embeddable":true,"href":"https:\/\/www.blogsoestado.com\/danielmatos\/wp-json\/wp\/v2\/comments?post=62519"}],"version-history":[{"count":0,"href":"https:\/\/www.blogsoestado.com\/danielmatos\/wp-json\/wp\/v2\/posts\/62519\/revisions"}],"wp:attachment":[{"href":"https:\/\/www.blogsoestado.com\/danielmatos\/wp-json\/wp\/v2\/media?parent=62519"}],"wp:term":[{"taxonomy":"category","embeddable":true,"href":"https:\/\/www.blogsoestado.com\/danielmatos\/wp-json\/wp\/v2\/categories?post=62519"},{"taxonomy":"post_tag","embeddable":true,"href":"https:\/\/www.blogsoestado.com\/danielmatos\/wp-json\/wp\/v2\/tags?post=62519"}],"curies":[{"name":"wp","href":"https:\/\/api.w.org\/{rel}","templated":true}]}}