{"id":62542,"date":"2019-05-04T12:57:13","date_gmt":"2019-05-04T15:57:13","guid":{"rendered":"https:\/\/www.blogsoestado.com\/danielmatos\/?p=62542"},"modified":"2019-05-04T12:57:13","modified_gmt":"2019-05-04T15:57:13","slug":"idoso-suspeito-de-estupros-de-vulneraveis-e-preso-com-varias-calcinhas-de-criancas-e-adolescentes","status":"publish","type":"post","link":"https:\/\/www.blogsoestado.com\/danielmatos\/idoso-suspeito-de-estupros-de-vulneraveis-e-preso-com-varias-calcinhas-de-criancas-e-adolescentes\/","title":{"rendered":"Idoso suspeito de estupros de vulner\u00e1veis \u00e9 preso com v\u00e1rias calcinhas de crian\u00e7as e adolescentes"},"content":{"rendered":"\n<div class=\"wp-block-image\"><figure class=\"alignright\"><img decoding=\"async\" src=\"https:\/\/www.blogsoestado.com\/danielmatos\/files\/2019\/05\/IMG-20190504-WA0068.jpg\" alt=\"\" class=\"wp-image-62543\"\/><figcaption>O idoso preso e as calcinhas apreendidas com ele<\/figcaption><\/figure><\/div>\n\n\n\n<p>O idoso identificado como Ruy Tavares Queiroz, 65 anos, residente na Avenida Pedro Amorim, na cidade de Altamira, foi preso durante uma opera\u00e7\u00e3o de repress\u00e3o a crimes de pedofilia em Barra do Corda.<\/p>\n\n\n\n<p>Coordenada pelo delegado Renilto Ferreira, a opera\u00e7\u00e3o cumpriu mandados de busca e de pris\u00e3o. Al\u00e9m desse caso, h\u00e1 den\u00fancias de in\u00fameros outros crimes contra vulner\u00e1veis.<\/p>\n\n\n\n<p>Ruy Queiroz \u00e9 investigado por suspeita de estuprar uma adolescente de 14 anos. Ele praticaria atos de pedofilia e estupro de crian\u00e7as e adolescentes h\u00e1 bastante tempo, em Barra do Corda.<\/p>\n\n\n\n<p>Na casa do suspeito foram encontradas diversas roupas \u00edntimas de crian\u00e7as e de adolescentes, bem como brinquedos e objetos femininos. <\/p>\n\n\n\n<p>Isso confirma informa\u00e7\u00f5es prestadas por uma das v\u00edtimas do investigado de que, quando foi abusada sexualmente, observou que no quarto havia v\u00e1rias calcinhas de crian\u00e7as e adolescentes.<\/p>\n\n\n\n<p>A Pol\u00edcia Civil solicita que outras informa\u00e7\u00f5es de crimes praticados de estupro praticados por Ruy sejam passadas pelo whatsapp (99) 99230-7936.<\/p>\n\n\n\n<p>\u201cSua identidade ser\u00e1 mantida em sigilo e voc\u00ea estar\u00e1 colaborando para a corre\u00e7\u00e3o de anos de impunidade na pr\u00e1tica desses crimes t\u00e3o b\u00e1rbaros. Pedimos tamb\u00e9m que v\u00edtimas desse indiv\u00edduo fa\u00e7am esse contato diretamente comigo, delegado regiona, pelo n\u00famero acima.<\/p>\n\n\n\n<p>Sua atitude poder\u00e1 salvar outras crian\u00e7as e adolescentes de serem v\u00edtimas do mesmo crime\u201d, afirma o delegado Renilto Ferreira<\/p>\n\n\n\n<p>Gilberto Lima<\/p>\n","protected":false},"excerpt":{"rendered":"<p>O idoso identificado como Ruy Tavares Queiroz, 65 anos, residente na Avenida Pedro Amorim, na cidade de Altamira, foi preso [&hellip;]<\/p>\n","protected":false},"author":0,"featured_media":0,"comment_status":"open","ping_status":"open","sticky":false,"template":"","format":"standard","meta":{"site-sidebar-layout":"default","site-content-layout":"","ast-site-content-layout":"default","site-content-style":"default","site-sidebar-style":"default","ast-global-header-display":"","ast-banner-title-visibility":"","ast-main-header-display":"","ast-hfb-above-header-display":"","ast-hfb-below-header-display":"","ast-hfb-mobile-header-display":"","site-post-title":"","ast-breadcrumbs-content":"","ast-featured-img":"","footer-sml-layout":"","ast-disable-related-posts":"","theme-transparent-header-meta":"","adv-header-id-meta":"","stick-header-meta":"","header-above-stick-meta":"","header-main-stick-meta":"","header-below-stick-meta":"","astra-migrate-meta-layouts":"default","ast-page-background-enabled":"default","ast-page-background-meta":{"desktop":{"background-color":"var(--ast-global-color-5)","background-image":"","background-repeat":"repeat","background-position":"center center","background-size":"auto","background-attachment":"scroll","background-type":"","background-media":"","overlay-type":"","overlay-color":"","overlay-opacity":"","overlay-gradient":""},"tablet":{"background-color":"","background-image":"","background-repeat":"repeat","background-position":"center center","background-size":"auto","background-attachment":"scroll","background-type":"","background-media":"","overlay-type":"","overlay-color":"","overlay-opacity":"","overlay-gradient":""},"mobile":{"background-color":"","background-image":"","background-repeat":"repeat","background-position":"center center","background-size":"auto","background-attachment":"scroll","background-type":"","background-media":"","overlay-type":"","overlay-color":"","overlay-opacity":"","overlay-gradient":""}},"ast-content-background-meta":{"desktop":{"background-color":"var(--ast-global-color-4)","background-image":"","background-repeat":"repeat","background-position":"center center","background-size":"auto","background-attachment":"scroll","background-type":"","background-media":"","overlay-type":"","overlay-color":"","overlay-opacity":"","overlay-gradient":""},"tablet":{"background-color":"var(--ast-global-color-4)","background-image":"","background-repeat":"repeat","background-position":"center center","background-size":"auto","background-attachment":"scroll","background-type":"","background-media":"","overlay-type":"","overlay-color":"","overlay-opacity":"","overlay-gradient":""},"mobile":{"background-color":"var(--ast-global-color-4)","background-image":"","background-repeat":"repeat","background-position":"center center","background-size":"auto","background-attachment":"scroll","background-type":"","background-media":"","overlay-type":"","overlay-color":"","overlay-opacity":"","overlay-gradient":""}},"footnotes":""},"categories":[1],"tags":[],"class_list":["post-62542","post","type-post","status-publish","format-standard","hentry","category-sem-categoria"],"yoast_head":"<!-- This site is optimized with the Yoast SEO plugin v26.6 - https:\/\/yoast.com\/wordpress\/plugins\/seo\/ -->\n<title>Idoso suspeito de estupros de vulner\u00e1veis \u00e9 preso com v\u00e1rias calcinhas de crian\u00e7as e adolescentes - Daniel Matos<\/title>\n<meta name=\"robots\" content=\"index, follow, max-snippet:-1, max-image-preview:large, max-video-preview:-1\" \/>\n<link rel=\"canonical\" href=\"https:\/\/www.blogsoestado.com\/danielmatos\/idoso-suspeito-de-estupros-de-vulneraveis-e-preso-com-varias-calcinhas-de-criancas-e-adolescentes\/\" \/>\n<meta property=\"og:locale\" content=\"pt_BR\" \/>\n<meta property=\"og:type\" content=\"article\" \/>\n<meta property=\"og:title\" content=\"Idoso suspeito de estupros de vulner\u00e1veis \u00e9 preso com v\u00e1rias calcinhas de crian\u00e7as e adolescentes - Daniel Matos\" \/>\n<meta property=\"og:description\" content=\"O idoso identificado como Ruy Tavares Queiroz, 65 anos, residente na Avenida Pedro Amorim, na cidade de Altamira, foi preso [&hellip;]\" \/>\n<meta property=\"og:url\" content=\"https:\/\/www.blogsoestado.com\/danielmatos\/idoso-suspeito-de-estupros-de-vulneraveis-e-preso-com-varias-calcinhas-de-criancas-e-adolescentes\/\" \/>\n<meta property=\"og:site_name\" content=\"Daniel Matos\" \/>\n<meta property=\"article:published_time\" content=\"2019-05-04T15:57:13+00:00\" \/>\n<meta property=\"og:image\" content=\"https:\/\/www.blogsoestado.com\/danielmatos\/files\/2019\/05\/IMG-20190504-WA0068.jpg\" \/>\n<meta name=\"twitter:card\" content=\"summary_large_image\" \/>\n<meta name=\"twitter:label1\" content=\"Est. tempo de leitura\" \/>\n\t<meta name=\"twitter:data1\" content=\"1 minuto\" \/>\n<script type=\"application\/ld+json\" class=\"yoast-schema-graph\">{\"@context\":\"https:\/\/schema.org\",\"@graph\":[{\"@type\":\"WebPage\",\"@id\":\"https:\/\/www.blogsoestado.com\/danielmatos\/idoso-suspeito-de-estupros-de-vulneraveis-e-preso-com-varias-calcinhas-de-criancas-e-adolescentes\/\",\"url\":\"https:\/\/www.blogsoestado.com\/danielmatos\/idoso-suspeito-de-estupros-de-vulneraveis-e-preso-com-varias-calcinhas-de-criancas-e-adolescentes\/\",\"name\":\"Idoso suspeito de estupros de vulner\u00e1veis \u00e9 preso com v\u00e1rias calcinhas de crian\u00e7as e adolescentes - Daniel Matos\",\"isPartOf\":{\"@id\":\"https:\/\/www.blogsoestado.com\/danielmatos\/#website\"},\"primaryImageOfPage\":{\"@id\":\"https:\/\/www.blogsoestado.com\/danielmatos\/idoso-suspeito-de-estupros-de-vulneraveis-e-preso-com-varias-calcinhas-de-criancas-e-adolescentes\/#primaryimage\"},\"image\":{\"@id\":\"https:\/\/www.blogsoestado.com\/danielmatos\/idoso-suspeito-de-estupros-de-vulneraveis-e-preso-com-varias-calcinhas-de-criancas-e-adolescentes\/#primaryimage\"},\"thumbnailUrl\":\"https:\/\/www.blogsoestado.com\/danielmatos\/files\/2019\/05\/IMG-20190504-WA0068.jpg\",\"datePublished\":\"2019-05-04T15:57:13+00:00\",\"author\":{\"@id\":\"\"},\"breadcrumb\":{\"@id\":\"https:\/\/www.blogsoestado.com\/danielmatos\/idoso-suspeito-de-estupros-de-vulneraveis-e-preso-com-varias-calcinhas-de-criancas-e-adolescentes\/#breadcrumb\"},\"inLanguage\":\"pt-BR\",\"potentialAction\":[{\"@type\":\"ReadAction\",\"target\":[\"https:\/\/www.blogsoestado.com\/danielmatos\/idoso-suspeito-de-estupros-de-vulneraveis-e-preso-com-varias-calcinhas-de-criancas-e-adolescentes\/\"]}]},{\"@type\":\"ImageObject\",\"inLanguage\":\"pt-BR\",\"@id\":\"https:\/\/www.blogsoestado.com\/danielmatos\/idoso-suspeito-de-estupros-de-vulneraveis-e-preso-com-varias-calcinhas-de-criancas-e-adolescentes\/#primaryimage\",\"url\":\"https:\/\/www.blogsoestado.com\/danielmatos\/files\/2019\/05\/IMG-20190504-WA0068.jpg\",\"contentUrl\":\"https:\/\/www.blogsoestado.com\/danielmatos\/files\/2019\/05\/IMG-20190504-WA0068.jpg\"},{\"@type\":\"BreadcrumbList\",\"@id\":\"https:\/\/www.blogsoestado.com\/danielmatos\/idoso-suspeito-de-estupros-de-vulneraveis-e-preso-com-varias-calcinhas-de-criancas-e-adolescentes\/#breadcrumb\",\"itemListElement\":[{\"@type\":\"ListItem\",\"position\":1,\"name\":\"In\u00edcio\",\"item\":\"https:\/\/www.blogsoestado.com\/danielmatos\/\"},{\"@type\":\"ListItem\",\"position\":2,\"name\":\"Idoso suspeito de estupros de vulner\u00e1veis \u00e9 preso com v\u00e1rias calcinhas de crian\u00e7as e adolescentes\"}]},{\"@type\":\"WebSite\",\"@id\":\"https:\/\/www.blogsoestado.com\/danielmatos\/#website\",\"url\":\"https:\/\/www.blogsoestado.com\/danielmatos\/\",\"name\":\"Daniel Matos\",\"description\":\"\",\"potentialAction\":[{\"@type\":\"SearchAction\",\"target\":{\"@type\":\"EntryPoint\",\"urlTemplate\":\"https:\/\/www.blogsoestado.com\/danielmatos\/?s={search_term_string}\"},\"query-input\":{\"@type\":\"PropertyValueSpecification\",\"valueRequired\":true,\"valueName\":\"search_term_string\"}}],\"inLanguage\":\"pt-BR\"}]}<\/script>\n<!-- \/ Yoast SEO plugin. -->","yoast_head_json":{"title":"Idoso suspeito de estupros de vulner\u00e1veis \u00e9 preso com v\u00e1rias calcinhas de crian\u00e7as e adolescentes - Daniel Matos","robots":{"index":"index","follow":"follow","max-snippet":"max-snippet:-1","max-image-preview":"max-image-preview:large","max-video-preview":"max-video-preview:-1"},"canonical":"https:\/\/www.blogsoestado.com\/danielmatos\/idoso-suspeito-de-estupros-de-vulneraveis-e-preso-com-varias-calcinhas-de-criancas-e-adolescentes\/","og_locale":"pt_BR","og_type":"article","og_title":"Idoso suspeito de estupros de vulner\u00e1veis \u00e9 preso com v\u00e1rias calcinhas de crian\u00e7as e adolescentes - Daniel Matos","og_description":"O idoso identificado como Ruy Tavares Queiroz, 65 anos, residente na Avenida Pedro Amorim, na cidade de Altamira, foi preso [&hellip;]","og_url":"https:\/\/www.blogsoestado.com\/danielmatos\/idoso-suspeito-de-estupros-de-vulneraveis-e-preso-com-varias-calcinhas-de-criancas-e-adolescentes\/","og_site_name":"Daniel Matos","article_published_time":"2019-05-04T15:57:13+00:00","og_image":[{"url":"https:\/\/www.blogsoestado.com\/danielmatos\/files\/2019\/05\/IMG-20190504-WA0068.jpg","type":"","width":"","height":""}],"twitter_card":"summary_large_image","twitter_misc":{"Est. tempo de leitura":"1 minuto"},"schema":{"@context":"https:\/\/schema.org","@graph":[{"@type":"WebPage","@id":"https:\/\/www.blogsoestado.com\/danielmatos\/idoso-suspeito-de-estupros-de-vulneraveis-e-preso-com-varias-calcinhas-de-criancas-e-adolescentes\/","url":"https:\/\/www.blogsoestado.com\/danielmatos\/idoso-suspeito-de-estupros-de-vulneraveis-e-preso-com-varias-calcinhas-de-criancas-e-adolescentes\/","name":"Idoso suspeito de estupros de vulner\u00e1veis \u00e9 preso com v\u00e1rias calcinhas de crian\u00e7as e adolescentes - Daniel Matos","isPartOf":{"@id":"https:\/\/www.blogsoestado.com\/danielmatos\/#website"},"primaryImageOfPage":{"@id":"https:\/\/www.blogsoestado.com\/danielmatos\/idoso-suspeito-de-estupros-de-vulneraveis-e-preso-com-varias-calcinhas-de-criancas-e-adolescentes\/#primaryimage"},"image":{"@id":"https:\/\/www.blogsoestado.com\/danielmatos\/idoso-suspeito-de-estupros-de-vulneraveis-e-preso-com-varias-calcinhas-de-criancas-e-adolescentes\/#primaryimage"},"thumbnailUrl":"https:\/\/www.blogsoestado.com\/danielmatos\/files\/2019\/05\/IMG-20190504-WA0068.jpg","datePublished":"2019-05-04T15:57:13+00:00","author":{"@id":""},"breadcrumb":{"@id":"https:\/\/www.blogsoestado.com\/danielmatos\/idoso-suspeito-de-estupros-de-vulneraveis-e-preso-com-varias-calcinhas-de-criancas-e-adolescentes\/#breadcrumb"},"inLanguage":"pt-BR","potentialAction":[{"@type":"ReadAction","target":["https:\/\/www.blogsoestado.com\/danielmatos\/idoso-suspeito-de-estupros-de-vulneraveis-e-preso-com-varias-calcinhas-de-criancas-e-adolescentes\/"]}]},{"@type":"ImageObject","inLanguage":"pt-BR","@id":"https:\/\/www.blogsoestado.com\/danielmatos\/idoso-suspeito-de-estupros-de-vulneraveis-e-preso-com-varias-calcinhas-de-criancas-e-adolescentes\/#primaryimage","url":"https:\/\/www.blogsoestado.com\/danielmatos\/files\/2019\/05\/IMG-20190504-WA0068.jpg","contentUrl":"https:\/\/www.blogsoestado.com\/danielmatos\/files\/2019\/05\/IMG-20190504-WA0068.jpg"},{"@type":"BreadcrumbList","@id":"https:\/\/www.blogsoestado.com\/danielmatos\/idoso-suspeito-de-estupros-de-vulneraveis-e-preso-com-varias-calcinhas-de-criancas-e-adolescentes\/#breadcrumb","itemListElement":[{"@type":"ListItem","position":1,"name":"In\u00edcio","item":"https:\/\/www.blogsoestado.com\/danielmatos\/"},{"@type":"ListItem","position":2,"name":"Idoso suspeito de estupros de vulner\u00e1veis \u00e9 preso com v\u00e1rias calcinhas de crian\u00e7as e adolescentes"}]},{"@type":"WebSite","@id":"https:\/\/www.blogsoestado.com\/danielmatos\/#website","url":"https:\/\/www.blogsoestado.com\/danielmatos\/","name":"Daniel Matos","description":"","potentialAction":[{"@type":"SearchAction","target":{"@type":"EntryPoint","urlTemplate":"https:\/\/www.blogsoestado.com\/danielmatos\/?s={search_term_string}"},"query-input":{"@type":"PropertyValueSpecification","valueRequired":true,"valueName":"search_term_string"}}],"inLanguage":"pt-BR"}]}},"jetpack_featured_media_url":"","_links":{"self":[{"href":"https:\/\/www.blogsoestado.com\/danielmatos\/wp-json\/wp\/v2\/posts\/62542","targetHints":{"allow":["GET"]}}],"collection":[{"href":"https:\/\/www.blogsoestado.com\/danielmatos\/wp-json\/wp\/v2\/posts"}],"about":[{"href":"https:\/\/www.blogsoestado.com\/danielmatos\/wp-json\/wp\/v2\/types\/post"}],"replies":[{"embeddable":true,"href":"https:\/\/www.blogsoestado.com\/danielmatos\/wp-json\/wp\/v2\/comments?post=62542"}],"version-history":[{"count":0,"href":"https:\/\/www.blogsoestado.com\/danielmatos\/wp-json\/wp\/v2\/posts\/62542\/revisions"}],"wp:attachment":[{"href":"https:\/\/www.blogsoestado.com\/danielmatos\/wp-json\/wp\/v2\/media?parent=62542"}],"wp:term":[{"taxonomy":"category","embeddable":true,"href":"https:\/\/www.blogsoestado.com\/danielmatos\/wp-json\/wp\/v2\/categories?post=62542"},{"taxonomy":"post_tag","embeddable":true,"href":"https:\/\/www.blogsoestado.com\/danielmatos\/wp-json\/wp\/v2\/tags?post=62542"}],"curies":[{"name":"wp","href":"https:\/\/api.w.org\/{rel}","templated":true}]}}