{"id":62561,"date":"2019-05-06T11:48:43","date_gmt":"2019-05-06T14:48:43","guid":{"rendered":"https:\/\/www.blogsoestado.com\/danielmatos\/?p=62561"},"modified":"2019-05-06T11:48:43","modified_gmt":"2019-05-06T14:48:43","slug":"livro-de-fotografias-nossa-sao-luis-a-venda-nas-livrarias-amei-themis-e-vozes","status":"publish","type":"post","link":"https:\/\/www.blogsoestado.com\/danielmatos\/livro-de-fotografias-nossa-sao-luis-a-venda-nas-livrarias-amei-themis-e-vozes\/","title":{"rendered":"Livro de fotografias &#8220;Nossa S\u00e3o Lu\u00eds&#8221; \u00e0 venda nas livrarias Amei, Themis e Vozes"},"content":{"rendered":"\n<div class=\"wp-block-image\"><figure class=\"aligncenter\"><img decoding=\"async\" src=\"https:\/\/www.blogsoestado.com\/danielmatos\/files\/2018\/08\/livro-nossa-sao-lu\u00eds.jpg\" alt=\"\" class=\"wp-image-54161\"\/><figcaption>Imagem da S\u00e3o Lu\u00eds antiga, que ilustra o livro fotogr\u00e1fico de Brawny Meireles<\/figcaption><\/figure><\/div>\n\n\n\n<p>Continua \u00e0 venda o livro de fotografias &#8220;Nossa S\u00e3o Lu\u00eds&#8221;, que cont\u00e9m imagens dos principais cart\u00f5es postais da capital maranhense captadas com rara sensibilidade pelo renomado fot\u00f3grafo maranhense Brawny Meireles. A obra est\u00e1 dispon\u00edvel na livraria da Associa\u00e7\u00e3o Maranhense de Escritores Independentes (Amei), Themis (Monumental Shopping) e Vozes (Rua do Sol).<\/p>\n\n\n\n<p>Al\u00e9m de belas imagens da quadricenten\u00e1ria capital S\u00e3o Lu\u00eds, com sua arquitetura patrim\u00f4nio do mundo, o livro-\u00e1lbum &#8220;Nossa S\u00e3o Lu\u00eds&#8221; contempla tamb\u00e9m a cidade nova, destacando ainda a rica cultura popular e um pouco do jeito maranhense de ser.<\/p>\n\n\n\n<p>A obra &#8220;Nossa S\u00e3o Lu\u00eds&#8221;, que conta com apoio cultural do Grupo Mirante, \u00e9 uma publica\u00e7\u00e3o j\u00e1 consagrada, em sua terceira edi\u00e7\u00e3o, dirigida \u00e0 valoriza\u00e7\u00e3o, divulga\u00e7\u00e3o, colabora\u00e7\u00e3o \u00e0 pesquisa e preserva\u00e7\u00e3o da mem\u00f3ria visual da capital maranhense.<\/p>\n\n\n\n<figure class=\"wp-block-image\"><img decoding=\"async\" src=\"https:\/\/www.blogsoestado.com\/danielmatos\/files\/2018\/08\/nossa-sao-luis.jpg\" alt=\"\" class=\"wp-image-54162\"\/><figcaption>Fot\u00f3grafo Brawny Meireles retratou com maestria a regi\u00e3o da capital chamada de cidade nova<\/figcaption><\/figure>\n\n\n\n<p>Segundo o fot\u00f3grafo-autor Brawny Meireles, recordista em vendas de publica\u00e7\u00f5es fotogr\u00e1ficas no Maranh\u00e3o, &#8220;Nossa S\u00e3o Lu\u00eds&#8221; faz parte de uma s\u00e9rie de publica\u00e7\u00f5es tem\u00e1ticas do Maranh\u00e3o, planejadas pela Associa\u00e7\u00e3o Maranhense de Fotografia (Amaphoto), algumas j\u00e1 lan\u00e7adas desde 2009, visando atender uma demanda crescente por obras desse g\u00eanero art\u00edstico-cultural, que valorizam o patrim\u00f4nio e a cultura local. <\/p>\n\n\n\n<p>\u201cO livro &#8216;Nossa S\u00e3o Lu\u00eds&#8217;, por exemplo, \u00e9 uma obra que agrada \u00e0 todos, principalmente, por dignificar a cidade apresentando seus melhores \u00e2ngulos e as pessoas, de maneira afetuosa e singular\u201d, ressalta.<\/p>\n\n\n\n<p><strong>Assista ao v\u00eddeo:<\/strong><\/p>\n\n\n\n<figure class=\"wp-block-embed-youtube wp-block-embed is-type-video is-provider-youtube wp-embed-aspect-16-9 wp-has-aspect-ratio\"><div class=\"wp-block-embed__wrapper\">\n<iframe title=\"Livro Nossa S\u00e3o Lu\u00eds dispon\u00edvel no Grupo Mateus\" width=\"500\" height=\"281\" src=\"https:\/\/www.youtube.com\/embed\/Ew9qj33iF-I?feature=oembed\" frameborder=\"0\" allow=\"accelerometer; autoplay; clipboard-write; encrypted-media; gyroscope; picture-in-picture; web-share\" referrerpolicy=\"strict-origin-when-cross-origin\" allowfullscreen><\/iframe>\n<\/div><\/figure>\n\n\n\n<p> <\/p>\n","protected":false},"excerpt":{"rendered":"<p>Continua \u00e0 venda o livro de fotografias &#8220;Nossa S\u00e3o Lu\u00eds&#8221;, que cont\u00e9m imagens dos principais cart\u00f5es postais da capital maranhense [&hellip;]<\/p>\n","protected":false},"author":0,"featured_media":0,"comment_status":"open","ping_status":"open","sticky":false,"template":"","format":"standard","meta":{"site-sidebar-layout":"default","site-content-layout":"","ast-site-content-layout":"default","site-content-style":"default","site-sidebar-style":"default","ast-global-header-display":"","ast-banner-title-visibility":"","ast-main-header-display":"","ast-hfb-above-header-display":"","ast-hfb-below-header-display":"","ast-hfb-mobile-header-display":"","site-post-title":"","ast-breadcrumbs-content":"","ast-featured-img":"","footer-sml-layout":"","ast-disable-related-posts":"","theme-transparent-header-meta":"","adv-header-id-meta":"","stick-header-meta":"","header-above-stick-meta":"","header-main-stick-meta":"","header-below-stick-meta":"","astra-migrate-meta-layouts":"default","ast-page-background-enabled":"default","ast-page-background-meta":{"desktop":{"background-color":"var(--ast-global-color-5)","background-image":"","background-repeat":"repeat","background-position":"center center","background-size":"auto","background-attachment":"scroll","background-type":"","background-media":"","overlay-type":"","overlay-color":"","overlay-opacity":"","overlay-gradient":""},"tablet":{"background-color":"","background-image":"","background-repeat":"repeat","background-position":"center center","background-size":"auto","background-attachment":"scroll","background-type":"","background-media":"","overlay-type":"","overlay-color":"","overlay-opacity":"","overlay-gradient":""},"mobile":{"background-color":"","background-image":"","background-repeat":"repeat","background-position":"center center","background-size":"auto","background-attachment":"scroll","background-type":"","background-media":"","overlay-type":"","overlay-color":"","overlay-opacity":"","overlay-gradient":""}},"ast-content-background-meta":{"desktop":{"background-color":"var(--ast-global-color-4)","background-image":"","background-repeat":"repeat","background-position":"center center","background-size":"auto","background-attachment":"scroll","background-type":"","background-media":"","overlay-type":"","overlay-color":"","overlay-opacity":"","overlay-gradient":""},"tablet":{"background-color":"var(--ast-global-color-4)","background-image":"","background-repeat":"repeat","background-position":"center center","background-size":"auto","background-attachment":"scroll","background-type":"","background-media":"","overlay-type":"","overlay-color":"","overlay-opacity":"","overlay-gradient":""},"mobile":{"background-color":"var(--ast-global-color-4)","background-image":"","background-repeat":"repeat","background-position":"center center","background-size":"auto","background-attachment":"scroll","background-type":"","background-media":"","overlay-type":"","overlay-color":"","overlay-opacity":"","overlay-gradient":""}},"footnotes":""},"categories":[1],"tags":[],"class_list":["post-62561","post","type-post","status-publish","format-standard","hentry","category-sem-categoria"],"yoast_head":"<!-- This site is optimized with the Yoast SEO plugin v26.6 - https:\/\/yoast.com\/wordpress\/plugins\/seo\/ -->\n<title>Livro de fotografias &quot;Nossa S\u00e3o Lu\u00eds&quot; \u00e0 venda nas livrarias Amei, Themis e Vozes - Daniel Matos<\/title>\n<meta name=\"robots\" content=\"index, follow, max-snippet:-1, max-image-preview:large, max-video-preview:-1\" \/>\n<link rel=\"canonical\" href=\"https:\/\/www.blogsoestado.com\/danielmatos\/livro-de-fotografias-nossa-sao-luis-a-venda-nas-livrarias-amei-themis-e-vozes\/\" \/>\n<meta property=\"og:locale\" content=\"pt_BR\" \/>\n<meta property=\"og:type\" content=\"article\" \/>\n<meta property=\"og:title\" content=\"Livro de fotografias &quot;Nossa S\u00e3o Lu\u00eds&quot; \u00e0 venda nas livrarias Amei, Themis e Vozes - Daniel Matos\" \/>\n<meta property=\"og:description\" content=\"Continua \u00e0 venda o livro de fotografias &#8220;Nossa S\u00e3o Lu\u00eds&#8221;, que cont\u00e9m imagens dos principais cart\u00f5es postais da capital maranhense [&hellip;]\" \/>\n<meta property=\"og:url\" content=\"https:\/\/www.blogsoestado.com\/danielmatos\/livro-de-fotografias-nossa-sao-luis-a-venda-nas-livrarias-amei-themis-e-vozes\/\" \/>\n<meta property=\"og:site_name\" content=\"Daniel Matos\" \/>\n<meta property=\"article:published_time\" content=\"2019-05-06T14:48:43+00:00\" \/>\n<meta property=\"og:image\" content=\"https:\/\/www.blogsoestado.com\/danielmatos\/files\/2018\/08\/nossa-sao-luis.jpg\" \/>\n<meta name=\"twitter:card\" content=\"summary_large_image\" \/>\n<meta name=\"twitter:label1\" content=\"Est. tempo de leitura\" \/>\n\t<meta name=\"twitter:data1\" content=\"1 minuto\" \/>\n<script type=\"application\/ld+json\" class=\"yoast-schema-graph\">{\"@context\":\"https:\/\/schema.org\",\"@graph\":[{\"@type\":\"WebPage\",\"@id\":\"https:\/\/www.blogsoestado.com\/danielmatos\/livro-de-fotografias-nossa-sao-luis-a-venda-nas-livrarias-amei-themis-e-vozes\/\",\"url\":\"https:\/\/www.blogsoestado.com\/danielmatos\/livro-de-fotografias-nossa-sao-luis-a-venda-nas-livrarias-amei-themis-e-vozes\/\",\"name\":\"Livro de fotografias \\\"Nossa S\u00e3o Lu\u00eds\\\" \u00e0 venda nas livrarias Amei, Themis e Vozes - Daniel Matos\",\"isPartOf\":{\"@id\":\"https:\/\/www.blogsoestado.com\/danielmatos\/#website\"},\"primaryImageOfPage\":{\"@id\":\"https:\/\/www.blogsoestado.com\/danielmatos\/livro-de-fotografias-nossa-sao-luis-a-venda-nas-livrarias-amei-themis-e-vozes\/#primaryimage\"},\"image\":{\"@id\":\"https:\/\/www.blogsoestado.com\/danielmatos\/livro-de-fotografias-nossa-sao-luis-a-venda-nas-livrarias-amei-themis-e-vozes\/#primaryimage\"},\"thumbnailUrl\":\"https:\/\/www.blogsoestado.com\/danielmatos\/files\/2018\/08\/nossa-sao-luis.jpg\",\"datePublished\":\"2019-05-06T14:48:43+00:00\",\"author\":{\"@id\":\"\"},\"breadcrumb\":{\"@id\":\"https:\/\/www.blogsoestado.com\/danielmatos\/livro-de-fotografias-nossa-sao-luis-a-venda-nas-livrarias-amei-themis-e-vozes\/#breadcrumb\"},\"inLanguage\":\"pt-BR\",\"potentialAction\":[{\"@type\":\"ReadAction\",\"target\":[\"https:\/\/www.blogsoestado.com\/danielmatos\/livro-de-fotografias-nossa-sao-luis-a-venda-nas-livrarias-amei-themis-e-vozes\/\"]}]},{\"@type\":\"ImageObject\",\"inLanguage\":\"pt-BR\",\"@id\":\"https:\/\/www.blogsoestado.com\/danielmatos\/livro-de-fotografias-nossa-sao-luis-a-venda-nas-livrarias-amei-themis-e-vozes\/#primaryimage\",\"url\":\"https:\/\/www.blogsoestado.com\/danielmatos\/files\/2018\/08\/nossa-sao-luis.jpg\",\"contentUrl\":\"https:\/\/www.blogsoestado.com\/danielmatos\/files\/2018\/08\/nossa-sao-luis.jpg\"},{\"@type\":\"BreadcrumbList\",\"@id\":\"https:\/\/www.blogsoestado.com\/danielmatos\/livro-de-fotografias-nossa-sao-luis-a-venda-nas-livrarias-amei-themis-e-vozes\/#breadcrumb\",\"itemListElement\":[{\"@type\":\"ListItem\",\"position\":1,\"name\":\"In\u00edcio\",\"item\":\"https:\/\/www.blogsoestado.com\/danielmatos\/\"},{\"@type\":\"ListItem\",\"position\":2,\"name\":\"Livro de fotografias &#8220;Nossa S\u00e3o Lu\u00eds&#8221; \u00e0 venda nas livrarias Amei, Themis e Vozes\"}]},{\"@type\":\"WebSite\",\"@id\":\"https:\/\/www.blogsoestado.com\/danielmatos\/#website\",\"url\":\"https:\/\/www.blogsoestado.com\/danielmatos\/\",\"name\":\"Daniel Matos\",\"description\":\"\",\"potentialAction\":[{\"@type\":\"SearchAction\",\"target\":{\"@type\":\"EntryPoint\",\"urlTemplate\":\"https:\/\/www.blogsoestado.com\/danielmatos\/?s={search_term_string}\"},\"query-input\":{\"@type\":\"PropertyValueSpecification\",\"valueRequired\":true,\"valueName\":\"search_term_string\"}}],\"inLanguage\":\"pt-BR\"}]}<\/script>\n<!-- \/ Yoast SEO plugin. -->","yoast_head_json":{"title":"Livro de fotografias \"Nossa S\u00e3o Lu\u00eds\" \u00e0 venda nas livrarias Amei, Themis e Vozes - Daniel Matos","robots":{"index":"index","follow":"follow","max-snippet":"max-snippet:-1","max-image-preview":"max-image-preview:large","max-video-preview":"max-video-preview:-1"},"canonical":"https:\/\/www.blogsoestado.com\/danielmatos\/livro-de-fotografias-nossa-sao-luis-a-venda-nas-livrarias-amei-themis-e-vozes\/","og_locale":"pt_BR","og_type":"article","og_title":"Livro de fotografias \"Nossa S\u00e3o Lu\u00eds\" \u00e0 venda nas livrarias Amei, Themis e Vozes - Daniel Matos","og_description":"Continua \u00e0 venda o livro de fotografias &#8220;Nossa S\u00e3o Lu\u00eds&#8221;, que cont\u00e9m imagens dos principais cart\u00f5es postais da capital maranhense [&hellip;]","og_url":"https:\/\/www.blogsoestado.com\/danielmatos\/livro-de-fotografias-nossa-sao-luis-a-venda-nas-livrarias-amei-themis-e-vozes\/","og_site_name":"Daniel Matos","article_published_time":"2019-05-06T14:48:43+00:00","og_image":[{"url":"https:\/\/www.blogsoestado.com\/danielmatos\/files\/2018\/08\/nossa-sao-luis.jpg","type":"","width":"","height":""}],"twitter_card":"summary_large_image","twitter_misc":{"Est. tempo de leitura":"1 minuto"},"schema":{"@context":"https:\/\/schema.org","@graph":[{"@type":"WebPage","@id":"https:\/\/www.blogsoestado.com\/danielmatos\/livro-de-fotografias-nossa-sao-luis-a-venda-nas-livrarias-amei-themis-e-vozes\/","url":"https:\/\/www.blogsoestado.com\/danielmatos\/livro-de-fotografias-nossa-sao-luis-a-venda-nas-livrarias-amei-themis-e-vozes\/","name":"Livro de fotografias \"Nossa S\u00e3o Lu\u00eds\" \u00e0 venda nas livrarias Amei, Themis e Vozes - Daniel Matos","isPartOf":{"@id":"https:\/\/www.blogsoestado.com\/danielmatos\/#website"},"primaryImageOfPage":{"@id":"https:\/\/www.blogsoestado.com\/danielmatos\/livro-de-fotografias-nossa-sao-luis-a-venda-nas-livrarias-amei-themis-e-vozes\/#primaryimage"},"image":{"@id":"https:\/\/www.blogsoestado.com\/danielmatos\/livro-de-fotografias-nossa-sao-luis-a-venda-nas-livrarias-amei-themis-e-vozes\/#primaryimage"},"thumbnailUrl":"https:\/\/www.blogsoestado.com\/danielmatos\/files\/2018\/08\/nossa-sao-luis.jpg","datePublished":"2019-05-06T14:48:43+00:00","author":{"@id":""},"breadcrumb":{"@id":"https:\/\/www.blogsoestado.com\/danielmatos\/livro-de-fotografias-nossa-sao-luis-a-venda-nas-livrarias-amei-themis-e-vozes\/#breadcrumb"},"inLanguage":"pt-BR","potentialAction":[{"@type":"ReadAction","target":["https:\/\/www.blogsoestado.com\/danielmatos\/livro-de-fotografias-nossa-sao-luis-a-venda-nas-livrarias-amei-themis-e-vozes\/"]}]},{"@type":"ImageObject","inLanguage":"pt-BR","@id":"https:\/\/www.blogsoestado.com\/danielmatos\/livro-de-fotografias-nossa-sao-luis-a-venda-nas-livrarias-amei-themis-e-vozes\/#primaryimage","url":"https:\/\/www.blogsoestado.com\/danielmatos\/files\/2018\/08\/nossa-sao-luis.jpg","contentUrl":"https:\/\/www.blogsoestado.com\/danielmatos\/files\/2018\/08\/nossa-sao-luis.jpg"},{"@type":"BreadcrumbList","@id":"https:\/\/www.blogsoestado.com\/danielmatos\/livro-de-fotografias-nossa-sao-luis-a-venda-nas-livrarias-amei-themis-e-vozes\/#breadcrumb","itemListElement":[{"@type":"ListItem","position":1,"name":"In\u00edcio","item":"https:\/\/www.blogsoestado.com\/danielmatos\/"},{"@type":"ListItem","position":2,"name":"Livro de fotografias &#8220;Nossa S\u00e3o Lu\u00eds&#8221; \u00e0 venda nas livrarias Amei, Themis e Vozes"}]},{"@type":"WebSite","@id":"https:\/\/www.blogsoestado.com\/danielmatos\/#website","url":"https:\/\/www.blogsoestado.com\/danielmatos\/","name":"Daniel Matos","description":"","potentialAction":[{"@type":"SearchAction","target":{"@type":"EntryPoint","urlTemplate":"https:\/\/www.blogsoestado.com\/danielmatos\/?s={search_term_string}"},"query-input":{"@type":"PropertyValueSpecification","valueRequired":true,"valueName":"search_term_string"}}],"inLanguage":"pt-BR"}]}},"jetpack_featured_media_url":"","_links":{"self":[{"href":"https:\/\/www.blogsoestado.com\/danielmatos\/wp-json\/wp\/v2\/posts\/62561","targetHints":{"allow":["GET"]}}],"collection":[{"href":"https:\/\/www.blogsoestado.com\/danielmatos\/wp-json\/wp\/v2\/posts"}],"about":[{"href":"https:\/\/www.blogsoestado.com\/danielmatos\/wp-json\/wp\/v2\/types\/post"}],"replies":[{"embeddable":true,"href":"https:\/\/www.blogsoestado.com\/danielmatos\/wp-json\/wp\/v2\/comments?post=62561"}],"version-history":[{"count":0,"href":"https:\/\/www.blogsoestado.com\/danielmatos\/wp-json\/wp\/v2\/posts\/62561\/revisions"}],"wp:attachment":[{"href":"https:\/\/www.blogsoestado.com\/danielmatos\/wp-json\/wp\/v2\/media?parent=62561"}],"wp:term":[{"taxonomy":"category","embeddable":true,"href":"https:\/\/www.blogsoestado.com\/danielmatos\/wp-json\/wp\/v2\/categories?post=62561"},{"taxonomy":"post_tag","embeddable":true,"href":"https:\/\/www.blogsoestado.com\/danielmatos\/wp-json\/wp\/v2\/tags?post=62561"}],"curies":[{"name":"wp","href":"https:\/\/api.w.org\/{rel}","templated":true}]}}