{"id":62567,"date":"2019-05-06T13:08:37","date_gmt":"2019-05-06T16:08:37","guid":{"rendered":"https:\/\/www.blogsoestado.com\/danielmatos\/?p=62567"},"modified":"2019-05-06T13:08:37","modified_gmt":"2019-05-06T16:08:37","slug":"eleicao-na-ufma-natalino-salgado-registra-candidatura-e-mostra-forca","status":"publish","type":"post","link":"https:\/\/www.blogsoestado.com\/danielmatos\/eleicao-na-ufma-natalino-salgado-registra-candidatura-e-mostra-forca\/","title":{"rendered":"Elei\u00e7\u00e3o na UFMA: Natalino Salgado registra candidatura e mostra for\u00e7a"},"content":{"rendered":"\n<p><br><\/p>\n\n\n\n<div class=\"wp-block-image\"><figure class=\"aligncenter\"><img decoding=\"async\" src=\"https:\/\/www.blogsoestado.com\/danielmatos\/files\/2019\/05\/natalino-chapa-1024x768.jpg\" alt=\"\" class=\"wp-image-62568\"\/><figcaption>Natalino Salgado com seu grupo numeroso de apoiadores no ato de registro da candidatura<\/figcaption><\/figure><\/div>\n\n\n\n<p><br>A corrida para a sucess\u00e3o da reitora Nair Portela come\u00e7ou oficialmente hoje com a abertura do prazo para o registro de candidaturas aos cargos de reitor e vice-reitor da Universidade Federal do Maranh\u00e3o. No Departamento de Protocolo e Arquivo da UFMA, enquanto a reitora ao lado de poucos auxiliares prestigiava o registro do seu candidato Jo\u00e3o de Deus Mendes, apoiadores do professor Natalino Salgado lotaram o hall do pr\u00e9dio conhecido como Castel\u00e3o para acompanh\u00e1-lo no ato. <\/p>\n\n\n\n<p>Entre professores, estudantes e t\u00e9cnicos, a candidatura de Natalino Salgado \u00e9 recebida com entusiasmo tanto no Campus de S\u00e3o Lu\u00eds como em outros do continente. Janine Quadros, estudante de engenharia agr\u00edcola de Chapadinha, diz que vai votar nele pelo hist\u00f3rico da sua obra. \u201cPor tudo que ele fez no seu mandato, estou aqui para apoi\u00e1-lo e vou votar nele\u201d. O estudante Valdson Marques, de Ci\u00eancias Naturais, habilita\u00e7\u00e3o Biologia, de Cod\u00f3, representante do colegiado de curso e l\u00edder estudantil, afirmou que vai votar em Natalino principalmente diante da conjuntura dif\u00edcil que as universidades vivem atualmente. \u201cEle tem boa articula\u00e7\u00e3o pol\u00edtica para buscar parcerias, veste a camisa da UFMA, a universidade est\u00e1 precisando disso\u201d, disparou.   <\/p>\n\n\n\n<div class=\"wp-block-image\"><figure class=\"aligncenter\"><img decoding=\"async\" src=\"https:\/\/www.blogsoestado.com\/danielmatos\/files\/2019\/05\/natalino-chapa2-1024x375.jpg\" alt=\"\" class=\"wp-image-62569\"\/><figcaption>Professor-doutor Natalino Salgado Filho apresenta documenta\u00e7\u00e3o para registro da sua candidatura <\/figcaption><\/figure><\/div>\n\n\n\n<p>L\u00edderes de entidades sindicais e representativas da UFMA tamb\u00e9m marcaram presen\u00e7a, como Arkley Bandeira, presidente do SindUFMA e professor do Campus de Pinheiro, e Ademar Sena de Carvalho, presidente do SINTEMA. Para o professor Antonio Carlos Leal, do Departamento de Oceanografia, presidente da ASSUMA, a administra\u00e7\u00e3o de Natalino foi um diferencial para o crescimento da universidade. \u201cAo longo de 41 anos de doc\u00eancia posso assegurar que ele consolidou avan\u00e7os que tornaram a UFMA uma universidade de ponta no cen\u00e1rio nordestino\u201d. <\/p>\n\n\n\n<p>Natalino Salgado foi reitor por dois mandatos (2007\/2011 \u2013 2011\/20015) e deixou a UFMA como respons\u00e1vel pela maior expans\u00e3o f\u00edsica de sua hist\u00f3ria e um programa de interioriza\u00e7\u00e3o que a tornou uma universidade multicampi. Sobre disputar novamente a indica\u00e7\u00e3o para reitor, Natalino diz que sempre resistiu a ideia, mas acabou convencido. \u201cFui convocado por professores, t\u00e9cnicos, estudantes, sindicatos, associa\u00e7\u00f5es, e representantes da sociedade civil organizada para colocar minha experi\u00eancia a servi\u00e7o de uma retomada de crescimento da nossa institui\u00e7\u00e3o\u201d.<\/p>\n\n\n\n<div class=\"wp-block-image\"><figure class=\"aligncenter\"><img decoding=\"async\" src=\"https:\/\/www.blogsoestado.com\/danielmatos\/files\/2019\/05\/nastalino-chapa3-1024x576.jpg\" alt=\"\" class=\"wp-image-62570\"\/><figcaption>Natalino Salgado \u00e9 saudado por dezenas de apoiadores que prestigiaram o registro da sua candidatura<\/figcaption><\/figure><\/div>\n\n\n\n<p>A consulta pr\u00e9via \u00e0 comunidade universit\u00e1ria para os cargos de reitor e vice-reitor est\u00e1 marcada para o dia 26 de junho. O mandato de Nair Portela acaba em novembro.<\/p>\n","protected":false},"excerpt":{"rendered":"<p>A corrida para a sucess\u00e3o da reitora Nair Portela come\u00e7ou oficialmente hoje com a abertura do prazo para o registro [&hellip;]<\/p>\n","protected":false},"author":0,"featured_media":0,"comment_status":"open","ping_status":"open","sticky":false,"template":"","format":"standard","meta":{"site-sidebar-layout":"default","site-content-layout":"","ast-site-content-layout":"default","site-content-style":"default","site-sidebar-style":"default","ast-global-header-display":"","ast-banner-title-visibility":"","ast-main-header-display":"","ast-hfb-above-header-display":"","ast-hfb-below-header-display":"","ast-hfb-mobile-header-display":"","site-post-title":"","ast-breadcrumbs-content":"","ast-featured-img":"","footer-sml-layout":"","ast-disable-related-posts":"","theme-transparent-header-meta":"","adv-header-id-meta":"","stick-header-meta":"","header-above-stick-meta":"","header-main-stick-meta":"","header-below-stick-meta":"","astra-migrate-meta-layouts":"default","ast-page-background-enabled":"default","ast-page-background-meta":{"desktop":{"background-color":"var(--ast-global-color-5)","background-image":"","background-repeat":"repeat","background-position":"center center","background-size":"auto","background-attachment":"scroll","background-type":"","background-media":"","overlay-type":"","overlay-color":"","overlay-opacity":"","overlay-gradient":""},"tablet":{"background-color":"","background-image":"","background-repeat":"repeat","background-position":"center center","background-size":"auto","background-attachment":"scroll","background-type":"","background-media":"","overlay-type":"","overlay-color":"","overlay-opacity":"","overlay-gradient":""},"mobile":{"background-color":"","background-image":"","background-repeat":"repeat","background-position":"center center","background-size":"auto","background-attachment":"scroll","background-type":"","background-media":"","overlay-type":"","overlay-color":"","overlay-opacity":"","overlay-gradient":""}},"ast-content-background-meta":{"desktop":{"background-color":"var(--ast-global-color-4)","background-image":"","background-repeat":"repeat","background-position":"center center","background-size":"auto","background-attachment":"scroll","background-type":"","background-media":"","overlay-type":"","overlay-color":"","overlay-opacity":"","overlay-gradient":""},"tablet":{"background-color":"var(--ast-global-color-4)","background-image":"","background-repeat":"repeat","background-position":"center center","background-size":"auto","background-attachment":"scroll","background-type":"","background-media":"","overlay-type":"","overlay-color":"","overlay-opacity":"","overlay-gradient":""},"mobile":{"background-color":"var(--ast-global-color-4)","background-image":"","background-repeat":"repeat","background-position":"center center","background-size":"auto","background-attachment":"scroll","background-type":"","background-media":"","overlay-type":"","overlay-color":"","overlay-opacity":"","overlay-gradient":""}},"footnotes":""},"categories":[1],"tags":[],"class_list":["post-62567","post","type-post","status-publish","format-standard","hentry","category-sem-categoria"],"yoast_head":"<!-- This site is optimized with the Yoast SEO plugin v26.6 - https:\/\/yoast.com\/wordpress\/plugins\/seo\/ -->\n<title>Elei\u00e7\u00e3o na UFMA: Natalino Salgado registra candidatura e mostra for\u00e7a - Daniel Matos<\/title>\n<meta name=\"robots\" content=\"index, follow, max-snippet:-1, max-image-preview:large, max-video-preview:-1\" \/>\n<link rel=\"canonical\" href=\"https:\/\/www.blogsoestado.com\/danielmatos\/eleicao-na-ufma-natalino-salgado-registra-candidatura-e-mostra-forca\/\" \/>\n<meta property=\"og:locale\" content=\"pt_BR\" \/>\n<meta property=\"og:type\" content=\"article\" \/>\n<meta property=\"og:title\" content=\"Elei\u00e7\u00e3o na UFMA: Natalino Salgado registra candidatura e mostra for\u00e7a - Daniel Matos\" \/>\n<meta property=\"og:description\" content=\"A corrida para a sucess\u00e3o da reitora Nair Portela come\u00e7ou oficialmente hoje com a abertura do prazo para o registro [&hellip;]\" \/>\n<meta property=\"og:url\" content=\"https:\/\/www.blogsoestado.com\/danielmatos\/eleicao-na-ufma-natalino-salgado-registra-candidatura-e-mostra-forca\/\" \/>\n<meta property=\"og:site_name\" content=\"Daniel Matos\" \/>\n<meta property=\"article:published_time\" content=\"2019-05-06T16:08:37+00:00\" \/>\n<meta property=\"og:image\" content=\"https:\/\/www.blogsoestado.com\/danielmatos\/files\/2019\/05\/natalino-chapa-1024x768.jpg\" \/>\n<meta name=\"twitter:card\" content=\"summary_large_image\" \/>\n<meta name=\"twitter:label1\" content=\"Est. tempo de leitura\" \/>\n\t<meta name=\"twitter:data1\" content=\"2 minutos\" \/>\n<script type=\"application\/ld+json\" class=\"yoast-schema-graph\">{\"@context\":\"https:\/\/schema.org\",\"@graph\":[{\"@type\":\"WebPage\",\"@id\":\"https:\/\/www.blogsoestado.com\/danielmatos\/eleicao-na-ufma-natalino-salgado-registra-candidatura-e-mostra-forca\/\",\"url\":\"https:\/\/www.blogsoestado.com\/danielmatos\/eleicao-na-ufma-natalino-salgado-registra-candidatura-e-mostra-forca\/\",\"name\":\"Elei\u00e7\u00e3o na UFMA: Natalino Salgado registra candidatura e mostra for\u00e7a - Daniel Matos\",\"isPartOf\":{\"@id\":\"https:\/\/www.blogsoestado.com\/danielmatos\/#website\"},\"primaryImageOfPage\":{\"@id\":\"https:\/\/www.blogsoestado.com\/danielmatos\/eleicao-na-ufma-natalino-salgado-registra-candidatura-e-mostra-forca\/#primaryimage\"},\"image\":{\"@id\":\"https:\/\/www.blogsoestado.com\/danielmatos\/eleicao-na-ufma-natalino-salgado-registra-candidatura-e-mostra-forca\/#primaryimage\"},\"thumbnailUrl\":\"https:\/\/www.blogsoestado.com\/danielmatos\/files\/2019\/05\/natalino-chapa-1024x768.jpg\",\"datePublished\":\"2019-05-06T16:08:37+00:00\",\"author\":{\"@id\":\"\"},\"breadcrumb\":{\"@id\":\"https:\/\/www.blogsoestado.com\/danielmatos\/eleicao-na-ufma-natalino-salgado-registra-candidatura-e-mostra-forca\/#breadcrumb\"},\"inLanguage\":\"pt-BR\",\"potentialAction\":[{\"@type\":\"ReadAction\",\"target\":[\"https:\/\/www.blogsoestado.com\/danielmatos\/eleicao-na-ufma-natalino-salgado-registra-candidatura-e-mostra-forca\/\"]}]},{\"@type\":\"ImageObject\",\"inLanguage\":\"pt-BR\",\"@id\":\"https:\/\/www.blogsoestado.com\/danielmatos\/eleicao-na-ufma-natalino-salgado-registra-candidatura-e-mostra-forca\/#primaryimage\",\"url\":\"https:\/\/www.blogsoestado.com\/danielmatos\/files\/2019\/05\/natalino-chapa-1024x768.jpg\",\"contentUrl\":\"https:\/\/www.blogsoestado.com\/danielmatos\/files\/2019\/05\/natalino-chapa-1024x768.jpg\"},{\"@type\":\"BreadcrumbList\",\"@id\":\"https:\/\/www.blogsoestado.com\/danielmatos\/eleicao-na-ufma-natalino-salgado-registra-candidatura-e-mostra-forca\/#breadcrumb\",\"itemListElement\":[{\"@type\":\"ListItem\",\"position\":1,\"name\":\"In\u00edcio\",\"item\":\"https:\/\/www.blogsoestado.com\/danielmatos\/\"},{\"@type\":\"ListItem\",\"position\":2,\"name\":\"Elei\u00e7\u00e3o na UFMA: Natalino Salgado registra candidatura e mostra for\u00e7a\"}]},{\"@type\":\"WebSite\",\"@id\":\"https:\/\/www.blogsoestado.com\/danielmatos\/#website\",\"url\":\"https:\/\/www.blogsoestado.com\/danielmatos\/\",\"name\":\"Daniel Matos\",\"description\":\"\",\"potentialAction\":[{\"@type\":\"SearchAction\",\"target\":{\"@type\":\"EntryPoint\",\"urlTemplate\":\"https:\/\/www.blogsoestado.com\/danielmatos\/?s={search_term_string}\"},\"query-input\":{\"@type\":\"PropertyValueSpecification\",\"valueRequired\":true,\"valueName\":\"search_term_string\"}}],\"inLanguage\":\"pt-BR\"}]}<\/script>\n<!-- \/ Yoast SEO plugin. -->","yoast_head_json":{"title":"Elei\u00e7\u00e3o na UFMA: Natalino Salgado registra candidatura e mostra for\u00e7a - Daniel Matos","robots":{"index":"index","follow":"follow","max-snippet":"max-snippet:-1","max-image-preview":"max-image-preview:large","max-video-preview":"max-video-preview:-1"},"canonical":"https:\/\/www.blogsoestado.com\/danielmatos\/eleicao-na-ufma-natalino-salgado-registra-candidatura-e-mostra-forca\/","og_locale":"pt_BR","og_type":"article","og_title":"Elei\u00e7\u00e3o na UFMA: Natalino Salgado registra candidatura e mostra for\u00e7a - Daniel Matos","og_description":"A corrida para a sucess\u00e3o da reitora Nair Portela come\u00e7ou oficialmente hoje com a abertura do prazo para o registro [&hellip;]","og_url":"https:\/\/www.blogsoestado.com\/danielmatos\/eleicao-na-ufma-natalino-salgado-registra-candidatura-e-mostra-forca\/","og_site_name":"Daniel Matos","article_published_time":"2019-05-06T16:08:37+00:00","og_image":[{"url":"https:\/\/www.blogsoestado.com\/danielmatos\/files\/2019\/05\/natalino-chapa-1024x768.jpg","type":"","width":"","height":""}],"twitter_card":"summary_large_image","twitter_misc":{"Est. tempo de leitura":"2 minutos"},"schema":{"@context":"https:\/\/schema.org","@graph":[{"@type":"WebPage","@id":"https:\/\/www.blogsoestado.com\/danielmatos\/eleicao-na-ufma-natalino-salgado-registra-candidatura-e-mostra-forca\/","url":"https:\/\/www.blogsoestado.com\/danielmatos\/eleicao-na-ufma-natalino-salgado-registra-candidatura-e-mostra-forca\/","name":"Elei\u00e7\u00e3o na UFMA: Natalino Salgado registra candidatura e mostra for\u00e7a - Daniel Matos","isPartOf":{"@id":"https:\/\/www.blogsoestado.com\/danielmatos\/#website"},"primaryImageOfPage":{"@id":"https:\/\/www.blogsoestado.com\/danielmatos\/eleicao-na-ufma-natalino-salgado-registra-candidatura-e-mostra-forca\/#primaryimage"},"image":{"@id":"https:\/\/www.blogsoestado.com\/danielmatos\/eleicao-na-ufma-natalino-salgado-registra-candidatura-e-mostra-forca\/#primaryimage"},"thumbnailUrl":"https:\/\/www.blogsoestado.com\/danielmatos\/files\/2019\/05\/natalino-chapa-1024x768.jpg","datePublished":"2019-05-06T16:08:37+00:00","author":{"@id":""},"breadcrumb":{"@id":"https:\/\/www.blogsoestado.com\/danielmatos\/eleicao-na-ufma-natalino-salgado-registra-candidatura-e-mostra-forca\/#breadcrumb"},"inLanguage":"pt-BR","potentialAction":[{"@type":"ReadAction","target":["https:\/\/www.blogsoestado.com\/danielmatos\/eleicao-na-ufma-natalino-salgado-registra-candidatura-e-mostra-forca\/"]}]},{"@type":"ImageObject","inLanguage":"pt-BR","@id":"https:\/\/www.blogsoestado.com\/danielmatos\/eleicao-na-ufma-natalino-salgado-registra-candidatura-e-mostra-forca\/#primaryimage","url":"https:\/\/www.blogsoestado.com\/danielmatos\/files\/2019\/05\/natalino-chapa-1024x768.jpg","contentUrl":"https:\/\/www.blogsoestado.com\/danielmatos\/files\/2019\/05\/natalino-chapa-1024x768.jpg"},{"@type":"BreadcrumbList","@id":"https:\/\/www.blogsoestado.com\/danielmatos\/eleicao-na-ufma-natalino-salgado-registra-candidatura-e-mostra-forca\/#breadcrumb","itemListElement":[{"@type":"ListItem","position":1,"name":"In\u00edcio","item":"https:\/\/www.blogsoestado.com\/danielmatos\/"},{"@type":"ListItem","position":2,"name":"Elei\u00e7\u00e3o na UFMA: Natalino Salgado registra candidatura e mostra for\u00e7a"}]},{"@type":"WebSite","@id":"https:\/\/www.blogsoestado.com\/danielmatos\/#website","url":"https:\/\/www.blogsoestado.com\/danielmatos\/","name":"Daniel Matos","description":"","potentialAction":[{"@type":"SearchAction","target":{"@type":"EntryPoint","urlTemplate":"https:\/\/www.blogsoestado.com\/danielmatos\/?s={search_term_string}"},"query-input":{"@type":"PropertyValueSpecification","valueRequired":true,"valueName":"search_term_string"}}],"inLanguage":"pt-BR"}]}},"jetpack_featured_media_url":"","_links":{"self":[{"href":"https:\/\/www.blogsoestado.com\/danielmatos\/wp-json\/wp\/v2\/posts\/62567","targetHints":{"allow":["GET"]}}],"collection":[{"href":"https:\/\/www.blogsoestado.com\/danielmatos\/wp-json\/wp\/v2\/posts"}],"about":[{"href":"https:\/\/www.blogsoestado.com\/danielmatos\/wp-json\/wp\/v2\/types\/post"}],"replies":[{"embeddable":true,"href":"https:\/\/www.blogsoestado.com\/danielmatos\/wp-json\/wp\/v2\/comments?post=62567"}],"version-history":[{"count":0,"href":"https:\/\/www.blogsoestado.com\/danielmatos\/wp-json\/wp\/v2\/posts\/62567\/revisions"}],"wp:attachment":[{"href":"https:\/\/www.blogsoestado.com\/danielmatos\/wp-json\/wp\/v2\/media?parent=62567"}],"wp:term":[{"taxonomy":"category","embeddable":true,"href":"https:\/\/www.blogsoestado.com\/danielmatos\/wp-json\/wp\/v2\/categories?post=62567"},{"taxonomy":"post_tag","embeddable":true,"href":"https:\/\/www.blogsoestado.com\/danielmatos\/wp-json\/wp\/v2\/tags?post=62567"}],"curies":[{"name":"wp","href":"https:\/\/api.w.org\/{rel}","templated":true}]}}