{"id":62575,"date":"2019-05-06T15:19:59","date_gmt":"2019-05-06T18:19:59","guid":{"rendered":"https:\/\/www.blogsoestado.com\/danielmatos\/?p=62575"},"modified":"2019-05-06T15:19:59","modified_gmt":"2019-05-06T18:19:59","slug":"osmar-filho-contabiliza-avancos-na-camara-municipal-de-sao-luis","status":"publish","type":"post","link":"https:\/\/www.blogsoestado.com\/danielmatos\/osmar-filho-contabiliza-avancos-na-camara-municipal-de-sao-luis\/","title":{"rendered":"Osmar Filho contabiliza avan\u00e7os na C\u00e2mara Municipal de S\u00e3o Lu\u00eds"},"content":{"rendered":"\n<div class=\"wp-block-image\"><figure class=\"aligncenter\"><img decoding=\"async\" src=\"https:\/\/www.blogsoestado.com\/danielmatos\/files\/2019\/05\/osmar-avan\u00e7a-1024x683.jpg\" alt=\"\" class=\"wp-image-62576\"\/><figcaption> <em>Osmar Filho promulgou lei que amplia hor\u00e1rio de atendimento nos Terminais da Integra\u00e7\u00e3o<\/em> <\/figcaption><\/figure><\/div>\n\n\n\n<p>Decorridos quatro meses desde que assumiu a presid\u00eancia da C\u00e2mara Municipal de S\u00e3o Lu\u00eds, o vereador Osmar Filho (PDT) contabiliza avan\u00e7os importantes e que est\u00e3o contribuindo para transformar o Parlamento Ludovicense.<\/p>\n\n\n\n<p>\u201cObtivemos v\u00e1rios avan\u00e7os nos primeiros 120 dias da nossa administra\u00e7\u00e3o \u00e0 frente da Casa. Por\u00e9m acredito que a nossa principal marca seja o esfor\u00e7o em aproximar o Poder Legislativa da popula\u00e7\u00e3o\u201d, declarou o pedetista.<\/p>\n\n\n\n<p>Um dos primeiros investimentos de Osmar Filho neste sentido foi a reestrutura\u00e7\u00e3o da comunica\u00e7\u00e3o entre a Casa e o cidad\u00e3o, a exemplo do novo portal, com transmiss\u00e3o das sess\u00f5es em tempo real e de todas as plataformas de redes sociais, que passaram por uma reformula\u00e7\u00e3o conceitual, todos no sentido de servir como ferramentas de interatividade.<\/p>\n\n\n\n<p>A tradu\u00e7\u00e3o simult\u00e2nea em Libras (L\u00edngua Brasileira de Sinais) das sess\u00f5es ordin\u00e1rias vem promovendo uma maior inclus\u00e3o para pessoas surdas, que acompanham os trabalhos dos vereadores da capital.<\/p>\n\n\n\n<p>O di\u00e1logo com outras institui\u00e7\u00f5es tamb\u00e9m \u00e9 uma das prioridades do seu mandato como presidente.<\/p>\n\n\n\n<figure class=\"wp-block-image\"><img decoding=\"async\" src=\"https:\/\/www.blogsoestado.com\/danielmatos\/files\/2019\/05\/osmar-avan\u00e7a3.jpg\" alt=\"\" class=\"wp-image-62577\"\/><figcaption>Osmar Filho concedeu descontos para os servidores da C\u00e2mara ingressarem no ensino superior<\/figcaption><\/figure>\n\n\n\n<p>E um exemplo desta aproxima\u00e7\u00e3o \u00e9 a parceria com as C\u00e2maras dos demais munic\u00edpios da Grande Ilha. O objetivo deste di\u00e1logo \u00e9 a uni\u00e3o em torno de assuntos de interesse das popula\u00e7\u00f5es da regi\u00e3o metropolitana e para isto, segue em curso a cria\u00e7\u00e3o do Parlamento Metropolitano.<\/p>\n\n\n\n<p>Osmar Filho tamb\u00e9m buscou a aproxima\u00e7\u00e3o com a Assembleia Legislativa e com as bancadas maranhenses na C\u00e2mara dos Deputados e no Senado, com o objetivo de trazer benef\u00edcios para a capital. Bem como, intermediou com a prefeitura de S\u00e3o Lu\u00eds a reabertura das atividades da Maternidade Maria do Amparo, no Anil.<\/p>\n\n\n\n<p>O presidente buscou parceria com o Instituto do Patrim\u00f4nio Hist\u00f3rico e Art\u00edstico Nacional (IPHAN) com o objetivo de trazer novos investimentos para a capital maranhense. E o resultado j\u00e1 existe, na pr\u00e1tica, o \u00f3rg\u00e3o informou, oficialmente, que, este ano, injetar\u00e1 cerca de R$ 80 milh\u00f5es na execu\u00e7\u00e3o de a\u00e7\u00f5es de revitaliza\u00e7\u00e3o do Centro Hist\u00f3rico.<\/p>\n\n\n\n<p>Outra pauta importante com o Iphan foi a retomada do projeto de reforma do pr\u00e9dio da antiga F\u00e1brica S\u00e3o Lu\u00eds, lugar onde vai funcionar a nova sede do Legislativo Municipal.<\/p>\n\n\n\n<p>A previs\u00e3o do \u00f3rg\u00e3o \u00e9 de que a ordem de servi\u00e7o autorizando o in\u00edcio das obras seja assinada no segundo semestre de 2019.<\/p>\n\n\n\n<p><strong>Gest\u00e3o de Qualidade &#8212;<\/strong> Ratificando o seu compromisso de tornar a Casa Legislativa mais moderna e din\u00e2mica, de maneira a prestar um servi\u00e7o de qualidade aos parlamentares e \u00e0 popula\u00e7\u00e3o, Osmar Filho vem investindo na operacionaliza\u00e7\u00e3o dos servi\u00e7os internos e na valoriza\u00e7\u00e3o dos servidores. Logo no in\u00edcio de sua administra\u00e7\u00e3o implantou o setor de Gest\u00e3o de Qualidade Administrativa, que operar\u00e1 com a meta de unificar as demais coordena\u00e7\u00f5es e secretarias visando estabelecer um procedimento administrativo uniforme e que atenda aos requisitos de certifica\u00e7\u00e3o de qualidade do ISO 9001.<\/p>\n\n\n\n<p>Visando a qualifica\u00e7\u00e3o dos servidores, assinou conv\u00eanio com a Faculdade Est\u00e1cio concedendo desconto de 50% para cursos de gradua\u00e7\u00e3o, p\u00f3s-gradua\u00e7\u00e3o e educa\u00e7\u00e3o \u00e0 dist\u00e2ncia oferecidos pela institui\u00e7\u00e3o de ensino superior.<\/p>\n\n\n\n<p>Em uma iniciativa pioneira na C\u00e2mara, instituiu o calend\u00e1rio anual de pagamento do funcionalismo da Casa.<\/p>\n\n\n\n<p>Impulsionando atividades &#8211; Cumprindo as metas tra\u00e7adas para sua gest\u00e3o na presid\u00eancia da C\u00e2mara de Vereadores, Osmar Filho vem destrancando a pauta com in\u00fameros projetos que tramitavam a certo tempo. Nestes 120 dias, levou a vota\u00e7\u00e3o do Plen\u00e1rio e promulgou seis leis, fazendo do Legislativo um protagonista nas discuss\u00f5es sobre a cidade.<\/p>\n\n\n\n<figure class=\"wp-block-image\"><img decoding=\"async\" src=\"https:\/\/www.blogsoestado.com\/danielmatos\/files\/2019\/05\/osmar-avan\u00e7a2-1024x682.jpg\" alt=\"\" class=\"wp-image-62579\"\/><figcaption>Gest\u00e3o de Osmar Filho \u00e9 reconhecida pelos servidores da C\u00e2mara Municipal<\/figcaption><\/figure>\n\n\n\n<p>Entre elas est\u00e3o a regulamenta\u00e7\u00e3o dos aplicativos de transportes privados e do livre acesso dos personal trainer nas academias da cidade, de autoria do vereador Paulo Victor (PTC); dos Food Trucks, de S\u00e1 Marques (PRTB); da amplia\u00e7\u00e3o do hor\u00e1rio de vendas de cr\u00e9ditos estudantis nos terminais de integra\u00e7\u00e3o de S\u00e3o Lu\u00eds, de Raimundo Penha (PDT); da altera\u00e7\u00e3o do regime trabalhista dos Agentes Comunit\u00e1rios de Sa\u00fade e Agentes de Endemias para o regime estatut\u00e1rio e, da cria\u00e7\u00e3o do ProUni S\u00e3o Lu\u00eds, de Pav\u00e3o Filho (PDT).<\/p>\n\n\n\n<p>Recentemente, ainda foi aprovada uma resolu\u00e7\u00e3o que altera o Regimento Interno da C\u00e2mara, aprimorando o fluxo das sess\u00f5es. Entre as mudan\u00e7as estabelecidas no texto est\u00e3o o hor\u00e1rio para abertura das sess\u00f5es de 10h para 09h; a simplifica\u00e7\u00e3o na tramita\u00e7\u00e3o de proposi\u00e7\u00f5es; a garantia da presen\u00e7a feminina na Mesa Diretora; a redu\u00e7\u00e3o no n\u00famero das comiss\u00f5es permanentes de 19 para 13; e, a valoriza\u00e7\u00e3o do grande expediente.<\/p>\n\n\n\n<p>400 anos do Legislativo &#8211; Por fim, para comemorar os 400 anos do parlamento municipal, foi lan\u00e7ada, no in\u00edcio de abril, a campanha oficial que celebra a data, no dia 9 de novembro. A programa\u00e7\u00e3o pelo anivers\u00e1rio da 4\u00aa C\u00e2mara mais antiga do pa\u00eds compreende diversos projetos que ser\u00e3o executados ao longo deste ano.<\/p>\n\n\n\n<p>\u201cDurante o ano, iremos fazer diversos eventos e implanta\u00e7\u00e3o de projetos como C\u00e2mara Itinerante, Parlamento Metropolitano, e eventos de concurso de reda\u00e7\u00e3o com os alunos da rede municipal de ensino, entrega de medalhas, Sarau que est\u00e1 sendo pensado em alus\u00e3o aos 400 anos e outras atividades que ainda est\u00e3o sendo definidas\u201d, afirmou o presidente.<\/p>\n","protected":false},"excerpt":{"rendered":"<p>Decorridos quatro meses desde que assumiu a presid\u00eancia da C\u00e2mara Municipal de S\u00e3o Lu\u00eds, o vereador Osmar Filho (PDT) contabiliza [&hellip;]<\/p>\n","protected":false},"author":0,"featured_media":0,"comment_status":"open","ping_status":"open","sticky":false,"template":"","format":"standard","meta":{"site-sidebar-layout":"default","site-content-layout":"","ast-site-content-layout":"default","site-content-style":"default","site-sidebar-style":"default","ast-global-header-display":"","ast-banner-title-visibility":"","ast-main-header-display":"","ast-hfb-above-header-display":"","ast-hfb-below-header-display":"","ast-hfb-mobile-header-display":"","site-post-title":"","ast-breadcrumbs-content":"","ast-featured-img":"","footer-sml-layout":"","ast-disable-related-posts":"","theme-transparent-header-meta":"","adv-header-id-meta":"","stick-header-meta":"","header-above-stick-meta":"","header-main-stick-meta":"","header-below-stick-meta":"","astra-migrate-meta-layouts":"default","ast-page-background-enabled":"default","ast-page-background-meta":{"desktop":{"background-color":"var(--ast-global-color-5)","background-image":"","background-repeat":"repeat","background-position":"center center","background-size":"auto","background-attachment":"scroll","background-type":"","background-media":"","overlay-type":"","overlay-color":"","overlay-opacity":"","overlay-gradient":""},"tablet":{"background-color":"","background-image":"","background-repeat":"repeat","background-position":"center center","background-size":"auto","background-attachment":"scroll","background-type":"","background-media":"","overlay-type":"","overlay-color":"","overlay-opacity":"","overlay-gradient":""},"mobile":{"background-color":"","background-image":"","background-repeat":"repeat","background-position":"center center","background-size":"auto","background-attachment":"scroll","background-type":"","background-media":"","overlay-type":"","overlay-color":"","overlay-opacity":"","overlay-gradient":""}},"ast-content-background-meta":{"desktop":{"background-color":"var(--ast-global-color-4)","background-image":"","background-repeat":"repeat","background-position":"center center","background-size":"auto","background-attachment":"scroll","background-type":"","background-media":"","overlay-type":"","overlay-color":"","overlay-opacity":"","overlay-gradient":""},"tablet":{"background-color":"var(--ast-global-color-4)","background-image":"","background-repeat":"repeat","background-position":"center center","background-size":"auto","background-attachment":"scroll","background-type":"","background-media":"","overlay-type":"","overlay-color":"","overlay-opacity":"","overlay-gradient":""},"mobile":{"background-color":"var(--ast-global-color-4)","background-image":"","background-repeat":"repeat","background-position":"center center","background-size":"auto","background-attachment":"scroll","background-type":"","background-media":"","overlay-type":"","overlay-color":"","overlay-opacity":"","overlay-gradient":""}},"footnotes":""},"categories":[1],"tags":[],"class_list":["post-62575","post","type-post","status-publish","format-standard","hentry","category-sem-categoria"],"yoast_head":"<!-- This site is optimized with the Yoast SEO plugin v26.6 - https:\/\/yoast.com\/wordpress\/plugins\/seo\/ -->\n<title>Osmar Filho contabiliza avan\u00e7os na C\u00e2mara Municipal de S\u00e3o Lu\u00eds - Daniel Matos<\/title>\n<meta name=\"robots\" content=\"index, follow, max-snippet:-1, max-image-preview:large, max-video-preview:-1\" \/>\n<link rel=\"canonical\" href=\"https:\/\/www.blogsoestado.com\/danielmatos\/osmar-filho-contabiliza-avancos-na-camara-municipal-de-sao-luis\/\" \/>\n<meta property=\"og:locale\" content=\"pt_BR\" \/>\n<meta property=\"og:type\" content=\"article\" \/>\n<meta property=\"og:title\" content=\"Osmar Filho contabiliza avan\u00e7os na C\u00e2mara Municipal de S\u00e3o Lu\u00eds - Daniel Matos\" \/>\n<meta property=\"og:description\" content=\"Decorridos quatro meses desde que assumiu a presid\u00eancia da C\u00e2mara Municipal de S\u00e3o Lu\u00eds, o vereador Osmar Filho (PDT) contabiliza [&hellip;]\" \/>\n<meta property=\"og:url\" content=\"https:\/\/www.blogsoestado.com\/danielmatos\/osmar-filho-contabiliza-avancos-na-camara-municipal-de-sao-luis\/\" \/>\n<meta property=\"og:site_name\" content=\"Daniel Matos\" \/>\n<meta property=\"article:published_time\" content=\"2019-05-06T18:19:59+00:00\" \/>\n<meta name=\"twitter:card\" content=\"summary_large_image\" \/>\n<meta name=\"twitter:label1\" content=\"Est. tempo de leitura\" \/>\n\t<meta name=\"twitter:data1\" content=\"5 minutos\" \/>\n<script type=\"application\/ld+json\" class=\"yoast-schema-graph\">{\"@context\":\"https:\/\/schema.org\",\"@graph\":[{\"@type\":\"WebPage\",\"@id\":\"https:\/\/www.blogsoestado.com\/danielmatos\/osmar-filho-contabiliza-avancos-na-camara-municipal-de-sao-luis\/\",\"url\":\"https:\/\/www.blogsoestado.com\/danielmatos\/osmar-filho-contabiliza-avancos-na-camara-municipal-de-sao-luis\/\",\"name\":\"Osmar Filho contabiliza avan\u00e7os na C\u00e2mara Municipal de S\u00e3o Lu\u00eds - Daniel Matos\",\"isPartOf\":{\"@id\":\"https:\/\/www.blogsoestado.com\/danielmatos\/#website\"},\"datePublished\":\"2019-05-06T18:19:59+00:00\",\"author\":{\"@id\":\"\"},\"breadcrumb\":{\"@id\":\"https:\/\/www.blogsoestado.com\/danielmatos\/osmar-filho-contabiliza-avancos-na-camara-municipal-de-sao-luis\/#breadcrumb\"},\"inLanguage\":\"pt-BR\",\"potentialAction\":[{\"@type\":\"ReadAction\",\"target\":[\"https:\/\/www.blogsoestado.com\/danielmatos\/osmar-filho-contabiliza-avancos-na-camara-municipal-de-sao-luis\/\"]}]},{\"@type\":\"BreadcrumbList\",\"@id\":\"https:\/\/www.blogsoestado.com\/danielmatos\/osmar-filho-contabiliza-avancos-na-camara-municipal-de-sao-luis\/#breadcrumb\",\"itemListElement\":[{\"@type\":\"ListItem\",\"position\":1,\"name\":\"In\u00edcio\",\"item\":\"https:\/\/www.blogsoestado.com\/danielmatos\/\"},{\"@type\":\"ListItem\",\"position\":2,\"name\":\"Osmar Filho contabiliza avan\u00e7os na C\u00e2mara Municipal de S\u00e3o Lu\u00eds\"}]},{\"@type\":\"WebSite\",\"@id\":\"https:\/\/www.blogsoestado.com\/danielmatos\/#website\",\"url\":\"https:\/\/www.blogsoestado.com\/danielmatos\/\",\"name\":\"Daniel Matos\",\"description\":\"\",\"potentialAction\":[{\"@type\":\"SearchAction\",\"target\":{\"@type\":\"EntryPoint\",\"urlTemplate\":\"https:\/\/www.blogsoestado.com\/danielmatos\/?s={search_term_string}\"},\"query-input\":{\"@type\":\"PropertyValueSpecification\",\"valueRequired\":true,\"valueName\":\"search_term_string\"}}],\"inLanguage\":\"pt-BR\"}]}<\/script>\n<!-- \/ Yoast SEO plugin. -->","yoast_head_json":{"title":"Osmar Filho contabiliza avan\u00e7os na C\u00e2mara Municipal de S\u00e3o Lu\u00eds - Daniel Matos","robots":{"index":"index","follow":"follow","max-snippet":"max-snippet:-1","max-image-preview":"max-image-preview:large","max-video-preview":"max-video-preview:-1"},"canonical":"https:\/\/www.blogsoestado.com\/danielmatos\/osmar-filho-contabiliza-avancos-na-camara-municipal-de-sao-luis\/","og_locale":"pt_BR","og_type":"article","og_title":"Osmar Filho contabiliza avan\u00e7os na C\u00e2mara Municipal de S\u00e3o Lu\u00eds - Daniel Matos","og_description":"Decorridos quatro meses desde que assumiu a presid\u00eancia da C\u00e2mara Municipal de S\u00e3o Lu\u00eds, o vereador Osmar Filho (PDT) contabiliza [&hellip;]","og_url":"https:\/\/www.blogsoestado.com\/danielmatos\/osmar-filho-contabiliza-avancos-na-camara-municipal-de-sao-luis\/","og_site_name":"Daniel Matos","article_published_time":"2019-05-06T18:19:59+00:00","twitter_card":"summary_large_image","twitter_misc":{"Est. tempo de leitura":"5 minutos"},"schema":{"@context":"https:\/\/schema.org","@graph":[{"@type":"WebPage","@id":"https:\/\/www.blogsoestado.com\/danielmatos\/osmar-filho-contabiliza-avancos-na-camara-municipal-de-sao-luis\/","url":"https:\/\/www.blogsoestado.com\/danielmatos\/osmar-filho-contabiliza-avancos-na-camara-municipal-de-sao-luis\/","name":"Osmar Filho contabiliza avan\u00e7os na C\u00e2mara Municipal de S\u00e3o Lu\u00eds - Daniel Matos","isPartOf":{"@id":"https:\/\/www.blogsoestado.com\/danielmatos\/#website"},"datePublished":"2019-05-06T18:19:59+00:00","author":{"@id":""},"breadcrumb":{"@id":"https:\/\/www.blogsoestado.com\/danielmatos\/osmar-filho-contabiliza-avancos-na-camara-municipal-de-sao-luis\/#breadcrumb"},"inLanguage":"pt-BR","potentialAction":[{"@type":"ReadAction","target":["https:\/\/www.blogsoestado.com\/danielmatos\/osmar-filho-contabiliza-avancos-na-camara-municipal-de-sao-luis\/"]}]},{"@type":"BreadcrumbList","@id":"https:\/\/www.blogsoestado.com\/danielmatos\/osmar-filho-contabiliza-avancos-na-camara-municipal-de-sao-luis\/#breadcrumb","itemListElement":[{"@type":"ListItem","position":1,"name":"In\u00edcio","item":"https:\/\/www.blogsoestado.com\/danielmatos\/"},{"@type":"ListItem","position":2,"name":"Osmar Filho contabiliza avan\u00e7os na C\u00e2mara Municipal de S\u00e3o Lu\u00eds"}]},{"@type":"WebSite","@id":"https:\/\/www.blogsoestado.com\/danielmatos\/#website","url":"https:\/\/www.blogsoestado.com\/danielmatos\/","name":"Daniel Matos","description":"","potentialAction":[{"@type":"SearchAction","target":{"@type":"EntryPoint","urlTemplate":"https:\/\/www.blogsoestado.com\/danielmatos\/?s={search_term_string}"},"query-input":{"@type":"PropertyValueSpecification","valueRequired":true,"valueName":"search_term_string"}}],"inLanguage":"pt-BR"}]}},"jetpack_featured_media_url":"","_links":{"self":[{"href":"https:\/\/www.blogsoestado.com\/danielmatos\/wp-json\/wp\/v2\/posts\/62575","targetHints":{"allow":["GET"]}}],"collection":[{"href":"https:\/\/www.blogsoestado.com\/danielmatos\/wp-json\/wp\/v2\/posts"}],"about":[{"href":"https:\/\/www.blogsoestado.com\/danielmatos\/wp-json\/wp\/v2\/types\/post"}],"replies":[{"embeddable":true,"href":"https:\/\/www.blogsoestado.com\/danielmatos\/wp-json\/wp\/v2\/comments?post=62575"}],"version-history":[{"count":0,"href":"https:\/\/www.blogsoestado.com\/danielmatos\/wp-json\/wp\/v2\/posts\/62575\/revisions"}],"wp:attachment":[{"href":"https:\/\/www.blogsoestado.com\/danielmatos\/wp-json\/wp\/v2\/media?parent=62575"}],"wp:term":[{"taxonomy":"category","embeddable":true,"href":"https:\/\/www.blogsoestado.com\/danielmatos\/wp-json\/wp\/v2\/categories?post=62575"},{"taxonomy":"post_tag","embeddable":true,"href":"https:\/\/www.blogsoestado.com\/danielmatos\/wp-json\/wp\/v2\/tags?post=62575"}],"curies":[{"name":"wp","href":"https:\/\/api.w.org\/{rel}","templated":true}]}}