{"id":62581,"date":"2019-05-06T16:15:52","date_gmt":"2019-05-06T19:15:52","guid":{"rendered":"https:\/\/www.blogsoestado.com\/danielmatos\/?p=62581"},"modified":"2019-05-06T16:15:52","modified_gmt":"2019-05-06T19:15:52","slug":"othelino-neto-e-reeleito-por-unanimidade-para-presidir-a-alema-no-bienio-2021-2022","status":"publish","type":"post","link":"https:\/\/www.blogsoestado.com\/danielmatos\/othelino-neto-e-reeleito-por-unanimidade-para-presidir-a-alema-no-bienio-2021-2022\/","title":{"rendered":"Othelino Neto \u00e9 reeleito por unanimidade para presidir a ALEMA no bi\u00eanio 2021\/2022"},"content":{"rendered":"\n<div class=\"wp-block-image\"><figure class=\"aligncenter\"><img decoding=\"async\" src=\"https:\/\/www.blogsoestado.com\/danielmatos\/files\/2019\/05\/al-reelege-1024x700.jpg\" alt=\"\" class=\"wp-image-62582\"\/><figcaption>Deputado Othelino Neto foi reeleito para presidir a Assembleia Legislativa no bi\u00eanio 2021-2022<\/figcaption><\/figure><\/div>\n\n\n\n<p>Em sess\u00e3o extraordin\u00e1ria realizada na manh\u00e3 desta segunda-feira (6), o presidente Othelino Neto (PC do B) foi reeleito, por unanimidade, para presidir a Assembleia Legislativa no bi\u00eanio 2021-2022, da 19\u00aa Legislatura, que se inicia em 1\u00ba de fevereiro de 2021.<\/p>\n\n\n\n<p>A nova Mesa Diretora, inscrita em chapa \u00fanica, intitulada &#8220;Igualdade e Democracia&#8221;, foi eleita com o voto de 41 dos 42 deputados. Houve apenas uma aus\u00eancia: a do deputado H\u00e9lio Soares (PR). A sess\u00e3o de elei\u00e7\u00e3o da nova Mesa Diretora foi presidida pelo deputado Roberto Costa (MDB).<\/p>\n\n\n\n<p>Todos os 41 deputados presentes no Plen\u00e1rio participaram da vota\u00e7\u00e3o, em chapa \u00fanica. A sess\u00e3o extraordin\u00e1ria contou, tamb\u00e9m, com a presen\u00e7a dos deputados federais Juscelino Filho (DEM) e Gil Cutrim (PDT), dos secret\u00e1rios de Estado Marcelo Tavares (Casa Civil) e Rodrigo Lago (Comunica\u00e7\u00e3o Social e Assuntos Pol\u00edticos) e do conselheiro Edmar Cutrim, do Tribunal de Contas do Estado (TCE).<\/p>\n\n\n\n<div class=\"wp-block-image\"><figure class=\"aligncenter\"><img decoding=\"async\" src=\"https:\/\/www.blogsoestado.com\/danielmatos\/files\/2019\/05\/al-reelege2-1024x683.jpg\" alt=\"\" class=\"wp-image-62583\"\/><figcaption>Deputados Cleide Coutinho, Edivaldo Holanda e Adriano Sarney na sess\u00e3o extraordin\u00e1ria em que Othelino foi reeleito<\/figcaption><\/figure><\/div>\n\n\n\n<p>A Mesa Diretora para o bi\u00eanio 2021\/2022, encabe\u00e7ada pelo deputado Othelino Neto (PCdoB), foi anunciada com a seguinte composi\u00e7\u00e3o: <\/p>\n\n\n\n<p>Presidente Othelino Neto (PCdoB)<\/p>\n\n\n\n<p>1\u00b0Vice-presidente  Glalbert Cutrim (PDT);<\/p>\n\n\n\n<p>2\u00ba vice-presidente Detinha (PR)<\/p>\n\n\n\n<p>3\u00ba vice-presidente Rildo Amaral (Solidariedade)<\/p>\n\n\n\n<p>4\u00ba vice-presidente &#8211; C\u00e9sar Pires (PV)<\/p>\n\n\n\n<p>1\u00aa Secretaria &#8211; Andr\u00e9ia Rezende (DEM)<\/p>\n\n\n\n<p>2\u00aa Secretaria &#8211; Dra. Cleide Coutinho (PDT)<\/p>\n\n\n\n<p>3\u00ba Secretaria &#8211; Par\u00e1 Figueiredo (PSL)<\/p>\n\n\n\n<p>4\u00aa Secret\u00e1ria &#8211; Paulo Neto (DEM)<\/p>\n\n\n\n<p>Ap\u00f3s a proclama\u00e7\u00e3o do resultado, o presidente da Assembleia Legislativa, deputado Othelino Neto (PCdoB), ocupou a tribuna e reafirmou o compromisso de manter a autonomia e a independ\u00eancia do Poder Legislativo, em harmonia com os demais Poderes. Ele salientou que a elei\u00e7\u00e3o da nova Mesa Diretora foi fruto de conversas, de debates e de entendimento.<\/p>\n\n\n\n<p>\u201cFoi opini\u00e3o predominante nesta Casa de que este era o melhor momento de fazer a elei\u00e7\u00e3o. E, assim, fizemos, e o  resultado da elei\u00e7\u00e3o, que acabamos de ter, demonstra este esp\u00edrito de unidade, respeitando as diferen\u00e7as, a diversidade. Esse \u00e9, sem d\u00favida, o maior segredo para que a Assembleia continue dando uma grande contribui\u00e7\u00e3o para o Maranh\u00e3o\u201d, ressaltou Othelino Neto. <\/p>\n\n\n\n<div class=\"wp-block-image\"><figure class=\"aligncenter\"><img decoding=\"async\" src=\"https:\/\/www.blogsoestado.com\/danielmatos\/files\/2019\/05\/al-reelege3-1024x697.jpg\" alt=\"\" class=\"wp-image-62584\"\/><figcaption>O conselheiro do TCE Edmar Cutrim esteve presente \u00e0 sess\u00e3o em que os deputados renovaram o mandato de Othelino  <\/figcaption><\/figure><\/div>\n\n\n\n<p>O deputado Glalbert Cutrim (PDT) fez uso da palavra, para manifestar agradecimentos ao Plen\u00e1rio, depois de parabenizar o deputado Othelino Neto por sua recondu\u00e7\u00e3o \u00e0 Presid\u00eancia, na chapa da nova Mesa Diretora. Emocionado, anifestou sua alegria por poder participar da sess\u00e3o ao lado do pai, do irm\u00e3o Gil Cutrim e da esposa, com a filha prestes a nascer: \u201cN\u00e3o foi poss\u00edvel estar aqui, na primeira elei\u00e7\u00e3o ao lado do meu pai e ao lado do meu irm\u00e3o eleito deputado federal que n\u00e3o estiveram comigo no dia da minha posse. Da\u00ed porque hoje, sem d\u00favida, \u00e9 um dia muito emocionante para mim. E vou guardar para o resta da vida\u201d, declarou.<\/p>\n\n\n\n<p>A deputada Cleide Coutinho (PDT) parabenizou todos os parlamentares que participaram da elei\u00e7\u00e3o e agradeceu \u00e0 bancada do PDT a indica\u00e7\u00e3o de seu nome para compor a nova Mesa Diretora. \u201cEstou muito grata n\u00e3o s\u00f3 a voc\u00eas e ao presidente, estou grata ao nosso governador Fl\u00e1vio Dino, mas estou grata muito mais \u00e0quele que me pediu para ser deputada, que pediu que continuasse o trabalho dele e, gra\u00e7as a Deus, estou aqui e prometo a voc\u00ea, Humberto (Coutinho), e a voc\u00eas que me reelegeram aqui nesta Mesa ter um trabalho s\u00e9rio, honesto e comprometido com o futuro do nosso estado\u201d, afirmou Cleide Coutinho.<\/p>\n\n\n\n<p><strong>Entendimento<\/strong><\/p>\n\n\n\n<figure class=\"wp-block-image\"><img decoding=\"async\" src=\"https:\/\/www.blogsoestado.com\/danielmatos\/files\/2019\/05\/al-reelege4-1024x709.jpg\" alt=\"\" class=\"wp-image-62585\"\/><figcaption>Com a reelei\u00e7\u00e3o, Othelino Neto consolidou sua lideran\u00e7a pol\u00edtica no Maranh\u00e3o <\/figcaption><\/figure>\n\n\n\n<p>O deputado Ant\u00f4nio Pereira (DEM), que foi relator do projeto de antecipa\u00e7\u00e3o da elei\u00e7\u00e3o da Mesa Diretora, na Comiss\u00e3o de Constitui\u00e7\u00e3o e Justi\u00e7a, disse que a elei\u00e7\u00e3o desta segunda-feira foi fruto de um entendimento surgido a partir de muita discuss\u00e3o e de uma maturidade pol\u00edtica que buscou dar tranquilidade ao Poder Legislativo.<\/p>\n\n\n\n<p>O deputado Wellington do Curso (PSDB) salientou o trabalho do deputado Othelino na legislatura passada e no in\u00edcio dessa legislatura: \u201cCabe louvar o trabalho do deputado Othelino na aus\u00eancia do saudoso presidente deputado Humberto Coutinho, todas as vezes que t\u00e3o bem presidiu esta Casa e que foi conduzido \u00e0 Presid\u00eancia j\u00e1 na atual legislatura e agora j\u00e1 para o bi\u00eanio 2021 e 2022. Sou testemunha do trabalho que Othelino, \u00e0 frente desta Casa, faz sempre respeitando a oposi\u00e7\u00e3o e sempre no sentido de preservar esta Casa com o esp\u00edrito da harmonia e da independ\u00eancia\u201d, enfatizou.<\/p>\n","protected":false},"excerpt":{"rendered":"<p>Em sess\u00e3o extraordin\u00e1ria realizada na manh\u00e3 desta segunda-feira (6), o presidente Othelino Neto (PC do B) foi reeleito, por unanimidade, [&hellip;]<\/p>\n","protected":false},"author":0,"featured_media":0,"comment_status":"open","ping_status":"open","sticky":false,"template":"","format":"standard","meta":{"site-sidebar-layout":"default","site-content-layout":"","ast-site-content-layout":"default","site-content-style":"default","site-sidebar-style":"default","ast-global-header-display":"","ast-banner-title-visibility":"","ast-main-header-display":"","ast-hfb-above-header-display":"","ast-hfb-below-header-display":"","ast-hfb-mobile-header-display":"","site-post-title":"","ast-breadcrumbs-content":"","ast-featured-img":"","footer-sml-layout":"","ast-disable-related-posts":"","theme-transparent-header-meta":"","adv-header-id-meta":"","stick-header-meta":"","header-above-stick-meta":"","header-main-stick-meta":"","header-below-stick-meta":"","astra-migrate-meta-layouts":"default","ast-page-background-enabled":"default","ast-page-background-meta":{"desktop":{"background-color":"var(--ast-global-color-5)","background-image":"","background-repeat":"repeat","background-position":"center center","background-size":"auto","background-attachment":"scroll","background-type":"","background-media":"","overlay-type":"","overlay-color":"","overlay-opacity":"","overlay-gradient":""},"tablet":{"background-color":"","background-image":"","background-repeat":"repeat","background-position":"center center","background-size":"auto","background-attachment":"scroll","background-type":"","background-media":"","overlay-type":"","overlay-color":"","overlay-opacity":"","overlay-gradient":""},"mobile":{"background-color":"","background-image":"","background-repeat":"repeat","background-position":"center center","background-size":"auto","background-attachment":"scroll","background-type":"","background-media":"","overlay-type":"","overlay-color":"","overlay-opacity":"","overlay-gradient":""}},"ast-content-background-meta":{"desktop":{"background-color":"var(--ast-global-color-4)","background-image":"","background-repeat":"repeat","background-position":"center center","background-size":"auto","background-attachment":"scroll","background-type":"","background-media":"","overlay-type":"","overlay-color":"","overlay-opacity":"","overlay-gradient":""},"tablet":{"background-color":"var(--ast-global-color-4)","background-image":"","background-repeat":"repeat","background-position":"center center","background-size":"auto","background-attachment":"scroll","background-type":"","background-media":"","overlay-type":"","overlay-color":"","overlay-opacity":"","overlay-gradient":""},"mobile":{"background-color":"var(--ast-global-color-4)","background-image":"","background-repeat":"repeat","background-position":"center center","background-size":"auto","background-attachment":"scroll","background-type":"","background-media":"","overlay-type":"","overlay-color":"","overlay-opacity":"","overlay-gradient":""}},"footnotes":""},"categories":[1],"tags":[],"class_list":["post-62581","post","type-post","status-publish","format-standard","hentry","category-sem-categoria"],"yoast_head":"<!-- This site is optimized with the Yoast SEO plugin v26.6 - https:\/\/yoast.com\/wordpress\/plugins\/seo\/ -->\n<title>Othelino Neto \u00e9 reeleito por unanimidade para presidir a ALEMA no bi\u00eanio 2021\/2022 - Daniel Matos<\/title>\n<meta name=\"robots\" content=\"index, follow, max-snippet:-1, max-image-preview:large, max-video-preview:-1\" \/>\n<link rel=\"canonical\" href=\"https:\/\/www.blogsoestado.com\/danielmatos\/othelino-neto-e-reeleito-por-unanimidade-para-presidir-a-alema-no-bienio-2021-2022\/\" \/>\n<meta property=\"og:locale\" content=\"pt_BR\" \/>\n<meta property=\"og:type\" content=\"article\" \/>\n<meta property=\"og:title\" content=\"Othelino Neto \u00e9 reeleito por unanimidade para presidir a ALEMA no bi\u00eanio 2021\/2022 - Daniel Matos\" \/>\n<meta property=\"og:description\" content=\"Em sess\u00e3o extraordin\u00e1ria realizada na manh\u00e3 desta segunda-feira (6), o presidente Othelino Neto (PC do B) foi reeleito, por unanimidade, [&hellip;]\" \/>\n<meta property=\"og:url\" content=\"https:\/\/www.blogsoestado.com\/danielmatos\/othelino-neto-e-reeleito-por-unanimidade-para-presidir-a-alema-no-bienio-2021-2022\/\" \/>\n<meta property=\"og:site_name\" content=\"Daniel Matos\" \/>\n<meta property=\"article:published_time\" content=\"2019-05-06T19:15:52+00:00\" \/>\n<meta property=\"og:image\" content=\"https:\/\/www.blogsoestado.com\/danielmatos\/files\/2019\/05\/al-reelege-1024x700.jpg\" \/>\n<meta name=\"twitter:card\" content=\"summary_large_image\" \/>\n<meta name=\"twitter:label1\" content=\"Est. tempo de leitura\" \/>\n\t<meta name=\"twitter:data1\" content=\"4 minutos\" \/>\n<script type=\"application\/ld+json\" class=\"yoast-schema-graph\">{\"@context\":\"https:\/\/schema.org\",\"@graph\":[{\"@type\":\"WebPage\",\"@id\":\"https:\/\/www.blogsoestado.com\/danielmatos\/othelino-neto-e-reeleito-por-unanimidade-para-presidir-a-alema-no-bienio-2021-2022\/\",\"url\":\"https:\/\/www.blogsoestado.com\/danielmatos\/othelino-neto-e-reeleito-por-unanimidade-para-presidir-a-alema-no-bienio-2021-2022\/\",\"name\":\"Othelino Neto \u00e9 reeleito por unanimidade para presidir a ALEMA no bi\u00eanio 2021\/2022 - Daniel Matos\",\"isPartOf\":{\"@id\":\"https:\/\/www.blogsoestado.com\/danielmatos\/#website\"},\"primaryImageOfPage\":{\"@id\":\"https:\/\/www.blogsoestado.com\/danielmatos\/othelino-neto-e-reeleito-por-unanimidade-para-presidir-a-alema-no-bienio-2021-2022\/#primaryimage\"},\"image\":{\"@id\":\"https:\/\/www.blogsoestado.com\/danielmatos\/othelino-neto-e-reeleito-por-unanimidade-para-presidir-a-alema-no-bienio-2021-2022\/#primaryimage\"},\"thumbnailUrl\":\"https:\/\/www.blogsoestado.com\/danielmatos\/files\/2019\/05\/al-reelege-1024x700.jpg\",\"datePublished\":\"2019-05-06T19:15:52+00:00\",\"author\":{\"@id\":\"\"},\"breadcrumb\":{\"@id\":\"https:\/\/www.blogsoestado.com\/danielmatos\/othelino-neto-e-reeleito-por-unanimidade-para-presidir-a-alema-no-bienio-2021-2022\/#breadcrumb\"},\"inLanguage\":\"pt-BR\",\"potentialAction\":[{\"@type\":\"ReadAction\",\"target\":[\"https:\/\/www.blogsoestado.com\/danielmatos\/othelino-neto-e-reeleito-por-unanimidade-para-presidir-a-alema-no-bienio-2021-2022\/\"]}]},{\"@type\":\"ImageObject\",\"inLanguage\":\"pt-BR\",\"@id\":\"https:\/\/www.blogsoestado.com\/danielmatos\/othelino-neto-e-reeleito-por-unanimidade-para-presidir-a-alema-no-bienio-2021-2022\/#primaryimage\",\"url\":\"https:\/\/www.blogsoestado.com\/danielmatos\/files\/2019\/05\/al-reelege-1024x700.jpg\",\"contentUrl\":\"https:\/\/www.blogsoestado.com\/danielmatos\/files\/2019\/05\/al-reelege-1024x700.jpg\"},{\"@type\":\"BreadcrumbList\",\"@id\":\"https:\/\/www.blogsoestado.com\/danielmatos\/othelino-neto-e-reeleito-por-unanimidade-para-presidir-a-alema-no-bienio-2021-2022\/#breadcrumb\",\"itemListElement\":[{\"@type\":\"ListItem\",\"position\":1,\"name\":\"In\u00edcio\",\"item\":\"https:\/\/www.blogsoestado.com\/danielmatos\/\"},{\"@type\":\"ListItem\",\"position\":2,\"name\":\"Othelino Neto \u00e9 reeleito por unanimidade para presidir a ALEMA no bi\u00eanio 2021\/2022\"}]},{\"@type\":\"WebSite\",\"@id\":\"https:\/\/www.blogsoestado.com\/danielmatos\/#website\",\"url\":\"https:\/\/www.blogsoestado.com\/danielmatos\/\",\"name\":\"Daniel Matos\",\"description\":\"\",\"potentialAction\":[{\"@type\":\"SearchAction\",\"target\":{\"@type\":\"EntryPoint\",\"urlTemplate\":\"https:\/\/www.blogsoestado.com\/danielmatos\/?s={search_term_string}\"},\"query-input\":{\"@type\":\"PropertyValueSpecification\",\"valueRequired\":true,\"valueName\":\"search_term_string\"}}],\"inLanguage\":\"pt-BR\"}]}<\/script>\n<!-- \/ Yoast SEO plugin. -->","yoast_head_json":{"title":"Othelino Neto \u00e9 reeleito por unanimidade para presidir a ALEMA no bi\u00eanio 2021\/2022 - Daniel Matos","robots":{"index":"index","follow":"follow","max-snippet":"max-snippet:-1","max-image-preview":"max-image-preview:large","max-video-preview":"max-video-preview:-1"},"canonical":"https:\/\/www.blogsoestado.com\/danielmatos\/othelino-neto-e-reeleito-por-unanimidade-para-presidir-a-alema-no-bienio-2021-2022\/","og_locale":"pt_BR","og_type":"article","og_title":"Othelino Neto \u00e9 reeleito por unanimidade para presidir a ALEMA no bi\u00eanio 2021\/2022 - Daniel Matos","og_description":"Em sess\u00e3o extraordin\u00e1ria realizada na manh\u00e3 desta segunda-feira (6), o presidente Othelino Neto (PC do B) foi reeleito, por unanimidade, [&hellip;]","og_url":"https:\/\/www.blogsoestado.com\/danielmatos\/othelino-neto-e-reeleito-por-unanimidade-para-presidir-a-alema-no-bienio-2021-2022\/","og_site_name":"Daniel Matos","article_published_time":"2019-05-06T19:15:52+00:00","og_image":[{"url":"https:\/\/www.blogsoestado.com\/danielmatos\/files\/2019\/05\/al-reelege-1024x700.jpg","type":"","width":"","height":""}],"twitter_card":"summary_large_image","twitter_misc":{"Est. tempo de leitura":"4 minutos"},"schema":{"@context":"https:\/\/schema.org","@graph":[{"@type":"WebPage","@id":"https:\/\/www.blogsoestado.com\/danielmatos\/othelino-neto-e-reeleito-por-unanimidade-para-presidir-a-alema-no-bienio-2021-2022\/","url":"https:\/\/www.blogsoestado.com\/danielmatos\/othelino-neto-e-reeleito-por-unanimidade-para-presidir-a-alema-no-bienio-2021-2022\/","name":"Othelino Neto \u00e9 reeleito por unanimidade para presidir a ALEMA no bi\u00eanio 2021\/2022 - Daniel Matos","isPartOf":{"@id":"https:\/\/www.blogsoestado.com\/danielmatos\/#website"},"primaryImageOfPage":{"@id":"https:\/\/www.blogsoestado.com\/danielmatos\/othelino-neto-e-reeleito-por-unanimidade-para-presidir-a-alema-no-bienio-2021-2022\/#primaryimage"},"image":{"@id":"https:\/\/www.blogsoestado.com\/danielmatos\/othelino-neto-e-reeleito-por-unanimidade-para-presidir-a-alema-no-bienio-2021-2022\/#primaryimage"},"thumbnailUrl":"https:\/\/www.blogsoestado.com\/danielmatos\/files\/2019\/05\/al-reelege-1024x700.jpg","datePublished":"2019-05-06T19:15:52+00:00","author":{"@id":""},"breadcrumb":{"@id":"https:\/\/www.blogsoestado.com\/danielmatos\/othelino-neto-e-reeleito-por-unanimidade-para-presidir-a-alema-no-bienio-2021-2022\/#breadcrumb"},"inLanguage":"pt-BR","potentialAction":[{"@type":"ReadAction","target":["https:\/\/www.blogsoestado.com\/danielmatos\/othelino-neto-e-reeleito-por-unanimidade-para-presidir-a-alema-no-bienio-2021-2022\/"]}]},{"@type":"ImageObject","inLanguage":"pt-BR","@id":"https:\/\/www.blogsoestado.com\/danielmatos\/othelino-neto-e-reeleito-por-unanimidade-para-presidir-a-alema-no-bienio-2021-2022\/#primaryimage","url":"https:\/\/www.blogsoestado.com\/danielmatos\/files\/2019\/05\/al-reelege-1024x700.jpg","contentUrl":"https:\/\/www.blogsoestado.com\/danielmatos\/files\/2019\/05\/al-reelege-1024x700.jpg"},{"@type":"BreadcrumbList","@id":"https:\/\/www.blogsoestado.com\/danielmatos\/othelino-neto-e-reeleito-por-unanimidade-para-presidir-a-alema-no-bienio-2021-2022\/#breadcrumb","itemListElement":[{"@type":"ListItem","position":1,"name":"In\u00edcio","item":"https:\/\/www.blogsoestado.com\/danielmatos\/"},{"@type":"ListItem","position":2,"name":"Othelino Neto \u00e9 reeleito por unanimidade para presidir a ALEMA no bi\u00eanio 2021\/2022"}]},{"@type":"WebSite","@id":"https:\/\/www.blogsoestado.com\/danielmatos\/#website","url":"https:\/\/www.blogsoestado.com\/danielmatos\/","name":"Daniel Matos","description":"","potentialAction":[{"@type":"SearchAction","target":{"@type":"EntryPoint","urlTemplate":"https:\/\/www.blogsoestado.com\/danielmatos\/?s={search_term_string}"},"query-input":{"@type":"PropertyValueSpecification","valueRequired":true,"valueName":"search_term_string"}}],"inLanguage":"pt-BR"}]}},"jetpack_featured_media_url":"","_links":{"self":[{"href":"https:\/\/www.blogsoestado.com\/danielmatos\/wp-json\/wp\/v2\/posts\/62581","targetHints":{"allow":["GET"]}}],"collection":[{"href":"https:\/\/www.blogsoestado.com\/danielmatos\/wp-json\/wp\/v2\/posts"}],"about":[{"href":"https:\/\/www.blogsoestado.com\/danielmatos\/wp-json\/wp\/v2\/types\/post"}],"replies":[{"embeddable":true,"href":"https:\/\/www.blogsoestado.com\/danielmatos\/wp-json\/wp\/v2\/comments?post=62581"}],"version-history":[{"count":0,"href":"https:\/\/www.blogsoestado.com\/danielmatos\/wp-json\/wp\/v2\/posts\/62581\/revisions"}],"wp:attachment":[{"href":"https:\/\/www.blogsoestado.com\/danielmatos\/wp-json\/wp\/v2\/media?parent=62581"}],"wp:term":[{"taxonomy":"category","embeddable":true,"href":"https:\/\/www.blogsoestado.com\/danielmatos\/wp-json\/wp\/v2\/categories?post=62581"},{"taxonomy":"post_tag","embeddable":true,"href":"https:\/\/www.blogsoestado.com\/danielmatos\/wp-json\/wp\/v2\/tags?post=62581"}],"curies":[{"name":"wp","href":"https:\/\/api.w.org\/{rel}","templated":true}]}}