{"id":62601,"date":"2019-05-07T06:39:53","date_gmt":"2019-05-07T09:39:53","guid":{"rendered":"https:\/\/www.blogsoestado.com\/danielmatos\/?p=62601"},"modified":"2019-05-07T06:39:53","modified_gmt":"2019-05-07T09:39:53","slug":"resultado-da-eleicao-mostrou-o-fortalecimento-da-assembleia-diz-othelino-neto","status":"publish","type":"post","link":"https:\/\/www.blogsoestado.com\/danielmatos\/resultado-da-eleicao-mostrou-o-fortalecimento-da-assembleia-diz-othelino-neto\/","title":{"rendered":"&#8220;Resultado da elei\u00e7\u00e3o mostrou o fortalecimento da Assembleia&#8221;, diz Othelino Neto"},"content":{"rendered":"\n<div class=\"wp-block-image\"><figure class=\"aligncenter\"><img decoding=\"async\" src=\"https:\/\/www.blogsoestado.com\/danielmatos\/files\/2019\/05\/al-reelege4-1024x709.jpg\" alt=\"\" class=\"wp-image-62585\"\/><figcaption>Othelino defendeu o di\u00e1logo franco e aberto do Legislativo com os demais poderes<\/figcaption><\/figure><\/div>\n\n\n\n<p>Ao discursar em agradecimento \u00e0 sua reelei\u00e7\u00e3o, por unanimidade, em\u00a0chapa de consenso, o presidente\u00a0Othelino Neto (PCdoB) afirmou que o resultado do pleito mostrou o fortalecimento da Assembleia Legislativa. Dos nove cargos na Mesa Diretora atual, seis foram mantidos.\u00a0\u00a0Os novos deputados\u00a0eleitos para compor a Mesa no bi\u00eanio 2021\/2022\u00a0s\u00e3o Rildo Amaral (SD), na 3\u00ba vice-presid\u00eancia; C\u00e9sar Pires(PV), na 4\u00ba vice; e Paulo Neto (DEM), na 4\u00ba secretaria.<\/p>\n\n\n\n<p>\u201cEu n\u00e3o canso de enfatizar em todas as minhas falas que quando n\u00f3s conseguimos dialogar com os outros Poderes, isso n\u00e3o significa que nenhum dos outros esteja abrindo m\u00e3o de prerrogativas, ou que um esteja se curvando para o outro. Isso significa que, quando o Legislativo dialoga com o Executivo, com o Judici\u00e1rio, com o Minist\u00e9rio P\u00fablico, com o Tribunal de Contas, n\u00f3s estamos cumprindo com o nosso dever constitucional de estabelecer um di\u00e1logo franco e aberto com os outros Poderes e as outras institui\u00e7\u00f5es para o bem da sociedade\u201d, afirmou Othelino.<\/p>\n\n\n\n<p><strong>Agradecimentos<\/strong><\/p>\n\n\n\n<p>Ele ressaltou que a independ\u00eancia do Poderes \u00e9 necess\u00e1ria como trip\u00e9 principal do estado democr\u00e1tico de direito, que s\u00e3o os poderes funcionando de forma aut\u00f4noma e independente. \u201cEste equil\u00edbrio que o Maranh\u00e3o tem deve ser exemplo para ao Brasil. Os Poderes n\u00e3o devem e n\u00e3o podem se chocar, porque quando isso acontece, a democracia sai perdendo e o estado democr\u00e1tico de direito sai fragilizado\u201d, garantiu.<\/p>\n\n\n\n<p>Disse, ainda, que neste momento, em especial, de crise, \u00e9 preciso ter muita capacidade de di\u00e1logo a fim de que sejam superadas essas dificuldades para que o Brasil reaja e o Maranh\u00e3o tamb\u00e9m continue melhorando.<\/p>\n\n\n\n<p>\u201cAgrade\u00e7o novamente a confian\u00e7a de cada colega. N\u00f3s estaremos sempre juntos. Esta Mesa Diretora estar\u00e1 sempre \u00e0 disposi\u00e7\u00e3o de cada deputado, independente do partido no qual esteja, independentemente de sua prefer\u00eancia pol\u00edtico-eleitoral, independentemente de qualquer coisa. Esta Assembleia \u00e9 de todos n\u00f3s, dos 42 deputados e, sobretudo, de todos os maranhenses\u201d, assegurou.<\/p>\n\n\n\n<p>Finalizando, Othelino destacou que sempre trabalhou pela unidade do Parlamento, respeitando as diferen\u00e7as e com as mais diferentes for\u00e7as e blocos de oposi\u00e7\u00e3o permanecendo com acesso aos cargos da Mesa Diretora.&nbsp; &#8220;A Assembleia deve ser uma Casa de diferentes com o \u00fanico intuito de defender os interesses do Estado\u201d.<\/p>\n","protected":false},"excerpt":{"rendered":"<p>Ao discursar em agradecimento \u00e0 sua reelei\u00e7\u00e3o, por unanimidade, em\u00a0chapa de consenso, o presidente\u00a0Othelino Neto (PCdoB) afirmou que o resultado [&hellip;]<\/p>\n","protected":false},"author":0,"featured_media":0,"comment_status":"open","ping_status":"open","sticky":false,"template":"","format":"standard","meta":{"site-sidebar-layout":"default","site-content-layout":"","ast-site-content-layout":"default","site-content-style":"default","site-sidebar-style":"default","ast-global-header-display":"","ast-banner-title-visibility":"","ast-main-header-display":"","ast-hfb-above-header-display":"","ast-hfb-below-header-display":"","ast-hfb-mobile-header-display":"","site-post-title":"","ast-breadcrumbs-content":"","ast-featured-img":"","footer-sml-layout":"","ast-disable-related-posts":"","theme-transparent-header-meta":"","adv-header-id-meta":"","stick-header-meta":"","header-above-stick-meta":"","header-main-stick-meta":"","header-below-stick-meta":"","astra-migrate-meta-layouts":"default","ast-page-background-enabled":"default","ast-page-background-meta":{"desktop":{"background-color":"var(--ast-global-color-5)","background-image":"","background-repeat":"repeat","background-position":"center center","background-size":"auto","background-attachment":"scroll","background-type":"","background-media":"","overlay-type":"","overlay-color":"","overlay-opacity":"","overlay-gradient":""},"tablet":{"background-color":"","background-image":"","background-repeat":"repeat","background-position":"center center","background-size":"auto","background-attachment":"scroll","background-type":"","background-media":"","overlay-type":"","overlay-color":"","overlay-opacity":"","overlay-gradient":""},"mobile":{"background-color":"","background-image":"","background-repeat":"repeat","background-position":"center center","background-size":"auto","background-attachment":"scroll","background-type":"","background-media":"","overlay-type":"","overlay-color":"","overlay-opacity":"","overlay-gradient":""}},"ast-content-background-meta":{"desktop":{"background-color":"var(--ast-global-color-4)","background-image":"","background-repeat":"repeat","background-position":"center center","background-size":"auto","background-attachment":"scroll","background-type":"","background-media":"","overlay-type":"","overlay-color":"","overlay-opacity":"","overlay-gradient":""},"tablet":{"background-color":"var(--ast-global-color-4)","background-image":"","background-repeat":"repeat","background-position":"center center","background-size":"auto","background-attachment":"scroll","background-type":"","background-media":"","overlay-type":"","overlay-color":"","overlay-opacity":"","overlay-gradient":""},"mobile":{"background-color":"var(--ast-global-color-4)","background-image":"","background-repeat":"repeat","background-position":"center center","background-size":"auto","background-attachment":"scroll","background-type":"","background-media":"","overlay-type":"","overlay-color":"","overlay-opacity":"","overlay-gradient":""}},"footnotes":""},"categories":[1],"tags":[],"class_list":["post-62601","post","type-post","status-publish","format-standard","hentry","category-sem-categoria"],"yoast_head":"<!-- This site is optimized with the Yoast SEO plugin v26.6 - https:\/\/yoast.com\/wordpress\/plugins\/seo\/ -->\n<title>&quot;Resultado da elei\u00e7\u00e3o mostrou o fortalecimento da Assembleia&quot;, diz Othelino Neto - Daniel Matos<\/title>\n<meta name=\"robots\" content=\"index, follow, max-snippet:-1, max-image-preview:large, max-video-preview:-1\" \/>\n<link rel=\"canonical\" href=\"https:\/\/www.blogsoestado.com\/danielmatos\/resultado-da-eleicao-mostrou-o-fortalecimento-da-assembleia-diz-othelino-neto\/\" \/>\n<meta property=\"og:locale\" content=\"pt_BR\" \/>\n<meta property=\"og:type\" content=\"article\" \/>\n<meta property=\"og:title\" content=\"&quot;Resultado da elei\u00e7\u00e3o mostrou o fortalecimento da Assembleia&quot;, diz Othelino Neto - Daniel Matos\" \/>\n<meta property=\"og:description\" content=\"Ao discursar em agradecimento \u00e0 sua reelei\u00e7\u00e3o, por unanimidade, em\u00a0chapa de consenso, o presidente\u00a0Othelino Neto (PCdoB) afirmou que o resultado [&hellip;]\" \/>\n<meta property=\"og:url\" content=\"https:\/\/www.blogsoestado.com\/danielmatos\/resultado-da-eleicao-mostrou-o-fortalecimento-da-assembleia-diz-othelino-neto\/\" \/>\n<meta property=\"og:site_name\" content=\"Daniel Matos\" \/>\n<meta property=\"article:published_time\" content=\"2019-05-07T09:39:53+00:00\" \/>\n<meta property=\"og:image\" content=\"https:\/\/www.blogsoestado.com\/danielmatos\/files\/2019\/05\/al-reelege4-1024x709.jpg\" \/>\n<meta name=\"twitter:card\" content=\"summary_large_image\" \/>\n<meta name=\"twitter:label1\" content=\"Est. tempo de leitura\" \/>\n\t<meta name=\"twitter:data1\" content=\"2 minutos\" \/>\n<script type=\"application\/ld+json\" class=\"yoast-schema-graph\">{\"@context\":\"https:\/\/schema.org\",\"@graph\":[{\"@type\":\"WebPage\",\"@id\":\"https:\/\/www.blogsoestado.com\/danielmatos\/resultado-da-eleicao-mostrou-o-fortalecimento-da-assembleia-diz-othelino-neto\/\",\"url\":\"https:\/\/www.blogsoestado.com\/danielmatos\/resultado-da-eleicao-mostrou-o-fortalecimento-da-assembleia-diz-othelino-neto\/\",\"name\":\"\\\"Resultado da elei\u00e7\u00e3o mostrou o fortalecimento da Assembleia\\\", diz Othelino Neto - Daniel Matos\",\"isPartOf\":{\"@id\":\"https:\/\/www.blogsoestado.com\/danielmatos\/#website\"},\"primaryImageOfPage\":{\"@id\":\"https:\/\/www.blogsoestado.com\/danielmatos\/resultado-da-eleicao-mostrou-o-fortalecimento-da-assembleia-diz-othelino-neto\/#primaryimage\"},\"image\":{\"@id\":\"https:\/\/www.blogsoestado.com\/danielmatos\/resultado-da-eleicao-mostrou-o-fortalecimento-da-assembleia-diz-othelino-neto\/#primaryimage\"},\"thumbnailUrl\":\"https:\/\/www.blogsoestado.com\/danielmatos\/files\/2019\/05\/al-reelege4-1024x709.jpg\",\"datePublished\":\"2019-05-07T09:39:53+00:00\",\"author\":{\"@id\":\"\"},\"breadcrumb\":{\"@id\":\"https:\/\/www.blogsoestado.com\/danielmatos\/resultado-da-eleicao-mostrou-o-fortalecimento-da-assembleia-diz-othelino-neto\/#breadcrumb\"},\"inLanguage\":\"pt-BR\",\"potentialAction\":[{\"@type\":\"ReadAction\",\"target\":[\"https:\/\/www.blogsoestado.com\/danielmatos\/resultado-da-eleicao-mostrou-o-fortalecimento-da-assembleia-diz-othelino-neto\/\"]}]},{\"@type\":\"ImageObject\",\"inLanguage\":\"pt-BR\",\"@id\":\"https:\/\/www.blogsoestado.com\/danielmatos\/resultado-da-eleicao-mostrou-o-fortalecimento-da-assembleia-diz-othelino-neto\/#primaryimage\",\"url\":\"https:\/\/www.blogsoestado.com\/danielmatos\/files\/2019\/05\/al-reelege4-1024x709.jpg\",\"contentUrl\":\"https:\/\/www.blogsoestado.com\/danielmatos\/files\/2019\/05\/al-reelege4-1024x709.jpg\"},{\"@type\":\"BreadcrumbList\",\"@id\":\"https:\/\/www.blogsoestado.com\/danielmatos\/resultado-da-eleicao-mostrou-o-fortalecimento-da-assembleia-diz-othelino-neto\/#breadcrumb\",\"itemListElement\":[{\"@type\":\"ListItem\",\"position\":1,\"name\":\"In\u00edcio\",\"item\":\"https:\/\/www.blogsoestado.com\/danielmatos\/\"},{\"@type\":\"ListItem\",\"position\":2,\"name\":\"&#8220;Resultado da elei\u00e7\u00e3o mostrou o fortalecimento da Assembleia&#8221;, diz Othelino Neto\"}]},{\"@type\":\"WebSite\",\"@id\":\"https:\/\/www.blogsoestado.com\/danielmatos\/#website\",\"url\":\"https:\/\/www.blogsoestado.com\/danielmatos\/\",\"name\":\"Daniel Matos\",\"description\":\"\",\"potentialAction\":[{\"@type\":\"SearchAction\",\"target\":{\"@type\":\"EntryPoint\",\"urlTemplate\":\"https:\/\/www.blogsoestado.com\/danielmatos\/?s={search_term_string}\"},\"query-input\":{\"@type\":\"PropertyValueSpecification\",\"valueRequired\":true,\"valueName\":\"search_term_string\"}}],\"inLanguage\":\"pt-BR\"}]}<\/script>\n<!-- \/ Yoast SEO plugin. -->","yoast_head_json":{"title":"\"Resultado da elei\u00e7\u00e3o mostrou o fortalecimento da Assembleia\", diz Othelino Neto - Daniel Matos","robots":{"index":"index","follow":"follow","max-snippet":"max-snippet:-1","max-image-preview":"max-image-preview:large","max-video-preview":"max-video-preview:-1"},"canonical":"https:\/\/www.blogsoestado.com\/danielmatos\/resultado-da-eleicao-mostrou-o-fortalecimento-da-assembleia-diz-othelino-neto\/","og_locale":"pt_BR","og_type":"article","og_title":"\"Resultado da elei\u00e7\u00e3o mostrou o fortalecimento da Assembleia\", diz Othelino Neto - Daniel Matos","og_description":"Ao discursar em agradecimento \u00e0 sua reelei\u00e7\u00e3o, por unanimidade, em\u00a0chapa de consenso, o presidente\u00a0Othelino Neto (PCdoB) afirmou que o resultado [&hellip;]","og_url":"https:\/\/www.blogsoestado.com\/danielmatos\/resultado-da-eleicao-mostrou-o-fortalecimento-da-assembleia-diz-othelino-neto\/","og_site_name":"Daniel Matos","article_published_time":"2019-05-07T09:39:53+00:00","og_image":[{"url":"https:\/\/www.blogsoestado.com\/danielmatos\/files\/2019\/05\/al-reelege4-1024x709.jpg","type":"","width":"","height":""}],"twitter_card":"summary_large_image","twitter_misc":{"Est. tempo de leitura":"2 minutos"},"schema":{"@context":"https:\/\/schema.org","@graph":[{"@type":"WebPage","@id":"https:\/\/www.blogsoestado.com\/danielmatos\/resultado-da-eleicao-mostrou-o-fortalecimento-da-assembleia-diz-othelino-neto\/","url":"https:\/\/www.blogsoestado.com\/danielmatos\/resultado-da-eleicao-mostrou-o-fortalecimento-da-assembleia-diz-othelino-neto\/","name":"\"Resultado da elei\u00e7\u00e3o mostrou o fortalecimento da Assembleia\", diz Othelino Neto - Daniel Matos","isPartOf":{"@id":"https:\/\/www.blogsoestado.com\/danielmatos\/#website"},"primaryImageOfPage":{"@id":"https:\/\/www.blogsoestado.com\/danielmatos\/resultado-da-eleicao-mostrou-o-fortalecimento-da-assembleia-diz-othelino-neto\/#primaryimage"},"image":{"@id":"https:\/\/www.blogsoestado.com\/danielmatos\/resultado-da-eleicao-mostrou-o-fortalecimento-da-assembleia-diz-othelino-neto\/#primaryimage"},"thumbnailUrl":"https:\/\/www.blogsoestado.com\/danielmatos\/files\/2019\/05\/al-reelege4-1024x709.jpg","datePublished":"2019-05-07T09:39:53+00:00","author":{"@id":""},"breadcrumb":{"@id":"https:\/\/www.blogsoestado.com\/danielmatos\/resultado-da-eleicao-mostrou-o-fortalecimento-da-assembleia-diz-othelino-neto\/#breadcrumb"},"inLanguage":"pt-BR","potentialAction":[{"@type":"ReadAction","target":["https:\/\/www.blogsoestado.com\/danielmatos\/resultado-da-eleicao-mostrou-o-fortalecimento-da-assembleia-diz-othelino-neto\/"]}]},{"@type":"ImageObject","inLanguage":"pt-BR","@id":"https:\/\/www.blogsoestado.com\/danielmatos\/resultado-da-eleicao-mostrou-o-fortalecimento-da-assembleia-diz-othelino-neto\/#primaryimage","url":"https:\/\/www.blogsoestado.com\/danielmatos\/files\/2019\/05\/al-reelege4-1024x709.jpg","contentUrl":"https:\/\/www.blogsoestado.com\/danielmatos\/files\/2019\/05\/al-reelege4-1024x709.jpg"},{"@type":"BreadcrumbList","@id":"https:\/\/www.blogsoestado.com\/danielmatos\/resultado-da-eleicao-mostrou-o-fortalecimento-da-assembleia-diz-othelino-neto\/#breadcrumb","itemListElement":[{"@type":"ListItem","position":1,"name":"In\u00edcio","item":"https:\/\/www.blogsoestado.com\/danielmatos\/"},{"@type":"ListItem","position":2,"name":"&#8220;Resultado da elei\u00e7\u00e3o mostrou o fortalecimento da Assembleia&#8221;, diz Othelino Neto"}]},{"@type":"WebSite","@id":"https:\/\/www.blogsoestado.com\/danielmatos\/#website","url":"https:\/\/www.blogsoestado.com\/danielmatos\/","name":"Daniel Matos","description":"","potentialAction":[{"@type":"SearchAction","target":{"@type":"EntryPoint","urlTemplate":"https:\/\/www.blogsoestado.com\/danielmatos\/?s={search_term_string}"},"query-input":{"@type":"PropertyValueSpecification","valueRequired":true,"valueName":"search_term_string"}}],"inLanguage":"pt-BR"}]}},"jetpack_featured_media_url":"","_links":{"self":[{"href":"https:\/\/www.blogsoestado.com\/danielmatos\/wp-json\/wp\/v2\/posts\/62601","targetHints":{"allow":["GET"]}}],"collection":[{"href":"https:\/\/www.blogsoestado.com\/danielmatos\/wp-json\/wp\/v2\/posts"}],"about":[{"href":"https:\/\/www.blogsoestado.com\/danielmatos\/wp-json\/wp\/v2\/types\/post"}],"replies":[{"embeddable":true,"href":"https:\/\/www.blogsoestado.com\/danielmatos\/wp-json\/wp\/v2\/comments?post=62601"}],"version-history":[{"count":0,"href":"https:\/\/www.blogsoestado.com\/danielmatos\/wp-json\/wp\/v2\/posts\/62601\/revisions"}],"wp:attachment":[{"href":"https:\/\/www.blogsoestado.com\/danielmatos\/wp-json\/wp\/v2\/media?parent=62601"}],"wp:term":[{"taxonomy":"category","embeddable":true,"href":"https:\/\/www.blogsoestado.com\/danielmatos\/wp-json\/wp\/v2\/categories?post=62601"},{"taxonomy":"post_tag","embeddable":true,"href":"https:\/\/www.blogsoestado.com\/danielmatos\/wp-json\/wp\/v2\/tags?post=62601"}],"curies":[{"name":"wp","href":"https:\/\/api.w.org\/{rel}","templated":true}]}}