{"id":62605,"date":"2019-05-07T10:03:20","date_gmt":"2019-05-07T13:03:20","guid":{"rendered":"https:\/\/www.blogsoestado.com\/danielmatos\/?p=62605"},"modified":"2019-05-07T10:03:20","modified_gmt":"2019-05-07T13:03:20","slug":"vereador-dr-gutemberg-solicita-reformas-das-escolas-mata-roma-e-zuleide-bogea","status":"publish","type":"post","link":"https:\/\/www.blogsoestado.com\/danielmatos\/vereador-dr-gutemberg-solicita-reformas-das-escolas-mata-roma-e-zuleide-bogea\/","title":{"rendered":"Vereador Dr. Gutemberg solicita reformas das escolas Mata Roma e Zuleide Bog\u00e9a"},"content":{"rendered":"\n<div class=\"wp-block-image\"><figure class=\"alignleft is-resized\"><img fetchpriority=\"high\" decoding=\"async\" src=\"https:\/\/www.blogsoestado.com\/danielmatos\/files\/2019\/05\/gutemberg-escola-768x1024.jpg\" alt=\"\" class=\"wp-image-62606\" width=\"304\" height=\"404\"\/><figcaption>Em reuni\u00e3o com o secret\u00e1rio Moacir Feitosa, Gutemberg solicitou recupera\u00e7\u00e3o urgente de escolas municipais no Vera Cruz e na Cidade Oper\u00e1ria <\/figcaption><\/figure><\/div>\n\n\n\n<p>Em reuni\u00e3o realizada com o secret\u00e1rio municipal de Educa\u00e7\u00e3o, Moacir Feitosa, o vereador Dr. Gutemberg Ara\u00fajo solicitou com urg\u00eancia as reformas das escolas: \u2018UEB Mata Roma\u2019, na Avenida 103 da Cidade Oper\u00e1ria, e Escola \u2018UEB Zuleide Bog\u00e9a\u2019, no bairro Vera Cruz.<\/p>\n\n\n\n<p>&#8220;\u00c9 preciso dar condi\u00e7\u00f5es aos nossos alunos para que se tenham uma educa\u00e7\u00e3o digna.&nbsp; A Escola Mata Roma, por exemplo, tem um espa\u00e7o muito bom, mas est\u00e1 fechada h\u00e1 muito tempo. O secret\u00e1rio se mostrou muito sol\u00edcito para atender aos pedidos que recebi das m\u00e3es e pais, que est\u00e3o vendo seus filhos serem prejudicados pela falta de estrutura nessas escolas&#8221;&nbsp;,&nbsp;afirma Dr. Gutemberg.&nbsp;&nbsp;<\/p>\n\n\n\n<p>Atendendo ao pedido do vereador, o secret\u00e1rio Moacir Feitosa confirmou que na \u2018UEB Mata Roma\u2019, as obras ser\u00e3o reiniciadas no final do m\u00eas de maio.&nbsp;<\/p>\n\n\n\n<p>\u201cNesse per\u00edodo chuvoso, vamos corrigir goteiras e parte el\u00e9trica tamb\u00e9m. Quero entregar a escola ao final de julho\u201d,&nbsp;confirmou o secret\u00e1rio ao parlamentar.<\/p>\n\n\n\n<p>Em rela\u00e7\u00e3o a \u2018UEB Zuleide Bog\u00e9a\u2019, no bairro Vera Cruz, o secret\u00e1rio Moacir Feitosa pediu apoio ao vereador Dr. Gutemberg para ajud\u00e1-lo a conseguir um espa\u00e7o para transfer\u00eancia das aulas, durante a realiza\u00e7\u00e3o das obras.<\/p>\n\n\n\n<p>Dr. Gutemberg ainda pontuou alguns avan\u00e7os que o secret\u00e1rio Moacir Feitosa esclareceu ao parlamentar.<\/p>\n\n\n\n<p>&#8220;Segundo o secret\u00e1rio Moacir Feitosa, na gest\u00e3o do prefeito Edivaldo Holanda, foram reformadas 170 escolas, sendo que 62 ainda foram climatizadas. Tiveram avan\u00e7os na seguran\u00e7a das escolas. Criaram uma Pol\u00edtica de Educa\u00e7\u00e3o e ainda contrataram mais agentes de portaria. Foram comprados mais de 1.200 computadores notebooks para professores, entre outras a\u00e7\u00f5es&#8221;, destaca Gutemberg Ara\u00fajo.<\/p>\n\n\n\n<p><strong>Creches<\/strong><\/p>\n\n\n\n<p>Durante a reuni\u00e3o, o vereador aproveitou para saber sobre a constru\u00e7\u00e3o das creches.&nbsp;O secret\u00e1rio de educa\u00e7\u00e3o informou&nbsp;que&nbsp;ser\u00e3o entregues duas creches neste semestre: uma na Ch\u00e1cara Brasil e outra na Cidade Oper\u00e1ria. Cada uma com capacidade para 200 crian\u00e7as.<\/p>\n\n\n\n<p>Na oportunidade, Dr. Gutemberg ainda lembrou ao secret\u00e1rio sobre o projeto de Lei n\u00b0 233\/ 2017, que disp\u00f5e sobre a obrigatoriedade de instala\u00e7\u00e3o de wi-fi nas escolas municipais. O projeto aguarda a san\u00e7\u00e3o do Executivo Municipal. \u00a0<\/p>\n\n\n\n<p>\u201cO projeto beneficiar\u00e1 alunos e professores, de forma que possibilite a conex\u00e3o em todo o espa\u00e7o das Institui\u00e7\u00f5es. Dessa forma, se amplia o acesso ao conhecimento e se contribui para uma realidade mais integrada e tecnol\u00f3gica\u201d, frisa Dr. Gutemberg Ara\u00fajo.<\/p>\n\n\n\n<p>Para finalizar, o vereador informou que o secret\u00e1rio Moacir Feitosa se comprometeu a comparecer \u00e0 C\u00e2mara Municipal de S\u00e3o Lu\u00eds para prestar esclarecimentos sobre as a\u00e7\u00f5es da sua pasta.<\/p>\n","protected":false},"excerpt":{"rendered":"<p>Em reuni\u00e3o realizada com o secret\u00e1rio municipal de Educa\u00e7\u00e3o, Moacir Feitosa, o vereador Dr. Gutemberg Ara\u00fajo solicitou com urg\u00eancia as [&hellip;]<\/p>\n","protected":false},"author":0,"featured_media":0,"comment_status":"open","ping_status":"open","sticky":false,"template":"","format":"standard","meta":{"site-sidebar-layout":"default","site-content-layout":"","ast-site-content-layout":"default","site-content-style":"default","site-sidebar-style":"default","ast-global-header-display":"","ast-banner-title-visibility":"","ast-main-header-display":"","ast-hfb-above-header-display":"","ast-hfb-below-header-display":"","ast-hfb-mobile-header-display":"","site-post-title":"","ast-breadcrumbs-content":"","ast-featured-img":"","footer-sml-layout":"","ast-disable-related-posts":"","theme-transparent-header-meta":"","adv-header-id-meta":"","stick-header-meta":"","header-above-stick-meta":"","header-main-stick-meta":"","header-below-stick-meta":"","astra-migrate-meta-layouts":"default","ast-page-background-enabled":"default","ast-page-background-meta":{"desktop":{"background-color":"var(--ast-global-color-5)","background-image":"","background-repeat":"repeat","background-position":"center center","background-size":"auto","background-attachment":"scroll","background-type":"","background-media":"","overlay-type":"","overlay-color":"","overlay-opacity":"","overlay-gradient":""},"tablet":{"background-color":"","background-image":"","background-repeat":"repeat","background-position":"center center","background-size":"auto","background-attachment":"scroll","background-type":"","background-media":"","overlay-type":"","overlay-color":"","overlay-opacity":"","overlay-gradient":""},"mobile":{"background-color":"","background-image":"","background-repeat":"repeat","background-position":"center center","background-size":"auto","background-attachment":"scroll","background-type":"","background-media":"","overlay-type":"","overlay-color":"","overlay-opacity":"","overlay-gradient":""}},"ast-content-background-meta":{"desktop":{"background-color":"var(--ast-global-color-4)","background-image":"","background-repeat":"repeat","background-position":"center center","background-size":"auto","background-attachment":"scroll","background-type":"","background-media":"","overlay-type":"","overlay-color":"","overlay-opacity":"","overlay-gradient":""},"tablet":{"background-color":"var(--ast-global-color-4)","background-image":"","background-repeat":"repeat","background-position":"center center","background-size":"auto","background-attachment":"scroll","background-type":"","background-media":"","overlay-type":"","overlay-color":"","overlay-opacity":"","overlay-gradient":""},"mobile":{"background-color":"var(--ast-global-color-4)","background-image":"","background-repeat":"repeat","background-position":"center center","background-size":"auto","background-attachment":"scroll","background-type":"","background-media":"","overlay-type":"","overlay-color":"","overlay-opacity":"","overlay-gradient":""}},"footnotes":""},"categories":[1],"tags":[],"class_list":["post-62605","post","type-post","status-publish","format-standard","hentry","category-sem-categoria"],"yoast_head":"<!-- This site is optimized with the Yoast SEO plugin v26.6 - https:\/\/yoast.com\/wordpress\/plugins\/seo\/ -->\n<title>Vereador Dr. Gutemberg solicita reformas das escolas Mata Roma e Zuleide Bog\u00e9a - Daniel Matos<\/title>\n<meta name=\"robots\" content=\"index, follow, max-snippet:-1, max-image-preview:large, max-video-preview:-1\" \/>\n<link rel=\"canonical\" href=\"https:\/\/www.blogsoestado.com\/danielmatos\/vereador-dr-gutemberg-solicita-reformas-das-escolas-mata-roma-e-zuleide-bogea\/\" \/>\n<meta property=\"og:locale\" content=\"pt_BR\" \/>\n<meta property=\"og:type\" content=\"article\" \/>\n<meta property=\"og:title\" content=\"Vereador Dr. Gutemberg solicita reformas das escolas Mata Roma e Zuleide Bog\u00e9a - Daniel Matos\" \/>\n<meta property=\"og:description\" content=\"Em reuni\u00e3o realizada com o secret\u00e1rio municipal de Educa\u00e7\u00e3o, Moacir Feitosa, o vereador Dr. Gutemberg Ara\u00fajo solicitou com urg\u00eancia as [&hellip;]\" \/>\n<meta property=\"og:url\" content=\"https:\/\/www.blogsoestado.com\/danielmatos\/vereador-dr-gutemberg-solicita-reformas-das-escolas-mata-roma-e-zuleide-bogea\/\" \/>\n<meta property=\"og:site_name\" content=\"Daniel Matos\" \/>\n<meta property=\"article:published_time\" content=\"2019-05-07T13:03:20+00:00\" \/>\n<meta property=\"og:image\" content=\"https:\/\/www.blogsoestado.com\/danielmatos\/files\/2019\/05\/gutemberg-escola-768x1024.jpg\" \/>\n<meta name=\"twitter:card\" content=\"summary_large_image\" \/>\n<meta name=\"twitter:label1\" content=\"Est. tempo de leitura\" \/>\n\t<meta name=\"twitter:data1\" content=\"2 minutos\" \/>\n<script type=\"application\/ld+json\" class=\"yoast-schema-graph\">{\"@context\":\"https:\/\/schema.org\",\"@graph\":[{\"@type\":\"WebPage\",\"@id\":\"https:\/\/www.blogsoestado.com\/danielmatos\/vereador-dr-gutemberg-solicita-reformas-das-escolas-mata-roma-e-zuleide-bogea\/\",\"url\":\"https:\/\/www.blogsoestado.com\/danielmatos\/vereador-dr-gutemberg-solicita-reformas-das-escolas-mata-roma-e-zuleide-bogea\/\",\"name\":\"Vereador Dr. Gutemberg solicita reformas das escolas Mata Roma e Zuleide Bog\u00e9a - Daniel Matos\",\"isPartOf\":{\"@id\":\"https:\/\/www.blogsoestado.com\/danielmatos\/#website\"},\"primaryImageOfPage\":{\"@id\":\"https:\/\/www.blogsoestado.com\/danielmatos\/vereador-dr-gutemberg-solicita-reformas-das-escolas-mata-roma-e-zuleide-bogea\/#primaryimage\"},\"image\":{\"@id\":\"https:\/\/www.blogsoestado.com\/danielmatos\/vereador-dr-gutemberg-solicita-reformas-das-escolas-mata-roma-e-zuleide-bogea\/#primaryimage\"},\"thumbnailUrl\":\"https:\/\/www.blogsoestado.com\/danielmatos\/files\/2019\/05\/gutemberg-escola-768x1024.jpg\",\"datePublished\":\"2019-05-07T13:03:20+00:00\",\"author\":{\"@id\":\"\"},\"breadcrumb\":{\"@id\":\"https:\/\/www.blogsoestado.com\/danielmatos\/vereador-dr-gutemberg-solicita-reformas-das-escolas-mata-roma-e-zuleide-bogea\/#breadcrumb\"},\"inLanguage\":\"pt-BR\",\"potentialAction\":[{\"@type\":\"ReadAction\",\"target\":[\"https:\/\/www.blogsoestado.com\/danielmatos\/vereador-dr-gutemberg-solicita-reformas-das-escolas-mata-roma-e-zuleide-bogea\/\"]}]},{\"@type\":\"ImageObject\",\"inLanguage\":\"pt-BR\",\"@id\":\"https:\/\/www.blogsoestado.com\/danielmatos\/vereador-dr-gutemberg-solicita-reformas-das-escolas-mata-roma-e-zuleide-bogea\/#primaryimage\",\"url\":\"https:\/\/www.blogsoestado.com\/danielmatos\/files\/2019\/05\/gutemberg-escola-768x1024.jpg\",\"contentUrl\":\"https:\/\/www.blogsoestado.com\/danielmatos\/files\/2019\/05\/gutemberg-escola-768x1024.jpg\"},{\"@type\":\"BreadcrumbList\",\"@id\":\"https:\/\/www.blogsoestado.com\/danielmatos\/vereador-dr-gutemberg-solicita-reformas-das-escolas-mata-roma-e-zuleide-bogea\/#breadcrumb\",\"itemListElement\":[{\"@type\":\"ListItem\",\"position\":1,\"name\":\"In\u00edcio\",\"item\":\"https:\/\/www.blogsoestado.com\/danielmatos\/\"},{\"@type\":\"ListItem\",\"position\":2,\"name\":\"Vereador Dr. Gutemberg solicita reformas das escolas Mata Roma e Zuleide Bog\u00e9a\"}]},{\"@type\":\"WebSite\",\"@id\":\"https:\/\/www.blogsoestado.com\/danielmatos\/#website\",\"url\":\"https:\/\/www.blogsoestado.com\/danielmatos\/\",\"name\":\"Daniel Matos\",\"description\":\"\",\"potentialAction\":[{\"@type\":\"SearchAction\",\"target\":{\"@type\":\"EntryPoint\",\"urlTemplate\":\"https:\/\/www.blogsoestado.com\/danielmatos\/?s={search_term_string}\"},\"query-input\":{\"@type\":\"PropertyValueSpecification\",\"valueRequired\":true,\"valueName\":\"search_term_string\"}}],\"inLanguage\":\"pt-BR\"}]}<\/script>\n<!-- \/ Yoast SEO plugin. -->","yoast_head_json":{"title":"Vereador Dr. Gutemberg solicita reformas das escolas Mata Roma e Zuleide Bog\u00e9a - Daniel Matos","robots":{"index":"index","follow":"follow","max-snippet":"max-snippet:-1","max-image-preview":"max-image-preview:large","max-video-preview":"max-video-preview:-1"},"canonical":"https:\/\/www.blogsoestado.com\/danielmatos\/vereador-dr-gutemberg-solicita-reformas-das-escolas-mata-roma-e-zuleide-bogea\/","og_locale":"pt_BR","og_type":"article","og_title":"Vereador Dr. Gutemberg solicita reformas das escolas Mata Roma e Zuleide Bog\u00e9a - Daniel Matos","og_description":"Em reuni\u00e3o realizada com o secret\u00e1rio municipal de Educa\u00e7\u00e3o, Moacir Feitosa, o vereador Dr. Gutemberg Ara\u00fajo solicitou com urg\u00eancia as [&hellip;]","og_url":"https:\/\/www.blogsoestado.com\/danielmatos\/vereador-dr-gutemberg-solicita-reformas-das-escolas-mata-roma-e-zuleide-bogea\/","og_site_name":"Daniel Matos","article_published_time":"2019-05-07T13:03:20+00:00","og_image":[{"url":"https:\/\/www.blogsoestado.com\/danielmatos\/files\/2019\/05\/gutemberg-escola-768x1024.jpg","type":"","width":"","height":""}],"twitter_card":"summary_large_image","twitter_misc":{"Est. tempo de leitura":"2 minutos"},"schema":{"@context":"https:\/\/schema.org","@graph":[{"@type":"WebPage","@id":"https:\/\/www.blogsoestado.com\/danielmatos\/vereador-dr-gutemberg-solicita-reformas-das-escolas-mata-roma-e-zuleide-bogea\/","url":"https:\/\/www.blogsoestado.com\/danielmatos\/vereador-dr-gutemberg-solicita-reformas-das-escolas-mata-roma-e-zuleide-bogea\/","name":"Vereador Dr. Gutemberg solicita reformas das escolas Mata Roma e Zuleide Bog\u00e9a - Daniel Matos","isPartOf":{"@id":"https:\/\/www.blogsoestado.com\/danielmatos\/#website"},"primaryImageOfPage":{"@id":"https:\/\/www.blogsoestado.com\/danielmatos\/vereador-dr-gutemberg-solicita-reformas-das-escolas-mata-roma-e-zuleide-bogea\/#primaryimage"},"image":{"@id":"https:\/\/www.blogsoestado.com\/danielmatos\/vereador-dr-gutemberg-solicita-reformas-das-escolas-mata-roma-e-zuleide-bogea\/#primaryimage"},"thumbnailUrl":"https:\/\/www.blogsoestado.com\/danielmatos\/files\/2019\/05\/gutemberg-escola-768x1024.jpg","datePublished":"2019-05-07T13:03:20+00:00","author":{"@id":""},"breadcrumb":{"@id":"https:\/\/www.blogsoestado.com\/danielmatos\/vereador-dr-gutemberg-solicita-reformas-das-escolas-mata-roma-e-zuleide-bogea\/#breadcrumb"},"inLanguage":"pt-BR","potentialAction":[{"@type":"ReadAction","target":["https:\/\/www.blogsoestado.com\/danielmatos\/vereador-dr-gutemberg-solicita-reformas-das-escolas-mata-roma-e-zuleide-bogea\/"]}]},{"@type":"ImageObject","inLanguage":"pt-BR","@id":"https:\/\/www.blogsoestado.com\/danielmatos\/vereador-dr-gutemberg-solicita-reformas-das-escolas-mata-roma-e-zuleide-bogea\/#primaryimage","url":"https:\/\/www.blogsoestado.com\/danielmatos\/files\/2019\/05\/gutemberg-escola-768x1024.jpg","contentUrl":"https:\/\/www.blogsoestado.com\/danielmatos\/files\/2019\/05\/gutemberg-escola-768x1024.jpg"},{"@type":"BreadcrumbList","@id":"https:\/\/www.blogsoestado.com\/danielmatos\/vereador-dr-gutemberg-solicita-reformas-das-escolas-mata-roma-e-zuleide-bogea\/#breadcrumb","itemListElement":[{"@type":"ListItem","position":1,"name":"In\u00edcio","item":"https:\/\/www.blogsoestado.com\/danielmatos\/"},{"@type":"ListItem","position":2,"name":"Vereador Dr. Gutemberg solicita reformas das escolas Mata Roma e Zuleide Bog\u00e9a"}]},{"@type":"WebSite","@id":"https:\/\/www.blogsoestado.com\/danielmatos\/#website","url":"https:\/\/www.blogsoestado.com\/danielmatos\/","name":"Daniel Matos","description":"","potentialAction":[{"@type":"SearchAction","target":{"@type":"EntryPoint","urlTemplate":"https:\/\/www.blogsoestado.com\/danielmatos\/?s={search_term_string}"},"query-input":{"@type":"PropertyValueSpecification","valueRequired":true,"valueName":"search_term_string"}}],"inLanguage":"pt-BR"}]}},"jetpack_featured_media_url":"","_links":{"self":[{"href":"https:\/\/www.blogsoestado.com\/danielmatos\/wp-json\/wp\/v2\/posts\/62605","targetHints":{"allow":["GET"]}}],"collection":[{"href":"https:\/\/www.blogsoestado.com\/danielmatos\/wp-json\/wp\/v2\/posts"}],"about":[{"href":"https:\/\/www.blogsoestado.com\/danielmatos\/wp-json\/wp\/v2\/types\/post"}],"replies":[{"embeddable":true,"href":"https:\/\/www.blogsoestado.com\/danielmatos\/wp-json\/wp\/v2\/comments?post=62605"}],"version-history":[{"count":0,"href":"https:\/\/www.blogsoestado.com\/danielmatos\/wp-json\/wp\/v2\/posts\/62605\/revisions"}],"wp:attachment":[{"href":"https:\/\/www.blogsoestado.com\/danielmatos\/wp-json\/wp\/v2\/media?parent=62605"}],"wp:term":[{"taxonomy":"category","embeddable":true,"href":"https:\/\/www.blogsoestado.com\/danielmatos\/wp-json\/wp\/v2\/categories?post=62605"},{"taxonomy":"post_tag","embeddable":true,"href":"https:\/\/www.blogsoestado.com\/danielmatos\/wp-json\/wp\/v2\/tags?post=62605"}],"curies":[{"name":"wp","href":"https:\/\/api.w.org\/{rel}","templated":true}]}}