{"id":62608,"date":"2019-05-07T13:15:10","date_gmt":"2019-05-07T16:15:10","guid":{"rendered":"https:\/\/www.blogsoestado.com\/danielmatos\/?p=62608"},"modified":"2019-05-07T13:15:10","modified_gmt":"2019-05-07T16:15:10","slug":"especialista-alerta-para-riscos-do-glaucoma","status":"publish","type":"post","link":"https:\/\/www.blogsoestado.com\/danielmatos\/especialista-alerta-para-riscos-do-glaucoma\/","title":{"rendered":"Especialista alerta para riscos do glaucoma"},"content":{"rendered":"\n<div class=\"wp-block-image\"><figure class=\"aligncenter\"><img decoding=\"async\" src=\"https:\/\/www.blogsoestado.com\/danielmatos\/files\/2019\/05\/oftalmologista2.jpg\" alt=\"\" class=\"wp-image-62609\"\/><figcaption> <em>M\u00e9dico oftalmologista M\u00e1rio Menezes \u00e9 especialista no tratamento do glaucoma<\/em> <\/figcaption><\/figure><\/div>\n\n\n\n<p>Estima-se que um milh\u00e3o de pessoas no Brasil seja acometido pelo glaucoma, doen\u00e7a que pode levar \u00e0 cegueira definitiva. Deste quantitativo, 50% ou mais desconhecem sofrer desse mal. Entre a popula\u00e7\u00e3o acima de 40 anos, a incid\u00eancia da enfermidade \u00e9 de 2% a 3%. Os dados s\u00e3o da Conselho Brasileiro de Oftalmologia e ficam em evid\u00eancia durante o m\u00eas de maio, per\u00edodo nacional de combate \u00e0 doen\u00e7a.<\/p>\n\n\n\n<p>Oftalmologista especialista no assunto, o m\u00e9dico M\u00e1rio Menezes \u2014 da Cl\u00ednica de Olhos Espa\u00e7o Vis\u00e3o \u2014 alerta para o fato de a doen\u00e7a comumente n\u00e3o apresentar sintomas. Por isso, consultas oftalmol\u00f3gicas regulares s\u00e3o a principal forma para a detec\u00e7\u00e3o precoce, o que pode evitar a progress\u00e3o da doen\u00e7a e complica\u00e7\u00f5es mais graves.<\/p>\n\n\n\n<p>\u201cO diagn\u00f3stico \u00e9 feito a partir de um exame oftalmol\u00f3gico cuidadoso da press\u00e3o intraocular e do fundo do olho e, quando necess\u00e1rio, de exames complementares. Se n\u00e3o for diagnosticada e tratada a tempo, o glaucoma pode levar \u00e0 cegueira\u201d, destacou. De acordo com a Organiza\u00e7\u00e3o Mundial da Sa\u00fade, mais de 12% dos casos de cegueira no mundo s\u00e3o ocasionados pelo glaucoma, caracterizada pela perda progressiva do campo visual.<\/p>\n\n\n\n<p>Entre os fatores de risco que podem contribuir para o desenvolvimento da doen\u00e7a est\u00e3o a press\u00e3o intraocular elevada; idade acima dos 60 anos ou acima dos 40 anos, para o caso de glaucoma agudo; hist\u00f3rico familiar; doen\u00e7as no olho, como alguns tumores, descolamento de retina e inflama\u00e7\u00f5es. Al\u00e9m de diabetes, problemas card\u00edacos, hipertens\u00e3o e hipertireoidismo. Vale destacar que pessoas de ra\u00e7a negra tamb\u00e9m t\u00eam maior tend\u00eancia a desenvolver a enfermidade.<\/p>\n\n\n\n<p>\u201cOs tratamentos dispon\u00edveis atualmente n\u00e3o s\u00e3o capazes de reverter o comprometimento da vis\u00e3o provocado pela doen\u00e7a, mas sim de barrar que ela evolua mais ainda, e o tratamento adequado, cont\u00ednuo e diferenciado para o paciente \u00e9 fator decisivo para o sucesso do cuidado\u201d, destacou o especialista M\u00e1rio Menezes.<\/p>\n","protected":false},"excerpt":{"rendered":"<p>Estima-se que um milh\u00e3o de pessoas no Brasil seja acometido pelo glaucoma, doen\u00e7a que pode levar \u00e0 cegueira definitiva. Deste [&hellip;]<\/p>\n","protected":false},"author":0,"featured_media":0,"comment_status":"open","ping_status":"open","sticky":false,"template":"","format":"standard","meta":{"site-sidebar-layout":"default","site-content-layout":"","ast-site-content-layout":"default","site-content-style":"default","site-sidebar-style":"default","ast-global-header-display":"","ast-banner-title-visibility":"","ast-main-header-display":"","ast-hfb-above-header-display":"","ast-hfb-below-header-display":"","ast-hfb-mobile-header-display":"","site-post-title":"","ast-breadcrumbs-content":"","ast-featured-img":"","footer-sml-layout":"","ast-disable-related-posts":"","theme-transparent-header-meta":"","adv-header-id-meta":"","stick-header-meta":"","header-above-stick-meta":"","header-main-stick-meta":"","header-below-stick-meta":"","astra-migrate-meta-layouts":"default","ast-page-background-enabled":"default","ast-page-background-meta":{"desktop":{"background-color":"var(--ast-global-color-5)","background-image":"","background-repeat":"repeat","background-position":"center center","background-size":"auto","background-attachment":"scroll","background-type":"","background-media":"","overlay-type":"","overlay-color":"","overlay-opacity":"","overlay-gradient":""},"tablet":{"background-color":"","background-image":"","background-repeat":"repeat","background-position":"center center","background-size":"auto","background-attachment":"scroll","background-type":"","background-media":"","overlay-type":"","overlay-color":"","overlay-opacity":"","overlay-gradient":""},"mobile":{"background-color":"","background-image":"","background-repeat":"repeat","background-position":"center center","background-size":"auto","background-attachment":"scroll","background-type":"","background-media":"","overlay-type":"","overlay-color":"","overlay-opacity":"","overlay-gradient":""}},"ast-content-background-meta":{"desktop":{"background-color":"var(--ast-global-color-4)","background-image":"","background-repeat":"repeat","background-position":"center center","background-size":"auto","background-attachment":"scroll","background-type":"","background-media":"","overlay-type":"","overlay-color":"","overlay-opacity":"","overlay-gradient":""},"tablet":{"background-color":"var(--ast-global-color-4)","background-image":"","background-repeat":"repeat","background-position":"center center","background-size":"auto","background-attachment":"scroll","background-type":"","background-media":"","overlay-type":"","overlay-color":"","overlay-opacity":"","overlay-gradient":""},"mobile":{"background-color":"var(--ast-global-color-4)","background-image":"","background-repeat":"repeat","background-position":"center center","background-size":"auto","background-attachment":"scroll","background-type":"","background-media":"","overlay-type":"","overlay-color":"","overlay-opacity":"","overlay-gradient":""}},"footnotes":""},"categories":[1],"tags":[],"class_list":["post-62608","post","type-post","status-publish","format-standard","hentry","category-sem-categoria"],"yoast_head":"<!-- This site is optimized with the Yoast SEO plugin v26.6 - https:\/\/yoast.com\/wordpress\/plugins\/seo\/ -->\n<title>Especialista alerta para riscos do glaucoma - Daniel Matos<\/title>\n<meta name=\"robots\" content=\"index, follow, max-snippet:-1, max-image-preview:large, max-video-preview:-1\" \/>\n<link rel=\"canonical\" href=\"https:\/\/www.blogsoestado.com\/danielmatos\/especialista-alerta-para-riscos-do-glaucoma\/\" \/>\n<meta property=\"og:locale\" content=\"pt_BR\" \/>\n<meta property=\"og:type\" content=\"article\" \/>\n<meta property=\"og:title\" content=\"Especialista alerta para riscos do glaucoma - Daniel Matos\" \/>\n<meta property=\"og:description\" content=\"Estima-se que um milh\u00e3o de pessoas no Brasil seja acometido pelo glaucoma, doen\u00e7a que pode levar \u00e0 cegueira definitiva. Deste [&hellip;]\" \/>\n<meta property=\"og:url\" content=\"https:\/\/www.blogsoestado.com\/danielmatos\/especialista-alerta-para-riscos-do-glaucoma\/\" \/>\n<meta property=\"og:site_name\" content=\"Daniel Matos\" \/>\n<meta property=\"article:published_time\" content=\"2019-05-07T16:15:10+00:00\" \/>\n<meta property=\"og:image\" content=\"https:\/\/www.blogsoestado.com\/danielmatos\/files\/2019\/05\/oftalmologista2.jpg\" \/>\n<meta name=\"twitter:card\" content=\"summary_large_image\" \/>\n<meta name=\"twitter:label1\" content=\"Est. tempo de leitura\" \/>\n\t<meta name=\"twitter:data1\" content=\"2 minutos\" \/>\n<script type=\"application\/ld+json\" class=\"yoast-schema-graph\">{\"@context\":\"https:\/\/schema.org\",\"@graph\":[{\"@type\":\"WebPage\",\"@id\":\"https:\/\/www.blogsoestado.com\/danielmatos\/especialista-alerta-para-riscos-do-glaucoma\/\",\"url\":\"https:\/\/www.blogsoestado.com\/danielmatos\/especialista-alerta-para-riscos-do-glaucoma\/\",\"name\":\"Especialista alerta para riscos do glaucoma - Daniel Matos\",\"isPartOf\":{\"@id\":\"https:\/\/www.blogsoestado.com\/danielmatos\/#website\"},\"primaryImageOfPage\":{\"@id\":\"https:\/\/www.blogsoestado.com\/danielmatos\/especialista-alerta-para-riscos-do-glaucoma\/#primaryimage\"},\"image\":{\"@id\":\"https:\/\/www.blogsoestado.com\/danielmatos\/especialista-alerta-para-riscos-do-glaucoma\/#primaryimage\"},\"thumbnailUrl\":\"https:\/\/www.blogsoestado.com\/danielmatos\/files\/2019\/05\/oftalmologista2.jpg\",\"datePublished\":\"2019-05-07T16:15:10+00:00\",\"author\":{\"@id\":\"\"},\"breadcrumb\":{\"@id\":\"https:\/\/www.blogsoestado.com\/danielmatos\/especialista-alerta-para-riscos-do-glaucoma\/#breadcrumb\"},\"inLanguage\":\"pt-BR\",\"potentialAction\":[{\"@type\":\"ReadAction\",\"target\":[\"https:\/\/www.blogsoestado.com\/danielmatos\/especialista-alerta-para-riscos-do-glaucoma\/\"]}]},{\"@type\":\"ImageObject\",\"inLanguage\":\"pt-BR\",\"@id\":\"https:\/\/www.blogsoestado.com\/danielmatos\/especialista-alerta-para-riscos-do-glaucoma\/#primaryimage\",\"url\":\"https:\/\/www.blogsoestado.com\/danielmatos\/files\/2019\/05\/oftalmologista2.jpg\",\"contentUrl\":\"https:\/\/www.blogsoestado.com\/danielmatos\/files\/2019\/05\/oftalmologista2.jpg\"},{\"@type\":\"BreadcrumbList\",\"@id\":\"https:\/\/www.blogsoestado.com\/danielmatos\/especialista-alerta-para-riscos-do-glaucoma\/#breadcrumb\",\"itemListElement\":[{\"@type\":\"ListItem\",\"position\":1,\"name\":\"In\u00edcio\",\"item\":\"https:\/\/www.blogsoestado.com\/danielmatos\/\"},{\"@type\":\"ListItem\",\"position\":2,\"name\":\"Especialista alerta para riscos do glaucoma\"}]},{\"@type\":\"WebSite\",\"@id\":\"https:\/\/www.blogsoestado.com\/danielmatos\/#website\",\"url\":\"https:\/\/www.blogsoestado.com\/danielmatos\/\",\"name\":\"Daniel Matos\",\"description\":\"\",\"potentialAction\":[{\"@type\":\"SearchAction\",\"target\":{\"@type\":\"EntryPoint\",\"urlTemplate\":\"https:\/\/www.blogsoestado.com\/danielmatos\/?s={search_term_string}\"},\"query-input\":{\"@type\":\"PropertyValueSpecification\",\"valueRequired\":true,\"valueName\":\"search_term_string\"}}],\"inLanguage\":\"pt-BR\"}]}<\/script>\n<!-- \/ Yoast SEO plugin. -->","yoast_head_json":{"title":"Especialista alerta para riscos do glaucoma - Daniel Matos","robots":{"index":"index","follow":"follow","max-snippet":"max-snippet:-1","max-image-preview":"max-image-preview:large","max-video-preview":"max-video-preview:-1"},"canonical":"https:\/\/www.blogsoestado.com\/danielmatos\/especialista-alerta-para-riscos-do-glaucoma\/","og_locale":"pt_BR","og_type":"article","og_title":"Especialista alerta para riscos do glaucoma - Daniel Matos","og_description":"Estima-se que um milh\u00e3o de pessoas no Brasil seja acometido pelo glaucoma, doen\u00e7a que pode levar \u00e0 cegueira definitiva. Deste [&hellip;]","og_url":"https:\/\/www.blogsoestado.com\/danielmatos\/especialista-alerta-para-riscos-do-glaucoma\/","og_site_name":"Daniel Matos","article_published_time":"2019-05-07T16:15:10+00:00","og_image":[{"url":"https:\/\/www.blogsoestado.com\/danielmatos\/files\/2019\/05\/oftalmologista2.jpg","type":"","width":"","height":""}],"twitter_card":"summary_large_image","twitter_misc":{"Est. tempo de leitura":"2 minutos"},"schema":{"@context":"https:\/\/schema.org","@graph":[{"@type":"WebPage","@id":"https:\/\/www.blogsoestado.com\/danielmatos\/especialista-alerta-para-riscos-do-glaucoma\/","url":"https:\/\/www.blogsoestado.com\/danielmatos\/especialista-alerta-para-riscos-do-glaucoma\/","name":"Especialista alerta para riscos do glaucoma - Daniel Matos","isPartOf":{"@id":"https:\/\/www.blogsoestado.com\/danielmatos\/#website"},"primaryImageOfPage":{"@id":"https:\/\/www.blogsoestado.com\/danielmatos\/especialista-alerta-para-riscos-do-glaucoma\/#primaryimage"},"image":{"@id":"https:\/\/www.blogsoestado.com\/danielmatos\/especialista-alerta-para-riscos-do-glaucoma\/#primaryimage"},"thumbnailUrl":"https:\/\/www.blogsoestado.com\/danielmatos\/files\/2019\/05\/oftalmologista2.jpg","datePublished":"2019-05-07T16:15:10+00:00","author":{"@id":""},"breadcrumb":{"@id":"https:\/\/www.blogsoestado.com\/danielmatos\/especialista-alerta-para-riscos-do-glaucoma\/#breadcrumb"},"inLanguage":"pt-BR","potentialAction":[{"@type":"ReadAction","target":["https:\/\/www.blogsoestado.com\/danielmatos\/especialista-alerta-para-riscos-do-glaucoma\/"]}]},{"@type":"ImageObject","inLanguage":"pt-BR","@id":"https:\/\/www.blogsoestado.com\/danielmatos\/especialista-alerta-para-riscos-do-glaucoma\/#primaryimage","url":"https:\/\/www.blogsoestado.com\/danielmatos\/files\/2019\/05\/oftalmologista2.jpg","contentUrl":"https:\/\/www.blogsoestado.com\/danielmatos\/files\/2019\/05\/oftalmologista2.jpg"},{"@type":"BreadcrumbList","@id":"https:\/\/www.blogsoestado.com\/danielmatos\/especialista-alerta-para-riscos-do-glaucoma\/#breadcrumb","itemListElement":[{"@type":"ListItem","position":1,"name":"In\u00edcio","item":"https:\/\/www.blogsoestado.com\/danielmatos\/"},{"@type":"ListItem","position":2,"name":"Especialista alerta para riscos do glaucoma"}]},{"@type":"WebSite","@id":"https:\/\/www.blogsoestado.com\/danielmatos\/#website","url":"https:\/\/www.blogsoestado.com\/danielmatos\/","name":"Daniel Matos","description":"","potentialAction":[{"@type":"SearchAction","target":{"@type":"EntryPoint","urlTemplate":"https:\/\/www.blogsoestado.com\/danielmatos\/?s={search_term_string}"},"query-input":{"@type":"PropertyValueSpecification","valueRequired":true,"valueName":"search_term_string"}}],"inLanguage":"pt-BR"}]}},"jetpack_featured_media_url":"","_links":{"self":[{"href":"https:\/\/www.blogsoestado.com\/danielmatos\/wp-json\/wp\/v2\/posts\/62608","targetHints":{"allow":["GET"]}}],"collection":[{"href":"https:\/\/www.blogsoestado.com\/danielmatos\/wp-json\/wp\/v2\/posts"}],"about":[{"href":"https:\/\/www.blogsoestado.com\/danielmatos\/wp-json\/wp\/v2\/types\/post"}],"replies":[{"embeddable":true,"href":"https:\/\/www.blogsoestado.com\/danielmatos\/wp-json\/wp\/v2\/comments?post=62608"}],"version-history":[{"count":0,"href":"https:\/\/www.blogsoestado.com\/danielmatos\/wp-json\/wp\/v2\/posts\/62608\/revisions"}],"wp:attachment":[{"href":"https:\/\/www.blogsoestado.com\/danielmatos\/wp-json\/wp\/v2\/media?parent=62608"}],"wp:term":[{"taxonomy":"category","embeddable":true,"href":"https:\/\/www.blogsoestado.com\/danielmatos\/wp-json\/wp\/v2\/categories?post=62608"},{"taxonomy":"post_tag","embeddable":true,"href":"https:\/\/www.blogsoestado.com\/danielmatos\/wp-json\/wp\/v2\/tags?post=62608"}],"curies":[{"name":"wp","href":"https:\/\/api.w.org\/{rel}","templated":true}]}}