{"id":62611,"date":"2019-05-07T12:26:38","date_gmt":"2019-05-07T15:26:38","guid":{"rendered":"https:\/\/www.blogsoestado.com\/danielmatos\/?p=62611"},"modified":"2019-05-07T12:26:38","modified_gmt":"2019-05-07T15:26:38","slug":"prefeitura-de-caxias-lanca-identidade-estudantil-municipal","status":"publish","type":"post","link":"https:\/\/www.blogsoestado.com\/danielmatos\/prefeitura-de-caxias-lanca-identidade-estudantil-municipal\/","title":{"rendered":"Prefeitura de Caxias lan\u00e7a Identidade Estudantil Municipal"},"content":{"rendered":"\n<div class=\"wp-block-image\"><figure class=\"aligncenter\"><img decoding=\"async\" src=\"https:\/\/www.blogsoestado.com\/danielmatos\/files\/2019\/05\/caxias-estudantil-1024x680.jpg\" alt=\"\" class=\"wp-image-62612\"\/><figcaption>Prefeito F\u00e1bio Gentil exibe modelo do documento com estudante e educadores <\/figcaption><\/figure><\/div>\n\n\n\n<p>O aluno Vin\u00edcius Vieira recebeu a primeira Identidade Estudantil Municipal das m\u00e3os do prefeito F\u00e1bio Gentil e da secretaria municipal de Educa\u00e7\u00e3o, Ci\u00eancia e Tecnologia Ana C\u00e9lia Damasceno uma inova\u00e7\u00e3o no pa\u00eds, que ser\u00e1 levada a mais de 39 mil alunos da Rede Municipal de Educa\u00e7\u00e3o pela Prefeitura Municipal de Caxias.<\/p>\n\n\n\n<p>\u201cEu vou usar em filmes, em \u00f4nibus que eu costumo ir pro centro da cidade. Eu achei bom porque tem muita gente que diz que vem pra escola e n\u00e3o vem, ent\u00e3o a carteira vai ajudar\u201d, diz o estudante.<\/p>\n\n\n\n<p>O documento integra informa\u00e7\u00f5es dos alunos, dos pais, do Sistema \u00danico de Sa\u00fade (SUS) e o N\u00famero de Identifica\u00e7\u00e3o Social (NIS). Al\u00e9m disso, pode ser utilizada como meia-entrada no cinema e posteriormente em eventos, e os pais v\u00e3o saber por meio do celular se a crian\u00e7a est\u00e1 ou n\u00e3o na escola.<\/p>\n\n\n\n<p>\u201cA carteira vai trazer as informa\u00e7\u00f5es do aluno. Eu gosto de cinema e a\u00ed vai ser mais barato\u201d, lembra Ana Clara, estudante.<\/p>\n\n\n\n<p>\u201cHoje a gente quase n\u00e3o usa o laborat\u00f3rio de inform\u00e1tica, ent\u00e3o agora a gente vai usar\u201d, frisa Geicimara dos Santos, estudante.<\/p>\n\n\n\n<p><strong>Inform\u00e1tica na Escola<\/strong><\/p>\n\n\n\n<div class=\"wp-block-image\"><figure class=\"aligncenter\"><img decoding=\"async\" src=\"https:\/\/www.blogsoestado.com\/danielmatos\/files\/2019\/05\/caxias-estudantil2-1024x680.jpg\" alt=\"\" class=\"wp-image-62613\"\/><figcaption> F\u00e1bio Gentil disse que sua gest\u00e3o est\u00e1 focada em melhorar a educa\u00e7\u00e3o de Caxias em todos os n\u00edveis <\/figcaption><\/figure><\/div>\n\n\n\n<p>Tamb\u00e9m foi lan\u00e7ado o projeto Inform\u00e1tica na Escola, que na escola Ant\u00f4nio Rodrigues Bayma ter\u00e1 como tema \u201cInform\u00e1tica na Escola \u2013 aprendendo, pesquisando  e interagindo\u201d, que visa reativar as salas de inform\u00e1tica como ferramenta pedag\u00f3gica.<\/p>\n\n\n\n<p>\u201cA gente sabe que a tecnologia est\u00e1 no auge, ent\u00e3o a gente est\u00e1 alertando para o fato de os alunos estarem utilizando o WhatsApp, mas n\u00f3s vamos utilizar o computador como ferramenta pedag\u00f3gica. Ent\u00e3o, n\u00f3s vamos utilizar na formata\u00e7\u00e3o de um documento, seguindo as normas\u201d, explica Raimundo Corr\u00eaa, gestor da escola Ant\u00f4nio Rodrigues Bayma.<\/p>\n\n\n\n<p>\u201cCom a carteirinha o aluno vai poder assistir o cinema mais barato, mas a carteira \u00e9 uma identidade, onde o aluno tem o tipo sangu\u00edneo, se ele tem algum problema de sa\u00fade, informa\u00e7\u00f5es do SUS e o controle da frequ\u00eancia escolar do aluno. Em breve a carteirinha vai chegar aos servidores p\u00fablicos e, com isso, vai servir como ponto eletr\u00f4nico. O projeto de inform\u00e1tica visa ativar os laborat\u00f3rios, estamos come\u00e7ando pelo Bayma, mas vamos expandir para outras escolas\u201d, destaca Ana C\u00e9lia Damasceno, secret\u00e1ria de Educa\u00e7\u00e3o, Ci\u00eancia e Tecnologia (SEMECT).<\/p>\n\n\n\n<p>\u201cOs laborat\u00f3rios ser\u00e3o essenciais na educa\u00e7\u00e3o de cada crian\u00e7a. J\u00e1 a Identidade Estudantil n\u00e3o \u00e9 mais um documento, \u00e9 uma forma de fazer com que os pais participem de uma forma efetiva da educa\u00e7\u00e3o de seus filhos. Atrav\u00e9s dessa carteirinha os pais v\u00e3o saber se a crian\u00e7a est\u00e1 ou n\u00e3o na escola e toda a vida educacional do filho, acompanhando as notas. N\u00f3s estamos focados em melhorar a educa\u00e7\u00e3o de Caxias em todos os n\u00edveis\u201d, afirmou F\u00e1bio Gentil, prefeito de Caxias.<\/p>\n","protected":false},"excerpt":{"rendered":"<p>O aluno Vin\u00edcius Vieira recebeu a primeira Identidade Estudantil Municipal das m\u00e3os do prefeito F\u00e1bio Gentil e da secretaria municipal [&hellip;]<\/p>\n","protected":false},"author":0,"featured_media":0,"comment_status":"open","ping_status":"open","sticky":false,"template":"","format":"standard","meta":{"site-sidebar-layout":"default","site-content-layout":"","ast-site-content-layout":"default","site-content-style":"default","site-sidebar-style":"default","ast-global-header-display":"","ast-banner-title-visibility":"","ast-main-header-display":"","ast-hfb-above-header-display":"","ast-hfb-below-header-display":"","ast-hfb-mobile-header-display":"","site-post-title":"","ast-breadcrumbs-content":"","ast-featured-img":"","footer-sml-layout":"","ast-disable-related-posts":"","theme-transparent-header-meta":"","adv-header-id-meta":"","stick-header-meta":"","header-above-stick-meta":"","header-main-stick-meta":"","header-below-stick-meta":"","astra-migrate-meta-layouts":"default","ast-page-background-enabled":"default","ast-page-background-meta":{"desktop":{"background-color":"var(--ast-global-color-5)","background-image":"","background-repeat":"repeat","background-position":"center center","background-size":"auto","background-attachment":"scroll","background-type":"","background-media":"","overlay-type":"","overlay-color":"","overlay-opacity":"","overlay-gradient":""},"tablet":{"background-color":"","background-image":"","background-repeat":"repeat","background-position":"center center","background-size":"auto","background-attachment":"scroll","background-type":"","background-media":"","overlay-type":"","overlay-color":"","overlay-opacity":"","overlay-gradient":""},"mobile":{"background-color":"","background-image":"","background-repeat":"repeat","background-position":"center center","background-size":"auto","background-attachment":"scroll","background-type":"","background-media":"","overlay-type":"","overlay-color":"","overlay-opacity":"","overlay-gradient":""}},"ast-content-background-meta":{"desktop":{"background-color":"var(--ast-global-color-4)","background-image":"","background-repeat":"repeat","background-position":"center center","background-size":"auto","background-attachment":"scroll","background-type":"","background-media":"","overlay-type":"","overlay-color":"","overlay-opacity":"","overlay-gradient":""},"tablet":{"background-color":"var(--ast-global-color-4)","background-image":"","background-repeat":"repeat","background-position":"center center","background-size":"auto","background-attachment":"scroll","background-type":"","background-media":"","overlay-type":"","overlay-color":"","overlay-opacity":"","overlay-gradient":""},"mobile":{"background-color":"var(--ast-global-color-4)","background-image":"","background-repeat":"repeat","background-position":"center center","background-size":"auto","background-attachment":"scroll","background-type":"","background-media":"","overlay-type":"","overlay-color":"","overlay-opacity":"","overlay-gradient":""}},"footnotes":""},"categories":[1],"tags":[],"class_list":["post-62611","post","type-post","status-publish","format-standard","hentry","category-sem-categoria"],"yoast_head":"<!-- This site is optimized with the Yoast SEO plugin v26.6 - https:\/\/yoast.com\/wordpress\/plugins\/seo\/ -->\n<title>Prefeitura de Caxias lan\u00e7a Identidade Estudantil Municipal - Daniel Matos<\/title>\n<meta name=\"robots\" content=\"index, follow, max-snippet:-1, max-image-preview:large, max-video-preview:-1\" \/>\n<link rel=\"canonical\" href=\"https:\/\/www.blogsoestado.com\/danielmatos\/prefeitura-de-caxias-lanca-identidade-estudantil-municipal\/\" \/>\n<meta property=\"og:locale\" content=\"pt_BR\" \/>\n<meta property=\"og:type\" content=\"article\" \/>\n<meta property=\"og:title\" content=\"Prefeitura de Caxias lan\u00e7a Identidade Estudantil Municipal - Daniel Matos\" \/>\n<meta property=\"og:description\" content=\"O aluno Vin\u00edcius Vieira recebeu a primeira Identidade Estudantil Municipal das m\u00e3os do prefeito F\u00e1bio Gentil e da secretaria municipal [&hellip;]\" \/>\n<meta property=\"og:url\" content=\"https:\/\/www.blogsoestado.com\/danielmatos\/prefeitura-de-caxias-lanca-identidade-estudantil-municipal\/\" \/>\n<meta property=\"og:site_name\" content=\"Daniel Matos\" \/>\n<meta property=\"article:published_time\" content=\"2019-05-07T15:26:38+00:00\" \/>\n<meta property=\"og:image\" content=\"https:\/\/www.blogsoestado.com\/danielmatos\/files\/2019\/05\/caxias-estudantil-1024x680.jpg\" \/>\n<meta name=\"twitter:card\" content=\"summary_large_image\" \/>\n<meta name=\"twitter:label1\" content=\"Est. tempo de leitura\" \/>\n\t<meta name=\"twitter:data1\" content=\"3 minutos\" \/>\n<script type=\"application\/ld+json\" class=\"yoast-schema-graph\">{\"@context\":\"https:\/\/schema.org\",\"@graph\":[{\"@type\":\"WebPage\",\"@id\":\"https:\/\/www.blogsoestado.com\/danielmatos\/prefeitura-de-caxias-lanca-identidade-estudantil-municipal\/\",\"url\":\"https:\/\/www.blogsoestado.com\/danielmatos\/prefeitura-de-caxias-lanca-identidade-estudantil-municipal\/\",\"name\":\"Prefeitura de Caxias lan\u00e7a Identidade Estudantil Municipal - Daniel Matos\",\"isPartOf\":{\"@id\":\"https:\/\/www.blogsoestado.com\/danielmatos\/#website\"},\"primaryImageOfPage\":{\"@id\":\"https:\/\/www.blogsoestado.com\/danielmatos\/prefeitura-de-caxias-lanca-identidade-estudantil-municipal\/#primaryimage\"},\"image\":{\"@id\":\"https:\/\/www.blogsoestado.com\/danielmatos\/prefeitura-de-caxias-lanca-identidade-estudantil-municipal\/#primaryimage\"},\"thumbnailUrl\":\"https:\/\/www.blogsoestado.com\/danielmatos\/files\/2019\/05\/caxias-estudantil-1024x680.jpg\",\"datePublished\":\"2019-05-07T15:26:38+00:00\",\"author\":{\"@id\":\"\"},\"breadcrumb\":{\"@id\":\"https:\/\/www.blogsoestado.com\/danielmatos\/prefeitura-de-caxias-lanca-identidade-estudantil-municipal\/#breadcrumb\"},\"inLanguage\":\"pt-BR\",\"potentialAction\":[{\"@type\":\"ReadAction\",\"target\":[\"https:\/\/www.blogsoestado.com\/danielmatos\/prefeitura-de-caxias-lanca-identidade-estudantil-municipal\/\"]}]},{\"@type\":\"ImageObject\",\"inLanguage\":\"pt-BR\",\"@id\":\"https:\/\/www.blogsoestado.com\/danielmatos\/prefeitura-de-caxias-lanca-identidade-estudantil-municipal\/#primaryimage\",\"url\":\"https:\/\/www.blogsoestado.com\/danielmatos\/files\/2019\/05\/caxias-estudantil-1024x680.jpg\",\"contentUrl\":\"https:\/\/www.blogsoestado.com\/danielmatos\/files\/2019\/05\/caxias-estudantil-1024x680.jpg\"},{\"@type\":\"BreadcrumbList\",\"@id\":\"https:\/\/www.blogsoestado.com\/danielmatos\/prefeitura-de-caxias-lanca-identidade-estudantil-municipal\/#breadcrumb\",\"itemListElement\":[{\"@type\":\"ListItem\",\"position\":1,\"name\":\"In\u00edcio\",\"item\":\"https:\/\/www.blogsoestado.com\/danielmatos\/\"},{\"@type\":\"ListItem\",\"position\":2,\"name\":\"Prefeitura de Caxias lan\u00e7a Identidade Estudantil Municipal\"}]},{\"@type\":\"WebSite\",\"@id\":\"https:\/\/www.blogsoestado.com\/danielmatos\/#website\",\"url\":\"https:\/\/www.blogsoestado.com\/danielmatos\/\",\"name\":\"Daniel Matos\",\"description\":\"\",\"potentialAction\":[{\"@type\":\"SearchAction\",\"target\":{\"@type\":\"EntryPoint\",\"urlTemplate\":\"https:\/\/www.blogsoestado.com\/danielmatos\/?s={search_term_string}\"},\"query-input\":{\"@type\":\"PropertyValueSpecification\",\"valueRequired\":true,\"valueName\":\"search_term_string\"}}],\"inLanguage\":\"pt-BR\"}]}<\/script>\n<!-- \/ Yoast SEO plugin. -->","yoast_head_json":{"title":"Prefeitura de Caxias lan\u00e7a Identidade Estudantil Municipal - Daniel Matos","robots":{"index":"index","follow":"follow","max-snippet":"max-snippet:-1","max-image-preview":"max-image-preview:large","max-video-preview":"max-video-preview:-1"},"canonical":"https:\/\/www.blogsoestado.com\/danielmatos\/prefeitura-de-caxias-lanca-identidade-estudantil-municipal\/","og_locale":"pt_BR","og_type":"article","og_title":"Prefeitura de Caxias lan\u00e7a Identidade Estudantil Municipal - Daniel Matos","og_description":"O aluno Vin\u00edcius Vieira recebeu a primeira Identidade Estudantil Municipal das m\u00e3os do prefeito F\u00e1bio Gentil e da secretaria municipal [&hellip;]","og_url":"https:\/\/www.blogsoestado.com\/danielmatos\/prefeitura-de-caxias-lanca-identidade-estudantil-municipal\/","og_site_name":"Daniel Matos","article_published_time":"2019-05-07T15:26:38+00:00","og_image":[{"url":"https:\/\/www.blogsoestado.com\/danielmatos\/files\/2019\/05\/caxias-estudantil-1024x680.jpg","type":"","width":"","height":""}],"twitter_card":"summary_large_image","twitter_misc":{"Est. tempo de leitura":"3 minutos"},"schema":{"@context":"https:\/\/schema.org","@graph":[{"@type":"WebPage","@id":"https:\/\/www.blogsoestado.com\/danielmatos\/prefeitura-de-caxias-lanca-identidade-estudantil-municipal\/","url":"https:\/\/www.blogsoestado.com\/danielmatos\/prefeitura-de-caxias-lanca-identidade-estudantil-municipal\/","name":"Prefeitura de Caxias lan\u00e7a Identidade Estudantil Municipal - Daniel Matos","isPartOf":{"@id":"https:\/\/www.blogsoestado.com\/danielmatos\/#website"},"primaryImageOfPage":{"@id":"https:\/\/www.blogsoestado.com\/danielmatos\/prefeitura-de-caxias-lanca-identidade-estudantil-municipal\/#primaryimage"},"image":{"@id":"https:\/\/www.blogsoestado.com\/danielmatos\/prefeitura-de-caxias-lanca-identidade-estudantil-municipal\/#primaryimage"},"thumbnailUrl":"https:\/\/www.blogsoestado.com\/danielmatos\/files\/2019\/05\/caxias-estudantil-1024x680.jpg","datePublished":"2019-05-07T15:26:38+00:00","author":{"@id":""},"breadcrumb":{"@id":"https:\/\/www.blogsoestado.com\/danielmatos\/prefeitura-de-caxias-lanca-identidade-estudantil-municipal\/#breadcrumb"},"inLanguage":"pt-BR","potentialAction":[{"@type":"ReadAction","target":["https:\/\/www.blogsoestado.com\/danielmatos\/prefeitura-de-caxias-lanca-identidade-estudantil-municipal\/"]}]},{"@type":"ImageObject","inLanguage":"pt-BR","@id":"https:\/\/www.blogsoestado.com\/danielmatos\/prefeitura-de-caxias-lanca-identidade-estudantil-municipal\/#primaryimage","url":"https:\/\/www.blogsoestado.com\/danielmatos\/files\/2019\/05\/caxias-estudantil-1024x680.jpg","contentUrl":"https:\/\/www.blogsoestado.com\/danielmatos\/files\/2019\/05\/caxias-estudantil-1024x680.jpg"},{"@type":"BreadcrumbList","@id":"https:\/\/www.blogsoestado.com\/danielmatos\/prefeitura-de-caxias-lanca-identidade-estudantil-municipal\/#breadcrumb","itemListElement":[{"@type":"ListItem","position":1,"name":"In\u00edcio","item":"https:\/\/www.blogsoestado.com\/danielmatos\/"},{"@type":"ListItem","position":2,"name":"Prefeitura de Caxias lan\u00e7a Identidade Estudantil Municipal"}]},{"@type":"WebSite","@id":"https:\/\/www.blogsoestado.com\/danielmatos\/#website","url":"https:\/\/www.blogsoestado.com\/danielmatos\/","name":"Daniel Matos","description":"","potentialAction":[{"@type":"SearchAction","target":{"@type":"EntryPoint","urlTemplate":"https:\/\/www.blogsoestado.com\/danielmatos\/?s={search_term_string}"},"query-input":{"@type":"PropertyValueSpecification","valueRequired":true,"valueName":"search_term_string"}}],"inLanguage":"pt-BR"}]}},"jetpack_featured_media_url":"","_links":{"self":[{"href":"https:\/\/www.blogsoestado.com\/danielmatos\/wp-json\/wp\/v2\/posts\/62611","targetHints":{"allow":["GET"]}}],"collection":[{"href":"https:\/\/www.blogsoestado.com\/danielmatos\/wp-json\/wp\/v2\/posts"}],"about":[{"href":"https:\/\/www.blogsoestado.com\/danielmatos\/wp-json\/wp\/v2\/types\/post"}],"replies":[{"embeddable":true,"href":"https:\/\/www.blogsoestado.com\/danielmatos\/wp-json\/wp\/v2\/comments?post=62611"}],"version-history":[{"count":0,"href":"https:\/\/www.blogsoestado.com\/danielmatos\/wp-json\/wp\/v2\/posts\/62611\/revisions"}],"wp:attachment":[{"href":"https:\/\/www.blogsoestado.com\/danielmatos\/wp-json\/wp\/v2\/media?parent=62611"}],"wp:term":[{"taxonomy":"category","embeddable":true,"href":"https:\/\/www.blogsoestado.com\/danielmatos\/wp-json\/wp\/v2\/categories?post=62611"},{"taxonomy":"post_tag","embeddable":true,"href":"https:\/\/www.blogsoestado.com\/danielmatos\/wp-json\/wp\/v2\/tags?post=62611"}],"curies":[{"name":"wp","href":"https:\/\/api.w.org\/{rel}","templated":true}]}}