{"id":62620,"date":"2019-05-07T15:21:00","date_gmt":"2019-05-07T18:21:00","guid":{"rendered":"https:\/\/www.blogsoestado.com\/danielmatos\/?p=62620"},"modified":"2019-05-07T15:21:00","modified_gmt":"2019-05-07T18:21:00","slug":"projeto-de-lei-do-deputado-adriano-beneficia-agricultura-familiar","status":"publish","type":"post","link":"https:\/\/www.blogsoestado.com\/danielmatos\/projeto-de-lei-do-deputado-adriano-beneficia-agricultura-familiar\/","title":{"rendered":"Projeto de Lei do deputado Adriano beneficia agricultura familiar"},"content":{"rendered":"\n<div class=\"wp-block-image\"><figure class=\"aligncenter\"><img decoding=\"async\" src=\"https:\/\/www.blogsoestado.com\/danielmatos\/files\/2019\/05\/adriano-agricultura.jpg\" alt=\"\" class=\"wp-image-62621\"\/><figcaption>O projeto de lei visa criar ferramentas de fortalecimento da agricultura familiar<\/figcaption><\/figure><\/div>\n\n\n\n<p>O plen\u00e1rio da Assembleia Legislativa do Maranh\u00e3o aprovou em unanimidade na sess\u00e3o desta ter\u00e7a-feira (07) o projeto de Lei n\u00ba 178 de 2017, de autoria do deputado estadual Adriano Sarney (PV), que institui a pol\u00edtica estadual de desenvolvimento rural sustent\u00e1vel da agricultura familiar no \u00e2mbito do Estado do Maranh\u00e3o.<\/p>\n\n\n\n<p>Segundo Adriano Sarney, o projeto de lei visa criar os meios para atuar na formula\u00e7\u00e3o de pol\u00edticas p\u00fablicas articulando entre os diferentes n\u00edveis de governo e organiza\u00e7\u00f5es da sociedade civil, tendo como principais atribui\u00e7\u00f5es coordenar, analisar, executar e acompanhar na esfera estadual as a\u00e7\u00f5es relativas ao desenvolvimento rural sustent\u00e1vel e solid\u00e1rio e \u00e0 execu\u00e7\u00e3o de programas de agricultura familiar.<\/p>\n\n\n\n<p>\u201c\u00c9 uma forma do poder p\u00fablico estimular as a\u00e7\u00f5es da popula\u00e7\u00e3o na zona rural, instituindo um importante instrumento para amplia\u00e7\u00e3o e qualifica\u00e7\u00e3o dessa cadeia produtiva, avan\u00e7ando na oferta de servi\u00e7os p\u00fablicos que ir\u00e3o garantir melhores condi\u00e7\u00f5es de vida no campo, afirmou o deputado.<\/p>\n\n\n\n<p><strong>Fortalecimento<\/strong><\/p>\n\n\n\n<p>A pol\u00edtica visa criar as ferramentas de fortalecimento da agricultura familiar, uma vez que permite a melhoria da produ\u00e7\u00e3o, al\u00e9m de ser condi\u00e7\u00e3o necess\u00e1ria para que outras pol\u00edticas p\u00fablicas cheguem \u00e0s fam\u00edlias, a exemplo do cr\u00e9dito, comercializa\u00e7\u00e3o, garantia safra, dentre outras.<\/p>\n\n\n\n<p>\u201cO projeto de lei inova ao instituir importantes instrumentos de assist\u00eancia ofertada \u00e0s fam\u00edlias de agricultores familiares, contribuindo para alcan\u00e7ar metas que assegurem a melhoria significativa na qualidade de vida\u201d, explica Adriano Sarney.<\/p>\n\n\n\n<p>Uma pesquisa desenvolvida pela Organiza\u00e7\u00e3o das Na\u00e7\u00f5es Unidas para a Alimenta\u00e7\u00e3o e a Agricultura (FAO) em 93 pa\u00edses constatou que, em m\u00e9dia, mais de 80% das explora\u00e7\u00f5es agr\u00edcolas s\u00e3o de agricultores familiares.<\/p>\n\n\n\n<p>De acordo com o deputado, a proposta mostra o reconhecimento pelo direito dos pequenos produtores \u00e0s pol\u00edticas p\u00fablicas e de reproduz. O objetivo \u00e9 orientar as a\u00e7\u00f5es de governo voltadas para o desenvolvimento rural sustent\u00e1vel e solid\u00e1rio e para o fortalecimento da agricultura familiar no Estado.<\/p>\n","protected":false},"excerpt":{"rendered":"<p>O plen\u00e1rio da Assembleia Legislativa do Maranh\u00e3o aprovou em unanimidade na sess\u00e3o desta ter\u00e7a-feira (07) o projeto de Lei n\u00ba [&hellip;]<\/p>\n","protected":false},"author":0,"featured_media":0,"comment_status":"open","ping_status":"open","sticky":false,"template":"","format":"standard","meta":{"site-sidebar-layout":"default","site-content-layout":"","ast-site-content-layout":"default","site-content-style":"default","site-sidebar-style":"default","ast-global-header-display":"","ast-banner-title-visibility":"","ast-main-header-display":"","ast-hfb-above-header-display":"","ast-hfb-below-header-display":"","ast-hfb-mobile-header-display":"","site-post-title":"","ast-breadcrumbs-content":"","ast-featured-img":"","footer-sml-layout":"","ast-disable-related-posts":"","theme-transparent-header-meta":"","adv-header-id-meta":"","stick-header-meta":"","header-above-stick-meta":"","header-main-stick-meta":"","header-below-stick-meta":"","astra-migrate-meta-layouts":"default","ast-page-background-enabled":"default","ast-page-background-meta":{"desktop":{"background-color":"var(--ast-global-color-5)","background-image":"","background-repeat":"repeat","background-position":"center center","background-size":"auto","background-attachment":"scroll","background-type":"","background-media":"","overlay-type":"","overlay-color":"","overlay-opacity":"","overlay-gradient":""},"tablet":{"background-color":"","background-image":"","background-repeat":"repeat","background-position":"center center","background-size":"auto","background-attachment":"scroll","background-type":"","background-media":"","overlay-type":"","overlay-color":"","overlay-opacity":"","overlay-gradient":""},"mobile":{"background-color":"","background-image":"","background-repeat":"repeat","background-position":"center center","background-size":"auto","background-attachment":"scroll","background-type":"","background-media":"","overlay-type":"","overlay-color":"","overlay-opacity":"","overlay-gradient":""}},"ast-content-background-meta":{"desktop":{"background-color":"var(--ast-global-color-4)","background-image":"","background-repeat":"repeat","background-position":"center center","background-size":"auto","background-attachment":"scroll","background-type":"","background-media":"","overlay-type":"","overlay-color":"","overlay-opacity":"","overlay-gradient":""},"tablet":{"background-color":"var(--ast-global-color-4)","background-image":"","background-repeat":"repeat","background-position":"center center","background-size":"auto","background-attachment":"scroll","background-type":"","background-media":"","overlay-type":"","overlay-color":"","overlay-opacity":"","overlay-gradient":""},"mobile":{"background-color":"var(--ast-global-color-4)","background-image":"","background-repeat":"repeat","background-position":"center center","background-size":"auto","background-attachment":"scroll","background-type":"","background-media":"","overlay-type":"","overlay-color":"","overlay-opacity":"","overlay-gradient":""}},"footnotes":""},"categories":[1],"tags":[],"class_list":["post-62620","post","type-post","status-publish","format-standard","hentry","category-sem-categoria"],"yoast_head":"<!-- This site is optimized with the Yoast SEO plugin v26.6 - https:\/\/yoast.com\/wordpress\/plugins\/seo\/ -->\n<title>Projeto de Lei do deputado Adriano beneficia agricultura familiar - Daniel Matos<\/title>\n<meta name=\"robots\" content=\"index, follow, max-snippet:-1, max-image-preview:large, max-video-preview:-1\" \/>\n<link rel=\"canonical\" href=\"https:\/\/www.blogsoestado.com\/danielmatos\/projeto-de-lei-do-deputado-adriano-beneficia-agricultura-familiar\/\" \/>\n<meta property=\"og:locale\" content=\"pt_BR\" \/>\n<meta property=\"og:type\" content=\"article\" \/>\n<meta property=\"og:title\" content=\"Projeto de Lei do deputado Adriano beneficia agricultura familiar - Daniel Matos\" \/>\n<meta property=\"og:description\" content=\"O plen\u00e1rio da Assembleia Legislativa do Maranh\u00e3o aprovou em unanimidade na sess\u00e3o desta ter\u00e7a-feira (07) o projeto de Lei n\u00ba [&hellip;]\" \/>\n<meta property=\"og:url\" content=\"https:\/\/www.blogsoestado.com\/danielmatos\/projeto-de-lei-do-deputado-adriano-beneficia-agricultura-familiar\/\" \/>\n<meta property=\"og:site_name\" content=\"Daniel Matos\" \/>\n<meta property=\"article:published_time\" content=\"2019-05-07T18:21:00+00:00\" \/>\n<meta property=\"og:image\" content=\"https:\/\/www.blogsoestado.com\/danielmatos\/files\/2019\/05\/adriano-agricultura.jpg\" \/>\n<meta name=\"twitter:card\" content=\"summary_large_image\" \/>\n<meta name=\"twitter:label1\" content=\"Est. tempo de leitura\" \/>\n\t<meta name=\"twitter:data1\" content=\"2 minutos\" \/>\n<script type=\"application\/ld+json\" class=\"yoast-schema-graph\">{\"@context\":\"https:\/\/schema.org\",\"@graph\":[{\"@type\":\"WebPage\",\"@id\":\"https:\/\/www.blogsoestado.com\/danielmatos\/projeto-de-lei-do-deputado-adriano-beneficia-agricultura-familiar\/\",\"url\":\"https:\/\/www.blogsoestado.com\/danielmatos\/projeto-de-lei-do-deputado-adriano-beneficia-agricultura-familiar\/\",\"name\":\"Projeto de Lei do deputado Adriano beneficia agricultura familiar - Daniel Matos\",\"isPartOf\":{\"@id\":\"https:\/\/www.blogsoestado.com\/danielmatos\/#website\"},\"primaryImageOfPage\":{\"@id\":\"https:\/\/www.blogsoestado.com\/danielmatos\/projeto-de-lei-do-deputado-adriano-beneficia-agricultura-familiar\/#primaryimage\"},\"image\":{\"@id\":\"https:\/\/www.blogsoestado.com\/danielmatos\/projeto-de-lei-do-deputado-adriano-beneficia-agricultura-familiar\/#primaryimage\"},\"thumbnailUrl\":\"https:\/\/www.blogsoestado.com\/danielmatos\/files\/2019\/05\/adriano-agricultura.jpg\",\"datePublished\":\"2019-05-07T18:21:00+00:00\",\"author\":{\"@id\":\"\"},\"breadcrumb\":{\"@id\":\"https:\/\/www.blogsoestado.com\/danielmatos\/projeto-de-lei-do-deputado-adriano-beneficia-agricultura-familiar\/#breadcrumb\"},\"inLanguage\":\"pt-BR\",\"potentialAction\":[{\"@type\":\"ReadAction\",\"target\":[\"https:\/\/www.blogsoestado.com\/danielmatos\/projeto-de-lei-do-deputado-adriano-beneficia-agricultura-familiar\/\"]}]},{\"@type\":\"ImageObject\",\"inLanguage\":\"pt-BR\",\"@id\":\"https:\/\/www.blogsoestado.com\/danielmatos\/projeto-de-lei-do-deputado-adriano-beneficia-agricultura-familiar\/#primaryimage\",\"url\":\"https:\/\/www.blogsoestado.com\/danielmatos\/files\/2019\/05\/adriano-agricultura.jpg\",\"contentUrl\":\"https:\/\/www.blogsoestado.com\/danielmatos\/files\/2019\/05\/adriano-agricultura.jpg\"},{\"@type\":\"BreadcrumbList\",\"@id\":\"https:\/\/www.blogsoestado.com\/danielmatos\/projeto-de-lei-do-deputado-adriano-beneficia-agricultura-familiar\/#breadcrumb\",\"itemListElement\":[{\"@type\":\"ListItem\",\"position\":1,\"name\":\"In\u00edcio\",\"item\":\"https:\/\/www.blogsoestado.com\/danielmatos\/\"},{\"@type\":\"ListItem\",\"position\":2,\"name\":\"Projeto de Lei do deputado Adriano beneficia agricultura familiar\"}]},{\"@type\":\"WebSite\",\"@id\":\"https:\/\/www.blogsoestado.com\/danielmatos\/#website\",\"url\":\"https:\/\/www.blogsoestado.com\/danielmatos\/\",\"name\":\"Daniel Matos\",\"description\":\"\",\"potentialAction\":[{\"@type\":\"SearchAction\",\"target\":{\"@type\":\"EntryPoint\",\"urlTemplate\":\"https:\/\/www.blogsoestado.com\/danielmatos\/?s={search_term_string}\"},\"query-input\":{\"@type\":\"PropertyValueSpecification\",\"valueRequired\":true,\"valueName\":\"search_term_string\"}}],\"inLanguage\":\"pt-BR\"}]}<\/script>\n<!-- \/ Yoast SEO plugin. -->","yoast_head_json":{"title":"Projeto de Lei do deputado Adriano beneficia agricultura familiar - Daniel Matos","robots":{"index":"index","follow":"follow","max-snippet":"max-snippet:-1","max-image-preview":"max-image-preview:large","max-video-preview":"max-video-preview:-1"},"canonical":"https:\/\/www.blogsoestado.com\/danielmatos\/projeto-de-lei-do-deputado-adriano-beneficia-agricultura-familiar\/","og_locale":"pt_BR","og_type":"article","og_title":"Projeto de Lei do deputado Adriano beneficia agricultura familiar - Daniel Matos","og_description":"O plen\u00e1rio da Assembleia Legislativa do Maranh\u00e3o aprovou em unanimidade na sess\u00e3o desta ter\u00e7a-feira (07) o projeto de Lei n\u00ba [&hellip;]","og_url":"https:\/\/www.blogsoestado.com\/danielmatos\/projeto-de-lei-do-deputado-adriano-beneficia-agricultura-familiar\/","og_site_name":"Daniel Matos","article_published_time":"2019-05-07T18:21:00+00:00","og_image":[{"url":"https:\/\/www.blogsoestado.com\/danielmatos\/files\/2019\/05\/adriano-agricultura.jpg","type":"","width":"","height":""}],"twitter_card":"summary_large_image","twitter_misc":{"Est. tempo de leitura":"2 minutos"},"schema":{"@context":"https:\/\/schema.org","@graph":[{"@type":"WebPage","@id":"https:\/\/www.blogsoestado.com\/danielmatos\/projeto-de-lei-do-deputado-adriano-beneficia-agricultura-familiar\/","url":"https:\/\/www.blogsoestado.com\/danielmatos\/projeto-de-lei-do-deputado-adriano-beneficia-agricultura-familiar\/","name":"Projeto de Lei do deputado Adriano beneficia agricultura familiar - Daniel Matos","isPartOf":{"@id":"https:\/\/www.blogsoestado.com\/danielmatos\/#website"},"primaryImageOfPage":{"@id":"https:\/\/www.blogsoestado.com\/danielmatos\/projeto-de-lei-do-deputado-adriano-beneficia-agricultura-familiar\/#primaryimage"},"image":{"@id":"https:\/\/www.blogsoestado.com\/danielmatos\/projeto-de-lei-do-deputado-adriano-beneficia-agricultura-familiar\/#primaryimage"},"thumbnailUrl":"https:\/\/www.blogsoestado.com\/danielmatos\/files\/2019\/05\/adriano-agricultura.jpg","datePublished":"2019-05-07T18:21:00+00:00","author":{"@id":""},"breadcrumb":{"@id":"https:\/\/www.blogsoestado.com\/danielmatos\/projeto-de-lei-do-deputado-adriano-beneficia-agricultura-familiar\/#breadcrumb"},"inLanguage":"pt-BR","potentialAction":[{"@type":"ReadAction","target":["https:\/\/www.blogsoestado.com\/danielmatos\/projeto-de-lei-do-deputado-adriano-beneficia-agricultura-familiar\/"]}]},{"@type":"ImageObject","inLanguage":"pt-BR","@id":"https:\/\/www.blogsoestado.com\/danielmatos\/projeto-de-lei-do-deputado-adriano-beneficia-agricultura-familiar\/#primaryimage","url":"https:\/\/www.blogsoestado.com\/danielmatos\/files\/2019\/05\/adriano-agricultura.jpg","contentUrl":"https:\/\/www.blogsoestado.com\/danielmatos\/files\/2019\/05\/adriano-agricultura.jpg"},{"@type":"BreadcrumbList","@id":"https:\/\/www.blogsoestado.com\/danielmatos\/projeto-de-lei-do-deputado-adriano-beneficia-agricultura-familiar\/#breadcrumb","itemListElement":[{"@type":"ListItem","position":1,"name":"In\u00edcio","item":"https:\/\/www.blogsoestado.com\/danielmatos\/"},{"@type":"ListItem","position":2,"name":"Projeto de Lei do deputado Adriano beneficia agricultura familiar"}]},{"@type":"WebSite","@id":"https:\/\/www.blogsoestado.com\/danielmatos\/#website","url":"https:\/\/www.blogsoestado.com\/danielmatos\/","name":"Daniel Matos","description":"","potentialAction":[{"@type":"SearchAction","target":{"@type":"EntryPoint","urlTemplate":"https:\/\/www.blogsoestado.com\/danielmatos\/?s={search_term_string}"},"query-input":{"@type":"PropertyValueSpecification","valueRequired":true,"valueName":"search_term_string"}}],"inLanguage":"pt-BR"}]}},"jetpack_featured_media_url":"","_links":{"self":[{"href":"https:\/\/www.blogsoestado.com\/danielmatos\/wp-json\/wp\/v2\/posts\/62620","targetHints":{"allow":["GET"]}}],"collection":[{"href":"https:\/\/www.blogsoestado.com\/danielmatos\/wp-json\/wp\/v2\/posts"}],"about":[{"href":"https:\/\/www.blogsoestado.com\/danielmatos\/wp-json\/wp\/v2\/types\/post"}],"replies":[{"embeddable":true,"href":"https:\/\/www.blogsoestado.com\/danielmatos\/wp-json\/wp\/v2\/comments?post=62620"}],"version-history":[{"count":0,"href":"https:\/\/www.blogsoestado.com\/danielmatos\/wp-json\/wp\/v2\/posts\/62620\/revisions"}],"wp:attachment":[{"href":"https:\/\/www.blogsoestado.com\/danielmatos\/wp-json\/wp\/v2\/media?parent=62620"}],"wp:term":[{"taxonomy":"category","embeddable":true,"href":"https:\/\/www.blogsoestado.com\/danielmatos\/wp-json\/wp\/v2\/categories?post=62620"},{"taxonomy":"post_tag","embeddable":true,"href":"https:\/\/www.blogsoestado.com\/danielmatos\/wp-json\/wp\/v2\/tags?post=62620"}],"curies":[{"name":"wp","href":"https:\/\/api.w.org\/{rel}","templated":true}]}}