{"id":637,"date":"2008-10-21T12:18:02","date_gmt":"2008-10-21T15:18:02","guid":{"rendered":"https:\/\/www.blogsoestado.com\/danielmatos\/2008\/10\/21\/dia-do-comerciario-no-litero-nao-foi-so-festa\/"},"modified":"2008-10-21T12:18:02","modified_gmt":"2008-10-21T15:18:02","slug":"dia-do-comerciario-no-litero-nao-foi-so-festa","status":"publish","type":"post","link":"https:\/\/www.blogsoestado.com\/danielmatos\/dia-do-comerciario-no-litero-nao-foi-so-festa\/","title":{"rendered":"Dia do Comerci\u00e1rio no L\u00edtero n\u00e3o foi s\u00f3 festa"},"content":{"rendered":"<p><a href=\"https:\/\/www.blogsoestado.com\/danielmatos\/files\/2008\/10\/festa20.jpg\" title=\"festa20.jpg\"><img decoding=\"async\" align=\"left\" src=\"https:\/\/www.blogsoestado.com\/danielmatos\/files\/2008\/10\/festa20.jpg\" alt=\"festa20.jpg\" \/><\/a>A comemora\u00e7\u00e3o do Dia do Comerci\u00e1rio, ontem, no Gr\u00eamio L\u00edtero Recreativo Portugu\u00eas, n\u00e3o foi marcada apenas por um clima de confraterniza\u00e7\u00e3o. Casos de viol\u00eancia\u00a0aconteceram aos montes durante a festa, que parou todo o com\u00e9rcio de S\u00e3o Lu\u00eds. O mais grave deles, uma les\u00e3o corporal com arma granca,\u00a0foi registrado pelo Centro Integrado de Opera\u00e7\u00f5es de Seguran\u00e7a (Ciops) e divulgado \u00e0 imprensa.<\/p>\n<p>A v\u00edtima\u00a0foi um homem identificado por Hamilton, morador da Vila Embratel, que sofreu dois profundos cortes no t\u00f3rax, desferidos por um desconhecido. Felizmente,\u00a0ele foi conduzido consciente ao Hospital Municipal Djalma Marques, o Socorr\u00e3o I.<\/p>\n<p>Apesar do forte aparato policial acionado para o L\u00edtero, o agressor n\u00e3o foi localizado.\u00a0Os militares alegaram que n\u00e3o conseguiram identificar o autor\u00a0por causa da grande multid\u00e3o que se concentrou no\u00a0local.<\/p>\n<p><strong>Foto:<\/strong> Flora Dolores\/O Estado<a href=\"https:\/\/www.blogsoestado.com\/danielmatos\/files\/2008\/10\/festa20.jpg\" title=\"festa20.jpg\"><\/a>\u00a0\u00a0\u00a0\u00a0<\/p>\n","protected":false},"excerpt":{"rendered":"<p>A comemora\u00e7\u00e3o do Dia do Comerci\u00e1rio, ontem, no Gr\u00eamio L\u00edtero Recreativo Portugu\u00eas, n\u00e3o foi marcada apenas por um clima de [&hellip;]<\/p>\n","protected":false},"author":0,"featured_media":0,"comment_status":"open","ping_status":"open","sticky":false,"template":"","format":"standard","meta":{"site-sidebar-layout":"default","site-content-layout":"","ast-site-content-layout":"default","site-content-style":"default","site-sidebar-style":"default","ast-global-header-display":"","ast-banner-title-visibility":"","ast-main-header-display":"","ast-hfb-above-header-display":"","ast-hfb-below-header-display":"","ast-hfb-mobile-header-display":"","site-post-title":"","ast-breadcrumbs-content":"","ast-featured-img":"","footer-sml-layout":"","ast-disable-related-posts":"","theme-transparent-header-meta":"","adv-header-id-meta":"","stick-header-meta":"","header-above-stick-meta":"","header-main-stick-meta":"","header-below-stick-meta":"","astra-migrate-meta-layouts":"default","ast-page-background-enabled":"default","ast-page-background-meta":{"desktop":{"background-color":"var(--ast-global-color-5)","background-image":"","background-repeat":"repeat","background-position":"center center","background-size":"auto","background-attachment":"scroll","background-type":"","background-media":"","overlay-type":"","overlay-color":"","overlay-opacity":"","overlay-gradient":""},"tablet":{"background-color":"","background-image":"","background-repeat":"repeat","background-position":"center center","background-size":"auto","background-attachment":"scroll","background-type":"","background-media":"","overlay-type":"","overlay-color":"","overlay-opacity":"","overlay-gradient":""},"mobile":{"background-color":"","background-image":"","background-repeat":"repeat","background-position":"center center","background-size":"auto","background-attachment":"scroll","background-type":"","background-media":"","overlay-type":"","overlay-color":"","overlay-opacity":"","overlay-gradient":""}},"ast-content-background-meta":{"desktop":{"background-color":"var(--ast-global-color-4)","background-image":"","background-repeat":"repeat","background-position":"center center","background-size":"auto","background-attachment":"scroll","background-type":"","background-media":"","overlay-type":"","overlay-color":"","overlay-opacity":"","overlay-gradient":""},"tablet":{"background-color":"var(--ast-global-color-4)","background-image":"","background-repeat":"repeat","background-position":"center center","background-size":"auto","background-attachment":"scroll","background-type":"","background-media":"","overlay-type":"","overlay-color":"","overlay-opacity":"","overlay-gradient":""},"mobile":{"background-color":"var(--ast-global-color-4)","background-image":"","background-repeat":"repeat","background-position":"center center","background-size":"auto","background-attachment":"scroll","background-type":"","background-media":"","overlay-type":"","overlay-color":"","overlay-opacity":"","overlay-gradient":""}},"footnotes":""},"categories":[1],"tags":[],"class_list":["post-637","post","type-post","status-publish","format-standard","hentry","category-sem-categoria"],"yoast_head":"<!-- This site is optimized with the Yoast SEO plugin v26.6 - https:\/\/yoast.com\/wordpress\/plugins\/seo\/ -->\n<title>Dia do Comerci\u00e1rio no L\u00edtero n\u00e3o foi s\u00f3 festa - Daniel Matos<\/title>\n<meta name=\"robots\" content=\"index, follow, max-snippet:-1, max-image-preview:large, max-video-preview:-1\" \/>\n<link rel=\"canonical\" href=\"https:\/\/www.blogsoestado.com\/danielmatos\/dia-do-comerciario-no-litero-nao-foi-so-festa\/\" \/>\n<meta property=\"og:locale\" content=\"pt_BR\" \/>\n<meta property=\"og:type\" content=\"article\" \/>\n<meta property=\"og:title\" content=\"Dia do Comerci\u00e1rio no L\u00edtero n\u00e3o foi s\u00f3 festa - Daniel Matos\" \/>\n<meta property=\"og:description\" content=\"A comemora\u00e7\u00e3o do Dia do Comerci\u00e1rio, ontem, no Gr\u00eamio L\u00edtero Recreativo Portugu\u00eas, n\u00e3o foi marcada apenas por um clima de [&hellip;]\" \/>\n<meta property=\"og:url\" content=\"https:\/\/www.blogsoestado.com\/danielmatos\/dia-do-comerciario-no-litero-nao-foi-so-festa\/\" \/>\n<meta property=\"og:site_name\" content=\"Daniel Matos\" \/>\n<meta property=\"article:published_time\" content=\"2008-10-21T15:18:02+00:00\" \/>\n<meta property=\"og:image\" content=\"https:\/\/www.blogsoestado.com\/danielmatos\/files\/2008\/10\/festa20.jpg\" \/>\n<meta name=\"twitter:card\" content=\"summary_large_image\" \/>\n<meta name=\"twitter:label1\" content=\"Est. tempo de leitura\" \/>\n\t<meta name=\"twitter:data1\" content=\"1 minuto\" \/>\n<script type=\"application\/ld+json\" class=\"yoast-schema-graph\">{\"@context\":\"https:\/\/schema.org\",\"@graph\":[{\"@type\":\"WebPage\",\"@id\":\"https:\/\/www.blogsoestado.com\/danielmatos\/dia-do-comerciario-no-litero-nao-foi-so-festa\/\",\"url\":\"https:\/\/www.blogsoestado.com\/danielmatos\/dia-do-comerciario-no-litero-nao-foi-so-festa\/\",\"name\":\"Dia do Comerci\u00e1rio no L\u00edtero n\u00e3o foi s\u00f3 festa - Daniel Matos\",\"isPartOf\":{\"@id\":\"https:\/\/www.blogsoestado.com\/danielmatos\/#website\"},\"primaryImageOfPage\":{\"@id\":\"https:\/\/www.blogsoestado.com\/danielmatos\/dia-do-comerciario-no-litero-nao-foi-so-festa\/#primaryimage\"},\"image\":{\"@id\":\"https:\/\/www.blogsoestado.com\/danielmatos\/dia-do-comerciario-no-litero-nao-foi-so-festa\/#primaryimage\"},\"thumbnailUrl\":\"https:\/\/www.blogsoestado.com\/danielmatos\/files\/2008\/10\/festa20.jpg\",\"datePublished\":\"2008-10-21T15:18:02+00:00\",\"author\":{\"@id\":\"\"},\"breadcrumb\":{\"@id\":\"https:\/\/www.blogsoestado.com\/danielmatos\/dia-do-comerciario-no-litero-nao-foi-so-festa\/#breadcrumb\"},\"inLanguage\":\"pt-BR\",\"potentialAction\":[{\"@type\":\"ReadAction\",\"target\":[\"https:\/\/www.blogsoestado.com\/danielmatos\/dia-do-comerciario-no-litero-nao-foi-so-festa\/\"]}]},{\"@type\":\"ImageObject\",\"inLanguage\":\"pt-BR\",\"@id\":\"https:\/\/www.blogsoestado.com\/danielmatos\/dia-do-comerciario-no-litero-nao-foi-so-festa\/#primaryimage\",\"url\":\"https:\/\/www.blogsoestado.com\/danielmatos\/files\/2008\/10\/festa20.jpg\",\"contentUrl\":\"https:\/\/www.blogsoestado.com\/danielmatos\/files\/2008\/10\/festa20.jpg\"},{\"@type\":\"BreadcrumbList\",\"@id\":\"https:\/\/www.blogsoestado.com\/danielmatos\/dia-do-comerciario-no-litero-nao-foi-so-festa\/#breadcrumb\",\"itemListElement\":[{\"@type\":\"ListItem\",\"position\":1,\"name\":\"In\u00edcio\",\"item\":\"https:\/\/www.blogsoestado.com\/danielmatos\/\"},{\"@type\":\"ListItem\",\"position\":2,\"name\":\"Dia do Comerci\u00e1rio no L\u00edtero n\u00e3o foi s\u00f3 festa\"}]},{\"@type\":\"WebSite\",\"@id\":\"https:\/\/www.blogsoestado.com\/danielmatos\/#website\",\"url\":\"https:\/\/www.blogsoestado.com\/danielmatos\/\",\"name\":\"Daniel Matos\",\"description\":\"\",\"potentialAction\":[{\"@type\":\"SearchAction\",\"target\":{\"@type\":\"EntryPoint\",\"urlTemplate\":\"https:\/\/www.blogsoestado.com\/danielmatos\/?s={search_term_string}\"},\"query-input\":{\"@type\":\"PropertyValueSpecification\",\"valueRequired\":true,\"valueName\":\"search_term_string\"}}],\"inLanguage\":\"pt-BR\"}]}<\/script>\n<!-- \/ Yoast SEO plugin. -->","yoast_head_json":{"title":"Dia do Comerci\u00e1rio no L\u00edtero n\u00e3o foi s\u00f3 festa - Daniel Matos","robots":{"index":"index","follow":"follow","max-snippet":"max-snippet:-1","max-image-preview":"max-image-preview:large","max-video-preview":"max-video-preview:-1"},"canonical":"https:\/\/www.blogsoestado.com\/danielmatos\/dia-do-comerciario-no-litero-nao-foi-so-festa\/","og_locale":"pt_BR","og_type":"article","og_title":"Dia do Comerci\u00e1rio no L\u00edtero n\u00e3o foi s\u00f3 festa - Daniel Matos","og_description":"A comemora\u00e7\u00e3o do Dia do Comerci\u00e1rio, ontem, no Gr\u00eamio L\u00edtero Recreativo Portugu\u00eas, n\u00e3o foi marcada apenas por um clima de [&hellip;]","og_url":"https:\/\/www.blogsoestado.com\/danielmatos\/dia-do-comerciario-no-litero-nao-foi-so-festa\/","og_site_name":"Daniel Matos","article_published_time":"2008-10-21T15:18:02+00:00","og_image":[{"url":"https:\/\/www.blogsoestado.com\/danielmatos\/files\/2008\/10\/festa20.jpg","type":"","width":"","height":""}],"twitter_card":"summary_large_image","twitter_misc":{"Est. tempo de leitura":"1 minuto"},"schema":{"@context":"https:\/\/schema.org","@graph":[{"@type":"WebPage","@id":"https:\/\/www.blogsoestado.com\/danielmatos\/dia-do-comerciario-no-litero-nao-foi-so-festa\/","url":"https:\/\/www.blogsoestado.com\/danielmatos\/dia-do-comerciario-no-litero-nao-foi-so-festa\/","name":"Dia do Comerci\u00e1rio no L\u00edtero n\u00e3o foi s\u00f3 festa - Daniel Matos","isPartOf":{"@id":"https:\/\/www.blogsoestado.com\/danielmatos\/#website"},"primaryImageOfPage":{"@id":"https:\/\/www.blogsoestado.com\/danielmatos\/dia-do-comerciario-no-litero-nao-foi-so-festa\/#primaryimage"},"image":{"@id":"https:\/\/www.blogsoestado.com\/danielmatos\/dia-do-comerciario-no-litero-nao-foi-so-festa\/#primaryimage"},"thumbnailUrl":"https:\/\/www.blogsoestado.com\/danielmatos\/files\/2008\/10\/festa20.jpg","datePublished":"2008-10-21T15:18:02+00:00","author":{"@id":""},"breadcrumb":{"@id":"https:\/\/www.blogsoestado.com\/danielmatos\/dia-do-comerciario-no-litero-nao-foi-so-festa\/#breadcrumb"},"inLanguage":"pt-BR","potentialAction":[{"@type":"ReadAction","target":["https:\/\/www.blogsoestado.com\/danielmatos\/dia-do-comerciario-no-litero-nao-foi-so-festa\/"]}]},{"@type":"ImageObject","inLanguage":"pt-BR","@id":"https:\/\/www.blogsoestado.com\/danielmatos\/dia-do-comerciario-no-litero-nao-foi-so-festa\/#primaryimage","url":"https:\/\/www.blogsoestado.com\/danielmatos\/files\/2008\/10\/festa20.jpg","contentUrl":"https:\/\/www.blogsoestado.com\/danielmatos\/files\/2008\/10\/festa20.jpg"},{"@type":"BreadcrumbList","@id":"https:\/\/www.blogsoestado.com\/danielmatos\/dia-do-comerciario-no-litero-nao-foi-so-festa\/#breadcrumb","itemListElement":[{"@type":"ListItem","position":1,"name":"In\u00edcio","item":"https:\/\/www.blogsoestado.com\/danielmatos\/"},{"@type":"ListItem","position":2,"name":"Dia do Comerci\u00e1rio no L\u00edtero n\u00e3o foi s\u00f3 festa"}]},{"@type":"WebSite","@id":"https:\/\/www.blogsoestado.com\/danielmatos\/#website","url":"https:\/\/www.blogsoestado.com\/danielmatos\/","name":"Daniel Matos","description":"","potentialAction":[{"@type":"SearchAction","target":{"@type":"EntryPoint","urlTemplate":"https:\/\/www.blogsoestado.com\/danielmatos\/?s={search_term_string}"},"query-input":{"@type":"PropertyValueSpecification","valueRequired":true,"valueName":"search_term_string"}}],"inLanguage":"pt-BR"}]}},"jetpack_featured_media_url":"","_links":{"self":[{"href":"https:\/\/www.blogsoestado.com\/danielmatos\/wp-json\/wp\/v2\/posts\/637","targetHints":{"allow":["GET"]}}],"collection":[{"href":"https:\/\/www.blogsoestado.com\/danielmatos\/wp-json\/wp\/v2\/posts"}],"about":[{"href":"https:\/\/www.blogsoestado.com\/danielmatos\/wp-json\/wp\/v2\/types\/post"}],"replies":[{"embeddable":true,"href":"https:\/\/www.blogsoestado.com\/danielmatos\/wp-json\/wp\/v2\/comments?post=637"}],"version-history":[{"count":0,"href":"https:\/\/www.blogsoestado.com\/danielmatos\/wp-json\/wp\/v2\/posts\/637\/revisions"}],"wp:attachment":[{"href":"https:\/\/www.blogsoestado.com\/danielmatos\/wp-json\/wp\/v2\/media?parent=637"}],"wp:term":[{"taxonomy":"category","embeddable":true,"href":"https:\/\/www.blogsoestado.com\/danielmatos\/wp-json\/wp\/v2\/categories?post=637"},{"taxonomy":"post_tag","embeddable":true,"href":"https:\/\/www.blogsoestado.com\/danielmatos\/wp-json\/wp\/v2\/tags?post=637"}],"curies":[{"name":"wp","href":"https:\/\/api.w.org\/{rel}","templated":true}]}}