{"id":668,"date":"2008-10-31T12:52:14","date_gmt":"2008-10-31T14:52:14","guid":{"rendered":"https:\/\/www.blogsoestado.com\/danielmatos\/2008\/10\/31\/jackson-resolve-enviar-missao-tecnica-a-franca-aziz-e-othelino-sao-excluidos-de-comitiva\/"},"modified":"2008-10-31T12:52:14","modified_gmt":"2008-10-31T14:52:14","slug":"jackson-resolve-enviar-missao-tecnica-a-franca-aziz-e-othelino-sao-excluidos-de-comitiva","status":"publish","type":"post","link":"https:\/\/www.blogsoestado.com\/danielmatos\/jackson-resolve-enviar-missao-tecnica-a-franca-aziz-e-othelino-sao-excluidos-de-comitiva\/","title":{"rendered":"Jackson resolve enviar miss\u00e3o t\u00e9cnica \u00e0 Fran\u00e7a; Aziz e Othelino s\u00e3o exclu\u00eddos de comitiva"},"content":{"rendered":"<p><a href=\"https:\/\/www.blogsoestado.com\/danielmatos\/files\/2008\/10\/othelino2.jpg\" title=\"othelino2.jpg\"><\/a><a href=\"https:\/\/www.blogsoestado.com\/danielmatos\/files\/2008\/10\/aziz.jpg\" title=\"aziz.jpg\"><img decoding=\"async\" align=\"left\" src=\"https:\/\/www.blogsoestado.com\/danielmatos\/files\/2008\/10\/aziz.jpg\" alt=\"aziz.jpg\" \/><\/a>O governador Jackson Lago resolveu retomar a id\u00e9ia de enviar uma miss\u00e3o t\u00e9cnica\u00a0\u00e0 Fran\u00e7a para\u00a0discutir com autoridades daquele pa\u00eds a programa\u00e7\u00e3o local alusiva ao Ano da Fran\u00e7a no Brasil, cuja programa\u00e7\u00e3o ser\u00e1 desenvolvida em 2009.\u00a0Mas resolveu reduzir de sete para quatro o n\u00famero de integrantes da comitiva.\u00a0Entre os\u00a0exclu\u00eddos est\u00e3o os secret\u00e1rios de Planejamento e Or\u00e7amento, Aziz Santos, e de Meio Ambiente, Othelino Neto.<\/p>\n<p>Em 3 de setembro, o governador publicou ato em que determinou a\u00a0ida da\u00a0miss\u00e3o \u00e0 Fran\u00e7a, incluindo Aziz e Othelino na comitiva. Vinte dias depois, Jackson\u00a0baixou novo ato, dessa vez desautorizando a viagem. Este blog\u00a0abordou o assunto em dois posts, publicados\u00a0nos dias\u00a010\u00a0e 26 de daquele m\u00eas.\u00a0\u00a0<\/p>\n<p><a href=\"https:\/\/www.blogsoestado.com\/danielmatos\/files\/2008\/10\/othelino2.jpg\" title=\"othelino2.jpg\"><img decoding=\"async\" align=\"right\" src=\"https:\/\/www.blogsoestado.com\/danielmatos\/files\/2008\/10\/othelino2.jpg\" alt=\"othelino2.jpg\" \/><\/a>O grupo permancer\u00e1 na Fran\u00e7a entre 9 e 15 de novembro. Viajar\u00e3o o secret\u00e1rio estadual de Cultura, Jo\u00e3ozinho Ribeiro; o presidente do Instituto Maranhense de Estudos Socioecon\u00f4micos, Raimundo Palhano; a chefe da Assessoria de Planejamento e A\u00e7\u00f5es Estrat\u00e9gicas da Secrearia Estadual de Cultura,\u00a0Maria Micaela\u00a0Neiva Moreira; e a assessora especial da Secretaria Estadual de Planejamento e Or\u00e7amento, Beatriz Bissio Neiva Moreira.<\/p>\n<p>Exclu\u00eddos os\u00a0nomes que em pouco ou nada contribuiriam para o\u00a0\u00eaxito da miss\u00e3o, espera-se que a presen\u00e7a da\u00a0comitiva em territ\u00f3rio franc\u00eas seja bem-sucedida.\u00a0<\/p>\n","protected":false},"excerpt":{"rendered":"<p>O governador Jackson Lago resolveu retomar a id\u00e9ia de enviar uma miss\u00e3o t\u00e9cnica\u00a0\u00e0 Fran\u00e7a para\u00a0discutir com autoridades daquele pa\u00eds a [&hellip;]<\/p>\n","protected":false},"author":0,"featured_media":0,"comment_status":"open","ping_status":"open","sticky":false,"template":"","format":"standard","meta":{"site-sidebar-layout":"default","site-content-layout":"","ast-site-content-layout":"default","site-content-style":"default","site-sidebar-style":"default","ast-global-header-display":"","ast-banner-title-visibility":"","ast-main-header-display":"","ast-hfb-above-header-display":"","ast-hfb-below-header-display":"","ast-hfb-mobile-header-display":"","site-post-title":"","ast-breadcrumbs-content":"","ast-featured-img":"","footer-sml-layout":"","ast-disable-related-posts":"","theme-transparent-header-meta":"","adv-header-id-meta":"","stick-header-meta":"","header-above-stick-meta":"","header-main-stick-meta":"","header-below-stick-meta":"","astra-migrate-meta-layouts":"default","ast-page-background-enabled":"default","ast-page-background-meta":{"desktop":{"background-color":"var(--ast-global-color-5)","background-image":"","background-repeat":"repeat","background-position":"center center","background-size":"auto","background-attachment":"scroll","background-type":"","background-media":"","overlay-type":"","overlay-color":"","overlay-opacity":"","overlay-gradient":""},"tablet":{"background-color":"","background-image":"","background-repeat":"repeat","background-position":"center center","background-size":"auto","background-attachment":"scroll","background-type":"","background-media":"","overlay-type":"","overlay-color":"","overlay-opacity":"","overlay-gradient":""},"mobile":{"background-color":"","background-image":"","background-repeat":"repeat","background-position":"center center","background-size":"auto","background-attachment":"scroll","background-type":"","background-media":"","overlay-type":"","overlay-color":"","overlay-opacity":"","overlay-gradient":""}},"ast-content-background-meta":{"desktop":{"background-color":"var(--ast-global-color-4)","background-image":"","background-repeat":"repeat","background-position":"center center","background-size":"auto","background-attachment":"scroll","background-type":"","background-media":"","overlay-type":"","overlay-color":"","overlay-opacity":"","overlay-gradient":""},"tablet":{"background-color":"var(--ast-global-color-4)","background-image":"","background-repeat":"repeat","background-position":"center center","background-size":"auto","background-attachment":"scroll","background-type":"","background-media":"","overlay-type":"","overlay-color":"","overlay-opacity":"","overlay-gradient":""},"mobile":{"background-color":"var(--ast-global-color-4)","background-image":"","background-repeat":"repeat","background-position":"center center","background-size":"auto","background-attachment":"scroll","background-type":"","background-media":"","overlay-type":"","overlay-color":"","overlay-opacity":"","overlay-gradient":""}},"footnotes":""},"categories":[1],"tags":[],"class_list":["post-668","post","type-post","status-publish","format-standard","hentry","category-sem-categoria"],"yoast_head":"<!-- This site is optimized with the Yoast SEO plugin v26.6 - https:\/\/yoast.com\/wordpress\/plugins\/seo\/ -->\n<title>Jackson resolve enviar miss\u00e3o t\u00e9cnica \u00e0 Fran\u00e7a; Aziz e Othelino s\u00e3o exclu\u00eddos de comitiva - Daniel Matos<\/title>\n<meta name=\"robots\" content=\"index, follow, max-snippet:-1, max-image-preview:large, max-video-preview:-1\" \/>\n<link rel=\"canonical\" href=\"https:\/\/www.blogsoestado.com\/danielmatos\/jackson-resolve-enviar-missao-tecnica-a-franca-aziz-e-othelino-sao-excluidos-de-comitiva\/\" \/>\n<meta property=\"og:locale\" content=\"pt_BR\" \/>\n<meta property=\"og:type\" content=\"article\" \/>\n<meta property=\"og:title\" content=\"Jackson resolve enviar miss\u00e3o t\u00e9cnica \u00e0 Fran\u00e7a; Aziz e Othelino s\u00e3o exclu\u00eddos de comitiva - Daniel Matos\" \/>\n<meta property=\"og:description\" content=\"O governador Jackson Lago resolveu retomar a id\u00e9ia de enviar uma miss\u00e3o t\u00e9cnica\u00a0\u00e0 Fran\u00e7a para\u00a0discutir com autoridades daquele pa\u00eds a [&hellip;]\" \/>\n<meta property=\"og:url\" content=\"https:\/\/www.blogsoestado.com\/danielmatos\/jackson-resolve-enviar-missao-tecnica-a-franca-aziz-e-othelino-sao-excluidos-de-comitiva\/\" \/>\n<meta property=\"og:site_name\" content=\"Daniel Matos\" \/>\n<meta property=\"article:published_time\" content=\"2008-10-31T14:52:14+00:00\" \/>\n<meta property=\"og:image\" content=\"https:\/\/www.blogsoestado.com\/danielmatos\/files\/2008\/10\/aziz.jpg\" \/>\n<meta name=\"twitter:card\" content=\"summary_large_image\" \/>\n<meta name=\"twitter:label1\" content=\"Est. tempo de leitura\" \/>\n\t<meta name=\"twitter:data1\" content=\"1 minuto\" \/>\n<script type=\"application\/ld+json\" class=\"yoast-schema-graph\">{\"@context\":\"https:\/\/schema.org\",\"@graph\":[{\"@type\":\"WebPage\",\"@id\":\"https:\/\/www.blogsoestado.com\/danielmatos\/jackson-resolve-enviar-missao-tecnica-a-franca-aziz-e-othelino-sao-excluidos-de-comitiva\/\",\"url\":\"https:\/\/www.blogsoestado.com\/danielmatos\/jackson-resolve-enviar-missao-tecnica-a-franca-aziz-e-othelino-sao-excluidos-de-comitiva\/\",\"name\":\"Jackson resolve enviar miss\u00e3o t\u00e9cnica \u00e0 Fran\u00e7a; Aziz e Othelino s\u00e3o exclu\u00eddos de comitiva - Daniel Matos\",\"isPartOf\":{\"@id\":\"https:\/\/www.blogsoestado.com\/danielmatos\/#website\"},\"primaryImageOfPage\":{\"@id\":\"https:\/\/www.blogsoestado.com\/danielmatos\/jackson-resolve-enviar-missao-tecnica-a-franca-aziz-e-othelino-sao-excluidos-de-comitiva\/#primaryimage\"},\"image\":{\"@id\":\"https:\/\/www.blogsoestado.com\/danielmatos\/jackson-resolve-enviar-missao-tecnica-a-franca-aziz-e-othelino-sao-excluidos-de-comitiva\/#primaryimage\"},\"thumbnailUrl\":\"https:\/\/www.blogsoestado.com\/danielmatos\/files\/2008\/10\/aziz.jpg\",\"datePublished\":\"2008-10-31T14:52:14+00:00\",\"author\":{\"@id\":\"\"},\"breadcrumb\":{\"@id\":\"https:\/\/www.blogsoestado.com\/danielmatos\/jackson-resolve-enviar-missao-tecnica-a-franca-aziz-e-othelino-sao-excluidos-de-comitiva\/#breadcrumb\"},\"inLanguage\":\"pt-BR\",\"potentialAction\":[{\"@type\":\"ReadAction\",\"target\":[\"https:\/\/www.blogsoestado.com\/danielmatos\/jackson-resolve-enviar-missao-tecnica-a-franca-aziz-e-othelino-sao-excluidos-de-comitiva\/\"]}]},{\"@type\":\"ImageObject\",\"inLanguage\":\"pt-BR\",\"@id\":\"https:\/\/www.blogsoestado.com\/danielmatos\/jackson-resolve-enviar-missao-tecnica-a-franca-aziz-e-othelino-sao-excluidos-de-comitiva\/#primaryimage\",\"url\":\"https:\/\/www.blogsoestado.com\/danielmatos\/files\/2008\/10\/aziz.jpg\",\"contentUrl\":\"https:\/\/www.blogsoestado.com\/danielmatos\/files\/2008\/10\/aziz.jpg\"},{\"@type\":\"BreadcrumbList\",\"@id\":\"https:\/\/www.blogsoestado.com\/danielmatos\/jackson-resolve-enviar-missao-tecnica-a-franca-aziz-e-othelino-sao-excluidos-de-comitiva\/#breadcrumb\",\"itemListElement\":[{\"@type\":\"ListItem\",\"position\":1,\"name\":\"In\u00edcio\",\"item\":\"https:\/\/www.blogsoestado.com\/danielmatos\/\"},{\"@type\":\"ListItem\",\"position\":2,\"name\":\"Jackson resolve enviar miss\u00e3o t\u00e9cnica \u00e0 Fran\u00e7a; Aziz e Othelino s\u00e3o exclu\u00eddos de comitiva\"}]},{\"@type\":\"WebSite\",\"@id\":\"https:\/\/www.blogsoestado.com\/danielmatos\/#website\",\"url\":\"https:\/\/www.blogsoestado.com\/danielmatos\/\",\"name\":\"Daniel Matos\",\"description\":\"\",\"potentialAction\":[{\"@type\":\"SearchAction\",\"target\":{\"@type\":\"EntryPoint\",\"urlTemplate\":\"https:\/\/www.blogsoestado.com\/danielmatos\/?s={search_term_string}\"},\"query-input\":{\"@type\":\"PropertyValueSpecification\",\"valueRequired\":true,\"valueName\":\"search_term_string\"}}],\"inLanguage\":\"pt-BR\"}]}<\/script>\n<!-- \/ Yoast SEO plugin. -->","yoast_head_json":{"title":"Jackson resolve enviar miss\u00e3o t\u00e9cnica \u00e0 Fran\u00e7a; Aziz e Othelino s\u00e3o exclu\u00eddos de comitiva - Daniel Matos","robots":{"index":"index","follow":"follow","max-snippet":"max-snippet:-1","max-image-preview":"max-image-preview:large","max-video-preview":"max-video-preview:-1"},"canonical":"https:\/\/www.blogsoestado.com\/danielmatos\/jackson-resolve-enviar-missao-tecnica-a-franca-aziz-e-othelino-sao-excluidos-de-comitiva\/","og_locale":"pt_BR","og_type":"article","og_title":"Jackson resolve enviar miss\u00e3o t\u00e9cnica \u00e0 Fran\u00e7a; Aziz e Othelino s\u00e3o exclu\u00eddos de comitiva - Daniel Matos","og_description":"O governador Jackson Lago resolveu retomar a id\u00e9ia de enviar uma miss\u00e3o t\u00e9cnica\u00a0\u00e0 Fran\u00e7a para\u00a0discutir com autoridades daquele pa\u00eds a [&hellip;]","og_url":"https:\/\/www.blogsoestado.com\/danielmatos\/jackson-resolve-enviar-missao-tecnica-a-franca-aziz-e-othelino-sao-excluidos-de-comitiva\/","og_site_name":"Daniel Matos","article_published_time":"2008-10-31T14:52:14+00:00","og_image":[{"url":"https:\/\/www.blogsoestado.com\/danielmatos\/files\/2008\/10\/aziz.jpg","type":"","width":"","height":""}],"twitter_card":"summary_large_image","twitter_misc":{"Est. tempo de leitura":"1 minuto"},"schema":{"@context":"https:\/\/schema.org","@graph":[{"@type":"WebPage","@id":"https:\/\/www.blogsoestado.com\/danielmatos\/jackson-resolve-enviar-missao-tecnica-a-franca-aziz-e-othelino-sao-excluidos-de-comitiva\/","url":"https:\/\/www.blogsoestado.com\/danielmatos\/jackson-resolve-enviar-missao-tecnica-a-franca-aziz-e-othelino-sao-excluidos-de-comitiva\/","name":"Jackson resolve enviar miss\u00e3o t\u00e9cnica \u00e0 Fran\u00e7a; Aziz e Othelino s\u00e3o exclu\u00eddos de comitiva - Daniel Matos","isPartOf":{"@id":"https:\/\/www.blogsoestado.com\/danielmatos\/#website"},"primaryImageOfPage":{"@id":"https:\/\/www.blogsoestado.com\/danielmatos\/jackson-resolve-enviar-missao-tecnica-a-franca-aziz-e-othelino-sao-excluidos-de-comitiva\/#primaryimage"},"image":{"@id":"https:\/\/www.blogsoestado.com\/danielmatos\/jackson-resolve-enviar-missao-tecnica-a-franca-aziz-e-othelino-sao-excluidos-de-comitiva\/#primaryimage"},"thumbnailUrl":"https:\/\/www.blogsoestado.com\/danielmatos\/files\/2008\/10\/aziz.jpg","datePublished":"2008-10-31T14:52:14+00:00","author":{"@id":""},"breadcrumb":{"@id":"https:\/\/www.blogsoestado.com\/danielmatos\/jackson-resolve-enviar-missao-tecnica-a-franca-aziz-e-othelino-sao-excluidos-de-comitiva\/#breadcrumb"},"inLanguage":"pt-BR","potentialAction":[{"@type":"ReadAction","target":["https:\/\/www.blogsoestado.com\/danielmatos\/jackson-resolve-enviar-missao-tecnica-a-franca-aziz-e-othelino-sao-excluidos-de-comitiva\/"]}]},{"@type":"ImageObject","inLanguage":"pt-BR","@id":"https:\/\/www.blogsoestado.com\/danielmatos\/jackson-resolve-enviar-missao-tecnica-a-franca-aziz-e-othelino-sao-excluidos-de-comitiva\/#primaryimage","url":"https:\/\/www.blogsoestado.com\/danielmatos\/files\/2008\/10\/aziz.jpg","contentUrl":"https:\/\/www.blogsoestado.com\/danielmatos\/files\/2008\/10\/aziz.jpg"},{"@type":"BreadcrumbList","@id":"https:\/\/www.blogsoestado.com\/danielmatos\/jackson-resolve-enviar-missao-tecnica-a-franca-aziz-e-othelino-sao-excluidos-de-comitiva\/#breadcrumb","itemListElement":[{"@type":"ListItem","position":1,"name":"In\u00edcio","item":"https:\/\/www.blogsoestado.com\/danielmatos\/"},{"@type":"ListItem","position":2,"name":"Jackson resolve enviar miss\u00e3o t\u00e9cnica \u00e0 Fran\u00e7a; Aziz e Othelino s\u00e3o exclu\u00eddos de comitiva"}]},{"@type":"WebSite","@id":"https:\/\/www.blogsoestado.com\/danielmatos\/#website","url":"https:\/\/www.blogsoestado.com\/danielmatos\/","name":"Daniel Matos","description":"","potentialAction":[{"@type":"SearchAction","target":{"@type":"EntryPoint","urlTemplate":"https:\/\/www.blogsoestado.com\/danielmatos\/?s={search_term_string}"},"query-input":{"@type":"PropertyValueSpecification","valueRequired":true,"valueName":"search_term_string"}}],"inLanguage":"pt-BR"}]}},"jetpack_featured_media_url":"","_links":{"self":[{"href":"https:\/\/www.blogsoestado.com\/danielmatos\/wp-json\/wp\/v2\/posts\/668","targetHints":{"allow":["GET"]}}],"collection":[{"href":"https:\/\/www.blogsoestado.com\/danielmatos\/wp-json\/wp\/v2\/posts"}],"about":[{"href":"https:\/\/www.blogsoestado.com\/danielmatos\/wp-json\/wp\/v2\/types\/post"}],"replies":[{"embeddable":true,"href":"https:\/\/www.blogsoestado.com\/danielmatos\/wp-json\/wp\/v2\/comments?post=668"}],"version-history":[{"count":0,"href":"https:\/\/www.blogsoestado.com\/danielmatos\/wp-json\/wp\/v2\/posts\/668\/revisions"}],"wp:attachment":[{"href":"https:\/\/www.blogsoestado.com\/danielmatos\/wp-json\/wp\/v2\/media?parent=668"}],"wp:term":[{"taxonomy":"category","embeddable":true,"href":"https:\/\/www.blogsoestado.com\/danielmatos\/wp-json\/wp\/v2\/categories?post=668"},{"taxonomy":"post_tag","embeddable":true,"href":"https:\/\/www.blogsoestado.com\/danielmatos\/wp-json\/wp\/v2\/tags?post=668"}],"curies":[{"name":"wp","href":"https:\/\/api.w.org\/{rel}","templated":true}]}}