{"id":682,"date":"2008-11-04T13:19:20","date_gmt":"2008-11-04T15:19:20","guid":{"rendered":"https:\/\/www.blogsoestado.com\/danielmatos\/2008\/11\/04\/muro-da-ccpj-de-imperatriz-ainda-nao-foi-reerguido\/"},"modified":"2008-11-04T13:19:20","modified_gmt":"2008-11-04T15:19:20","slug":"muro-da-ccpj-de-imperatriz-ainda-nao-foi-reerguido","status":"publish","type":"post","link":"https:\/\/www.blogsoestado.com\/danielmatos\/muro-da-ccpj-de-imperatriz-ainda-nao-foi-reerguido\/","title":{"rendered":"Muro da CCPJ de Imperatriz ainda n\u00e3o foi reerguido"},"content":{"rendered":"<p><a href=\"https:\/\/www.blogsoestado.com\/danielmatos\/files\/2008\/11\/ccpj.jpg\" title=\"ccpj.jpg\"><img decoding=\"async\" align=\"left\" src=\"https:\/\/www.blogsoestado.com\/danielmatos\/files\/2008\/11\/ccpj.jpg\" alt=\"ccpj.jpg\" \/><\/a>Derrubado durante a chuva de granizo acompanhada por um forte vendaval ocorrida no \u00faltimo dia 27, o muro da Central de Cust\u00f3dia de Presos de Justi\u00e7a (CCPJ) de Imperatriz ainda n\u00e3o foi reerguido. Pessoas que moram no entorno do pres\u00eddio est\u00e3o assustadas, pois, sem o muro, o acesso dos presos \u00e0 rua est\u00e1 facilitado.<\/p>\n<p>A dire\u00e7\u00e3o do pres\u00eddio informou j\u00e1 ter solicitado \u00e0 Secretaria de Seguran\u00e7a Cidad\u00e3 (Sesec) a recupera\u00e7\u00e3o da estrutura destru\u00edda. No entanto, ainda n\u00e3o houve resposta por parte do \u00f3rg\u00e3o. Enquanto a obra n\u00e3o \u00e9 executada, um grupo de policiais remanejados de suas fun\u00e7\u00f5es\u00a0permanece posicionado pr\u00f3ximo aos escombros para vigiar os detentos e impedir poss\u00edveis fugas.<\/p>\n<p>A situa\u00e7\u00e3o \u00e9 mais uma das muitas evid\u00eancias do descaso dos gestores da seguran\u00e7a p\u00fablica neste governo. Se em condi\u00e7\u00f5es normais, as fugas acontecem com freq\u00fc\u00eancia em v\u00e1rias unidades prisionais do estado, imagine sem a seguran\u00e7a de um muro. A bandidagem agradece tanta facilidade.<\/p>\n<p><strong>Foto:<\/strong> Jo\u00e3o Rodrigues\/O Estado do Maranh\u00e3o\u00a0<\/p>\n","protected":false},"excerpt":{"rendered":"<p>Derrubado durante a chuva de granizo acompanhada por um forte vendaval ocorrida no \u00faltimo dia 27, o muro da Central [&hellip;]<\/p>\n","protected":false},"author":0,"featured_media":0,"comment_status":"open","ping_status":"open","sticky":false,"template":"","format":"standard","meta":{"site-sidebar-layout":"default","site-content-layout":"","ast-site-content-layout":"default","site-content-style":"default","site-sidebar-style":"default","ast-global-header-display":"","ast-banner-title-visibility":"","ast-main-header-display":"","ast-hfb-above-header-display":"","ast-hfb-below-header-display":"","ast-hfb-mobile-header-display":"","site-post-title":"","ast-breadcrumbs-content":"","ast-featured-img":"","footer-sml-layout":"","ast-disable-related-posts":"","theme-transparent-header-meta":"","adv-header-id-meta":"","stick-header-meta":"","header-above-stick-meta":"","header-main-stick-meta":"","header-below-stick-meta":"","astra-migrate-meta-layouts":"default","ast-page-background-enabled":"default","ast-page-background-meta":{"desktop":{"background-color":"var(--ast-global-color-5)","background-image":"","background-repeat":"repeat","background-position":"center center","background-size":"auto","background-attachment":"scroll","background-type":"","background-media":"","overlay-type":"","overlay-color":"","overlay-opacity":"","overlay-gradient":""},"tablet":{"background-color":"","background-image":"","background-repeat":"repeat","background-position":"center center","background-size":"auto","background-attachment":"scroll","background-type":"","background-media":"","overlay-type":"","overlay-color":"","overlay-opacity":"","overlay-gradient":""},"mobile":{"background-color":"","background-image":"","background-repeat":"repeat","background-position":"center center","background-size":"auto","background-attachment":"scroll","background-type":"","background-media":"","overlay-type":"","overlay-color":"","overlay-opacity":"","overlay-gradient":""}},"ast-content-background-meta":{"desktop":{"background-color":"var(--ast-global-color-4)","background-image":"","background-repeat":"repeat","background-position":"center center","background-size":"auto","background-attachment":"scroll","background-type":"","background-media":"","overlay-type":"","overlay-color":"","overlay-opacity":"","overlay-gradient":""},"tablet":{"background-color":"var(--ast-global-color-4)","background-image":"","background-repeat":"repeat","background-position":"center center","background-size":"auto","background-attachment":"scroll","background-type":"","background-media":"","overlay-type":"","overlay-color":"","overlay-opacity":"","overlay-gradient":""},"mobile":{"background-color":"var(--ast-global-color-4)","background-image":"","background-repeat":"repeat","background-position":"center center","background-size":"auto","background-attachment":"scroll","background-type":"","background-media":"","overlay-type":"","overlay-color":"","overlay-opacity":"","overlay-gradient":""}},"footnotes":""},"categories":[1],"tags":[],"class_list":["post-682","post","type-post","status-publish","format-standard","hentry","category-sem-categoria"],"yoast_head":"<!-- This site is optimized with the Yoast SEO plugin v26.6 - https:\/\/yoast.com\/wordpress\/plugins\/seo\/ -->\n<title>Muro da CCPJ de Imperatriz ainda n\u00e3o foi reerguido - Daniel Matos<\/title>\n<meta name=\"robots\" content=\"index, follow, max-snippet:-1, max-image-preview:large, max-video-preview:-1\" \/>\n<link rel=\"canonical\" href=\"https:\/\/www.blogsoestado.com\/danielmatos\/muro-da-ccpj-de-imperatriz-ainda-nao-foi-reerguido\/\" \/>\n<meta property=\"og:locale\" content=\"pt_BR\" \/>\n<meta property=\"og:type\" content=\"article\" \/>\n<meta property=\"og:title\" content=\"Muro da CCPJ de Imperatriz ainda n\u00e3o foi reerguido - Daniel Matos\" \/>\n<meta property=\"og:description\" content=\"Derrubado durante a chuva de granizo acompanhada por um forte vendaval ocorrida no \u00faltimo dia 27, o muro da Central [&hellip;]\" \/>\n<meta property=\"og:url\" content=\"https:\/\/www.blogsoestado.com\/danielmatos\/muro-da-ccpj-de-imperatriz-ainda-nao-foi-reerguido\/\" \/>\n<meta property=\"og:site_name\" content=\"Daniel Matos\" \/>\n<meta property=\"article:published_time\" content=\"2008-11-04T15:19:20+00:00\" \/>\n<meta property=\"og:image\" content=\"https:\/\/www.blogsoestado.com\/danielmatos\/files\/2008\/11\/ccpj.jpg\" \/>\n<meta name=\"twitter:card\" content=\"summary_large_image\" \/>\n<meta name=\"twitter:label1\" content=\"Est. tempo de leitura\" \/>\n\t<meta name=\"twitter:data1\" content=\"1 minuto\" \/>\n<script type=\"application\/ld+json\" class=\"yoast-schema-graph\">{\"@context\":\"https:\/\/schema.org\",\"@graph\":[{\"@type\":\"WebPage\",\"@id\":\"https:\/\/www.blogsoestado.com\/danielmatos\/muro-da-ccpj-de-imperatriz-ainda-nao-foi-reerguido\/\",\"url\":\"https:\/\/www.blogsoestado.com\/danielmatos\/muro-da-ccpj-de-imperatriz-ainda-nao-foi-reerguido\/\",\"name\":\"Muro da CCPJ de Imperatriz ainda n\u00e3o foi reerguido - Daniel Matos\",\"isPartOf\":{\"@id\":\"https:\/\/www.blogsoestado.com\/danielmatos\/#website\"},\"primaryImageOfPage\":{\"@id\":\"https:\/\/www.blogsoestado.com\/danielmatos\/muro-da-ccpj-de-imperatriz-ainda-nao-foi-reerguido\/#primaryimage\"},\"image\":{\"@id\":\"https:\/\/www.blogsoestado.com\/danielmatos\/muro-da-ccpj-de-imperatriz-ainda-nao-foi-reerguido\/#primaryimage\"},\"thumbnailUrl\":\"https:\/\/www.blogsoestado.com\/danielmatos\/files\/2008\/11\/ccpj.jpg\",\"datePublished\":\"2008-11-04T15:19:20+00:00\",\"author\":{\"@id\":\"\"},\"breadcrumb\":{\"@id\":\"https:\/\/www.blogsoestado.com\/danielmatos\/muro-da-ccpj-de-imperatriz-ainda-nao-foi-reerguido\/#breadcrumb\"},\"inLanguage\":\"pt-BR\",\"potentialAction\":[{\"@type\":\"ReadAction\",\"target\":[\"https:\/\/www.blogsoestado.com\/danielmatos\/muro-da-ccpj-de-imperatriz-ainda-nao-foi-reerguido\/\"]}]},{\"@type\":\"ImageObject\",\"inLanguage\":\"pt-BR\",\"@id\":\"https:\/\/www.blogsoestado.com\/danielmatos\/muro-da-ccpj-de-imperatriz-ainda-nao-foi-reerguido\/#primaryimage\",\"url\":\"https:\/\/www.blogsoestado.com\/danielmatos\/files\/2008\/11\/ccpj.jpg\",\"contentUrl\":\"https:\/\/www.blogsoestado.com\/danielmatos\/files\/2008\/11\/ccpj.jpg\"},{\"@type\":\"BreadcrumbList\",\"@id\":\"https:\/\/www.blogsoestado.com\/danielmatos\/muro-da-ccpj-de-imperatriz-ainda-nao-foi-reerguido\/#breadcrumb\",\"itemListElement\":[{\"@type\":\"ListItem\",\"position\":1,\"name\":\"In\u00edcio\",\"item\":\"https:\/\/www.blogsoestado.com\/danielmatos\/\"},{\"@type\":\"ListItem\",\"position\":2,\"name\":\"Muro da CCPJ de Imperatriz ainda n\u00e3o foi reerguido\"}]},{\"@type\":\"WebSite\",\"@id\":\"https:\/\/www.blogsoestado.com\/danielmatos\/#website\",\"url\":\"https:\/\/www.blogsoestado.com\/danielmatos\/\",\"name\":\"Daniel Matos\",\"description\":\"\",\"potentialAction\":[{\"@type\":\"SearchAction\",\"target\":{\"@type\":\"EntryPoint\",\"urlTemplate\":\"https:\/\/www.blogsoestado.com\/danielmatos\/?s={search_term_string}\"},\"query-input\":{\"@type\":\"PropertyValueSpecification\",\"valueRequired\":true,\"valueName\":\"search_term_string\"}}],\"inLanguage\":\"pt-BR\"}]}<\/script>\n<!-- \/ Yoast SEO plugin. -->","yoast_head_json":{"title":"Muro da CCPJ de Imperatriz ainda n\u00e3o foi reerguido - Daniel Matos","robots":{"index":"index","follow":"follow","max-snippet":"max-snippet:-1","max-image-preview":"max-image-preview:large","max-video-preview":"max-video-preview:-1"},"canonical":"https:\/\/www.blogsoestado.com\/danielmatos\/muro-da-ccpj-de-imperatriz-ainda-nao-foi-reerguido\/","og_locale":"pt_BR","og_type":"article","og_title":"Muro da CCPJ de Imperatriz ainda n\u00e3o foi reerguido - Daniel Matos","og_description":"Derrubado durante a chuva de granizo acompanhada por um forte vendaval ocorrida no \u00faltimo dia 27, o muro da Central [&hellip;]","og_url":"https:\/\/www.blogsoestado.com\/danielmatos\/muro-da-ccpj-de-imperatriz-ainda-nao-foi-reerguido\/","og_site_name":"Daniel Matos","article_published_time":"2008-11-04T15:19:20+00:00","og_image":[{"url":"https:\/\/www.blogsoestado.com\/danielmatos\/files\/2008\/11\/ccpj.jpg","type":"","width":"","height":""}],"twitter_card":"summary_large_image","twitter_misc":{"Est. tempo de leitura":"1 minuto"},"schema":{"@context":"https:\/\/schema.org","@graph":[{"@type":"WebPage","@id":"https:\/\/www.blogsoestado.com\/danielmatos\/muro-da-ccpj-de-imperatriz-ainda-nao-foi-reerguido\/","url":"https:\/\/www.blogsoestado.com\/danielmatos\/muro-da-ccpj-de-imperatriz-ainda-nao-foi-reerguido\/","name":"Muro da CCPJ de Imperatriz ainda n\u00e3o foi reerguido - Daniel Matos","isPartOf":{"@id":"https:\/\/www.blogsoestado.com\/danielmatos\/#website"},"primaryImageOfPage":{"@id":"https:\/\/www.blogsoestado.com\/danielmatos\/muro-da-ccpj-de-imperatriz-ainda-nao-foi-reerguido\/#primaryimage"},"image":{"@id":"https:\/\/www.blogsoestado.com\/danielmatos\/muro-da-ccpj-de-imperatriz-ainda-nao-foi-reerguido\/#primaryimage"},"thumbnailUrl":"https:\/\/www.blogsoestado.com\/danielmatos\/files\/2008\/11\/ccpj.jpg","datePublished":"2008-11-04T15:19:20+00:00","author":{"@id":""},"breadcrumb":{"@id":"https:\/\/www.blogsoestado.com\/danielmatos\/muro-da-ccpj-de-imperatriz-ainda-nao-foi-reerguido\/#breadcrumb"},"inLanguage":"pt-BR","potentialAction":[{"@type":"ReadAction","target":["https:\/\/www.blogsoestado.com\/danielmatos\/muro-da-ccpj-de-imperatriz-ainda-nao-foi-reerguido\/"]}]},{"@type":"ImageObject","inLanguage":"pt-BR","@id":"https:\/\/www.blogsoestado.com\/danielmatos\/muro-da-ccpj-de-imperatriz-ainda-nao-foi-reerguido\/#primaryimage","url":"https:\/\/www.blogsoestado.com\/danielmatos\/files\/2008\/11\/ccpj.jpg","contentUrl":"https:\/\/www.blogsoestado.com\/danielmatos\/files\/2008\/11\/ccpj.jpg"},{"@type":"BreadcrumbList","@id":"https:\/\/www.blogsoestado.com\/danielmatos\/muro-da-ccpj-de-imperatriz-ainda-nao-foi-reerguido\/#breadcrumb","itemListElement":[{"@type":"ListItem","position":1,"name":"In\u00edcio","item":"https:\/\/www.blogsoestado.com\/danielmatos\/"},{"@type":"ListItem","position":2,"name":"Muro da CCPJ de Imperatriz ainda n\u00e3o foi reerguido"}]},{"@type":"WebSite","@id":"https:\/\/www.blogsoestado.com\/danielmatos\/#website","url":"https:\/\/www.blogsoestado.com\/danielmatos\/","name":"Daniel Matos","description":"","potentialAction":[{"@type":"SearchAction","target":{"@type":"EntryPoint","urlTemplate":"https:\/\/www.blogsoestado.com\/danielmatos\/?s={search_term_string}"},"query-input":{"@type":"PropertyValueSpecification","valueRequired":true,"valueName":"search_term_string"}}],"inLanguage":"pt-BR"}]}},"jetpack_featured_media_url":"","_links":{"self":[{"href":"https:\/\/www.blogsoestado.com\/danielmatos\/wp-json\/wp\/v2\/posts\/682","targetHints":{"allow":["GET"]}}],"collection":[{"href":"https:\/\/www.blogsoestado.com\/danielmatos\/wp-json\/wp\/v2\/posts"}],"about":[{"href":"https:\/\/www.blogsoestado.com\/danielmatos\/wp-json\/wp\/v2\/types\/post"}],"replies":[{"embeddable":true,"href":"https:\/\/www.blogsoestado.com\/danielmatos\/wp-json\/wp\/v2\/comments?post=682"}],"version-history":[{"count":0,"href":"https:\/\/www.blogsoestado.com\/danielmatos\/wp-json\/wp\/v2\/posts\/682\/revisions"}],"wp:attachment":[{"href":"https:\/\/www.blogsoestado.com\/danielmatos\/wp-json\/wp\/v2\/media?parent=682"}],"wp:term":[{"taxonomy":"category","embeddable":true,"href":"https:\/\/www.blogsoestado.com\/danielmatos\/wp-json\/wp\/v2\/categories?post=682"},{"taxonomy":"post_tag","embeddable":true,"href":"https:\/\/www.blogsoestado.com\/danielmatos\/wp-json\/wp\/v2\/tags?post=682"}],"curies":[{"name":"wp","href":"https:\/\/api.w.org\/{rel}","templated":true}]}}