{"id":77038,"date":"2020-09-09T13:29:28","date_gmt":"2020-09-09T16:29:28","guid":{"rendered":"https:\/\/www.blogsoestado.com\/danielmatos\/?p=77038"},"modified":"2020-09-09T13:29:28","modified_gmt":"2020-09-09T16:29:28","slug":"pre-campanha-do-vereador-marcial-lima-esta-presente-em-quase-toda-a-capital-maranhense","status":"publish","type":"post","link":"https:\/\/www.blogsoestado.com\/danielmatos\/pre-campanha-do-vereador-marcial-lima-esta-presente-em-quase-toda-a-capital-maranhense\/","title":{"rendered":"Pr\u00e9-campanha do vereador Marcial Lima est\u00e1 presente em quase toda a capital maranhense"},"content":{"rendered":"\n<div class=\"wp-block-image\"><figure class=\"aligncenter size-large\"><img decoding=\"async\" src=\"https:\/\/www.blogsoestado.com\/danielmatos\/files\/2020\/09\/IMG-20200909-WA0064-1024x768.jpg\" alt=\"\" class=\"wp-image-77039\"\/><figcaption>Marcial Lima manteve agenda de visitas \u00e0s comunidades no feriado prolongado<\/figcaption><\/figure><\/div>\n\n\n\n<p>O fim de semana e feriad\u00e3o do vereador Marcial Lima (Podemos), pr\u00e9-candidato \u00e0 reelei\u00e7\u00e3o, foi de muitos eventos, reuni\u00f5es e visitas, uma pr\u00e9-campanha bem aceita em todas as regi\u00f5es da Ilha.<\/p>\n\n\n\n<div class=\"wp-block-image\"><figure class=\"aligncenter size-large\"><img decoding=\"async\" src=\"https:\/\/www.blogsoestado.com\/danielmatos\/files\/2020\/09\/IMG-20200909-WA0076-1024x768.jpg\" alt=\"\" class=\"wp-image-77040\"\/><figcaption>Contato pr\u00f3ximo com a popula\u00e7\u00e3o tem sido a marca registrada de Marcial Lima na pr\u00e9-campanha<\/figcaption><\/figure><\/div>\n\n\n\n<p>Na pr\u00e9-campanha, Marcial Lima participa de agenda definida pela pr\u00f3pria comunidade. At\u00e9 o dia 26 de setembro, o pr\u00e9-candidato estar\u00e1 em muitos compromissos que, segundo ele, ser\u00e3o todos cumpridos.<\/p>\n\n\n\n<div class=\"wp-block-image\"><figure class=\"aligncenter size-large\"><img decoding=\"async\" src=\"https:\/\/www.blogsoestado.com\/danielmatos\/files\/2020\/09\/IMG-20200909-WA0065-1024x768.jpg\" alt=\"\" class=\"wp-image-77041\"\/><figcaption>O vereador e pr\u00e9-candidato \u00e0 reelei\u00e7\u00e3o discursa em evento popular<\/figcaption><\/figure><\/div>\n\n\n\n<p>\u201cEstou muito feliz com toda esta movimenta\u00e7\u00e3o e aceita\u00e7\u00e3o por onde passamos. Os eleitores de S\u00e3o Lu\u00eds avaliam como positiva nossa pr\u00e9-candidatura \u00e0 reelei\u00e7\u00e3o ao cargo de vereador da capital\u201d, comenta o pr\u00e9-candidato.<\/p>\n\n\n\n<div class=\"wp-block-image\"><figure class=\"aligncenter size-large\"><img decoding=\"async\" src=\"https:\/\/www.blogsoestado.com\/danielmatos\/files\/2020\/09\/IMG-20200909-WA0068-1024x768.jpg\" alt=\"\" class=\"wp-image-77042\"\/><figcaption>Marcial Lima \u00e9 recepcionado na casa de amigo, que prestigiou no feriado<\/figcaption><\/figure><\/div>\n\n\n\n<p>Marcial Lima apoia o pr\u00e9-candidato Eduardo Braide do Podemos \u00e0 Prefeitura de S\u00e3o Lu\u00eds. Os dois t\u00eam cumprido agendas em v\u00e1rios locais. Na avalia\u00e7\u00e3o de ambos, \u201cum sucesso, avalia\u00e7\u00e3o positiva\u201d. Foi assim nos bairros do Vinhais e da Cohab, na semana passada.<\/p>\n\n\n\n<div class=\"wp-block-image\"><figure class=\"aligncenter size-large\"><img decoding=\"async\" src=\"https:\/\/www.blogsoestado.com\/danielmatos\/files\/2020\/09\/IMG-20200909-WA0067-1024x768.jpg\" alt=\"\" class=\"wp-image-77043\"\/><figcaption>Por onde passou no feriado, Marcial fez quest\u00e3o de transmitir sua mensagem<\/figcaption><\/figure><\/div>\n\n\n\n<p>No fim de semana com feriad\u00e3o, Marcial Lima cumpriu compromissos na Vila Esperan\u00e7a, Maracan\u00e3, Cohatrac, Cohab, Parque Vit\u00f3ria e na \u00e1rea Itaqui-Bacanga.<\/p>\n\n\n\n<div class=\"wp-block-image\"><figure class=\"aligncenter size-large\"><img decoding=\"async\" src=\"https:\/\/www.blogsoestado.com\/danielmatos\/files\/2020\/09\/IMG-20200909-WA0070-1024x768.jpg\" alt=\"\" class=\"wp-image-77044\"\/><figcaption>Marcial Lima recebeu declara\u00e7\u00e3o de apoio de eleitora em bairro de S\u00e3o Lu\u00eds<\/figcaption><\/figure><\/div>\n\n\n\n<p>Nos dias que restam desta semana, ainda ter\u00e3o compromissos na Cohab, Turu, Cohatrac e Zona Rural 2. Segundo Marcial Lima, \u201ctoda esta aceita\u00e7\u00e3o \u00e9 o reconhecimento da atua\u00e7\u00e3o parlamentar dele na C\u00e2mara Municipal de S\u00e3o Lu\u00eds, bem avaliada pela popula\u00e7\u00e3o de v\u00e1rias comunidades\u201d.<\/p>\n\n\n\n<p>No fim das visitas e compromissos, Marcial Lima sempre fala que \u201cVenceremos Juntos!\u201d<\/p>\n","protected":false},"excerpt":{"rendered":"<p>O fim de semana e feriad\u00e3o do vereador Marcial Lima (Podemos), pr\u00e9-candidato \u00e0 reelei\u00e7\u00e3o, foi de muitos eventos, reuni\u00f5es e [&hellip;]<\/p>\n","protected":false},"author":0,"featured_media":0,"comment_status":"open","ping_status":"open","sticky":false,"template":"","format":"standard","meta":{"site-sidebar-layout":"default","site-content-layout":"","ast-site-content-layout":"default","site-content-style":"default","site-sidebar-style":"default","ast-global-header-display":"","ast-banner-title-visibility":"","ast-main-header-display":"","ast-hfb-above-header-display":"","ast-hfb-below-header-display":"","ast-hfb-mobile-header-display":"","site-post-title":"","ast-breadcrumbs-content":"","ast-featured-img":"","footer-sml-layout":"","ast-disable-related-posts":"","theme-transparent-header-meta":"","adv-header-id-meta":"","stick-header-meta":"","header-above-stick-meta":"","header-main-stick-meta":"","header-below-stick-meta":"","astra-migrate-meta-layouts":"default","ast-page-background-enabled":"default","ast-page-background-meta":{"desktop":{"background-color":"var(--ast-global-color-5)","background-image":"","background-repeat":"repeat","background-position":"center center","background-size":"auto","background-attachment":"scroll","background-type":"","background-media":"","overlay-type":"","overlay-color":"","overlay-opacity":"","overlay-gradient":""},"tablet":{"background-color":"","background-image":"","background-repeat":"repeat","background-position":"center center","background-size":"auto","background-attachment":"scroll","background-type":"","background-media":"","overlay-type":"","overlay-color":"","overlay-opacity":"","overlay-gradient":""},"mobile":{"background-color":"","background-image":"","background-repeat":"repeat","background-position":"center center","background-size":"auto","background-attachment":"scroll","background-type":"","background-media":"","overlay-type":"","overlay-color":"","overlay-opacity":"","overlay-gradient":""}},"ast-content-background-meta":{"desktop":{"background-color":"var(--ast-global-color-4)","background-image":"","background-repeat":"repeat","background-position":"center center","background-size":"auto","background-attachment":"scroll","background-type":"","background-media":"","overlay-type":"","overlay-color":"","overlay-opacity":"","overlay-gradient":""},"tablet":{"background-color":"var(--ast-global-color-4)","background-image":"","background-repeat":"repeat","background-position":"center center","background-size":"auto","background-attachment":"scroll","background-type":"","background-media":"","overlay-type":"","overlay-color":"","overlay-opacity":"","overlay-gradient":""},"mobile":{"background-color":"var(--ast-global-color-4)","background-image":"","background-repeat":"repeat","background-position":"center center","background-size":"auto","background-attachment":"scroll","background-type":"","background-media":"","overlay-type":"","overlay-color":"","overlay-opacity":"","overlay-gradient":""}},"footnotes":""},"categories":[1],"tags":[],"class_list":["post-77038","post","type-post","status-publish","format-standard","hentry","category-sem-categoria"],"yoast_head":"<!-- This site is optimized with the Yoast SEO plugin v26.6 - https:\/\/yoast.com\/wordpress\/plugins\/seo\/ -->\n<title>Pr\u00e9-campanha do vereador Marcial Lima est\u00e1 presente em quase toda a capital maranhense - Daniel Matos<\/title>\n<meta name=\"robots\" content=\"index, follow, max-snippet:-1, max-image-preview:large, max-video-preview:-1\" \/>\n<link rel=\"canonical\" href=\"https:\/\/www.blogsoestado.com\/danielmatos\/pre-campanha-do-vereador-marcial-lima-esta-presente-em-quase-toda-a-capital-maranhense\/\" \/>\n<meta property=\"og:locale\" content=\"pt_BR\" \/>\n<meta property=\"og:type\" content=\"article\" \/>\n<meta property=\"og:title\" content=\"Pr\u00e9-campanha do vereador Marcial Lima est\u00e1 presente em quase toda a capital maranhense - Daniel Matos\" \/>\n<meta property=\"og:description\" content=\"O fim de semana e feriad\u00e3o do vereador Marcial Lima (Podemos), pr\u00e9-candidato \u00e0 reelei\u00e7\u00e3o, foi de muitos eventos, reuni\u00f5es e [&hellip;]\" \/>\n<meta property=\"og:url\" content=\"https:\/\/www.blogsoestado.com\/danielmatos\/pre-campanha-do-vereador-marcial-lima-esta-presente-em-quase-toda-a-capital-maranhense\/\" \/>\n<meta property=\"og:site_name\" content=\"Daniel Matos\" \/>\n<meta property=\"article:published_time\" content=\"2020-09-09T16:29:28+00:00\" \/>\n<meta property=\"og:image\" content=\"https:\/\/www.blogsoestado.com\/danielmatos\/files\/2020\/09\/IMG-20200909-WA0064-1024x768.jpg\" \/>\n<meta name=\"twitter:card\" content=\"summary_large_image\" \/>\n<meta name=\"twitter:label1\" content=\"Est. tempo de leitura\" \/>\n\t<meta name=\"twitter:data1\" content=\"2 minutos\" \/>\n<script type=\"application\/ld+json\" class=\"yoast-schema-graph\">{\"@context\":\"https:\/\/schema.org\",\"@graph\":[{\"@type\":\"WebPage\",\"@id\":\"https:\/\/www.blogsoestado.com\/danielmatos\/pre-campanha-do-vereador-marcial-lima-esta-presente-em-quase-toda-a-capital-maranhense\/\",\"url\":\"https:\/\/www.blogsoestado.com\/danielmatos\/pre-campanha-do-vereador-marcial-lima-esta-presente-em-quase-toda-a-capital-maranhense\/\",\"name\":\"Pr\u00e9-campanha do vereador Marcial Lima est\u00e1 presente em quase toda a capital maranhense - Daniel Matos\",\"isPartOf\":{\"@id\":\"https:\/\/www.blogsoestado.com\/danielmatos\/#website\"},\"primaryImageOfPage\":{\"@id\":\"https:\/\/www.blogsoestado.com\/danielmatos\/pre-campanha-do-vereador-marcial-lima-esta-presente-em-quase-toda-a-capital-maranhense\/#primaryimage\"},\"image\":{\"@id\":\"https:\/\/www.blogsoestado.com\/danielmatos\/pre-campanha-do-vereador-marcial-lima-esta-presente-em-quase-toda-a-capital-maranhense\/#primaryimage\"},\"thumbnailUrl\":\"https:\/\/www.blogsoestado.com\/danielmatos\/files\/2020\/09\/IMG-20200909-WA0064-1024x768.jpg\",\"datePublished\":\"2020-09-09T16:29:28+00:00\",\"author\":{\"@id\":\"\"},\"breadcrumb\":{\"@id\":\"https:\/\/www.blogsoestado.com\/danielmatos\/pre-campanha-do-vereador-marcial-lima-esta-presente-em-quase-toda-a-capital-maranhense\/#breadcrumb\"},\"inLanguage\":\"pt-BR\",\"potentialAction\":[{\"@type\":\"ReadAction\",\"target\":[\"https:\/\/www.blogsoestado.com\/danielmatos\/pre-campanha-do-vereador-marcial-lima-esta-presente-em-quase-toda-a-capital-maranhense\/\"]}]},{\"@type\":\"ImageObject\",\"inLanguage\":\"pt-BR\",\"@id\":\"https:\/\/www.blogsoestado.com\/danielmatos\/pre-campanha-do-vereador-marcial-lima-esta-presente-em-quase-toda-a-capital-maranhense\/#primaryimage\",\"url\":\"https:\/\/www.blogsoestado.com\/danielmatos\/files\/2020\/09\/IMG-20200909-WA0064-1024x768.jpg\",\"contentUrl\":\"https:\/\/www.blogsoestado.com\/danielmatos\/files\/2020\/09\/IMG-20200909-WA0064-1024x768.jpg\"},{\"@type\":\"BreadcrumbList\",\"@id\":\"https:\/\/www.blogsoestado.com\/danielmatos\/pre-campanha-do-vereador-marcial-lima-esta-presente-em-quase-toda-a-capital-maranhense\/#breadcrumb\",\"itemListElement\":[{\"@type\":\"ListItem\",\"position\":1,\"name\":\"In\u00edcio\",\"item\":\"https:\/\/www.blogsoestado.com\/danielmatos\/\"},{\"@type\":\"ListItem\",\"position\":2,\"name\":\"Pr\u00e9-campanha do vereador Marcial Lima est\u00e1 presente em quase toda a capital maranhense\"}]},{\"@type\":\"WebSite\",\"@id\":\"https:\/\/www.blogsoestado.com\/danielmatos\/#website\",\"url\":\"https:\/\/www.blogsoestado.com\/danielmatos\/\",\"name\":\"Daniel Matos\",\"description\":\"\",\"potentialAction\":[{\"@type\":\"SearchAction\",\"target\":{\"@type\":\"EntryPoint\",\"urlTemplate\":\"https:\/\/www.blogsoestado.com\/danielmatos\/?s={search_term_string}\"},\"query-input\":{\"@type\":\"PropertyValueSpecification\",\"valueRequired\":true,\"valueName\":\"search_term_string\"}}],\"inLanguage\":\"pt-BR\"}]}<\/script>\n<!-- \/ Yoast SEO plugin. -->","yoast_head_json":{"title":"Pr\u00e9-campanha do vereador Marcial Lima est\u00e1 presente em quase toda a capital maranhense - Daniel Matos","robots":{"index":"index","follow":"follow","max-snippet":"max-snippet:-1","max-image-preview":"max-image-preview:large","max-video-preview":"max-video-preview:-1"},"canonical":"https:\/\/www.blogsoestado.com\/danielmatos\/pre-campanha-do-vereador-marcial-lima-esta-presente-em-quase-toda-a-capital-maranhense\/","og_locale":"pt_BR","og_type":"article","og_title":"Pr\u00e9-campanha do vereador Marcial Lima est\u00e1 presente em quase toda a capital maranhense - Daniel Matos","og_description":"O fim de semana e feriad\u00e3o do vereador Marcial Lima (Podemos), pr\u00e9-candidato \u00e0 reelei\u00e7\u00e3o, foi de muitos eventos, reuni\u00f5es e [&hellip;]","og_url":"https:\/\/www.blogsoestado.com\/danielmatos\/pre-campanha-do-vereador-marcial-lima-esta-presente-em-quase-toda-a-capital-maranhense\/","og_site_name":"Daniel Matos","article_published_time":"2020-09-09T16:29:28+00:00","og_image":[{"url":"https:\/\/www.blogsoestado.com\/danielmatos\/files\/2020\/09\/IMG-20200909-WA0064-1024x768.jpg","type":"","width":"","height":""}],"twitter_card":"summary_large_image","twitter_misc":{"Est. tempo de leitura":"2 minutos"},"schema":{"@context":"https:\/\/schema.org","@graph":[{"@type":"WebPage","@id":"https:\/\/www.blogsoestado.com\/danielmatos\/pre-campanha-do-vereador-marcial-lima-esta-presente-em-quase-toda-a-capital-maranhense\/","url":"https:\/\/www.blogsoestado.com\/danielmatos\/pre-campanha-do-vereador-marcial-lima-esta-presente-em-quase-toda-a-capital-maranhense\/","name":"Pr\u00e9-campanha do vereador Marcial Lima est\u00e1 presente em quase toda a capital maranhense - Daniel Matos","isPartOf":{"@id":"https:\/\/www.blogsoestado.com\/danielmatos\/#website"},"primaryImageOfPage":{"@id":"https:\/\/www.blogsoestado.com\/danielmatos\/pre-campanha-do-vereador-marcial-lima-esta-presente-em-quase-toda-a-capital-maranhense\/#primaryimage"},"image":{"@id":"https:\/\/www.blogsoestado.com\/danielmatos\/pre-campanha-do-vereador-marcial-lima-esta-presente-em-quase-toda-a-capital-maranhense\/#primaryimage"},"thumbnailUrl":"https:\/\/www.blogsoestado.com\/danielmatos\/files\/2020\/09\/IMG-20200909-WA0064-1024x768.jpg","datePublished":"2020-09-09T16:29:28+00:00","author":{"@id":""},"breadcrumb":{"@id":"https:\/\/www.blogsoestado.com\/danielmatos\/pre-campanha-do-vereador-marcial-lima-esta-presente-em-quase-toda-a-capital-maranhense\/#breadcrumb"},"inLanguage":"pt-BR","potentialAction":[{"@type":"ReadAction","target":["https:\/\/www.blogsoestado.com\/danielmatos\/pre-campanha-do-vereador-marcial-lima-esta-presente-em-quase-toda-a-capital-maranhense\/"]}]},{"@type":"ImageObject","inLanguage":"pt-BR","@id":"https:\/\/www.blogsoestado.com\/danielmatos\/pre-campanha-do-vereador-marcial-lima-esta-presente-em-quase-toda-a-capital-maranhense\/#primaryimage","url":"https:\/\/www.blogsoestado.com\/danielmatos\/files\/2020\/09\/IMG-20200909-WA0064-1024x768.jpg","contentUrl":"https:\/\/www.blogsoestado.com\/danielmatos\/files\/2020\/09\/IMG-20200909-WA0064-1024x768.jpg"},{"@type":"BreadcrumbList","@id":"https:\/\/www.blogsoestado.com\/danielmatos\/pre-campanha-do-vereador-marcial-lima-esta-presente-em-quase-toda-a-capital-maranhense\/#breadcrumb","itemListElement":[{"@type":"ListItem","position":1,"name":"In\u00edcio","item":"https:\/\/www.blogsoestado.com\/danielmatos\/"},{"@type":"ListItem","position":2,"name":"Pr\u00e9-campanha do vereador Marcial Lima est\u00e1 presente em quase toda a capital maranhense"}]},{"@type":"WebSite","@id":"https:\/\/www.blogsoestado.com\/danielmatos\/#website","url":"https:\/\/www.blogsoestado.com\/danielmatos\/","name":"Daniel Matos","description":"","potentialAction":[{"@type":"SearchAction","target":{"@type":"EntryPoint","urlTemplate":"https:\/\/www.blogsoestado.com\/danielmatos\/?s={search_term_string}"},"query-input":{"@type":"PropertyValueSpecification","valueRequired":true,"valueName":"search_term_string"}}],"inLanguage":"pt-BR"}]}},"jetpack_featured_media_url":"","_links":{"self":[{"href":"https:\/\/www.blogsoestado.com\/danielmatos\/wp-json\/wp\/v2\/posts\/77038","targetHints":{"allow":["GET"]}}],"collection":[{"href":"https:\/\/www.blogsoestado.com\/danielmatos\/wp-json\/wp\/v2\/posts"}],"about":[{"href":"https:\/\/www.blogsoestado.com\/danielmatos\/wp-json\/wp\/v2\/types\/post"}],"replies":[{"embeddable":true,"href":"https:\/\/www.blogsoestado.com\/danielmatos\/wp-json\/wp\/v2\/comments?post=77038"}],"version-history":[{"count":0,"href":"https:\/\/www.blogsoestado.com\/danielmatos\/wp-json\/wp\/v2\/posts\/77038\/revisions"}],"wp:attachment":[{"href":"https:\/\/www.blogsoestado.com\/danielmatos\/wp-json\/wp\/v2\/media?parent=77038"}],"wp:term":[{"taxonomy":"category","embeddable":true,"href":"https:\/\/www.blogsoestado.com\/danielmatos\/wp-json\/wp\/v2\/categories?post=77038"},{"taxonomy":"post_tag","embeddable":true,"href":"https:\/\/www.blogsoestado.com\/danielmatos\/wp-json\/wp\/v2\/tags?post=77038"}],"curies":[{"name":"wp","href":"https:\/\/api.w.org\/{rel}","templated":true}]}}