{"id":77113,"date":"2020-09-11T01:31:04","date_gmt":"2020-09-11T04:31:04","guid":{"rendered":"https:\/\/www.blogsoestado.com\/danielmatos\/?p=77113"},"modified":"2020-09-11T01:31:04","modified_gmt":"2020-09-11T04:31:04","slug":"detran-ma-realiza-mutirao-de-atendimento-no-sabado-12","status":"publish","type":"post","link":"https:\/\/www.blogsoestado.com\/danielmatos\/detran-ma-realiza-mutirao-de-atendimento-no-sabado-12\/","title":{"rendered":"Detran-MA realiza mutir\u00e3o de atendimento no s\u00e1bado (12)"},"content":{"rendered":"\n<div class=\"wp-block-image\"><figure class=\"aligncenter size-large\"><img decoding=\"async\" src=\"https:\/\/www.blogsoestado.com\/danielmatos\/files\/2020\/04\/detran-fachada-1024x546.jpg\" alt=\"\" class=\"wp-image-72112\"\/><figcaption>Sede do Detran, na Vila Palmeira, ser\u00e1 um dos locais do mutir\u00e3o<\/figcaption><\/figure><\/div>\n\n\n\n<p><br>O Departamento Estadual de Tr\u00e2nsito do Maranh\u00e3o (Detran-MA) vai realizar, no pr\u00f3ximo s\u00e1bado (12), \u00a0um mutir\u00e3o de atendimento, oferecendo os servi\u00e7os de entrega de documentos para usu\u00e1rios e vistoria de ve\u00edculos para despachantes. A a\u00e7\u00e3o vai acontecer na sede do \u00f3rg\u00e3o, na Vila Palmeira, e nos postos de atendimento do Calhau, de Pa\u00e7o do Lumiar e da BR-135.<\/p>\n\n\n\n<p>O mutir\u00e3o de atendimento ser\u00e1 disponibilizado no hor\u00e1rio das 08h30 \u00e0s 12h10, e vai envolver cerca de 60 servidores do Detran-MA. Ser\u00e3o disponibilizadas 250 senhas para vistoria de ve\u00edculos nas quatro unidades relacionadas para o mutir\u00e3o. J\u00e1 as 430 senhas para entrega de documentos ser\u00e3o direcionadas apenas para a Sede e para o Posto de Pa\u00e7o do Lumiar. O agendamento pode ser feito pelo site&nbsp;<a href=\"http:\/\/www.detran.ma.gov.br\/agendamento\" target=\"_blank\" rel=\"noreferrer noopener\">www.detran.ma.gov.br\/agendamento<\/a>.<\/p>\n\n\n\n<p>De acordo com o Diretor Operacional do Detran-MA, David Ximenes, a iniciativa visa beneficiar os usu\u00e1rios que utilizam os servi\u00e7os do \u00d3rg\u00e3o. \u201cO Detran-MA est\u00e1 trabalhando para que n\u00e3o haja um ac\u00famulo de agendamentos, inclusive para aqueles usu\u00e1rios que utilizam o servi\u00e7o dos despachantes credenciados\u201d, afirmou.&nbsp;&nbsp;<\/p>\n","protected":false},"excerpt":{"rendered":"<p>O Departamento Estadual de Tr\u00e2nsito do Maranh\u00e3o (Detran-MA) vai realizar, no pr\u00f3ximo s\u00e1bado (12), \u00a0um mutir\u00e3o de atendimento, oferecendo os [&hellip;]<\/p>\n","protected":false},"author":0,"featured_media":0,"comment_status":"open","ping_status":"open","sticky":false,"template":"","format":"standard","meta":{"site-sidebar-layout":"default","site-content-layout":"","ast-site-content-layout":"default","site-content-style":"default","site-sidebar-style":"default","ast-global-header-display":"","ast-banner-title-visibility":"","ast-main-header-display":"","ast-hfb-above-header-display":"","ast-hfb-below-header-display":"","ast-hfb-mobile-header-display":"","site-post-title":"","ast-breadcrumbs-content":"","ast-featured-img":"","footer-sml-layout":"","ast-disable-related-posts":"","theme-transparent-header-meta":"","adv-header-id-meta":"","stick-header-meta":"","header-above-stick-meta":"","header-main-stick-meta":"","header-below-stick-meta":"","astra-migrate-meta-layouts":"default","ast-page-background-enabled":"default","ast-page-background-meta":{"desktop":{"background-color":"var(--ast-global-color-5)","background-image":"","background-repeat":"repeat","background-position":"center center","background-size":"auto","background-attachment":"scroll","background-type":"","background-media":"","overlay-type":"","overlay-color":"","overlay-opacity":"","overlay-gradient":""},"tablet":{"background-color":"","background-image":"","background-repeat":"repeat","background-position":"center center","background-size":"auto","background-attachment":"scroll","background-type":"","background-media":"","overlay-type":"","overlay-color":"","overlay-opacity":"","overlay-gradient":""},"mobile":{"background-color":"","background-image":"","background-repeat":"repeat","background-position":"center center","background-size":"auto","background-attachment":"scroll","background-type":"","background-media":"","overlay-type":"","overlay-color":"","overlay-opacity":"","overlay-gradient":""}},"ast-content-background-meta":{"desktop":{"background-color":"var(--ast-global-color-4)","background-image":"","background-repeat":"repeat","background-position":"center center","background-size":"auto","background-attachment":"scroll","background-type":"","background-media":"","overlay-type":"","overlay-color":"","overlay-opacity":"","overlay-gradient":""},"tablet":{"background-color":"var(--ast-global-color-4)","background-image":"","background-repeat":"repeat","background-position":"center center","background-size":"auto","background-attachment":"scroll","background-type":"","background-media":"","overlay-type":"","overlay-color":"","overlay-opacity":"","overlay-gradient":""},"mobile":{"background-color":"var(--ast-global-color-4)","background-image":"","background-repeat":"repeat","background-position":"center center","background-size":"auto","background-attachment":"scroll","background-type":"","background-media":"","overlay-type":"","overlay-color":"","overlay-opacity":"","overlay-gradient":""}},"footnotes":""},"categories":[1],"tags":[],"class_list":["post-77113","post","type-post","status-publish","format-standard","hentry","category-sem-categoria"],"yoast_head":"<!-- This site is optimized with the Yoast SEO plugin v26.6 - https:\/\/yoast.com\/wordpress\/plugins\/seo\/ -->\n<title>Detran-MA realiza mutir\u00e3o de atendimento no s\u00e1bado (12) - Daniel Matos<\/title>\n<meta name=\"robots\" content=\"index, follow, max-snippet:-1, max-image-preview:large, max-video-preview:-1\" \/>\n<link rel=\"canonical\" href=\"https:\/\/www.blogsoestado.com\/danielmatos\/detran-ma-realiza-mutirao-de-atendimento-no-sabado-12\/\" \/>\n<meta property=\"og:locale\" content=\"pt_BR\" \/>\n<meta property=\"og:type\" content=\"article\" \/>\n<meta property=\"og:title\" content=\"Detran-MA realiza mutir\u00e3o de atendimento no s\u00e1bado (12) - Daniel Matos\" \/>\n<meta property=\"og:description\" content=\"O Departamento Estadual de Tr\u00e2nsito do Maranh\u00e3o (Detran-MA) vai realizar, no pr\u00f3ximo s\u00e1bado (12), \u00a0um mutir\u00e3o de atendimento, oferecendo os [&hellip;]\" \/>\n<meta property=\"og:url\" content=\"https:\/\/www.blogsoestado.com\/danielmatos\/detran-ma-realiza-mutirao-de-atendimento-no-sabado-12\/\" \/>\n<meta property=\"og:site_name\" content=\"Daniel Matos\" \/>\n<meta property=\"article:published_time\" content=\"2020-09-11T04:31:04+00:00\" \/>\n<meta property=\"og:image\" content=\"https:\/\/www.blogsoestado.com\/danielmatos\/files\/2020\/04\/detran-fachada-1024x546.jpg\" \/>\n<meta name=\"twitter:card\" content=\"summary_large_image\" \/>\n<meta name=\"twitter:label1\" content=\"Est. tempo de leitura\" \/>\n\t<meta name=\"twitter:data1\" content=\"1 minuto\" \/>\n<script type=\"application\/ld+json\" class=\"yoast-schema-graph\">{\"@context\":\"https:\/\/schema.org\",\"@graph\":[{\"@type\":\"WebPage\",\"@id\":\"https:\/\/www.blogsoestado.com\/danielmatos\/detran-ma-realiza-mutirao-de-atendimento-no-sabado-12\/\",\"url\":\"https:\/\/www.blogsoestado.com\/danielmatos\/detran-ma-realiza-mutirao-de-atendimento-no-sabado-12\/\",\"name\":\"Detran-MA realiza mutir\u00e3o de atendimento no s\u00e1bado (12) - Daniel Matos\",\"isPartOf\":{\"@id\":\"https:\/\/www.blogsoestado.com\/danielmatos\/#website\"},\"primaryImageOfPage\":{\"@id\":\"https:\/\/www.blogsoestado.com\/danielmatos\/detran-ma-realiza-mutirao-de-atendimento-no-sabado-12\/#primaryimage\"},\"image\":{\"@id\":\"https:\/\/www.blogsoestado.com\/danielmatos\/detran-ma-realiza-mutirao-de-atendimento-no-sabado-12\/#primaryimage\"},\"thumbnailUrl\":\"https:\/\/www.blogsoestado.com\/danielmatos\/files\/2020\/04\/detran-fachada-1024x546.jpg\",\"datePublished\":\"2020-09-11T04:31:04+00:00\",\"author\":{\"@id\":\"\"},\"breadcrumb\":{\"@id\":\"https:\/\/www.blogsoestado.com\/danielmatos\/detran-ma-realiza-mutirao-de-atendimento-no-sabado-12\/#breadcrumb\"},\"inLanguage\":\"pt-BR\",\"potentialAction\":[{\"@type\":\"ReadAction\",\"target\":[\"https:\/\/www.blogsoestado.com\/danielmatos\/detran-ma-realiza-mutirao-de-atendimento-no-sabado-12\/\"]}]},{\"@type\":\"ImageObject\",\"inLanguage\":\"pt-BR\",\"@id\":\"https:\/\/www.blogsoestado.com\/danielmatos\/detran-ma-realiza-mutirao-de-atendimento-no-sabado-12\/#primaryimage\",\"url\":\"https:\/\/www.blogsoestado.com\/danielmatos\/files\/2020\/04\/detran-fachada-1024x546.jpg\",\"contentUrl\":\"https:\/\/www.blogsoestado.com\/danielmatos\/files\/2020\/04\/detran-fachada-1024x546.jpg\"},{\"@type\":\"BreadcrumbList\",\"@id\":\"https:\/\/www.blogsoestado.com\/danielmatos\/detran-ma-realiza-mutirao-de-atendimento-no-sabado-12\/#breadcrumb\",\"itemListElement\":[{\"@type\":\"ListItem\",\"position\":1,\"name\":\"In\u00edcio\",\"item\":\"https:\/\/www.blogsoestado.com\/danielmatos\/\"},{\"@type\":\"ListItem\",\"position\":2,\"name\":\"Detran-MA realiza mutir\u00e3o de atendimento no s\u00e1bado (12)\"}]},{\"@type\":\"WebSite\",\"@id\":\"https:\/\/www.blogsoestado.com\/danielmatos\/#website\",\"url\":\"https:\/\/www.blogsoestado.com\/danielmatos\/\",\"name\":\"Daniel Matos\",\"description\":\"\",\"potentialAction\":[{\"@type\":\"SearchAction\",\"target\":{\"@type\":\"EntryPoint\",\"urlTemplate\":\"https:\/\/www.blogsoestado.com\/danielmatos\/?s={search_term_string}\"},\"query-input\":{\"@type\":\"PropertyValueSpecification\",\"valueRequired\":true,\"valueName\":\"search_term_string\"}}],\"inLanguage\":\"pt-BR\"}]}<\/script>\n<!-- \/ Yoast SEO plugin. -->","yoast_head_json":{"title":"Detran-MA realiza mutir\u00e3o de atendimento no s\u00e1bado (12) - Daniel Matos","robots":{"index":"index","follow":"follow","max-snippet":"max-snippet:-1","max-image-preview":"max-image-preview:large","max-video-preview":"max-video-preview:-1"},"canonical":"https:\/\/www.blogsoestado.com\/danielmatos\/detran-ma-realiza-mutirao-de-atendimento-no-sabado-12\/","og_locale":"pt_BR","og_type":"article","og_title":"Detran-MA realiza mutir\u00e3o de atendimento no s\u00e1bado (12) - Daniel Matos","og_description":"O Departamento Estadual de Tr\u00e2nsito do Maranh\u00e3o (Detran-MA) vai realizar, no pr\u00f3ximo s\u00e1bado (12), \u00a0um mutir\u00e3o de atendimento, oferecendo os [&hellip;]","og_url":"https:\/\/www.blogsoestado.com\/danielmatos\/detran-ma-realiza-mutirao-de-atendimento-no-sabado-12\/","og_site_name":"Daniel Matos","article_published_time":"2020-09-11T04:31:04+00:00","og_image":[{"url":"https:\/\/www.blogsoestado.com\/danielmatos\/files\/2020\/04\/detran-fachada-1024x546.jpg","type":"","width":"","height":""}],"twitter_card":"summary_large_image","twitter_misc":{"Est. tempo de leitura":"1 minuto"},"schema":{"@context":"https:\/\/schema.org","@graph":[{"@type":"WebPage","@id":"https:\/\/www.blogsoestado.com\/danielmatos\/detran-ma-realiza-mutirao-de-atendimento-no-sabado-12\/","url":"https:\/\/www.blogsoestado.com\/danielmatos\/detran-ma-realiza-mutirao-de-atendimento-no-sabado-12\/","name":"Detran-MA realiza mutir\u00e3o de atendimento no s\u00e1bado (12) - Daniel Matos","isPartOf":{"@id":"https:\/\/www.blogsoestado.com\/danielmatos\/#website"},"primaryImageOfPage":{"@id":"https:\/\/www.blogsoestado.com\/danielmatos\/detran-ma-realiza-mutirao-de-atendimento-no-sabado-12\/#primaryimage"},"image":{"@id":"https:\/\/www.blogsoestado.com\/danielmatos\/detran-ma-realiza-mutirao-de-atendimento-no-sabado-12\/#primaryimage"},"thumbnailUrl":"https:\/\/www.blogsoestado.com\/danielmatos\/files\/2020\/04\/detran-fachada-1024x546.jpg","datePublished":"2020-09-11T04:31:04+00:00","author":{"@id":""},"breadcrumb":{"@id":"https:\/\/www.blogsoestado.com\/danielmatos\/detran-ma-realiza-mutirao-de-atendimento-no-sabado-12\/#breadcrumb"},"inLanguage":"pt-BR","potentialAction":[{"@type":"ReadAction","target":["https:\/\/www.blogsoestado.com\/danielmatos\/detran-ma-realiza-mutirao-de-atendimento-no-sabado-12\/"]}]},{"@type":"ImageObject","inLanguage":"pt-BR","@id":"https:\/\/www.blogsoestado.com\/danielmatos\/detran-ma-realiza-mutirao-de-atendimento-no-sabado-12\/#primaryimage","url":"https:\/\/www.blogsoestado.com\/danielmatos\/files\/2020\/04\/detran-fachada-1024x546.jpg","contentUrl":"https:\/\/www.blogsoestado.com\/danielmatos\/files\/2020\/04\/detran-fachada-1024x546.jpg"},{"@type":"BreadcrumbList","@id":"https:\/\/www.blogsoestado.com\/danielmatos\/detran-ma-realiza-mutirao-de-atendimento-no-sabado-12\/#breadcrumb","itemListElement":[{"@type":"ListItem","position":1,"name":"In\u00edcio","item":"https:\/\/www.blogsoestado.com\/danielmatos\/"},{"@type":"ListItem","position":2,"name":"Detran-MA realiza mutir\u00e3o de atendimento no s\u00e1bado (12)"}]},{"@type":"WebSite","@id":"https:\/\/www.blogsoestado.com\/danielmatos\/#website","url":"https:\/\/www.blogsoestado.com\/danielmatos\/","name":"Daniel Matos","description":"","potentialAction":[{"@type":"SearchAction","target":{"@type":"EntryPoint","urlTemplate":"https:\/\/www.blogsoestado.com\/danielmatos\/?s={search_term_string}"},"query-input":{"@type":"PropertyValueSpecification","valueRequired":true,"valueName":"search_term_string"}}],"inLanguage":"pt-BR"}]}},"jetpack_featured_media_url":"","_links":{"self":[{"href":"https:\/\/www.blogsoestado.com\/danielmatos\/wp-json\/wp\/v2\/posts\/77113","targetHints":{"allow":["GET"]}}],"collection":[{"href":"https:\/\/www.blogsoestado.com\/danielmatos\/wp-json\/wp\/v2\/posts"}],"about":[{"href":"https:\/\/www.blogsoestado.com\/danielmatos\/wp-json\/wp\/v2\/types\/post"}],"replies":[{"embeddable":true,"href":"https:\/\/www.blogsoestado.com\/danielmatos\/wp-json\/wp\/v2\/comments?post=77113"}],"version-history":[{"count":0,"href":"https:\/\/www.blogsoestado.com\/danielmatos\/wp-json\/wp\/v2\/posts\/77113\/revisions"}],"wp:attachment":[{"href":"https:\/\/www.blogsoestado.com\/danielmatos\/wp-json\/wp\/v2\/media?parent=77113"}],"wp:term":[{"taxonomy":"category","embeddable":true,"href":"https:\/\/www.blogsoestado.com\/danielmatos\/wp-json\/wp\/v2\/categories?post=77113"},{"taxonomy":"post_tag","embeddable":true,"href":"https:\/\/www.blogsoestado.com\/danielmatos\/wp-json\/wp\/v2\/tags?post=77113"}],"curies":[{"name":"wp","href":"https:\/\/api.w.org\/{rel}","templated":true}]}}