{"id":77125,"date":"2020-09-11T12:34:45","date_gmt":"2020-09-11T15:34:45","guid":{"rendered":"https:\/\/www.blogsoestado.com\/danielmatos\/?p=77125"},"modified":"2020-09-11T12:34:45","modified_gmt":"2020-09-11T15:34:45","slug":"anibal-lins-reune-se-com-moradores-na-associacao-de-moradores-do-centro","status":"publish","type":"post","link":"https:\/\/www.blogsoestado.com\/danielmatos\/anibal-lins-reune-se-com-moradores-na-associacao-de-moradores-do-centro\/","title":{"rendered":"An\u00edbal Lins re\u00fane-se com moradores na Associa\u00e7\u00e3o de Moradores do Centro"},"content":{"rendered":"\n<div class=\"wp-block-image\"><figure class=\"aligncenter size-large\"><img decoding=\"async\" src=\"https:\/\/www.blogsoestado.com\/danielmatos\/files\/2020\/09\/Screenshot_20200911-123129.png\" alt=\"\" class=\"wp-image-77126\"\/><figcaption>An\u00edbal Lins obteve apoio de moradores \u00e0 sua pr\u00e9-candidatura a vereador de S\u00e3o Lu\u00eds<\/figcaption><\/figure><\/div>\n\n\n\n<p>O pr\u00e9-candidato a vereador pelo PL, An\u00edbal L\u00edns, reuniu-se, na noite dessa quinta-feira (10), com lideran\u00e7as, na sede da Associa\u00e7\u00e3o dos Moradores do Centro e Adjac\u00eancias. Durante o encontro, An\u00edbal falou um pouco da trajet\u00f3ria acad\u00eamica e profissional e como suas experi\u00eancias o levaram a buscar alternativas para melhorar a vida da popula\u00e7\u00e3o, o que levou \u00e0 sua carreira como servidor da Justi\u00e7a.<\/p>\n\n\n\n<p>Um dos pontos destacados foi como a sua caminhada na universidade despertou o seu interesse em discutir assuntos que levassem uma nova realidade para a popula\u00e7\u00e3o, principalmente em rela\u00e7\u00e3o ao emprego.<\/p>\n\n\n\n<p>\u201cA situa\u00e7\u00e3o do nosso bairro, da nossa comunidade, nossa cidade, fez com que eu, que tenho forma\u00e7\u00e3o em Economia, procurasse estudar a quest\u00e3o do desemprego, da gera\u00e7\u00e3o de renda e da import\u00e2ncia de elaborar projetos para gerar empregos, trazer ind\u00fastria, incentivar com\u00e9rcio, agricultura, e dar oportunidade de crescimento para que as pessoas tenham uma vida digna\u201d, declarou.<\/p>\n\n\n\n<p>Outro ponto abordado pelo pr\u00e9-candidato foi a sua atua\u00e7\u00e3o enquanto servidor do Poder Judici\u00e1rio. \u201cE no Tribunal de Justi\u00e7a tenho me empenhado em ajudar as pessoas a garantir direitos. \u00c9 meu compromisso e minha miss\u00e3o proteger pessoas, cuidar de pessoas\u201d, afirmou.<\/p>\n\n\n\n<p>O secret\u00e1rio da Associa\u00e7\u00e3o de Moradores do Centro e Adjac\u00eancias, Hilton Segundo, que tamb\u00e9m \u00e9 morador da regi\u00e3o, falou dos desafios de fundar a institui\u00e7\u00e3o e da import\u00e2ncia do apoio a entidades como essas. \u201cForam muitas dificuldades para criar a associa\u00e7\u00e3o e n\u00f3s trabalhamos muito com quest\u00f5es sociais e, de fato, foi uma batalha muito grande, de anos. Foi muita correria para levantar essa associa\u00e7\u00e3o e da\u00ed vem a relev\u00e2ncia em discutir apoio a institutos como esses, que t\u00eam uma grande responsabilidade na comunidade\u201d, pontuou.<\/p>\n\n\n\n<p>Para finalizar, An\u00edbal deixou uma reflex\u00e3o para a comunidade acerca da atua\u00e7\u00e3o de quem decide seguir a carreira pol\u00edtica. \u201cN\u00e3o esquecemos quem faz parte da nossa vida. Quando a gente n\u00e3o lembra em quem votamos, ou \u00e9 porque n\u00e3o nos importamos com isso, o que \u00e9 um problema, ou \u00e9 porque a pessoa que recebeu nosso voto n\u00e3o d\u00e1 import\u00e2ncia nenhuma para n\u00f3s\u201d, concluiu.<\/p>\n","protected":false},"excerpt":{"rendered":"<p>O pr\u00e9-candidato a vereador pelo PL, An\u00edbal L\u00edns, reuniu-se, na noite dessa quinta-feira (10), com lideran\u00e7as, na sede da Associa\u00e7\u00e3o [&hellip;]<\/p>\n","protected":false},"author":0,"featured_media":0,"comment_status":"open","ping_status":"open","sticky":false,"template":"","format":"standard","meta":{"site-sidebar-layout":"default","site-content-layout":"","ast-site-content-layout":"default","site-content-style":"default","site-sidebar-style":"default","ast-global-header-display":"","ast-banner-title-visibility":"","ast-main-header-display":"","ast-hfb-above-header-display":"","ast-hfb-below-header-display":"","ast-hfb-mobile-header-display":"","site-post-title":"","ast-breadcrumbs-content":"","ast-featured-img":"","footer-sml-layout":"","ast-disable-related-posts":"","theme-transparent-header-meta":"","adv-header-id-meta":"","stick-header-meta":"","header-above-stick-meta":"","header-main-stick-meta":"","header-below-stick-meta":"","astra-migrate-meta-layouts":"default","ast-page-background-enabled":"default","ast-page-background-meta":{"desktop":{"background-color":"var(--ast-global-color-5)","background-image":"","background-repeat":"repeat","background-position":"center center","background-size":"auto","background-attachment":"scroll","background-type":"","background-media":"","overlay-type":"","overlay-color":"","overlay-opacity":"","overlay-gradient":""},"tablet":{"background-color":"","background-image":"","background-repeat":"repeat","background-position":"center center","background-size":"auto","background-attachment":"scroll","background-type":"","background-media":"","overlay-type":"","overlay-color":"","overlay-opacity":"","overlay-gradient":""},"mobile":{"background-color":"","background-image":"","background-repeat":"repeat","background-position":"center center","background-size":"auto","background-attachment":"scroll","background-type":"","background-media":"","overlay-type":"","overlay-color":"","overlay-opacity":"","overlay-gradient":""}},"ast-content-background-meta":{"desktop":{"background-color":"var(--ast-global-color-4)","background-image":"","background-repeat":"repeat","background-position":"center center","background-size":"auto","background-attachment":"scroll","background-type":"","background-media":"","overlay-type":"","overlay-color":"","overlay-opacity":"","overlay-gradient":""},"tablet":{"background-color":"var(--ast-global-color-4)","background-image":"","background-repeat":"repeat","background-position":"center center","background-size":"auto","background-attachment":"scroll","background-type":"","background-media":"","overlay-type":"","overlay-color":"","overlay-opacity":"","overlay-gradient":""},"mobile":{"background-color":"var(--ast-global-color-4)","background-image":"","background-repeat":"repeat","background-position":"center center","background-size":"auto","background-attachment":"scroll","background-type":"","background-media":"","overlay-type":"","overlay-color":"","overlay-opacity":"","overlay-gradient":""}},"footnotes":""},"categories":[1],"tags":[],"class_list":["post-77125","post","type-post","status-publish","format-standard","hentry","category-sem-categoria"],"yoast_head":"<!-- This site is optimized with the Yoast SEO plugin v26.6 - https:\/\/yoast.com\/wordpress\/plugins\/seo\/ -->\n<title>An\u00edbal Lins re\u00fane-se com moradores na Associa\u00e7\u00e3o de Moradores do Centro - Daniel Matos<\/title>\n<meta name=\"robots\" content=\"index, follow, max-snippet:-1, max-image-preview:large, max-video-preview:-1\" \/>\n<link rel=\"canonical\" href=\"https:\/\/www.blogsoestado.com\/danielmatos\/anibal-lins-reune-se-com-moradores-na-associacao-de-moradores-do-centro\/\" \/>\n<meta property=\"og:locale\" content=\"pt_BR\" \/>\n<meta property=\"og:type\" content=\"article\" \/>\n<meta property=\"og:title\" content=\"An\u00edbal Lins re\u00fane-se com moradores na Associa\u00e7\u00e3o de Moradores do Centro - Daniel Matos\" \/>\n<meta property=\"og:description\" content=\"O pr\u00e9-candidato a vereador pelo PL, An\u00edbal L\u00edns, reuniu-se, na noite dessa quinta-feira (10), com lideran\u00e7as, na sede da Associa\u00e7\u00e3o [&hellip;]\" \/>\n<meta property=\"og:url\" content=\"https:\/\/www.blogsoestado.com\/danielmatos\/anibal-lins-reune-se-com-moradores-na-associacao-de-moradores-do-centro\/\" \/>\n<meta property=\"og:site_name\" content=\"Daniel Matos\" \/>\n<meta property=\"article:published_time\" content=\"2020-09-11T15:34:45+00:00\" \/>\n<meta property=\"og:image\" content=\"https:\/\/www.blogsoestado.com\/danielmatos\/files\/2020\/09\/Screenshot_20200911-123129.png\" \/>\n<meta name=\"twitter:card\" content=\"summary_large_image\" \/>\n<meta name=\"twitter:label1\" content=\"Est. tempo de leitura\" \/>\n\t<meta name=\"twitter:data1\" content=\"2 minutos\" \/>\n<script type=\"application\/ld+json\" class=\"yoast-schema-graph\">{\"@context\":\"https:\/\/schema.org\",\"@graph\":[{\"@type\":\"WebPage\",\"@id\":\"https:\/\/www.blogsoestado.com\/danielmatos\/anibal-lins-reune-se-com-moradores-na-associacao-de-moradores-do-centro\/\",\"url\":\"https:\/\/www.blogsoestado.com\/danielmatos\/anibal-lins-reune-se-com-moradores-na-associacao-de-moradores-do-centro\/\",\"name\":\"An\u00edbal Lins re\u00fane-se com moradores na Associa\u00e7\u00e3o de Moradores do Centro - Daniel Matos\",\"isPartOf\":{\"@id\":\"https:\/\/www.blogsoestado.com\/danielmatos\/#website\"},\"primaryImageOfPage\":{\"@id\":\"https:\/\/www.blogsoestado.com\/danielmatos\/anibal-lins-reune-se-com-moradores-na-associacao-de-moradores-do-centro\/#primaryimage\"},\"image\":{\"@id\":\"https:\/\/www.blogsoestado.com\/danielmatos\/anibal-lins-reune-se-com-moradores-na-associacao-de-moradores-do-centro\/#primaryimage\"},\"thumbnailUrl\":\"https:\/\/www.blogsoestado.com\/danielmatos\/files\/2020\/09\/Screenshot_20200911-123129.png\",\"datePublished\":\"2020-09-11T15:34:45+00:00\",\"author\":{\"@id\":\"\"},\"breadcrumb\":{\"@id\":\"https:\/\/www.blogsoestado.com\/danielmatos\/anibal-lins-reune-se-com-moradores-na-associacao-de-moradores-do-centro\/#breadcrumb\"},\"inLanguage\":\"pt-BR\",\"potentialAction\":[{\"@type\":\"ReadAction\",\"target\":[\"https:\/\/www.blogsoestado.com\/danielmatos\/anibal-lins-reune-se-com-moradores-na-associacao-de-moradores-do-centro\/\"]}]},{\"@type\":\"ImageObject\",\"inLanguage\":\"pt-BR\",\"@id\":\"https:\/\/www.blogsoestado.com\/danielmatos\/anibal-lins-reune-se-com-moradores-na-associacao-de-moradores-do-centro\/#primaryimage\",\"url\":\"https:\/\/www.blogsoestado.com\/danielmatos\/files\/2020\/09\/Screenshot_20200911-123129.png\",\"contentUrl\":\"https:\/\/www.blogsoestado.com\/danielmatos\/files\/2020\/09\/Screenshot_20200911-123129.png\"},{\"@type\":\"BreadcrumbList\",\"@id\":\"https:\/\/www.blogsoestado.com\/danielmatos\/anibal-lins-reune-se-com-moradores-na-associacao-de-moradores-do-centro\/#breadcrumb\",\"itemListElement\":[{\"@type\":\"ListItem\",\"position\":1,\"name\":\"In\u00edcio\",\"item\":\"https:\/\/www.blogsoestado.com\/danielmatos\/\"},{\"@type\":\"ListItem\",\"position\":2,\"name\":\"An\u00edbal Lins re\u00fane-se com moradores na Associa\u00e7\u00e3o de Moradores do Centro\"}]},{\"@type\":\"WebSite\",\"@id\":\"https:\/\/www.blogsoestado.com\/danielmatos\/#website\",\"url\":\"https:\/\/www.blogsoestado.com\/danielmatos\/\",\"name\":\"Daniel Matos\",\"description\":\"\",\"potentialAction\":[{\"@type\":\"SearchAction\",\"target\":{\"@type\":\"EntryPoint\",\"urlTemplate\":\"https:\/\/www.blogsoestado.com\/danielmatos\/?s={search_term_string}\"},\"query-input\":{\"@type\":\"PropertyValueSpecification\",\"valueRequired\":true,\"valueName\":\"search_term_string\"}}],\"inLanguage\":\"pt-BR\"}]}<\/script>\n<!-- \/ Yoast SEO plugin. -->","yoast_head_json":{"title":"An\u00edbal Lins re\u00fane-se com moradores na Associa\u00e7\u00e3o de Moradores do Centro - Daniel Matos","robots":{"index":"index","follow":"follow","max-snippet":"max-snippet:-1","max-image-preview":"max-image-preview:large","max-video-preview":"max-video-preview:-1"},"canonical":"https:\/\/www.blogsoestado.com\/danielmatos\/anibal-lins-reune-se-com-moradores-na-associacao-de-moradores-do-centro\/","og_locale":"pt_BR","og_type":"article","og_title":"An\u00edbal Lins re\u00fane-se com moradores na Associa\u00e7\u00e3o de Moradores do Centro - Daniel Matos","og_description":"O pr\u00e9-candidato a vereador pelo PL, An\u00edbal L\u00edns, reuniu-se, na noite dessa quinta-feira (10), com lideran\u00e7as, na sede da Associa\u00e7\u00e3o [&hellip;]","og_url":"https:\/\/www.blogsoestado.com\/danielmatos\/anibal-lins-reune-se-com-moradores-na-associacao-de-moradores-do-centro\/","og_site_name":"Daniel Matos","article_published_time":"2020-09-11T15:34:45+00:00","og_image":[{"url":"https:\/\/www.blogsoestado.com\/danielmatos\/files\/2020\/09\/Screenshot_20200911-123129.png","type":"","width":"","height":""}],"twitter_card":"summary_large_image","twitter_misc":{"Est. tempo de leitura":"2 minutos"},"schema":{"@context":"https:\/\/schema.org","@graph":[{"@type":"WebPage","@id":"https:\/\/www.blogsoestado.com\/danielmatos\/anibal-lins-reune-se-com-moradores-na-associacao-de-moradores-do-centro\/","url":"https:\/\/www.blogsoestado.com\/danielmatos\/anibal-lins-reune-se-com-moradores-na-associacao-de-moradores-do-centro\/","name":"An\u00edbal Lins re\u00fane-se com moradores na Associa\u00e7\u00e3o de Moradores do Centro - Daniel Matos","isPartOf":{"@id":"https:\/\/www.blogsoestado.com\/danielmatos\/#website"},"primaryImageOfPage":{"@id":"https:\/\/www.blogsoestado.com\/danielmatos\/anibal-lins-reune-se-com-moradores-na-associacao-de-moradores-do-centro\/#primaryimage"},"image":{"@id":"https:\/\/www.blogsoestado.com\/danielmatos\/anibal-lins-reune-se-com-moradores-na-associacao-de-moradores-do-centro\/#primaryimage"},"thumbnailUrl":"https:\/\/www.blogsoestado.com\/danielmatos\/files\/2020\/09\/Screenshot_20200911-123129.png","datePublished":"2020-09-11T15:34:45+00:00","author":{"@id":""},"breadcrumb":{"@id":"https:\/\/www.blogsoestado.com\/danielmatos\/anibal-lins-reune-se-com-moradores-na-associacao-de-moradores-do-centro\/#breadcrumb"},"inLanguage":"pt-BR","potentialAction":[{"@type":"ReadAction","target":["https:\/\/www.blogsoestado.com\/danielmatos\/anibal-lins-reune-se-com-moradores-na-associacao-de-moradores-do-centro\/"]}]},{"@type":"ImageObject","inLanguage":"pt-BR","@id":"https:\/\/www.blogsoestado.com\/danielmatos\/anibal-lins-reune-se-com-moradores-na-associacao-de-moradores-do-centro\/#primaryimage","url":"https:\/\/www.blogsoestado.com\/danielmatos\/files\/2020\/09\/Screenshot_20200911-123129.png","contentUrl":"https:\/\/www.blogsoestado.com\/danielmatos\/files\/2020\/09\/Screenshot_20200911-123129.png"},{"@type":"BreadcrumbList","@id":"https:\/\/www.blogsoestado.com\/danielmatos\/anibal-lins-reune-se-com-moradores-na-associacao-de-moradores-do-centro\/#breadcrumb","itemListElement":[{"@type":"ListItem","position":1,"name":"In\u00edcio","item":"https:\/\/www.blogsoestado.com\/danielmatos\/"},{"@type":"ListItem","position":2,"name":"An\u00edbal Lins re\u00fane-se com moradores na Associa\u00e7\u00e3o de Moradores do Centro"}]},{"@type":"WebSite","@id":"https:\/\/www.blogsoestado.com\/danielmatos\/#website","url":"https:\/\/www.blogsoestado.com\/danielmatos\/","name":"Daniel Matos","description":"","potentialAction":[{"@type":"SearchAction","target":{"@type":"EntryPoint","urlTemplate":"https:\/\/www.blogsoestado.com\/danielmatos\/?s={search_term_string}"},"query-input":{"@type":"PropertyValueSpecification","valueRequired":true,"valueName":"search_term_string"}}],"inLanguage":"pt-BR"}]}},"jetpack_featured_media_url":"","_links":{"self":[{"href":"https:\/\/www.blogsoestado.com\/danielmatos\/wp-json\/wp\/v2\/posts\/77125","targetHints":{"allow":["GET"]}}],"collection":[{"href":"https:\/\/www.blogsoestado.com\/danielmatos\/wp-json\/wp\/v2\/posts"}],"about":[{"href":"https:\/\/www.blogsoestado.com\/danielmatos\/wp-json\/wp\/v2\/types\/post"}],"replies":[{"embeddable":true,"href":"https:\/\/www.blogsoestado.com\/danielmatos\/wp-json\/wp\/v2\/comments?post=77125"}],"version-history":[{"count":0,"href":"https:\/\/www.blogsoestado.com\/danielmatos\/wp-json\/wp\/v2\/posts\/77125\/revisions"}],"wp:attachment":[{"href":"https:\/\/www.blogsoestado.com\/danielmatos\/wp-json\/wp\/v2\/media?parent=77125"}],"wp:term":[{"taxonomy":"category","embeddable":true,"href":"https:\/\/www.blogsoestado.com\/danielmatos\/wp-json\/wp\/v2\/categories?post=77125"},{"taxonomy":"post_tag","embeddable":true,"href":"https:\/\/www.blogsoestado.com\/danielmatos\/wp-json\/wp\/v2\/tags?post=77125"}],"curies":[{"name":"wp","href":"https:\/\/api.w.org\/{rel}","templated":true}]}}