{"id":77143,"date":"2020-09-11T18:02:33","date_gmt":"2020-09-11T21:02:33","guid":{"rendered":"https:\/\/www.blogsoestado.com\/danielmatos\/?p=77143"},"modified":"2020-09-11T18:02:33","modified_gmt":"2020-09-11T21:02:33","slug":"mpma-oferece-denuncia-contra-envolvidos-no-assassinato-dos-pais-de-cleber-verde","status":"publish","type":"post","link":"https:\/\/www.blogsoestado.com\/danielmatos\/mpma-oferece-denuncia-contra-envolvidos-no-assassinato-dos-pais-de-cleber-verde\/","title":{"rendered":"MPMA oferece den\u00fancia contra envolvidos no assassinato dos pais de Cleber Verde"},"content":{"rendered":"\n<div class=\"wp-block-image\"><figure class=\"aligncenter size-large\"><img decoding=\"async\" src=\"https:\/\/www.blogsoestado.com\/danielmatos\/files\/2020\/09\/Foto-caso-pais-Cleber-Verde-1024x684.jpg\" alt=\"\" class=\"wp-image-77144\"\/><figcaption>Promotores apresentaram detalhes do crime b\u00e1rbaro que vitimou o casal de idosos<\/figcaption><\/figure><\/div>\n\n\n\n<p>Em entrevista coletiva realizada na manh\u00e3 desta sexta-feira, 11, no audit\u00f3rio da sede das Promotorias da Capital (Calhau), o Minist\u00e9rio P\u00fablico do Maranh\u00e3o apresentou detalhes sobre o oferecimento da Den\u00fancia contra os quatro envolvidos na morte dos pais do deputado federal Cleber Verde, Maria da Gra\u00e7a Cordeiro Mendes e Jesu\u00edno Cordeiro Mendes, ambos idosos. O crime foi cometido na tarde do dia 14 de julho deste ano, na zona rural do munic\u00edpio de Turia\u00e7u.<\/p>\n\n\n\n<p>Foram denunciados Jeferson Silva da Costa (tamb\u00e9m conhecido como \u201cNhonhonga\u201d), Elielson Cardoso Paiva, Daniel Paiva e Jos\u00e9 Fernando Ferreira do Nascimento (mais conhecido como \u201cEl\u00e9trico\u201d), pelos crimes de latroc\u00ednio, tortura, associa\u00e7\u00e3o criminosa e corrup\u00e7\u00e3o de menores. Se condenados, os quatro podem receber, individualmente, uma pena aproximada de 80 anos de pris\u00e3o.<\/p>\n\n\n\n<p>O inqu\u00e9rito foi conclu\u00eddo pela Pol\u00edcia Civil. A Den\u00fancia foi oferecida pelos promotores de justi\u00e7a Jorge Luis Ribeiro de Ara\u00fajo, Frederico Bianchini Joviano dos Santos, Reinaldo Campos J\u00fanior e Igor Adriano Trinta Marques.<\/p>\n\n\n\n<p>De acordo com o promotor de justi\u00e7a Frederico Bianchini, os quatro envolvidos cometeram duas s\u00e9ries de crimes. Contra Maria da Gra\u00e7a Mendes, praticaram latroc\u00ednio e tortura. Em rela\u00e7\u00e3o ao companheiro dela, Jesu\u00edno Mendes, cometeram latroc\u00ednio. Tamb\u00e9m foram praticados os crimes de associa\u00e7\u00e3o criminosa e corrup\u00e7\u00e3o de menores.<\/p>\n\n\n\n<p>O promotor de justi\u00e7a Igor Adriano Trinta Marques ressaltou que o MPMA vai continuar acompanhando com aten\u00e7\u00e3o os desdobramentos da Den\u00fancia, agora no \u00e2mbito do Judici\u00e1rio. \u201cEste caso chocou a comunidade e todo o Maranh\u00e3o. Foi cometido com requintes de crueldade e vitimou dois idosos\u201d, enfatizou.<\/p>\n\n\n\n<p><strong>O CRIME<\/strong><\/p>\n\n\n\n<p>Para cometerem o crime, Jeferson Silva da Costa, Elielson Cardoso Paiva, Daniel Paiva e Jos\u00e9 Fernando Ferreira do Nascimento corromperam tr\u00eas menores de 18 anos. Eles assassinaram Gra\u00e7a Cordeiro Mendes e Jesu\u00edno Verde utilizando forte viol\u00eancia, incluindo tortura, na fazenda onde o casal morava, localizada no povoado Lim\u00e3o. Os idosos foram mortos por ferimentos causados por arma de fogo e punhal.<\/p>\n\n\n\n<p>De acordo com a apura\u00e7\u00e3o, Fabio Concei\u00e7\u00e3o Cardoso (morto posteriormente em confronto com a pol\u00edcia) e Daniel Paiva eram da regi\u00e3o do povoado e imaginavam que o casal possu\u00eda objetos valiosos. Sendo assim, com os outros envolvidos planejaram o assalto \u00e0 resid\u00eancia.<\/p>\n\n\n\n<p>Durante a a\u00e7\u00e3o, al\u00e9m dos assassinatos, os quatro roubaram dois rev\u00f3lveres calibre 38, tr\u00eas espingardas cartucheiras calibre 20, um rel\u00f3gio de cor preta, uma pulseira dourada e dois aparelhos de celular, al\u00e9m da quantia de R$ 4 mil reais.<\/p>\n\n\n\n<p><strong>LATROC\u00cdNIO<\/strong><\/p>\n\n\n\n<p>Segundo a investiga\u00e7\u00e3o, Jeferson teria ido \u00e0 fazenda de carona com Jos\u00e9 Fernando, que o deixou no local para se juntar aos outros comparsas. Ao sair, Fernando disse que ligaria para Jefferson, caso a pol\u00edcia aparecesse no povoado.<\/p>\n\n\n\n<p>Para obter informa\u00e7\u00f5es sobre objetos valiosos, os envolvidos invadiram a resid\u00eancia da fazenda e constrangeram e humilharam Maria da Gra\u00e7a Mendes, mediante tortura f\u00edsica.<\/p>\n\n\n\n<p>Conforme o depoimento de Jeferson, a v\u00edtima logo come\u00e7ou a dizer onde estavam os objetos e este, na companhia de Elielson, foi para o quarto do casal onde encontrou o material.<\/p>\n\n\n\n<p>Enquanto subtra\u00edam os pertences das v\u00edtimas, a idosa foi esfaqueada por Fabio Cardoso e Daniel Paiva. Ao voltar para a sala, Jeferson e Elielson encontraram Maria quase j\u00e1 sem vida.<\/p>\n\n\n\n<p>Enquanto isso, Jesu\u00edno Verde estava no quintal e n\u00e3o teria escutado o que aconteceu no interior da resid\u00eancia. Por isso, foi rendido por Daniel, que portava uma espingarda. Em seguida, F\u00e1bio Cardoso teria tomado a arma do comparsa e atirado contra Jesu\u00edno. Daniel completou o servi\u00e7o desferindo diversos golpes de faca na v\u00edtima, causando sua morte.<\/p>\n\n\n\n<p><strong>ADOLESCENTES<\/strong><\/p>\n\n\n\n<p>Um dos tr\u00eas adolescentes envolvidos ficou vigiando o lado de fora da fazenda, para avisar se aparecesse algu\u00e9m. Os outros dois ficaram aguardando os envolvidos em um rio, localizado nos fundos da fazenda, e l\u00e1 teriam recebido as armas e objetos furtados, levando o material para a casa do tio de um dos adolescentes.<\/p>\n\n\n\n<p>J\u00e1 o dinheiro roubado foi dividido entre os quatro idealizadores do crime, que fugiram do local de maneira separada. Fabio e Elielson escaparam cada um em uma motocicleta, enquanto Jeferson e Daniel fugiram pelo mato.<\/p>\n\n\n\n<p>Ap\u00f3s dilig\u00eancias, a pol\u00edcia encontrou o local onde tr\u00eas dos quatro envolvidos estavam escondidos. Na ocasi\u00e3o, Fabio Cardoso veio a \u00f3bito.<\/p>\n\n\n\n<p><strong>MEDIDAS SOCIOEDUCATIVAS<\/strong><\/p>\n\n\n\n<p>Os tr\u00eas jovens, menores de 18 anos, j\u00e1 respondem a medidas socioeducativas, previstas no Estatuto da Crian\u00e7a e Adolesc\u00eancia (ECA), pelo envolvimento no caso. Na coletiva, o promotor de justi\u00e7a Reinaldo Campos J\u00fanior informou que o MPMA investiga o envolvimento de mais dois adolescentes no fato.<\/p>\n\n\n\n<p><strong>Fonte: <\/strong>Minist\u00e9rio P\u00fablico do Maranh\u00e3o<\/p>\n","protected":false},"excerpt":{"rendered":"<p>Em entrevista coletiva realizada na manh\u00e3 desta sexta-feira, 11, no audit\u00f3rio da sede das Promotorias da Capital (Calhau), o Minist\u00e9rio [&hellip;]<\/p>\n","protected":false},"author":0,"featured_media":0,"comment_status":"open","ping_status":"open","sticky":false,"template":"","format":"standard","meta":{"site-sidebar-layout":"default","site-content-layout":"","ast-site-content-layout":"default","site-content-style":"default","site-sidebar-style":"default","ast-global-header-display":"","ast-banner-title-visibility":"","ast-main-header-display":"","ast-hfb-above-header-display":"","ast-hfb-below-header-display":"","ast-hfb-mobile-header-display":"","site-post-title":"","ast-breadcrumbs-content":"","ast-featured-img":"","footer-sml-layout":"","ast-disable-related-posts":"","theme-transparent-header-meta":"","adv-header-id-meta":"","stick-header-meta":"","header-above-stick-meta":"","header-main-stick-meta":"","header-below-stick-meta":"","astra-migrate-meta-layouts":"default","ast-page-background-enabled":"default","ast-page-background-meta":{"desktop":{"background-color":"var(--ast-global-color-5)","background-image":"","background-repeat":"repeat","background-position":"center center","background-size":"auto","background-attachment":"scroll","background-type":"","background-media":"","overlay-type":"","overlay-color":"","overlay-opacity":"","overlay-gradient":""},"tablet":{"background-color":"","background-image":"","background-repeat":"repeat","background-position":"center center","background-size":"auto","background-attachment":"scroll","background-type":"","background-media":"","overlay-type":"","overlay-color":"","overlay-opacity":"","overlay-gradient":""},"mobile":{"background-color":"","background-image":"","background-repeat":"repeat","background-position":"center center","background-size":"auto","background-attachment":"scroll","background-type":"","background-media":"","overlay-type":"","overlay-color":"","overlay-opacity":"","overlay-gradient":""}},"ast-content-background-meta":{"desktop":{"background-color":"var(--ast-global-color-4)","background-image":"","background-repeat":"repeat","background-position":"center center","background-size":"auto","background-attachment":"scroll","background-type":"","background-media":"","overlay-type":"","overlay-color":"","overlay-opacity":"","overlay-gradient":""},"tablet":{"background-color":"var(--ast-global-color-4)","background-image":"","background-repeat":"repeat","background-position":"center center","background-size":"auto","background-attachment":"scroll","background-type":"","background-media":"","overlay-type":"","overlay-color":"","overlay-opacity":"","overlay-gradient":""},"mobile":{"background-color":"var(--ast-global-color-4)","background-image":"","background-repeat":"repeat","background-position":"center center","background-size":"auto","background-attachment":"scroll","background-type":"","background-media":"","overlay-type":"","overlay-color":"","overlay-opacity":"","overlay-gradient":""}},"footnotes":""},"categories":[1],"tags":[],"class_list":["post-77143","post","type-post","status-publish","format-standard","hentry","category-sem-categoria"],"yoast_head":"<!-- This site is optimized with the Yoast SEO plugin v26.6 - https:\/\/yoast.com\/wordpress\/plugins\/seo\/ -->\n<title>MPMA oferece den\u00fancia contra envolvidos no assassinato dos pais de Cleber Verde - Daniel Matos<\/title>\n<meta name=\"robots\" content=\"index, follow, max-snippet:-1, max-image-preview:large, max-video-preview:-1\" \/>\n<link rel=\"canonical\" href=\"https:\/\/www.blogsoestado.com\/danielmatos\/mpma-oferece-denuncia-contra-envolvidos-no-assassinato-dos-pais-de-cleber-verde\/\" \/>\n<meta property=\"og:locale\" content=\"pt_BR\" \/>\n<meta property=\"og:type\" content=\"article\" \/>\n<meta property=\"og:title\" content=\"MPMA oferece den\u00fancia contra envolvidos no assassinato dos pais de Cleber Verde - Daniel Matos\" \/>\n<meta property=\"og:description\" content=\"Em entrevista coletiva realizada na manh\u00e3 desta sexta-feira, 11, no audit\u00f3rio da sede das Promotorias da Capital (Calhau), o Minist\u00e9rio [&hellip;]\" \/>\n<meta property=\"og:url\" content=\"https:\/\/www.blogsoestado.com\/danielmatos\/mpma-oferece-denuncia-contra-envolvidos-no-assassinato-dos-pais-de-cleber-verde\/\" \/>\n<meta property=\"og:site_name\" content=\"Daniel Matos\" \/>\n<meta property=\"article:published_time\" content=\"2020-09-11T21:02:33+00:00\" \/>\n<meta property=\"og:image\" content=\"https:\/\/www.blogsoestado.com\/danielmatos\/files\/2020\/09\/Foto-caso-pais-Cleber-Verde-1024x684.jpg\" \/>\n<meta name=\"twitter:card\" content=\"summary_large_image\" \/>\n<meta name=\"twitter:label1\" content=\"Est. tempo de leitura\" \/>\n\t<meta name=\"twitter:data1\" content=\"4 minutos\" \/>\n<script type=\"application\/ld+json\" class=\"yoast-schema-graph\">{\"@context\":\"https:\/\/schema.org\",\"@graph\":[{\"@type\":\"WebPage\",\"@id\":\"https:\/\/www.blogsoestado.com\/danielmatos\/mpma-oferece-denuncia-contra-envolvidos-no-assassinato-dos-pais-de-cleber-verde\/\",\"url\":\"https:\/\/www.blogsoestado.com\/danielmatos\/mpma-oferece-denuncia-contra-envolvidos-no-assassinato-dos-pais-de-cleber-verde\/\",\"name\":\"MPMA oferece den\u00fancia contra envolvidos no assassinato dos pais de Cleber Verde - Daniel Matos\",\"isPartOf\":{\"@id\":\"https:\/\/www.blogsoestado.com\/danielmatos\/#website\"},\"primaryImageOfPage\":{\"@id\":\"https:\/\/www.blogsoestado.com\/danielmatos\/mpma-oferece-denuncia-contra-envolvidos-no-assassinato-dos-pais-de-cleber-verde\/#primaryimage\"},\"image\":{\"@id\":\"https:\/\/www.blogsoestado.com\/danielmatos\/mpma-oferece-denuncia-contra-envolvidos-no-assassinato-dos-pais-de-cleber-verde\/#primaryimage\"},\"thumbnailUrl\":\"https:\/\/www.blogsoestado.com\/danielmatos\/files\/2020\/09\/Foto-caso-pais-Cleber-Verde-1024x684.jpg\",\"datePublished\":\"2020-09-11T21:02:33+00:00\",\"author\":{\"@id\":\"\"},\"breadcrumb\":{\"@id\":\"https:\/\/www.blogsoestado.com\/danielmatos\/mpma-oferece-denuncia-contra-envolvidos-no-assassinato-dos-pais-de-cleber-verde\/#breadcrumb\"},\"inLanguage\":\"pt-BR\",\"potentialAction\":[{\"@type\":\"ReadAction\",\"target\":[\"https:\/\/www.blogsoestado.com\/danielmatos\/mpma-oferece-denuncia-contra-envolvidos-no-assassinato-dos-pais-de-cleber-verde\/\"]}]},{\"@type\":\"ImageObject\",\"inLanguage\":\"pt-BR\",\"@id\":\"https:\/\/www.blogsoestado.com\/danielmatos\/mpma-oferece-denuncia-contra-envolvidos-no-assassinato-dos-pais-de-cleber-verde\/#primaryimage\",\"url\":\"https:\/\/www.blogsoestado.com\/danielmatos\/files\/2020\/09\/Foto-caso-pais-Cleber-Verde-1024x684.jpg\",\"contentUrl\":\"https:\/\/www.blogsoestado.com\/danielmatos\/files\/2020\/09\/Foto-caso-pais-Cleber-Verde-1024x684.jpg\"},{\"@type\":\"BreadcrumbList\",\"@id\":\"https:\/\/www.blogsoestado.com\/danielmatos\/mpma-oferece-denuncia-contra-envolvidos-no-assassinato-dos-pais-de-cleber-verde\/#breadcrumb\",\"itemListElement\":[{\"@type\":\"ListItem\",\"position\":1,\"name\":\"In\u00edcio\",\"item\":\"https:\/\/www.blogsoestado.com\/danielmatos\/\"},{\"@type\":\"ListItem\",\"position\":2,\"name\":\"MPMA oferece den\u00fancia contra envolvidos no assassinato dos pais de Cleber Verde\"}]},{\"@type\":\"WebSite\",\"@id\":\"https:\/\/www.blogsoestado.com\/danielmatos\/#website\",\"url\":\"https:\/\/www.blogsoestado.com\/danielmatos\/\",\"name\":\"Daniel Matos\",\"description\":\"\",\"potentialAction\":[{\"@type\":\"SearchAction\",\"target\":{\"@type\":\"EntryPoint\",\"urlTemplate\":\"https:\/\/www.blogsoestado.com\/danielmatos\/?s={search_term_string}\"},\"query-input\":{\"@type\":\"PropertyValueSpecification\",\"valueRequired\":true,\"valueName\":\"search_term_string\"}}],\"inLanguage\":\"pt-BR\"}]}<\/script>\n<!-- \/ Yoast SEO plugin. -->","yoast_head_json":{"title":"MPMA oferece den\u00fancia contra envolvidos no assassinato dos pais de Cleber Verde - Daniel Matos","robots":{"index":"index","follow":"follow","max-snippet":"max-snippet:-1","max-image-preview":"max-image-preview:large","max-video-preview":"max-video-preview:-1"},"canonical":"https:\/\/www.blogsoestado.com\/danielmatos\/mpma-oferece-denuncia-contra-envolvidos-no-assassinato-dos-pais-de-cleber-verde\/","og_locale":"pt_BR","og_type":"article","og_title":"MPMA oferece den\u00fancia contra envolvidos no assassinato dos pais de Cleber Verde - Daniel Matos","og_description":"Em entrevista coletiva realizada na manh\u00e3 desta sexta-feira, 11, no audit\u00f3rio da sede das Promotorias da Capital (Calhau), o Minist\u00e9rio [&hellip;]","og_url":"https:\/\/www.blogsoestado.com\/danielmatos\/mpma-oferece-denuncia-contra-envolvidos-no-assassinato-dos-pais-de-cleber-verde\/","og_site_name":"Daniel Matos","article_published_time":"2020-09-11T21:02:33+00:00","og_image":[{"url":"https:\/\/www.blogsoestado.com\/danielmatos\/files\/2020\/09\/Foto-caso-pais-Cleber-Verde-1024x684.jpg","type":"","width":"","height":""}],"twitter_card":"summary_large_image","twitter_misc":{"Est. tempo de leitura":"4 minutos"},"schema":{"@context":"https:\/\/schema.org","@graph":[{"@type":"WebPage","@id":"https:\/\/www.blogsoestado.com\/danielmatos\/mpma-oferece-denuncia-contra-envolvidos-no-assassinato-dos-pais-de-cleber-verde\/","url":"https:\/\/www.blogsoestado.com\/danielmatos\/mpma-oferece-denuncia-contra-envolvidos-no-assassinato-dos-pais-de-cleber-verde\/","name":"MPMA oferece den\u00fancia contra envolvidos no assassinato dos pais de Cleber Verde - Daniel Matos","isPartOf":{"@id":"https:\/\/www.blogsoestado.com\/danielmatos\/#website"},"primaryImageOfPage":{"@id":"https:\/\/www.blogsoestado.com\/danielmatos\/mpma-oferece-denuncia-contra-envolvidos-no-assassinato-dos-pais-de-cleber-verde\/#primaryimage"},"image":{"@id":"https:\/\/www.blogsoestado.com\/danielmatos\/mpma-oferece-denuncia-contra-envolvidos-no-assassinato-dos-pais-de-cleber-verde\/#primaryimage"},"thumbnailUrl":"https:\/\/www.blogsoestado.com\/danielmatos\/files\/2020\/09\/Foto-caso-pais-Cleber-Verde-1024x684.jpg","datePublished":"2020-09-11T21:02:33+00:00","author":{"@id":""},"breadcrumb":{"@id":"https:\/\/www.blogsoestado.com\/danielmatos\/mpma-oferece-denuncia-contra-envolvidos-no-assassinato-dos-pais-de-cleber-verde\/#breadcrumb"},"inLanguage":"pt-BR","potentialAction":[{"@type":"ReadAction","target":["https:\/\/www.blogsoestado.com\/danielmatos\/mpma-oferece-denuncia-contra-envolvidos-no-assassinato-dos-pais-de-cleber-verde\/"]}]},{"@type":"ImageObject","inLanguage":"pt-BR","@id":"https:\/\/www.blogsoestado.com\/danielmatos\/mpma-oferece-denuncia-contra-envolvidos-no-assassinato-dos-pais-de-cleber-verde\/#primaryimage","url":"https:\/\/www.blogsoestado.com\/danielmatos\/files\/2020\/09\/Foto-caso-pais-Cleber-Verde-1024x684.jpg","contentUrl":"https:\/\/www.blogsoestado.com\/danielmatos\/files\/2020\/09\/Foto-caso-pais-Cleber-Verde-1024x684.jpg"},{"@type":"BreadcrumbList","@id":"https:\/\/www.blogsoestado.com\/danielmatos\/mpma-oferece-denuncia-contra-envolvidos-no-assassinato-dos-pais-de-cleber-verde\/#breadcrumb","itemListElement":[{"@type":"ListItem","position":1,"name":"In\u00edcio","item":"https:\/\/www.blogsoestado.com\/danielmatos\/"},{"@type":"ListItem","position":2,"name":"MPMA oferece den\u00fancia contra envolvidos no assassinato dos pais de Cleber Verde"}]},{"@type":"WebSite","@id":"https:\/\/www.blogsoestado.com\/danielmatos\/#website","url":"https:\/\/www.blogsoestado.com\/danielmatos\/","name":"Daniel Matos","description":"","potentialAction":[{"@type":"SearchAction","target":{"@type":"EntryPoint","urlTemplate":"https:\/\/www.blogsoestado.com\/danielmatos\/?s={search_term_string}"},"query-input":{"@type":"PropertyValueSpecification","valueRequired":true,"valueName":"search_term_string"}}],"inLanguage":"pt-BR"}]}},"jetpack_featured_media_url":"","_links":{"self":[{"href":"https:\/\/www.blogsoestado.com\/danielmatos\/wp-json\/wp\/v2\/posts\/77143","targetHints":{"allow":["GET"]}}],"collection":[{"href":"https:\/\/www.blogsoestado.com\/danielmatos\/wp-json\/wp\/v2\/posts"}],"about":[{"href":"https:\/\/www.blogsoestado.com\/danielmatos\/wp-json\/wp\/v2\/types\/post"}],"replies":[{"embeddable":true,"href":"https:\/\/www.blogsoestado.com\/danielmatos\/wp-json\/wp\/v2\/comments?post=77143"}],"version-history":[{"count":0,"href":"https:\/\/www.blogsoestado.com\/danielmatos\/wp-json\/wp\/v2\/posts\/77143\/revisions"}],"wp:attachment":[{"href":"https:\/\/www.blogsoestado.com\/danielmatos\/wp-json\/wp\/v2\/media?parent=77143"}],"wp:term":[{"taxonomy":"category","embeddable":true,"href":"https:\/\/www.blogsoestado.com\/danielmatos\/wp-json\/wp\/v2\/categories?post=77143"},{"taxonomy":"post_tag","embeddable":true,"href":"https:\/\/www.blogsoestado.com\/danielmatos\/wp-json\/wp\/v2\/tags?post=77143"}],"curies":[{"name":"wp","href":"https:\/\/api.w.org\/{rel}","templated":true}]}}