{"id":77151,"date":"2020-09-11T22:35:09","date_gmt":"2020-09-12T01:35:09","guid":{"rendered":"https:\/\/www.blogsoestado.com\/danielmatos\/?p=77151"},"modified":"2020-09-11T22:35:09","modified_gmt":"2020-09-12T01:35:09","slug":"othelino-reforca-apoio-a-marinaldo-do-gesso-em-convencao-que-confirmou-candidatura-do-empresario-em-grajau","status":"publish","type":"post","link":"https:\/\/www.blogsoestado.com\/danielmatos\/othelino-reforca-apoio-a-marinaldo-do-gesso-em-convencao-que-confirmou-candidatura-do-empresario-em-grajau\/","title":{"rendered":"Othelino refor\u00e7a apoio a Marinaldo do Gesso em conven\u00e7\u00e3o que confirmou candidatura do empres\u00e1rio em Graja\u00fa"},"content":{"rendered":"\n<div class=\"wp-block-image\"><figure class=\"aligncenter size-large\"><img decoding=\"async\" src=\"https:\/\/www.blogsoestado.com\/danielmatos\/files\/2020\/09\/Screenshot_20200911-222744.png\" alt=\"\" class=\"wp-image-77152\"\/><figcaption>Presidente da Assembleia, Othelino Neto, discursa na conven\u00e7\u00e3o e reafirma seu apoio a Marinaldo do Gesso, ao lado do pr\u00e9-candidato a prefeito de Graja\u00fa e do senador Weverton Rocha<\/figcaption><\/figure><\/div>\n\n\n\n<p>O presidente da Assembleia Legislativa do Maranh\u00e3o, deputado Othelino Neto (PCdoB), participou, nesta sexta-feira (11), da Conven\u00e7\u00e3o Municipal do PDT, PCdoB e Solidariedade, que homologou a candidatura do empres\u00e1rio Marinaldo do Gesso (PDT) a prefeito de Graja\u00fa nas elei\u00e7\u00f5es deste ano. O ato pol\u00edtico contou com a presen\u00e7a do senador Weverton Rocha (PDT), de pr\u00e9-candidatos a vereadores, lideran\u00e7as pol\u00edticas, al\u00e9m da participa\u00e7\u00e3o expressiva da popula\u00e7\u00e3o grajauense.<\/p>\n\n\n\n<p>Othelino destacou que a escolha do nome do empres\u00e1rio foi fruto de uma decis\u00e3o tomada ap\u00f3s muito di\u00e1logo e maturidade pol\u00edtica, levando em considera\u00e7\u00e3o que, no atual momento, Marinaldo do Gesso re\u00fane melhores condi\u00e7\u00f5es de representar o grupo de oposi\u00e7\u00e3o nas elei\u00e7\u00f5es municipais.<\/p>\n\n\n\n<p>\u201cGraja\u00fa precisa se libertar desse estado de coisas que se instalou ao longo do tempo no munic\u00edpio, e o Marinaldo tem total condi\u00e7\u00e3o de fazer isso. Somos um grupo que quer Graja\u00fa olhando para frente, se desenvolvendo e cuidando, principalmente, daqueles que mais precisam\u201d, afirmou o parlamentar.<\/p>\n\n\n\n<p>O chefe do Legislativo Estadual disse, tamb\u00e9m, que Marinaldo do Gesso conta com o apoio necess\u00e1rio para garantir o desenvolvimento da cidade e, consequentemente, melhorar a qualidade de vida da popula\u00e7\u00e3o.<\/p>\n\n\n\n<p>\u201cO nosso candidato \u00e9 forte, tem a minha confian\u00e7a, o apoio do povo, assim como do governador Fl\u00e1vio Dino, do senador Weverton e da grande lideran\u00e7a grajauense, Simone Limeira, que declinou da sua pr\u00e9-candidatura para fortalecer o grupo. Estamos todos juntos e empenhados em conquistar essa vit\u00f3ria para o bem de Graja\u00fa\u201d, enfatizou Othelino.<\/p>\n\n\n\n<p>Marinaldo do Gesso agradeceu o apoio recebido e pontuou que o seu objetivo \u00e9 apresentar ao povo de Graja\u00fa um verdadeiro plano de governo, e n\u00e3o um projeto de poder.<\/p>\n\n\n\n<p>\u201cJamais viria me comprometer com voc\u00eas se n\u00e3o tivesse o apoio da classe pol\u00edtica em n\u00edvel estadual e federal para conseguir os recursos necess\u00e1rios para Graja\u00fa. S\u00f3 precisamos de uma oportunidade para mudar essa cidade. Com o apoio do presidente da Assembleia, deputado Othelino, do senador Weverton Rocha e do governador Fl\u00e1vio Dino traremos o desenvolvimento para Graja\u00fa\u201d, disse Marinaldo.<\/p>\n\n\n\n<p><strong>Uni\u00e3o<\/strong><\/p>\n\n\n\n<div class=\"wp-block-image\"><figure class=\"aligncenter size-large\"><img decoding=\"async\" src=\"https:\/\/www.blogsoestado.com\/danielmatos\/files\/2020\/09\/Screenshot_20200911-222800.png\" alt=\"\" class=\"wp-image-77153\"\/><figcaption>Othelino, Marinaldo do Gesso e o numeroso grupo de apoiadores do pr\u00e9-candidato a prefeito<\/figcaption><\/figure><\/div>\n\n\n\n<p>O senador Weverton Rocha, presidente do Diret\u00f3rio Estadual do PDT, refor\u00e7ou a import\u00e2ncia da uni\u00e3o das legendas e de todo o grupo pol\u00edtico de oposi\u00e7\u00e3o para oferecer \u00e0 popula\u00e7\u00e3o grajauense um nome que, segundo ele, ser\u00e1 a melhor escolha para o munic\u00edpio.<\/p>\n\n\n\n<p>\u201cEssa \u00e9 a uni\u00e3o da vit\u00f3ria, que pode ajudar muito Graja\u00fa. Estamos construindo um projeto pol\u00edtico com o que \u00e9 correto e a melhor sa\u00edda para a popula\u00e7\u00e3o. Esse momento \u00e9 \u00fanico para a cidade e o Marinaldo conta com o nosso apoio\u201d, refor\u00e7ou o senador.<\/p>\n\n\n\n<p>A presidente do Diret\u00f3rio Municipal do PCdoB em Graja\u00fa, Simone Limeira, afirmou que, a partir de agora, a cidade vira a sua p\u00e1gina para uma pol\u00edtica que vai desenvolver verdadeiramente o munic\u00edpio. \u201c\u00c9 por isso que confiamos em Marinaldo do Gesso. Estamos todos juntos e Graja\u00fa, certamente, vai decidir muito bem pelo que h\u00e1 de melhor\u201d, concluiu.<\/p>\n","protected":false},"excerpt":{"rendered":"<p>O presidente da Assembleia Legislativa do Maranh\u00e3o, deputado Othelino Neto (PCdoB), participou, nesta sexta-feira (11), da Conven\u00e7\u00e3o Municipal do PDT, [&hellip;]<\/p>\n","protected":false},"author":0,"featured_media":0,"comment_status":"open","ping_status":"open","sticky":false,"template":"","format":"standard","meta":{"site-sidebar-layout":"default","site-content-layout":"","ast-site-content-layout":"default","site-content-style":"default","site-sidebar-style":"default","ast-global-header-display":"","ast-banner-title-visibility":"","ast-main-header-display":"","ast-hfb-above-header-display":"","ast-hfb-below-header-display":"","ast-hfb-mobile-header-display":"","site-post-title":"","ast-breadcrumbs-content":"","ast-featured-img":"","footer-sml-layout":"","ast-disable-related-posts":"","theme-transparent-header-meta":"","adv-header-id-meta":"","stick-header-meta":"","header-above-stick-meta":"","header-main-stick-meta":"","header-below-stick-meta":"","astra-migrate-meta-layouts":"default","ast-page-background-enabled":"default","ast-page-background-meta":{"desktop":{"background-color":"var(--ast-global-color-5)","background-image":"","background-repeat":"repeat","background-position":"center center","background-size":"auto","background-attachment":"scroll","background-type":"","background-media":"","overlay-type":"","overlay-color":"","overlay-opacity":"","overlay-gradient":""},"tablet":{"background-color":"","background-image":"","background-repeat":"repeat","background-position":"center center","background-size":"auto","background-attachment":"scroll","background-type":"","background-media":"","overlay-type":"","overlay-color":"","overlay-opacity":"","overlay-gradient":""},"mobile":{"background-color":"","background-image":"","background-repeat":"repeat","background-position":"center center","background-size":"auto","background-attachment":"scroll","background-type":"","background-media":"","overlay-type":"","overlay-color":"","overlay-opacity":"","overlay-gradient":""}},"ast-content-background-meta":{"desktop":{"background-color":"var(--ast-global-color-4)","background-image":"","background-repeat":"repeat","background-position":"center center","background-size":"auto","background-attachment":"scroll","background-type":"","background-media":"","overlay-type":"","overlay-color":"","overlay-opacity":"","overlay-gradient":""},"tablet":{"background-color":"var(--ast-global-color-4)","background-image":"","background-repeat":"repeat","background-position":"center center","background-size":"auto","background-attachment":"scroll","background-type":"","background-media":"","overlay-type":"","overlay-color":"","overlay-opacity":"","overlay-gradient":""},"mobile":{"background-color":"var(--ast-global-color-4)","background-image":"","background-repeat":"repeat","background-position":"center center","background-size":"auto","background-attachment":"scroll","background-type":"","background-media":"","overlay-type":"","overlay-color":"","overlay-opacity":"","overlay-gradient":""}},"footnotes":""},"categories":[1],"tags":[],"class_list":["post-77151","post","type-post","status-publish","format-standard","hentry","category-sem-categoria"],"yoast_head":"<!-- This site is optimized with the Yoast SEO plugin v26.6 - https:\/\/yoast.com\/wordpress\/plugins\/seo\/ -->\n<title>Othelino refor\u00e7a apoio a Marinaldo do Gesso em conven\u00e7\u00e3o que confirmou candidatura do empres\u00e1rio em Graja\u00fa - Daniel Matos<\/title>\n<meta name=\"robots\" content=\"index, follow, max-snippet:-1, max-image-preview:large, max-video-preview:-1\" \/>\n<link rel=\"canonical\" href=\"https:\/\/www.blogsoestado.com\/danielmatos\/othelino-reforca-apoio-a-marinaldo-do-gesso-em-convencao-que-confirmou-candidatura-do-empresario-em-grajau\/\" \/>\n<meta property=\"og:locale\" content=\"pt_BR\" \/>\n<meta property=\"og:type\" content=\"article\" \/>\n<meta property=\"og:title\" content=\"Othelino refor\u00e7a apoio a Marinaldo do Gesso em conven\u00e7\u00e3o que confirmou candidatura do empres\u00e1rio em Graja\u00fa - Daniel Matos\" \/>\n<meta property=\"og:description\" content=\"O presidente da Assembleia Legislativa do Maranh\u00e3o, deputado Othelino Neto (PCdoB), participou, nesta sexta-feira (11), da Conven\u00e7\u00e3o Municipal do PDT, [&hellip;]\" \/>\n<meta property=\"og:url\" content=\"https:\/\/www.blogsoestado.com\/danielmatos\/othelino-reforca-apoio-a-marinaldo-do-gesso-em-convencao-que-confirmou-candidatura-do-empresario-em-grajau\/\" \/>\n<meta property=\"og:site_name\" content=\"Daniel Matos\" \/>\n<meta property=\"article:published_time\" content=\"2020-09-12T01:35:09+00:00\" \/>\n<meta property=\"og:image\" content=\"https:\/\/www.blogsoestado.com\/danielmatos\/files\/2020\/09\/Screenshot_20200911-222744.png\" \/>\n<meta name=\"twitter:card\" content=\"summary_large_image\" \/>\n<meta name=\"twitter:label1\" content=\"Est. tempo de leitura\" \/>\n\t<meta name=\"twitter:data1\" content=\"3 minutos\" \/>\n<script type=\"application\/ld+json\" class=\"yoast-schema-graph\">{\"@context\":\"https:\/\/schema.org\",\"@graph\":[{\"@type\":\"WebPage\",\"@id\":\"https:\/\/www.blogsoestado.com\/danielmatos\/othelino-reforca-apoio-a-marinaldo-do-gesso-em-convencao-que-confirmou-candidatura-do-empresario-em-grajau\/\",\"url\":\"https:\/\/www.blogsoestado.com\/danielmatos\/othelino-reforca-apoio-a-marinaldo-do-gesso-em-convencao-que-confirmou-candidatura-do-empresario-em-grajau\/\",\"name\":\"Othelino refor\u00e7a apoio a Marinaldo do Gesso em conven\u00e7\u00e3o que confirmou candidatura do empres\u00e1rio em Graja\u00fa - Daniel Matos\",\"isPartOf\":{\"@id\":\"https:\/\/www.blogsoestado.com\/danielmatos\/#website\"},\"primaryImageOfPage\":{\"@id\":\"https:\/\/www.blogsoestado.com\/danielmatos\/othelino-reforca-apoio-a-marinaldo-do-gesso-em-convencao-que-confirmou-candidatura-do-empresario-em-grajau\/#primaryimage\"},\"image\":{\"@id\":\"https:\/\/www.blogsoestado.com\/danielmatos\/othelino-reforca-apoio-a-marinaldo-do-gesso-em-convencao-que-confirmou-candidatura-do-empresario-em-grajau\/#primaryimage\"},\"thumbnailUrl\":\"https:\/\/www.blogsoestado.com\/danielmatos\/files\/2020\/09\/Screenshot_20200911-222744.png\",\"datePublished\":\"2020-09-12T01:35:09+00:00\",\"author\":{\"@id\":\"\"},\"breadcrumb\":{\"@id\":\"https:\/\/www.blogsoestado.com\/danielmatos\/othelino-reforca-apoio-a-marinaldo-do-gesso-em-convencao-que-confirmou-candidatura-do-empresario-em-grajau\/#breadcrumb\"},\"inLanguage\":\"pt-BR\",\"potentialAction\":[{\"@type\":\"ReadAction\",\"target\":[\"https:\/\/www.blogsoestado.com\/danielmatos\/othelino-reforca-apoio-a-marinaldo-do-gesso-em-convencao-que-confirmou-candidatura-do-empresario-em-grajau\/\"]}]},{\"@type\":\"ImageObject\",\"inLanguage\":\"pt-BR\",\"@id\":\"https:\/\/www.blogsoestado.com\/danielmatos\/othelino-reforca-apoio-a-marinaldo-do-gesso-em-convencao-que-confirmou-candidatura-do-empresario-em-grajau\/#primaryimage\",\"url\":\"https:\/\/www.blogsoestado.com\/danielmatos\/files\/2020\/09\/Screenshot_20200911-222744.png\",\"contentUrl\":\"https:\/\/www.blogsoestado.com\/danielmatos\/files\/2020\/09\/Screenshot_20200911-222744.png\"},{\"@type\":\"BreadcrumbList\",\"@id\":\"https:\/\/www.blogsoestado.com\/danielmatos\/othelino-reforca-apoio-a-marinaldo-do-gesso-em-convencao-que-confirmou-candidatura-do-empresario-em-grajau\/#breadcrumb\",\"itemListElement\":[{\"@type\":\"ListItem\",\"position\":1,\"name\":\"In\u00edcio\",\"item\":\"https:\/\/www.blogsoestado.com\/danielmatos\/\"},{\"@type\":\"ListItem\",\"position\":2,\"name\":\"Othelino refor\u00e7a apoio a Marinaldo do Gesso em conven\u00e7\u00e3o que confirmou candidatura do empres\u00e1rio em Graja\u00fa\"}]},{\"@type\":\"WebSite\",\"@id\":\"https:\/\/www.blogsoestado.com\/danielmatos\/#website\",\"url\":\"https:\/\/www.blogsoestado.com\/danielmatos\/\",\"name\":\"Daniel Matos\",\"description\":\"\",\"potentialAction\":[{\"@type\":\"SearchAction\",\"target\":{\"@type\":\"EntryPoint\",\"urlTemplate\":\"https:\/\/www.blogsoestado.com\/danielmatos\/?s={search_term_string}\"},\"query-input\":{\"@type\":\"PropertyValueSpecification\",\"valueRequired\":true,\"valueName\":\"search_term_string\"}}],\"inLanguage\":\"pt-BR\"}]}<\/script>\n<!-- \/ Yoast SEO plugin. -->","yoast_head_json":{"title":"Othelino refor\u00e7a apoio a Marinaldo do Gesso em conven\u00e7\u00e3o que confirmou candidatura do empres\u00e1rio em Graja\u00fa - Daniel Matos","robots":{"index":"index","follow":"follow","max-snippet":"max-snippet:-1","max-image-preview":"max-image-preview:large","max-video-preview":"max-video-preview:-1"},"canonical":"https:\/\/www.blogsoestado.com\/danielmatos\/othelino-reforca-apoio-a-marinaldo-do-gesso-em-convencao-que-confirmou-candidatura-do-empresario-em-grajau\/","og_locale":"pt_BR","og_type":"article","og_title":"Othelino refor\u00e7a apoio a Marinaldo do Gesso em conven\u00e7\u00e3o que confirmou candidatura do empres\u00e1rio em Graja\u00fa - Daniel Matos","og_description":"O presidente da Assembleia Legislativa do Maranh\u00e3o, deputado Othelino Neto (PCdoB), participou, nesta sexta-feira (11), da Conven\u00e7\u00e3o Municipal do PDT, [&hellip;]","og_url":"https:\/\/www.blogsoestado.com\/danielmatos\/othelino-reforca-apoio-a-marinaldo-do-gesso-em-convencao-que-confirmou-candidatura-do-empresario-em-grajau\/","og_site_name":"Daniel Matos","article_published_time":"2020-09-12T01:35:09+00:00","og_image":[{"url":"https:\/\/www.blogsoestado.com\/danielmatos\/files\/2020\/09\/Screenshot_20200911-222744.png","type":"","width":"","height":""}],"twitter_card":"summary_large_image","twitter_misc":{"Est. tempo de leitura":"3 minutos"},"schema":{"@context":"https:\/\/schema.org","@graph":[{"@type":"WebPage","@id":"https:\/\/www.blogsoestado.com\/danielmatos\/othelino-reforca-apoio-a-marinaldo-do-gesso-em-convencao-que-confirmou-candidatura-do-empresario-em-grajau\/","url":"https:\/\/www.blogsoestado.com\/danielmatos\/othelino-reforca-apoio-a-marinaldo-do-gesso-em-convencao-que-confirmou-candidatura-do-empresario-em-grajau\/","name":"Othelino refor\u00e7a apoio a Marinaldo do Gesso em conven\u00e7\u00e3o que confirmou candidatura do empres\u00e1rio em Graja\u00fa - Daniel Matos","isPartOf":{"@id":"https:\/\/www.blogsoestado.com\/danielmatos\/#website"},"primaryImageOfPage":{"@id":"https:\/\/www.blogsoestado.com\/danielmatos\/othelino-reforca-apoio-a-marinaldo-do-gesso-em-convencao-que-confirmou-candidatura-do-empresario-em-grajau\/#primaryimage"},"image":{"@id":"https:\/\/www.blogsoestado.com\/danielmatos\/othelino-reforca-apoio-a-marinaldo-do-gesso-em-convencao-que-confirmou-candidatura-do-empresario-em-grajau\/#primaryimage"},"thumbnailUrl":"https:\/\/www.blogsoestado.com\/danielmatos\/files\/2020\/09\/Screenshot_20200911-222744.png","datePublished":"2020-09-12T01:35:09+00:00","author":{"@id":""},"breadcrumb":{"@id":"https:\/\/www.blogsoestado.com\/danielmatos\/othelino-reforca-apoio-a-marinaldo-do-gesso-em-convencao-que-confirmou-candidatura-do-empresario-em-grajau\/#breadcrumb"},"inLanguage":"pt-BR","potentialAction":[{"@type":"ReadAction","target":["https:\/\/www.blogsoestado.com\/danielmatos\/othelino-reforca-apoio-a-marinaldo-do-gesso-em-convencao-que-confirmou-candidatura-do-empresario-em-grajau\/"]}]},{"@type":"ImageObject","inLanguage":"pt-BR","@id":"https:\/\/www.blogsoestado.com\/danielmatos\/othelino-reforca-apoio-a-marinaldo-do-gesso-em-convencao-que-confirmou-candidatura-do-empresario-em-grajau\/#primaryimage","url":"https:\/\/www.blogsoestado.com\/danielmatos\/files\/2020\/09\/Screenshot_20200911-222744.png","contentUrl":"https:\/\/www.blogsoestado.com\/danielmatos\/files\/2020\/09\/Screenshot_20200911-222744.png"},{"@type":"BreadcrumbList","@id":"https:\/\/www.blogsoestado.com\/danielmatos\/othelino-reforca-apoio-a-marinaldo-do-gesso-em-convencao-que-confirmou-candidatura-do-empresario-em-grajau\/#breadcrumb","itemListElement":[{"@type":"ListItem","position":1,"name":"In\u00edcio","item":"https:\/\/www.blogsoestado.com\/danielmatos\/"},{"@type":"ListItem","position":2,"name":"Othelino refor\u00e7a apoio a Marinaldo do Gesso em conven\u00e7\u00e3o que confirmou candidatura do empres\u00e1rio em Graja\u00fa"}]},{"@type":"WebSite","@id":"https:\/\/www.blogsoestado.com\/danielmatos\/#website","url":"https:\/\/www.blogsoestado.com\/danielmatos\/","name":"Daniel Matos","description":"","potentialAction":[{"@type":"SearchAction","target":{"@type":"EntryPoint","urlTemplate":"https:\/\/www.blogsoestado.com\/danielmatos\/?s={search_term_string}"},"query-input":{"@type":"PropertyValueSpecification","valueRequired":true,"valueName":"search_term_string"}}],"inLanguage":"pt-BR"}]}},"jetpack_featured_media_url":"","_links":{"self":[{"href":"https:\/\/www.blogsoestado.com\/danielmatos\/wp-json\/wp\/v2\/posts\/77151","targetHints":{"allow":["GET"]}}],"collection":[{"href":"https:\/\/www.blogsoestado.com\/danielmatos\/wp-json\/wp\/v2\/posts"}],"about":[{"href":"https:\/\/www.blogsoestado.com\/danielmatos\/wp-json\/wp\/v2\/types\/post"}],"replies":[{"embeddable":true,"href":"https:\/\/www.blogsoestado.com\/danielmatos\/wp-json\/wp\/v2\/comments?post=77151"}],"version-history":[{"count":0,"href":"https:\/\/www.blogsoestado.com\/danielmatos\/wp-json\/wp\/v2\/posts\/77151\/revisions"}],"wp:attachment":[{"href":"https:\/\/www.blogsoestado.com\/danielmatos\/wp-json\/wp\/v2\/media?parent=77151"}],"wp:term":[{"taxonomy":"category","embeddable":true,"href":"https:\/\/www.blogsoestado.com\/danielmatos\/wp-json\/wp\/v2\/categories?post=77151"},{"taxonomy":"post_tag","embeddable":true,"href":"https:\/\/www.blogsoestado.com\/danielmatos\/wp-json\/wp\/v2\/tags?post=77151"}],"curies":[{"name":"wp","href":"https:\/\/api.w.org\/{rel}","templated":true}]}}