{"id":77178,"date":"2020-09-12T11:40:31","date_gmt":"2020-09-12T14:40:31","guid":{"rendered":"https:\/\/www.blogsoestado.com\/danielmatos\/?p=77178"},"modified":"2020-09-12T11:40:31","modified_gmt":"2020-09-12T14:40:31","slug":"marcial-lima-voz-ativa-no-radio-e-na-politica-em-defesa-do-povo","status":"publish","type":"post","link":"https:\/\/www.blogsoestado.com\/danielmatos\/marcial-lima-voz-ativa-no-radio-e-na-politica-em-defesa-do-povo\/","title":{"rendered":"Marcial Lima, voz ativa no r\u00e1dio e na pol\u00edtica em defesa do povo"},"content":{"rendered":"\n<p class=\"has-text-color has-huge-font-size has-vivid-red-color\">A dois dias da conven\u00e7\u00e3o do Podemos, que homologar\u00e1 sua candidatura \u00e0 reelei\u00e7\u00e3o, vereador d\u00e1 demonstra\u00e7\u00e3o de for\u00e7a, otimismo e compromisso p\u00fablico<\/p>\n\n\n\n<div class=\"wp-block-image\"><figure class=\"aligncenter size-large\"><img decoding=\"async\" src=\"https:\/\/www.blogsoestado.com\/danielmatos\/files\/2020\/09\/Screenshot_20200912-114212.png\" alt=\"\" class=\"wp-image-77181\"\/><\/figure><\/div>\n\n\n\n<p>Faltando dois dias para a conven\u00e7\u00e3o do Podemos, que oficializar\u00e1 sua candidatura e de outros 46 colegas de partido a vereador e a de Eduardo Braide a prefeito de S\u00e3o Lu\u00eds, Marcial Lima demonstra confian\u00e7a em mais um \u00eaxito nas urnas, em 15 de novembro deste ano. Ao analisar seu desempenho na C\u00e2mara Municipal, Marcial destaca como diferenciais o trabalho, o esfor\u00e7o e a dedica\u00e7\u00e3o ao mandato, que exerce com o compromisso de servir aos cidad\u00e3os.<\/p>\n\n\n\n<p>Repetindo o lema &#8220;Podemos fazer juntos&#8221;, ele faz alus\u00e3o n\u00e3o s\u00f3 ao seu partido, mas tamb\u00e9m ao seu costume de sempre ouvir os anseios da comunidade, priorizando o di\u00e1logo para a solu\u00e7\u00e3o das mais diferentes demandas coletivas.<\/p>\n\n\n\n<p>Reconhecendo o potencial de Marcial Lima, o Podemos reafirma as virtudes que o tornam um dos mais qualificados quadros pol\u00edticos da atualidade. &#8220;Analisando o desempenho, o trabalho, o esforc\u0327o e a dedicac\u0327a\u0303o, apresentamos Marcial Lima, o nosso pre\u0301-candidato a vereador&#8221;, anuncia a legenda, sem esquecer de mencionar os outros homens e mulheres que tamb\u00e9m concorrem pela sigla a uma vaga no Poder Legislativo da capital.<\/p>\n\n\n\n<p><strong>Parceria<\/strong><\/p>\n\n\n\n<p>A parceria bem-sucedida entre Marcial e Braide, confirmada nas andan\u00e7as dos dois pr\u00e9-candidatos pelas comunidades de S\u00e3o Lu\u00eds, tamb\u00e9m \u00e9 exaltada. &#8220;Com simplicidade e humildade, Marcial Lima tem Eduardo Braide como pre\u0301-candidato a prefeito&#8221;, enfatizam correligion\u00e1rios.<\/p>\n\n\n\n<p>Sobre o ingresso de Marcial na vida p\u00fablica e o fato de conciliar o mandato de vereador com as profiss\u00f5es de jornalista e radialista, observadores atentos da sua trajet\u00f3ria garantem que sua voca\u00e7\u00e3o de comunicador permanece intacta. &#8220;Marcial na\u0303o deixou a imprensa para ser vereador, pelo contra\u0301rio, continua no ra\u0301dio, acordando de madrugada, sendo uma voz ativa em defesa dos menos favorecidos&#8221;, dizem admiradores, reconhecendo que no caso de Marcial Lima, a tribuna, a presen\u00e7a constante nas comunidades e o microfone s\u00e3o atividades que se completam.<\/p>\n\n\n\n<p><strong>Saiba mais<\/strong><\/p>\n\n\n\n<p>A conven\u00e7\u00e3o partid\u00e1ria do Podemos est\u00e1 marcada para a pr\u00f3xima segunda-feira, dia 14, a partir das 8h, no Rio Poty Hotel (Ponta d&#8217;Areia).<\/p>\n","protected":false},"excerpt":{"rendered":"<p>A dois dias da conven\u00e7\u00e3o do Podemos, que homologar\u00e1 sua candidatura \u00e0 reelei\u00e7\u00e3o, vereador d\u00e1 demonstra\u00e7\u00e3o de for\u00e7a, otimismo e [&hellip;]<\/p>\n","protected":false},"author":0,"featured_media":0,"comment_status":"open","ping_status":"open","sticky":false,"template":"","format":"standard","meta":{"site-sidebar-layout":"default","site-content-layout":"","ast-site-content-layout":"default","site-content-style":"default","site-sidebar-style":"default","ast-global-header-display":"","ast-banner-title-visibility":"","ast-main-header-display":"","ast-hfb-above-header-display":"","ast-hfb-below-header-display":"","ast-hfb-mobile-header-display":"","site-post-title":"","ast-breadcrumbs-content":"","ast-featured-img":"","footer-sml-layout":"","ast-disable-related-posts":"","theme-transparent-header-meta":"","adv-header-id-meta":"","stick-header-meta":"","header-above-stick-meta":"","header-main-stick-meta":"","header-below-stick-meta":"","astra-migrate-meta-layouts":"default","ast-page-background-enabled":"default","ast-page-background-meta":{"desktop":{"background-color":"var(--ast-global-color-5)","background-image":"","background-repeat":"repeat","background-position":"center center","background-size":"auto","background-attachment":"scroll","background-type":"","background-media":"","overlay-type":"","overlay-color":"","overlay-opacity":"","overlay-gradient":""},"tablet":{"background-color":"","background-image":"","background-repeat":"repeat","background-position":"center center","background-size":"auto","background-attachment":"scroll","background-type":"","background-media":"","overlay-type":"","overlay-color":"","overlay-opacity":"","overlay-gradient":""},"mobile":{"background-color":"","background-image":"","background-repeat":"repeat","background-position":"center center","background-size":"auto","background-attachment":"scroll","background-type":"","background-media":"","overlay-type":"","overlay-color":"","overlay-opacity":"","overlay-gradient":""}},"ast-content-background-meta":{"desktop":{"background-color":"var(--ast-global-color-4)","background-image":"","background-repeat":"repeat","background-position":"center center","background-size":"auto","background-attachment":"scroll","background-type":"","background-media":"","overlay-type":"","overlay-color":"","overlay-opacity":"","overlay-gradient":""},"tablet":{"background-color":"var(--ast-global-color-4)","background-image":"","background-repeat":"repeat","background-position":"center center","background-size":"auto","background-attachment":"scroll","background-type":"","background-media":"","overlay-type":"","overlay-color":"","overlay-opacity":"","overlay-gradient":""},"mobile":{"background-color":"var(--ast-global-color-4)","background-image":"","background-repeat":"repeat","background-position":"center center","background-size":"auto","background-attachment":"scroll","background-type":"","background-media":"","overlay-type":"","overlay-color":"","overlay-opacity":"","overlay-gradient":""}},"footnotes":""},"categories":[1],"tags":[],"class_list":["post-77178","post","type-post","status-publish","format-standard","hentry","category-sem-categoria"],"yoast_head":"<!-- This site is optimized with the Yoast SEO plugin v26.6 - https:\/\/yoast.com\/wordpress\/plugins\/seo\/ -->\n<title>Marcial Lima, voz ativa no r\u00e1dio e na pol\u00edtica em defesa do povo - Daniel Matos<\/title>\n<meta name=\"robots\" content=\"index, follow, max-snippet:-1, max-image-preview:large, max-video-preview:-1\" \/>\n<link rel=\"canonical\" href=\"https:\/\/www.blogsoestado.com\/danielmatos\/marcial-lima-voz-ativa-no-radio-e-na-politica-em-defesa-do-povo\/\" \/>\n<meta property=\"og:locale\" content=\"pt_BR\" \/>\n<meta property=\"og:type\" content=\"article\" \/>\n<meta property=\"og:title\" content=\"Marcial Lima, voz ativa no r\u00e1dio e na pol\u00edtica em defesa do povo - Daniel Matos\" \/>\n<meta property=\"og:description\" content=\"A dois dias da conven\u00e7\u00e3o do Podemos, que homologar\u00e1 sua candidatura \u00e0 reelei\u00e7\u00e3o, vereador d\u00e1 demonstra\u00e7\u00e3o de for\u00e7a, otimismo e [&hellip;]\" \/>\n<meta property=\"og:url\" content=\"https:\/\/www.blogsoestado.com\/danielmatos\/marcial-lima-voz-ativa-no-radio-e-na-politica-em-defesa-do-povo\/\" \/>\n<meta property=\"og:site_name\" content=\"Daniel Matos\" \/>\n<meta property=\"article:published_time\" content=\"2020-09-12T14:40:31+00:00\" \/>\n<meta property=\"og:image\" content=\"https:\/\/www.blogsoestado.com\/danielmatos\/files\/2020\/09\/Screenshot_20200912-114212.png\" \/>\n<meta name=\"twitter:card\" content=\"summary_large_image\" \/>\n<meta name=\"twitter:label1\" content=\"Est. tempo de leitura\" \/>\n\t<meta name=\"twitter:data1\" content=\"2 minutos\" \/>\n<script type=\"application\/ld+json\" class=\"yoast-schema-graph\">{\"@context\":\"https:\/\/schema.org\",\"@graph\":[{\"@type\":\"WebPage\",\"@id\":\"https:\/\/www.blogsoestado.com\/danielmatos\/marcial-lima-voz-ativa-no-radio-e-na-politica-em-defesa-do-povo\/\",\"url\":\"https:\/\/www.blogsoestado.com\/danielmatos\/marcial-lima-voz-ativa-no-radio-e-na-politica-em-defesa-do-povo\/\",\"name\":\"Marcial Lima, voz ativa no r\u00e1dio e na pol\u00edtica em defesa do povo - Daniel Matos\",\"isPartOf\":{\"@id\":\"https:\/\/www.blogsoestado.com\/danielmatos\/#website\"},\"primaryImageOfPage\":{\"@id\":\"https:\/\/www.blogsoestado.com\/danielmatos\/marcial-lima-voz-ativa-no-radio-e-na-politica-em-defesa-do-povo\/#primaryimage\"},\"image\":{\"@id\":\"https:\/\/www.blogsoestado.com\/danielmatos\/marcial-lima-voz-ativa-no-radio-e-na-politica-em-defesa-do-povo\/#primaryimage\"},\"thumbnailUrl\":\"https:\/\/www.blogsoestado.com\/danielmatos\/files\/2020\/09\/Screenshot_20200912-114212.png\",\"datePublished\":\"2020-09-12T14:40:31+00:00\",\"author\":{\"@id\":\"\"},\"breadcrumb\":{\"@id\":\"https:\/\/www.blogsoestado.com\/danielmatos\/marcial-lima-voz-ativa-no-radio-e-na-politica-em-defesa-do-povo\/#breadcrumb\"},\"inLanguage\":\"pt-BR\",\"potentialAction\":[{\"@type\":\"ReadAction\",\"target\":[\"https:\/\/www.blogsoestado.com\/danielmatos\/marcial-lima-voz-ativa-no-radio-e-na-politica-em-defesa-do-povo\/\"]}]},{\"@type\":\"ImageObject\",\"inLanguage\":\"pt-BR\",\"@id\":\"https:\/\/www.blogsoestado.com\/danielmatos\/marcial-lima-voz-ativa-no-radio-e-na-politica-em-defesa-do-povo\/#primaryimage\",\"url\":\"https:\/\/www.blogsoestado.com\/danielmatos\/files\/2020\/09\/Screenshot_20200912-114212.png\",\"contentUrl\":\"https:\/\/www.blogsoestado.com\/danielmatos\/files\/2020\/09\/Screenshot_20200912-114212.png\"},{\"@type\":\"BreadcrumbList\",\"@id\":\"https:\/\/www.blogsoestado.com\/danielmatos\/marcial-lima-voz-ativa-no-radio-e-na-politica-em-defesa-do-povo\/#breadcrumb\",\"itemListElement\":[{\"@type\":\"ListItem\",\"position\":1,\"name\":\"In\u00edcio\",\"item\":\"https:\/\/www.blogsoestado.com\/danielmatos\/\"},{\"@type\":\"ListItem\",\"position\":2,\"name\":\"Marcial Lima, voz ativa no r\u00e1dio e na pol\u00edtica em defesa do povo\"}]},{\"@type\":\"WebSite\",\"@id\":\"https:\/\/www.blogsoestado.com\/danielmatos\/#website\",\"url\":\"https:\/\/www.blogsoestado.com\/danielmatos\/\",\"name\":\"Daniel Matos\",\"description\":\"\",\"potentialAction\":[{\"@type\":\"SearchAction\",\"target\":{\"@type\":\"EntryPoint\",\"urlTemplate\":\"https:\/\/www.blogsoestado.com\/danielmatos\/?s={search_term_string}\"},\"query-input\":{\"@type\":\"PropertyValueSpecification\",\"valueRequired\":true,\"valueName\":\"search_term_string\"}}],\"inLanguage\":\"pt-BR\"}]}<\/script>\n<!-- \/ Yoast SEO plugin. -->","yoast_head_json":{"title":"Marcial Lima, voz ativa no r\u00e1dio e na pol\u00edtica em defesa do povo - Daniel Matos","robots":{"index":"index","follow":"follow","max-snippet":"max-snippet:-1","max-image-preview":"max-image-preview:large","max-video-preview":"max-video-preview:-1"},"canonical":"https:\/\/www.blogsoestado.com\/danielmatos\/marcial-lima-voz-ativa-no-radio-e-na-politica-em-defesa-do-povo\/","og_locale":"pt_BR","og_type":"article","og_title":"Marcial Lima, voz ativa no r\u00e1dio e na pol\u00edtica em defesa do povo - Daniel Matos","og_description":"A dois dias da conven\u00e7\u00e3o do Podemos, que homologar\u00e1 sua candidatura \u00e0 reelei\u00e7\u00e3o, vereador d\u00e1 demonstra\u00e7\u00e3o de for\u00e7a, otimismo e [&hellip;]","og_url":"https:\/\/www.blogsoestado.com\/danielmatos\/marcial-lima-voz-ativa-no-radio-e-na-politica-em-defesa-do-povo\/","og_site_name":"Daniel Matos","article_published_time":"2020-09-12T14:40:31+00:00","og_image":[{"url":"https:\/\/www.blogsoestado.com\/danielmatos\/files\/2020\/09\/Screenshot_20200912-114212.png","type":"","width":"","height":""}],"twitter_card":"summary_large_image","twitter_misc":{"Est. tempo de leitura":"2 minutos"},"schema":{"@context":"https:\/\/schema.org","@graph":[{"@type":"WebPage","@id":"https:\/\/www.blogsoestado.com\/danielmatos\/marcial-lima-voz-ativa-no-radio-e-na-politica-em-defesa-do-povo\/","url":"https:\/\/www.blogsoestado.com\/danielmatos\/marcial-lima-voz-ativa-no-radio-e-na-politica-em-defesa-do-povo\/","name":"Marcial Lima, voz ativa no r\u00e1dio e na pol\u00edtica em defesa do povo - Daniel Matos","isPartOf":{"@id":"https:\/\/www.blogsoestado.com\/danielmatos\/#website"},"primaryImageOfPage":{"@id":"https:\/\/www.blogsoestado.com\/danielmatos\/marcial-lima-voz-ativa-no-radio-e-na-politica-em-defesa-do-povo\/#primaryimage"},"image":{"@id":"https:\/\/www.blogsoestado.com\/danielmatos\/marcial-lima-voz-ativa-no-radio-e-na-politica-em-defesa-do-povo\/#primaryimage"},"thumbnailUrl":"https:\/\/www.blogsoestado.com\/danielmatos\/files\/2020\/09\/Screenshot_20200912-114212.png","datePublished":"2020-09-12T14:40:31+00:00","author":{"@id":""},"breadcrumb":{"@id":"https:\/\/www.blogsoestado.com\/danielmatos\/marcial-lima-voz-ativa-no-radio-e-na-politica-em-defesa-do-povo\/#breadcrumb"},"inLanguage":"pt-BR","potentialAction":[{"@type":"ReadAction","target":["https:\/\/www.blogsoestado.com\/danielmatos\/marcial-lima-voz-ativa-no-radio-e-na-politica-em-defesa-do-povo\/"]}]},{"@type":"ImageObject","inLanguage":"pt-BR","@id":"https:\/\/www.blogsoestado.com\/danielmatos\/marcial-lima-voz-ativa-no-radio-e-na-politica-em-defesa-do-povo\/#primaryimage","url":"https:\/\/www.blogsoestado.com\/danielmatos\/files\/2020\/09\/Screenshot_20200912-114212.png","contentUrl":"https:\/\/www.blogsoestado.com\/danielmatos\/files\/2020\/09\/Screenshot_20200912-114212.png"},{"@type":"BreadcrumbList","@id":"https:\/\/www.blogsoestado.com\/danielmatos\/marcial-lima-voz-ativa-no-radio-e-na-politica-em-defesa-do-povo\/#breadcrumb","itemListElement":[{"@type":"ListItem","position":1,"name":"In\u00edcio","item":"https:\/\/www.blogsoestado.com\/danielmatos\/"},{"@type":"ListItem","position":2,"name":"Marcial Lima, voz ativa no r\u00e1dio e na pol\u00edtica em defesa do povo"}]},{"@type":"WebSite","@id":"https:\/\/www.blogsoestado.com\/danielmatos\/#website","url":"https:\/\/www.blogsoestado.com\/danielmatos\/","name":"Daniel Matos","description":"","potentialAction":[{"@type":"SearchAction","target":{"@type":"EntryPoint","urlTemplate":"https:\/\/www.blogsoestado.com\/danielmatos\/?s={search_term_string}"},"query-input":{"@type":"PropertyValueSpecification","valueRequired":true,"valueName":"search_term_string"}}],"inLanguage":"pt-BR"}]}},"jetpack_featured_media_url":"","_links":{"self":[{"href":"https:\/\/www.blogsoestado.com\/danielmatos\/wp-json\/wp\/v2\/posts\/77178","targetHints":{"allow":["GET"]}}],"collection":[{"href":"https:\/\/www.blogsoestado.com\/danielmatos\/wp-json\/wp\/v2\/posts"}],"about":[{"href":"https:\/\/www.blogsoestado.com\/danielmatos\/wp-json\/wp\/v2\/types\/post"}],"replies":[{"embeddable":true,"href":"https:\/\/www.blogsoestado.com\/danielmatos\/wp-json\/wp\/v2\/comments?post=77178"}],"version-history":[{"count":0,"href":"https:\/\/www.blogsoestado.com\/danielmatos\/wp-json\/wp\/v2\/posts\/77178\/revisions"}],"wp:attachment":[{"href":"https:\/\/www.blogsoestado.com\/danielmatos\/wp-json\/wp\/v2\/media?parent=77178"}],"wp:term":[{"taxonomy":"category","embeddable":true,"href":"https:\/\/www.blogsoestado.com\/danielmatos\/wp-json\/wp\/v2\/categories?post=77178"},{"taxonomy":"post_tag","embeddable":true,"href":"https:\/\/www.blogsoestado.com\/danielmatos\/wp-json\/wp\/v2\/tags?post=77178"}],"curies":[{"name":"wp","href":"https:\/\/api.w.org\/{rel}","templated":true}]}}